{"id":1796,"global_id":"lamanere.fr\/ca?id=1796","global_id_lineage":["lamanere.fr\/ca?id=1796"],"author":"2","status":"publish","date":"2021-07-01 11:35:11","date_utc":"2021-07-01 10:35:11","modified":"2021-07-01 11:35:11","modified_utc":"2021-07-01 10:35:11","url":"https:\/\/lamanere.fr\/ca\/evenement\/rallye-du-vallespir-dimanche-4-juillet-2021\/","rest_url":"https:\/\/lamanere.fr\/ca\/wp-json\/tribe\/events\/v1\/events\/1796","title":"Rallye du Vallespir dimanche 4 juillet 2021","description":"<p class=\"qtranxs-available-languages-message qtranxs-available-languages-message-ca\">Ho sentim, aquesta entrada es troba disponible \u00fanicament en <a href=\"https:\/\/lamanere.fr\/fr\/wp-json\/tribe\/events\/v1\/events\/1796\" class=\"qtranxs-available-language-link qtranxs-available-language-link-fr\" title=\"Fran\u00e7ais\">Franc\u00e8s<\/a>.<\/p><p>Le 31\u00b0 rallye du Vallespir aura lieu le dimanche 4 juillet 2021. Des restrictions de circulation seront \u00e0 pr\u00e9voir, comme l&#8217;indique la demande d&#8217;arr\u00eat de circulation ci-dessous. Ce dimanche, la circulation sera interrompue depuis l&#8217;embranchement de la D115 avec la D44 (pont de la Vierge Marie) jusqu&#8217;\u00e0 l&#8217;embranchement pour aller \u00e0 la Forge del Mitg (en dessous de Serralongue), puis jusqu&#8217;\u00e0 la Forge del Mitg, <strong>de 6h30 jusqu&#8217;\u00e0 17h.<\/strong><\/p>\n<p><img loading=\"lazy\" decoding=\"async\" class=\"alignnone  wp-image-1797 aligncenter\" src=\"https:\/\/lamanere.fr\/wp-content\/uploads\/2021\/07\/DA-Le-pont-de-la-vierge-Marie-La-Forge-212x300.png\" alt=\"\" width=\"303\" height=\"429\" srcset=\"https:\/\/lamanere.fr\/wp-content\/uploads\/2021\/07\/DA-Le-pont-de-la-vierge-Marie-La-Forge-212x300.png 212w, https:\/\/lamanere.fr\/wp-content\/uploads\/2021\/07\/DA-Le-pont-de-la-vierge-Marie-La-Forge-724x1024.png 724w, https:\/\/lamanere.fr\/wp-content\/uploads\/2021\/07\/DA-Le-pont-de-la-vierge-Marie-La-Forge-768x1086.png 768w, https:\/\/lamanere.fr\/wp-content\/uploads\/2021\/07\/DA-Le-pont-de-la-vierge-Marie-La-Forge-1086x1536.png 1086w, https:\/\/lamanere.fr\/wp-content\/uploads\/2021\/07\/DA-Le-pont-de-la-vierge-Marie-La-Forge-1448x2048.png 1448w, https:\/\/lamanere.fr\/wp-content\/uploads\/2021\/07\/DA-Le-pont-de-la-vierge-Marie-La-Forge-339x480.png 339w, https:\/\/lamanere.fr\/wp-content\/uploads\/2021\/07\/DA-Le-pont-de-la-vierge-Marie-La-Forge.png 1654w\" sizes=\"(max-width: 303px) 100vw, 303px\" \/><\/p>","excerpt":"","slug":"rallye-du-vallespir-dimanche-4-juillet-2021","image":false,"all_day":false,"start_date":"2021-07-04 06:30:00","start_date_details":{"year":"2021","month":"07","day":"04","hour":"06","minutes":"30","seconds":"00"},"end_date":"2021-07-04 17:00:00","end_date_details":{"year":"2021","month":"07","day":"04","hour":"17","minutes":"00","seconds":"00"},"utc_start_date":"2021-07-04 05:30:00","utc_start_date_details":{"year":"2021","month":"07","day":"04","hour":"05","minutes":"30","seconds":"00"},"utc_end_date":"2021-07-04 16:00:00","utc_end_date_details":{"year":"2021","month":"07","day":"04","hour":"16","minutes":"00","seconds":"00"},"timezone":"UTC+1","timezone_abbr":"UTC+1","cost":"","cost_details":{"currency_symbol":"","currency_code":"","currency_position":"suffix","values":[]},"website":"","show_map":true,"show_map_link":true,"hide_from_listings":false,"sticky":false,"featured":false,"categories":[],"tags":[],"venue":[],"organizer":[],"custom_fields":[],"json_ld":{"@context":"http:\/\/schema.org","@type":"Event","name":"Rallye du Vallespir dimanche 4 juillet 2021","description":"&lt;p&gt;Le 31\u00b0 rallye du Vallespir aura lieu le dimanche 4 juillet 2021. Des restrictions de circulation seront \u00e0 pr\u00e9voir, comme l\\'indique la demande d\\'arr\u00eat de circulation ci-dessous. Ce dimanche, la circulation sera interrompue depuis l\\'embranchement de la D115 avec la&hellip; &lt;a href=&quot;https:\/\/lamanere.fr\/ca\/evenement\/rallye-du-vallespir-dimanche-4-juillet-2021\/&quot; class=&quot;more-link&quot;&gt;Continue Reading &lt;span class=&quot;meta-nav&quot;&gt;&rarr;&lt;\/span&gt;&lt;\/a&gt;&lt;\/p&gt;\\n","url":"https:\/\/lamanere.fr\/ca\/evenement\/rallye-du-vallespir-dimanche-4-juillet-2021\/","eventAttendanceMode":"https:\/\/schema.org\/OfflineEventAttendanceMode","eventStatus":"https:\/\/schema.org\/EventScheduled","startDate":"2021-07-04T06:30:00+01:00","endDate":"2021-07-04T17:00:00+01:00","performer":"Organization"}}