{"id":1374,"date":"2021-02-10T11:20:07","date_gmt":"2021-02-10T10:20:07","guid":{"rendered":"https:\/\/lamanere.fr\/?p=1374"},"modified":"2021-02-10T11:20:07","modified_gmt":"2021-02-10T10:20:07","slug":"compte-rendu-du-conseil-municipal-du-30-janvier-2021","status":"publish","type":"post","link":"https:\/\/lamanere.fr\/ca\/2021\/02\/10\/compte-rendu-du-conseil-municipal-du-30-janvier-2021\/","title":{"rendered":"COMPTE RENDU DU CONSEIL MUNICIPAL DU 30 Janvier 2021"},"content":{"rendered":"<p class=\"qtranxs-available-languages-message qtranxs-available-languages-message-ca\">Ho sentim, aquesta entrada es troba disponible \u00fanicament en <a href=\"https:\/\/lamanere.fr\/fr\/wp-json\/wp\/v2\/posts\/1374\" class=\"qtranxs-available-language-link qtranxs-available-language-link-fr\" title=\"Fran\u00e7ais\">Franc\u00e8s<\/a>.<\/p><p><\/p>\n<p style=\"text-align: center;\"><strong>Compte rendu de la r\u00e9union du Conseil Municipal de Laman\u00e8re <\/strong><\/p>\n<p style=\"text-align: center;\"><strong>du samedi 30 janvier 2021 \u00e0 14h30<\/strong><\/p>\n<p><strong>\u00a0<\/strong>Secr\u00e9taire de s\u00e9ance\u00a0: Jean Paul La\u00eflle<\/p>\n<p><strong>Pr\u00e9sents<\/strong>\u00a0:<\/p>\n<p>Mme Gis\u00e8le Juanole, Maire<\/p>\n<p>M. Jacky Pujol, premier adjoint<\/p>\n<p>M. G\u00e9rard Cuvilliez, second adjoint<\/p>\n<p>Mme Pierrette Juanole-D\u00e9moulin, conseill\u00e8re<\/p>\n<p>M. Claude Font, conseiller<\/p>\n<p>M. Jean-Paul La\u00eflle, conseiller<\/p>\n<p>Absente excus\u00e9e\u00a0: Mme S\u00e9verine Margalef, conseill\u00e8re<\/p>\n<p style=\"text-align: center;\">La r\u00e9union est ouverte \u00e0 14h30<\/p>\n<p><strong>\u00a0<\/strong><strong>D\u00e9lib\u00e9ration d\u2019un contrat \u00e0 dur\u00e9e d\u00e9termin\u00e9e d\u2019un agent contractuel de remplacement \u00e0 compter du 08\/02\/2021<\/strong><\/p>\n<p>Une candidature a \u00e9t\u00e9 retenue parmi les trois postulants.<\/p>\n<p>Le Conseil Municipal propose de conclure un contrat \u00e0 dur\u00e9e d\u00e9termin\u00e9e pour une p\u00e9riode de trois mois, \u00e0 temps partiel (20h par semaine), \u00e0 compter du 08\/02\/2021, afin de remplacer l\u2019agent municipal M. Jordan Figa, en arr\u00eat maladie.<\/p>\n<p><strong>Le Conseil Municipal apr\u00e8s avoir d\u00e9lib\u00e9r\u00e9 et \u00e0 l\u2019unanimit\u00e9 des pr\u00e9sents\u00a0:<\/strong><\/p>\n<ul>\n<li><strong>Approuve<\/strong> la conclusion du contrat \u00e0 dur\u00e9e d\u00e9termin\u00e9e<\/li>\n<li><strong>Autorise<\/strong> Mme le Maire \u00e0 signer toutes les pi\u00e8ces relatives \u00e0 ce dossier<\/li>\n<\/ul>\n<p><strong>D\u00e9lib\u00e9ration et mise \u00e0 jour du tableau des effectifs<\/strong><\/p>\n<p><strong>\u00a0<\/strong>Le Conseil Municipal propose d\u2019inclure le rempla\u00e7ant de M. Jordan Figa dans les effectifs du personnel communal pour la dur\u00e9e de son contrat \u00e0 dur\u00e9e d\u00e9termin\u00e9e (trois mois).<\/p>\n<p><strong>Le Conseil Municipal apr\u00e8s avoir d\u00e9lib\u00e9r\u00e9 et \u00e0 l\u2019unanimit\u00e9 des pr\u00e9sents\u00a0:<\/strong><\/p>\n<ul>\n<li><strong>Approuve<\/strong> la d\u00e9cision d\u2019inclure le rempla\u00e7ant de M. Jordan Figa dans le tableau des effectifs du personnel communal pour trois mois \u00e0 partir du 08\/02\/2021,<\/li>\n<li><strong>Autorise<\/strong> Mme le Maire \u00e0 signer toutes les pi\u00e8ces relatives \u00e0 ce dossier<\/li>\n<\/ul>\n<p><strong>\u00a0<\/strong><strong>D\u00e9lib\u00e9ration et discussion pour rajouter un radiateur dans le multiple rural<\/strong><\/p>\n<p><strong>\u00a0<\/strong>Le Conseil Municipal propose de rajouter un radiateur dans les toilettes du multiple rural, pour un co\u00fbt de l\u2019ordre de 900 Euros TTC. En effet, il avait \u00e9t\u00e9 d\u00e9cid\u00e9 lors du Conseil Municipal du 17 d\u00e9cembre 2020 de d\u00e9placer le radiateur situ\u00e9 dans le local servant d\u2019\u00e9picerie, mais cette op\u00e9ration s\u2019est r\u00e9v\u00e9l\u00e9e trop on\u00e9reuse.<\/p>\n<p><strong>Le Conseil Municipal apr\u00e8s avoir d\u00e9lib\u00e9r\u00e9 et \u00e0 l\u2019unanimit\u00e9 des pr\u00e9sents\u00a0:<\/strong><\/p>\n<ul>\n<li><strong>Approuve<\/strong> l\u2019installation d\u2019un radiateur dans les toilettes du multiple rural<\/li>\n<li><strong>Autorise<\/strong> Mme le Maire \u00e0 signer toutes les pi\u00e8ces relatives \u00e0 ce dossier<\/li>\n<\/ul>\n<p><strong>D\u00e9lib\u00e9ration de remboursement \u00e0 un \u00e9lu pour l\u2019achat d\u2019un r\u00e9troprojecteur et de son \u00e9cran de projection<\/strong><\/p>\n<p>Un \u00e9lu a avanc\u00e9 l\u2019achat d\u2019un r\u00e9troprojecteur de marque Philips (299 Euros TTC) et d\u2019un \u00e9cran de projection (99 Euros TTC). Le r\u00e9troprojecteur permettra de projeter lors de r\u00e9unions l\u2019image de l\u2019\u00e9cran de l\u2019ordinateur auquel il est reli\u00e9 : diaporamas, tableaux, documents et films.<\/p>\n<p><strong>Le Conseil Municipal apr\u00e8s avoir d\u00e9lib\u00e9r\u00e9 et \u00e0 l\u2019unanimit\u00e9 des pr\u00e9sents\u00a0:<\/strong><\/p>\n<ul>\n<li><strong>Approuve<\/strong> le remboursement de ce mat\u00e9riel \u00e0 l\u2019\u00e9lu concern\u00e9<\/li>\n<li><strong>Autorise<\/strong> Mme le Maire \u00e0 signer toutes les pi\u00e8ces relatives \u00e0 ce dossier<\/li>\n<\/ul>\n<p><strong>D\u00e9lib\u00e9ration pour l\u2019\u00e9laboration des lignes directrices de gestion (LDG), des ressources humaines de la commune, pour la dur\u00e9e du mandat (6 ans)<\/strong><\/p>\n<p>Les lignes directrices de gestion (LDG) permettent de formaliser les lignes directrices de la politique des Ressources Humaines (RH) concernant les Agents Territoriaux. Ces LDG ont \u00e9t\u00e9 remises \u00e0 jour r\u00e9cemment, il est demand\u00e9 aux Conseils Municipaux des communes d\u2019\u00e9mettre un avis sur cette derni\u00e8re version, en particulier sur deux annexes (disponibles \u00e0 la demande)\u00a0:<\/p>\n<ul>\n<li>Annexe 1 mise en \u0153uvre des LDG dans la fonction publique territoriale,<\/li>\n<li>Annexe 17\u00a0: LDG du Comit\u00e9 Technique plac\u00e9 aupr\u00e8s du CDG 66 (Centre de Gestion), \u00e9tablissant\u00a0:\n<ul>\n<li>Les lignes de pilotage RH du recrutement et de la mobilit\u00e9 interne<\/li>\n<li>La promotion et la valorisation des parcours professionnels.<\/li>\n<\/ul>\n<\/li>\n<\/ul>\n<p>&nbsp;<\/p>\n<p><strong>Le Conseil Municipal apr\u00e8s avoir d\u00e9lib\u00e9r\u00e9 et \u00e0 l\u2019unanimit\u00e9 des pr\u00e9sents\u00a0:<\/strong><\/p>\n<ul>\n<li><strong>Valide <\/strong>le projet de LDG avec ses Annexes<\/li>\n<li><strong>Autorise<\/strong> Mme le Maire \u00e0 signer toutes les pi\u00e8ces relatives \u00e0 ce dossier<\/li>\n<\/ul>\n<p>&nbsp;<\/p>\n<p><strong>D\u00e9lib\u00e9rations sur les travaux du toit des archives et du refuge (ancienne Mairie)<\/strong><\/p>\n<p>Les travaux de r\u00e9fection du toit des archives et du refuge de l\u2019ancienne Mairie ont \u00e9t\u00e9 chiffr\u00e9e \u00e0 280 Euros HT par l\u2019entreprise Marsal de Llanars (Espagne)<\/p>\n<p><strong>Le Conseil Municipal apr\u00e8s avoir d\u00e9lib\u00e9r\u00e9 et \u00e0 l\u2019unanimit\u00e9 des pr\u00e9sents\u00a0:<\/strong><\/p>\n<ul>\n<li><strong>Approuve<\/strong> ce devis et d\u00e9cide d\u2019engager les travaux,<\/li>\n<li><strong>Autorise<\/strong> Mme le Maire \u00e0 signer toutes les pi\u00e8ces relatives \u00e0 ce dossier<\/li>\n<\/ul>\n<p><strong>Information sur les travaux des ch\u00e9neaux et canalisations des eaux pluviales du b\u00e2timent du Pla\u00e7ot (ancienne colonie)<\/strong><\/p>\n<p>Les travaux de r\u00e9fection des ch\u00e9neaux et canalisations des eaux pluviales du b\u00e2timent du Pla\u00e7ot (c\u00f4t\u00e9 Chalet) ont \u00e9t\u00e9 r\u00e9alis\u00e9s pour un montant de 779 Euros TTC.<\/p>\n<p><strong>Information sur le suivi du dossier de la parcelle 91 B<\/strong><\/p>\n<p>Le document \u00e9tablissant la partition de cette parcelle a \u00e9t\u00e9 sign\u00e9 par la Mairie et renvoy\u00e9 au g\u00e9om\u00e8tre. Par la suite, le dossier sera transmis au notaire.<\/p>\n<p>Toutes les parties (la Mairie, Mme Poyatos et ses enfants) ont d\u00e9cid\u00e9 de ne plus travailler avec le cabinet Garrigue \u2013 Denamiel (Arles-sur-Tech). Le nouveau notaire choisi est Me Guillamet au Boulou.<\/p>\n<p><strong>Questions diverses<\/strong><\/p>\n<ul>\n<li>La g\u00e9rante du multiple rural a manifest\u00e9 son intention, sur Facebook et par SMS, d\u2019ouvrir le restaurant \u00e0 partir du Lundi 1<sup>er<\/sup> f\u00e9vrier, en suivant un mouvement de protestation de diff\u00e9rentes professions de la restauration et du spectacle qui s\u2019estiment l\u00e9s\u00e9es par les mesures gouvernementales restrictives prises en raison de la situation sanitaire, qui reste pr\u00e9occupante. Cet avis pose la question de la responsabilit\u00e9 de la municipalit\u00e9, dans cette situation de non-respect des lois, sachant que le restaurant, propri\u00e9t\u00e9 de la Mairie, est g\u00e9r\u00e9 en d\u00e9l\u00e9gation de service public.<\/li>\n<li>Le SMIGATA (Syndicat Mixte de Gestion et d\u2019Am\u00e9nagement Tech-Alb\u00e8res) demande de fa\u00e7on urgente la liste des ouvrages communaux qui le concernent. MM. Jacky Pujol et Claude Font \u00e9tabliront la liste des ponts et gu\u00e9s sur les rivi\u00e8res qui font partie du bassin versant du Tech.<\/li>\n<li>Le SYDEEL 66 demande la mise \u00e0 jour des ouvrages concern\u00e9s par la RODP (Redevance d\u2019Occupation du Domaine Public). Le document pr\u00e9sentant le recensement de ces ouvrages sera envoy\u00e9 au SYDEEL 66 tr\u00e8s rapidement.<\/li>\n<li>D\u00e9placement du pyl\u00f4ne EDF \u00e0 Can Baruti, qui g\u00eane consid\u00e9rablement le transport du bois\u00a0: se mettre en contact avec Mme Mathilde Guittet (Pays Pyr\u00e9n\u00e9es M\u00e9diterran\u00e9e \u2013 Charte Foresti\u00e8re)<\/li>\n<li>Implantation d\u2019une antenne SFR, dans le cadre du New Deal 2018, afin de couvrir les zones non desservies (ou \u00ab\u00a0zones blanches\u00a0\u00bb). Quatre parcelles communales (N\u00b0 299, 215, 189, 332) pourraient \u00eatre propos\u00e9es. La municipalit\u00e9 examinera la situation physique de ces parcelles avant de prendre une d\u00e9cision.<\/li>\n<li>La facture de l\u2019entreprise Planell (650 Euros TTC) qui avait travaill\u00e9 au d\u00e9neigement des pistes lors de l\u2019\u00e9pisode neigeux du 5 au 11 janvier dernier a \u00e9t\u00e9 prise en charge par l\u2019Intercommunalit\u00e9 (CCHV).<\/li>\n<li>Retirada\u00a0: vu la situation sanitaire, la FFREEE (Fils et Filles de R\u00e9publicains Espagnols et Enfants de l\u2019Exode) propose d\u2019organiser en comit\u00e9 r\u00e9duit la pose de la plaque \u00e0 Can Baruti, le 20 f\u00e9vrier. Un film serait tourn\u00e9 \u00e0 cette occasion. Ce film sera pr\u00e9sent\u00e9 sur Youtube. Une journ\u00e9e comm\u00e9morative pourrait \u00eatre pr\u00e9vue cet \u00e9t\u00e9.<\/li>\n<\/ul>\n<p>&nbsp;<\/p>\n<p style=\"text-align: center;\">Prochaine r\u00e9union du Conseil Municipal<\/p>\n<p style=\"text-align: center;\"><strong>Elle a \u00e9t\u00e9 fix\u00e9e le samedi 13 mars 2021 \u00e0 14h30<\/strong><\/p>\n<p>&nbsp;<\/p>\n<p>La s\u00e9ance a \u00e9t\u00e9 lev\u00e9e \u00e0 17h18<\/p>","protected":false},"excerpt":{"rendered":"<p>Ho sentim, aquesta entrada es troba disponible \u00fanicament en Franc\u00e8s. Compte rendu de la r\u00e9union du Conseil Municipal de Laman\u00e8re du samedi 30 janvier 2021 \u00e0 14h30 \u00a0Secr\u00e9taire de s\u00e9ance\u00a0: Jean Paul La\u00eflle Pr\u00e9sents\u00a0: Mme Gis\u00e8le Juanole, Maire M. Jacky&hellip; <a href=\"https:\/\/lamanere.fr\/ca\/2021\/02\/10\/compte-rendu-du-conseil-municipal-du-30-janvier-2021\/\" class=\"more-link\">Continue Reading <span class=\"meta-nav\">&rarr;<\/span><\/a><\/p>\n","protected":false},"author":2,"featured_media":0,"comment_status":"open","ping_status":"open","sticky":false,"template":"","format":"standard","meta":{"footnotes":""},"categories":[77,74],"tags":[],"yoast_head":"<!-- This site is optimized with the Yoast SEO plugin v27.4 - https:\/\/yoast.com\/product\/yoast-seo-wordpress\/ -->\n<title><\/title>\n<meta name=\"robots\" content=\"index, follow, max-snippet:-1, max-image-preview:large, max-video-preview:-1\" \/>\n<link rel=\"canonical\" href=\"https:\/\/lamanere.fr\/2021\/02\/10\/compte-rendu-du-conseil-municipal-du-30-janvier-2021\/\" \/>\n<meta property=\"og:locale\" content=\"ca_ES\" \/>\n<meta property=\"og:type\" content=\"article\" \/>\n<meta property=\"og:title\" content=\"[:fr]COMPTE RENDU DU CONSEIL MUNICIPAL DU 30 Janvier 2021[:] - Laman\u00e8re - Lloc oficial del municipi\" \/>\n<meta property=\"og:description\" content=\"Ho sentim, aquesta entrada es troba disponible \u00fanicament en Franc\u00e8s. Compte rendu de la r\u00e9union du Conseil Municipal de Laman\u00e8re du samedi 30 janvier 2021 \u00e0 14h30 \u00a0Secr\u00e9taire de s\u00e9ance\u00a0: Jean Paul La\u00eflle Pr\u00e9sents\u00a0: Mme Gis\u00e8le Juanole, Maire M. Jacky&hellip; Continue Reading &rarr;\" \/>\n<meta property=\"og:url\" content=\"https:\/\/lamanere.fr\/2021\/02\/10\/compte-rendu-du-conseil-municipal-du-30-janvier-2021\/\" \/>\n<meta property=\"og:site_name\" content=\"Laman\u00e8re - Lloc oficial del municipi\" \/>\n<meta property=\"article:publisher\" content=\"https:\/\/www.facebook.com\/lamanere\" \/>\n<meta property=\"article:published_time\" content=\"2021-02-10T10:20:07+00:00\" \/>\n<meta name=\"author\" content=\"Mairie de Laman\u00e8re\" \/>\n<meta name=\"twitter:card\" content=\"summary_large_image\" \/>\n<meta name=\"twitter:label1\" content=\"Escrit per\" \/>\n\t<meta name=\"twitter:data1\" content=\"Mairie de Laman\u00e8re\" \/>\n\t<meta name=\"twitter:label2\" content=\"Temps estimat de lectura\" \/>\n\t<meta name=\"twitter:data2\" content=\"5 minuts\" \/>\n<script type=\"application\/ld+json\" class=\"yoast-schema-graph\">{\"@context\":\"https:\\\/\\\/schema.org\",\"@graph\":[{\"@type\":\"Article\",\"@id\":\"https:\\\/\\\/lamanere.fr\\\/2021\\\/02\\\/10\\\/compte-rendu-du-conseil-municipal-du-30-janvier-2021\\\/#article\",\"isPartOf\":{\"@id\":\"https:\\\/\\\/lamanere.fr\\\/2021\\\/02\\\/10\\\/compte-rendu-du-conseil-municipal-du-30-janvier-2021\\\/\"},\"author\":{\"name\":\"Mairie de Laman\u00e8re\",\"@id\":\"https:\\\/\\\/lamanere.fr\\\/#\\\/schema\\\/person\\\/b26317ee332d7f6bfb5bff1394da6e59\"},\"headline\":\"COMPTE RENDU DU CONSEIL MUNICIPAL DU 30 Janvier 2021\",\"datePublished\":\"2021-02-10T10:20:07+00:00\",\"mainEntityOfPage\":{\"@id\":\"https:\\\/\\\/lamanere.fr\\\/2021\\\/02\\\/10\\\/compte-rendu-du-conseil-municipal-du-30-janvier-2021\\\/\"},\"wordCount\":1259,\"commentCount\":0,\"publisher\":{\"@id\":\"https:\\\/\\\/lamanere.fr\\\/#organization\"},\"articleSection\":[\"Comptes Rendus\",\"Municipalit\u00e9\"],\"inLanguage\":\"ca\",\"potentialAction\":[{\"@type\":\"CommentAction\",\"name\":\"Comment\",\"target\":[\"https:\\\/\\\/lamanere.fr\\\/2021\\\/02\\\/10\\\/compte-rendu-du-conseil-municipal-du-30-janvier-2021\\\/#respond\"]}]},{\"@type\":\"WebPage\",\"@id\":\"https:\\\/\\\/lamanere.fr\\\/2021\\\/02\\\/10\\\/compte-rendu-du-conseil-municipal-du-30-janvier-2021\\\/\",\"url\":\"https:\\\/\\\/lamanere.fr\\\/2021\\\/02\\\/10\\\/compte-rendu-du-conseil-municipal-du-30-janvier-2021\\\/\",\"name\":\"[:fr]COMPTE RENDU DU CONSEIL MUNICIPAL DU 30 Janvier 2021[:] - Laman\u00e8re - Lloc oficial del municipi\",\"isPartOf\":{\"@id\":\"https:\\\/\\\/lamanere.fr\\\/#website\"},\"datePublished\":\"2021-02-10T10:20:07+00:00\",\"breadcrumb\":{\"@id\":\"https:\\\/\\\/lamanere.fr\\\/2021\\\/02\\\/10\\\/compte-rendu-du-conseil-municipal-du-30-janvier-2021\\\/#breadcrumb\"},\"inLanguage\":\"ca\",\"potentialAction\":[{\"@type\":\"ReadAction\",\"target\":[\"https:\\\/\\\/lamanere.fr\\\/2021\\\/02\\\/10\\\/compte-rendu-du-conseil-municipal-du-30-janvier-2021\\\/\"]}]},{\"@type\":\"BreadcrumbList\",\"@id\":\"https:\\\/\\\/lamanere.fr\\\/2021\\\/02\\\/10\\\/compte-rendu-du-conseil-municipal-du-30-janvier-2021\\\/#breadcrumb\",\"itemListElement\":[{\"@type\":\"ListItem\",\"position\":1,\"name\":\"Accueil\",\"item\":\"https:\\\/\\\/lamanere.fr\\\/\"},{\"@type\":\"ListItem\",\"position\":2,\"name\":\"COMPTE RENDU DU CONSEIL MUNICIPAL DU 30 Janvier 2021\"}]},{\"@type\":\"WebSite\",\"@id\":\"https:\\\/\\\/lamanere.fr\\\/#website\",\"url\":\"https:\\\/\\\/lamanere.fr\\\/\",\"name\":\"Laman\u00e8re - Lloc oficial del municipi\",\"description\":\"Poble m\u00e9s al sud de la Fran\u00e7a continental\",\"publisher\":{\"@id\":\"https:\\\/\\\/lamanere.fr\\\/#organization\"},\"potentialAction\":[{\"@type\":\"SearchAction\",\"target\":{\"@type\":\"EntryPoint\",\"urlTemplate\":\"https:\\\/\\\/lamanere.fr\\\/?s={search_term_string}\"},\"query-input\":{\"@type\":\"PropertyValueSpecification\",\"valueRequired\":true,\"valueName\":\"search_term_string\"}}],\"inLanguage\":\"ca\"},{\"@type\":\"Organization\",\"@id\":\"https:\\\/\\\/lamanere.fr\\\/#organization\",\"name\":\"Commune de Laman\u00e8re\",\"url\":\"https:\\\/\\\/lamanere.fr\\\/\",\"logo\":{\"@type\":\"ImageObject\",\"inLanguage\":\"ca\",\"@id\":\"https:\\\/\\\/lamanere.fr\\\/#\\\/schema\\\/logo\\\/image\\\/\",\"url\":\"https:\\\/\\\/lamanere.fr\\\/wp-content\\\/uploads\\\/2020\\\/09\\\/logo2-149.jpg\",\"contentUrl\":\"https:\\\/\\\/lamanere.fr\\\/wp-content\\\/uploads\\\/2020\\\/09\\\/logo2-149.jpg\",\"width\":149,\"height\":146,\"caption\":\"Commune de Laman\u00e8re\"},\"image\":{\"@id\":\"https:\\\/\\\/lamanere.fr\\\/#\\\/schema\\\/logo\\\/image\\\/\"},\"sameAs\":[\"https:\\\/\\\/www.facebook.com\\\/lamanere\",\"https:\\\/\\\/fr.wikipedia.org\\\/wiki\\\/Laman\u00e8re\"]},{\"@type\":\"Person\",\"@id\":\"https:\\\/\\\/lamanere.fr\\\/#\\\/schema\\\/person\\\/b26317ee332d7f6bfb5bff1394da6e59\",\"name\":\"Mairie de Laman\u00e8re\",\"image\":{\"@type\":\"ImageObject\",\"inLanguage\":\"ca\",\"@id\":\"https:\\\/\\\/secure.gravatar.com\\\/avatar\\\/951e9da0a291f11d14b93bccd2d18cab?s=96&d=mm&r=g\",\"url\":\"https:\\\/\\\/secure.gravatar.com\\\/avatar\\\/951e9da0a291f11d14b93bccd2d18cab?s=96&d=mm&r=g\",\"contentUrl\":\"https:\\\/\\\/secure.gravatar.com\\\/avatar\\\/951e9da0a291f11d14b93bccd2d18cab?s=96&d=mm&r=g\",\"caption\":\"Mairie de Laman\u00e8re\"},\"url\":\"https:\\\/\\\/lamanere.fr\\\/ca\\\/author\\\/jean-paul\\\/\"}]}<\/script>\n<!-- \/ Yoast SEO plugin. -->","yoast_head_json":{"title":"[:fr]COMPTE RENDU DU CONSEIL MUNICIPAL DU 30 Janvier 2021[:] - Laman\u00e8re - Lloc oficial del municipi","robots":{"index":"index","follow":"follow","max-snippet":"max-snippet:-1","max-image-preview":"max-image-preview:large","max-video-preview":"max-video-preview:-1"},"canonical":"https:\/\/lamanere.fr\/2021\/02\/10\/compte-rendu-du-conseil-municipal-du-30-janvier-2021\/","og_locale":"ca_ES","og_type":"article","og_title":"[:fr]COMPTE RENDU DU CONSEIL MUNICIPAL DU 30 Janvier 2021[:] - Laman\u00e8re - Lloc oficial del municipi","og_description":"Ho sentim, aquesta entrada es troba disponible \u00fanicament en Franc\u00e8s. Compte rendu de la r\u00e9union du Conseil Municipal de Laman\u00e8re du samedi 30 janvier 2021 \u00e0 14h30 \u00a0Secr\u00e9taire de s\u00e9ance\u00a0: Jean Paul La\u00eflle Pr\u00e9sents\u00a0: Mme Gis\u00e8le Juanole, Maire M. Jacky&hellip; Continue Reading &rarr;","og_url":"https:\/\/lamanere.fr\/2021\/02\/10\/compte-rendu-du-conseil-municipal-du-30-janvier-2021\/","og_site_name":"Laman\u00e8re - Lloc oficial del municipi","article_publisher":"https:\/\/www.facebook.com\/lamanere","article_published_time":"2021-02-10T10:20:07+00:00","author":"Mairie de Laman\u00e8re","twitter_card":"summary_large_image","twitter_misc":{"Escrit per":"Mairie de Laman\u00e8re","Temps estimat de lectura":"5 minuts"},"schema":{"@context":"https:\/\/schema.org","@graph":[{"@type":"Article","@id":"https:\/\/lamanere.fr\/2021\/02\/10\/compte-rendu-du-conseil-municipal-du-30-janvier-2021\/#article","isPartOf":{"@id":"https:\/\/lamanere.fr\/2021\/02\/10\/compte-rendu-du-conseil-municipal-du-30-janvier-2021\/"},"author":{"name":"Mairie de Laman\u00e8re","@id":"https:\/\/lamanere.fr\/#\/schema\/person\/b26317ee332d7f6bfb5bff1394da6e59"},"headline":"COMPTE RENDU DU CONSEIL MUNICIPAL DU 30 Janvier 2021","datePublished":"2021-02-10T10:20:07+00:00","mainEntityOfPage":{"@id":"https:\/\/lamanere.fr\/2021\/02\/10\/compte-rendu-du-conseil-municipal-du-30-janvier-2021\/"},"wordCount":1259,"commentCount":0,"publisher":{"@id":"https:\/\/lamanere.fr\/#organization"},"articleSection":["Comptes Rendus","Municipalit\u00e9"],"inLanguage":"ca","potentialAction":[{"@type":"CommentAction","name":"Comment","target":["https:\/\/lamanere.fr\/2021\/02\/10\/compte-rendu-du-conseil-municipal-du-30-janvier-2021\/#respond"]}]},{"@type":"WebPage","@id":"https:\/\/lamanere.fr\/2021\/02\/10\/compte-rendu-du-conseil-municipal-du-30-janvier-2021\/","url":"https:\/\/lamanere.fr\/2021\/02\/10\/compte-rendu-du-conseil-municipal-du-30-janvier-2021\/","name":"[:fr]COMPTE RENDU DU CONSEIL MUNICIPAL DU 30 Janvier 2021[:] - Laman\u00e8re - Lloc oficial del municipi","isPartOf":{"@id":"https:\/\/lamanere.fr\/#website"},"datePublished":"2021-02-10T10:20:07+00:00","breadcrumb":{"@id":"https:\/\/lamanere.fr\/2021\/02\/10\/compte-rendu-du-conseil-municipal-du-30-janvier-2021\/#breadcrumb"},"inLanguage":"ca","potentialAction":[{"@type":"ReadAction","target":["https:\/\/lamanere.fr\/2021\/02\/10\/compte-rendu-du-conseil-municipal-du-30-janvier-2021\/"]}]},{"@type":"BreadcrumbList","@id":"https:\/\/lamanere.fr\/2021\/02\/10\/compte-rendu-du-conseil-municipal-du-30-janvier-2021\/#breadcrumb","itemListElement":[{"@type":"ListItem","position":1,"name":"Accueil","item":"https:\/\/lamanere.fr\/"},{"@type":"ListItem","position":2,"name":"COMPTE RENDU DU CONSEIL MUNICIPAL DU 30 Janvier 2021"}]},{"@type":"WebSite","@id":"https:\/\/lamanere.fr\/#website","url":"https:\/\/lamanere.fr\/","name":"Laman\u00e8re - Lloc oficial del municipi","description":"Poble m\u00e9s al sud de la Fran\u00e7a continental","publisher":{"@id":"https:\/\/lamanere.fr\/#organization"},"potentialAction":[{"@type":"SearchAction","target":{"@type":"EntryPoint","urlTemplate":"https:\/\/lamanere.fr\/?s={search_term_string}"},"query-input":{"@type":"PropertyValueSpecification","valueRequired":true,"valueName":"search_term_string"}}],"inLanguage":"ca"},{"@type":"Organization","@id":"https:\/\/lamanere.fr\/#organization","name":"Commune de Laman\u00e8re","url":"https:\/\/lamanere.fr\/","logo":{"@type":"ImageObject","inLanguage":"ca","@id":"https:\/\/lamanere.fr\/#\/schema\/logo\/image\/","url":"https:\/\/lamanere.fr\/wp-content\/uploads\/2020\/09\/logo2-149.jpg","contentUrl":"https:\/\/lamanere.fr\/wp-content\/uploads\/2020\/09\/logo2-149.jpg","width":149,"height":146,"caption":"Commune de Laman\u00e8re"},"image":{"@id":"https:\/\/lamanere.fr\/#\/schema\/logo\/image\/"},"sameAs":["https:\/\/www.facebook.com\/lamanere","https:\/\/fr.wikipedia.org\/wiki\/Laman\u00e8re"]},{"@type":"Person","@id":"https:\/\/lamanere.fr\/#\/schema\/person\/b26317ee332d7f6bfb5bff1394da6e59","name":"Mairie de Laman\u00e8re","image":{"@type":"ImageObject","inLanguage":"ca","@id":"https:\/\/secure.gravatar.com\/avatar\/951e9da0a291f11d14b93bccd2d18cab?s=96&d=mm&r=g","url":"https:\/\/secure.gravatar.com\/avatar\/951e9da0a291f11d14b93bccd2d18cab?s=96&d=mm&r=g","contentUrl":"https:\/\/secure.gravatar.com\/avatar\/951e9da0a291f11d14b93bccd2d18cab?s=96&d=mm&r=g","caption":"Mairie de Laman\u00e8re"},"url":"https:\/\/lamanere.fr\/ca\/author\/jean-paul\/"}]}},"_links":{"self":[{"href":"https:\/\/lamanere.fr\/ca\/wp-json\/wp\/v2\/posts\/1374"}],"collection":[{"href":"https:\/\/lamanere.fr\/ca\/wp-json\/wp\/v2\/posts"}],"about":[{"href":"https:\/\/lamanere.fr\/ca\/wp-json\/wp\/v2\/types\/post"}],"author":[{"embeddable":true,"href":"https:\/\/lamanere.fr\/ca\/wp-json\/wp\/v2\/users\/2"}],"replies":[{"embeddable":true,"href":"https:\/\/lamanere.fr\/ca\/wp-json\/wp\/v2\/comments?post=1374"}],"version-history":[{"count":1,"href":"https:\/\/lamanere.fr\/ca\/wp-json\/wp\/v2\/posts\/1374\/revisions"}],"predecessor-version":[{"id":1375,"href":"https:\/\/lamanere.fr\/ca\/wp-json\/wp\/v2\/posts\/1374\/revisions\/1375"}],"wp:attachment":[{"href":"https:\/\/lamanere.fr\/ca\/wp-json\/wp\/v2\/media?parent=1374"}],"wp:term":[{"taxonomy":"category","embeddable":true,"href":"https:\/\/lamanere.fr\/ca\/wp-json\/wp\/v2\/categories?post=1374"},{"taxonomy":"post_tag","embeddable":true,"href":"https:\/\/lamanere.fr\/ca\/wp-json\/wp\/v2\/tags?post=1374"}],"curies":[{"name":"wp","href":"https:\/\/api.w.org\/{rel}","templated":true}]}}