{"id":1820,"date":"2021-07-19T12:05:45","date_gmt":"2021-07-19T11:05:45","guid":{"rendered":"https:\/\/lamanere.fr\/?p=1820"},"modified":"2021-07-19T12:05:45","modified_gmt":"2021-07-19T11:05:45","slug":"ne-pas-jeter-des-lingettes-dans-les-toilettes","status":"publish","type":"post","link":"https:\/\/lamanere.fr\/ca\/2021\/07\/19\/ne-pas-jeter-des-lingettes-dans-les-toilettes\/","title":{"rendered":"NE PAS JETER DES LINGETTES DANS LES TOILETTES"},"content":{"rendered":"<p class=\"qtranxs-available-languages-message qtranxs-available-languages-message-ca\">Ho sentim, aquesta entrada es troba disponible \u00fanicament en <a href=\"https:\/\/lamanere.fr\/fr\/wp-json\/wp\/v2\/posts\/1820\" class=\"qtranxs-available-language-link qtranxs-available-language-link-fr\" title=\"Fran\u00e7ais\">Franc\u00e8s<\/a>.<\/p><p>Ne pas jeter des lingettes dans les toilettes concerne \u00e0 la fois la protection de l\u2019environnement et le bon fonctionnement du r\u00e9seau d\u2019assainissement de la commune.<\/p>\n<p>En effet une lingette ne dispara\u00eet jamais dans les toilettes, elle s\u2019accroche aux canalisations et cr\u00e9e des bouchons\u2026<\/p>\n<p><img loading=\"lazy\" decoding=\"async\" class=\"alignnone  wp-image-1821 aligncenter\" src=\"https:\/\/lamanere.fr\/wp-content\/uploads\/2021\/07\/Non-aux-lingettes_Page_1-212x300.png\" alt=\"\" width=\"329\" height=\"465\" srcset=\"https:\/\/lamanere.fr\/wp-content\/uploads\/2021\/07\/Non-aux-lingettes_Page_1-212x300.png 212w, https:\/\/lamanere.fr\/wp-content\/uploads\/2021\/07\/Non-aux-lingettes_Page_1-724x1024.png 724w, https:\/\/lamanere.fr\/wp-content\/uploads\/2021\/07\/Non-aux-lingettes_Page_1-768x1086.png 768w, https:\/\/lamanere.fr\/wp-content\/uploads\/2021\/07\/Non-aux-lingettes_Page_1-1086x1536.png 1086w, https:\/\/lamanere.fr\/wp-content\/uploads\/2021\/07\/Non-aux-lingettes_Page_1-1448x2048.png 1448w, https:\/\/lamanere.fr\/wp-content\/uploads\/2021\/07\/Non-aux-lingettes_Page_1-339x480.png 339w, https:\/\/lamanere.fr\/wp-content\/uploads\/2021\/07\/Non-aux-lingettes_Page_1.png 1654w\" sizes=\"(max-width: 329px) 100vw, 329px\" \/><\/p>","protected":false},"excerpt":{"rendered":"<p>Ho sentim, aquesta entrada es troba disponible \u00fanicament en Franc\u00e8s.Ne pas jeter des lingettes dans les toilettes concerne \u00e0 la fois la protection de l\u2019environnement et le bon fonctionnement du r\u00e9seau d\u2019assainissement de la commune. En effet une lingette ne&hellip; <a href=\"https:\/\/lamanere.fr\/ca\/2021\/07\/19\/ne-pas-jeter-des-lingettes-dans-les-toilettes\/\" class=\"more-link\">Continue Reading <span class=\"meta-nav\">&rarr;<\/span><\/a><\/p>\n","protected":false},"author":2,"featured_media":0,"comment_status":"open","ping_status":"open","sticky":false,"template":"","format":"standard","meta":{"footnotes":""},"categories":[90,104],"tags":[],"yoast_head":"<!-- This site is optimized with the Yoast SEO plugin v27.4 - https:\/\/yoast.com\/product\/yoast-seo-wordpress\/ -->\n<title><\/title>\n<meta name=\"robots\" content=\"index, follow, max-snippet:-1, max-image-preview:large, max-video-preview:-1\" \/>\n<link rel=\"canonical\" href=\"https:\/\/lamanere.fr\/2021\/07\/19\/ne-pas-jeter-des-lingettes-dans-les-toilettes\/\" \/>\n<meta property=\"og:locale\" content=\"ca_ES\" \/>\n<meta property=\"og:type\" content=\"article\" \/>\n<meta property=\"og:title\" content=\"[:fr]NE PAS JETER DES LINGETTES DANS LES TOILETTES[:] - Laman\u00e8re - Lloc oficial del municipi\" \/>\n<meta property=\"og:description\" content=\"Ho sentim, aquesta entrada es troba disponible \u00fanicament en Franc\u00e8s.Ne pas jeter des lingettes dans les toilettes concerne \u00e0 la fois la protection de l\u2019environnement et le bon fonctionnement du r\u00e9seau d\u2019assainissement de la commune. En effet une lingette ne&hellip; Continue Reading &rarr;\" \/>\n<meta property=\"og:url\" content=\"https:\/\/lamanere.fr\/2021\/07\/19\/ne-pas-jeter-des-lingettes-dans-les-toilettes\/\" \/>\n<meta property=\"og:site_name\" content=\"Laman\u00e8re - Lloc oficial del municipi\" \/>\n<meta property=\"article:publisher\" content=\"https:\/\/www.facebook.com\/lamanere\" \/>\n<meta property=\"article:published_time\" content=\"2021-07-19T11:05:45+00:00\" \/>\n<meta property=\"og:image\" content=\"https:\/\/lamanere.fr\/wp-content\/uploads\/2021\/07\/Non-aux-lingettes_Page_1-212x300.png\" \/>\n<meta name=\"author\" content=\"Mairie de Laman\u00e8re\" \/>\n<meta name=\"twitter:card\" content=\"summary_large_image\" \/>\n<meta name=\"twitter:label1\" content=\"Escrit per\" \/>\n\t<meta name=\"twitter:data1\" content=\"Mairie de Laman\u00e8re\" \/>\n\t<meta name=\"twitter:label2\" content=\"Temps estimat de lectura\" \/>\n\t<meta name=\"twitter:data2\" content=\"1 minut\" \/>\n<script type=\"application\/ld+json\" class=\"yoast-schema-graph\">{\"@context\":\"https:\\\/\\\/schema.org\",\"@graph\":[{\"@type\":\"Article\",\"@id\":\"https:\\\/\\\/lamanere.fr\\\/2021\\\/07\\\/19\\\/ne-pas-jeter-des-lingettes-dans-les-toilettes\\\/#article\",\"isPartOf\":{\"@id\":\"https:\\\/\\\/lamanere.fr\\\/2021\\\/07\\\/19\\\/ne-pas-jeter-des-lingettes-dans-les-toilettes\\\/\"},\"author\":{\"name\":\"Mairie de Laman\u00e8re\",\"@id\":\"https:\\\/\\\/lamanere.fr\\\/#\\\/schema\\\/person\\\/b26317ee332d7f6bfb5bff1394da6e59\"},\"headline\":\"NE PAS JETER DES LINGETTES DANS LES TOILETTES\",\"datePublished\":\"2021-07-19T11:05:45+00:00\",\"mainEntityOfPage\":{\"@id\":\"https:\\\/\\\/lamanere.fr\\\/2021\\\/07\\\/19\\\/ne-pas-jeter-des-lingettes-dans-les-toilettes\\\/\"},\"wordCount\":59,\"commentCount\":0,\"publisher\":{\"@id\":\"https:\\\/\\\/lamanere.fr\\\/#organization\"},\"image\":{\"@id\":\"https:\\\/\\\/lamanere.fr\\\/2021\\\/07\\\/19\\\/ne-pas-jeter-des-lingettes-dans-les-toilettes\\\/#primaryimage\"},\"thumbnailUrl\":\"https:\\\/\\\/lamanere.fr\\\/wp-content\\\/uploads\\\/2021\\\/07\\\/Non-aux-lingettes_Page_1-212x300.png\",\"articleSection\":[\"Cadre de vie et Embellissement\",\"Services\"],\"inLanguage\":\"ca\",\"potentialAction\":[{\"@type\":\"CommentAction\",\"name\":\"Comment\",\"target\":[\"https:\\\/\\\/lamanere.fr\\\/2021\\\/07\\\/19\\\/ne-pas-jeter-des-lingettes-dans-les-toilettes\\\/#respond\"]}]},{\"@type\":\"WebPage\",\"@id\":\"https:\\\/\\\/lamanere.fr\\\/2021\\\/07\\\/19\\\/ne-pas-jeter-des-lingettes-dans-les-toilettes\\\/\",\"url\":\"https:\\\/\\\/lamanere.fr\\\/2021\\\/07\\\/19\\\/ne-pas-jeter-des-lingettes-dans-les-toilettes\\\/\",\"name\":\"[:fr]NE PAS JETER DES LINGETTES DANS LES TOILETTES[:] - Laman\u00e8re - Lloc oficial del municipi\",\"isPartOf\":{\"@id\":\"https:\\\/\\\/lamanere.fr\\\/#website\"},\"primaryImageOfPage\":{\"@id\":\"https:\\\/\\\/lamanere.fr\\\/2021\\\/07\\\/19\\\/ne-pas-jeter-des-lingettes-dans-les-toilettes\\\/#primaryimage\"},\"image\":{\"@id\":\"https:\\\/\\\/lamanere.fr\\\/2021\\\/07\\\/19\\\/ne-pas-jeter-des-lingettes-dans-les-toilettes\\\/#primaryimage\"},\"thumbnailUrl\":\"https:\\\/\\\/lamanere.fr\\\/wp-content\\\/uploads\\\/2021\\\/07\\\/Non-aux-lingettes_Page_1-212x300.png\",\"datePublished\":\"2021-07-19T11:05:45+00:00\",\"breadcrumb\":{\"@id\":\"https:\\\/\\\/lamanere.fr\\\/2021\\\/07\\\/19\\\/ne-pas-jeter-des-lingettes-dans-les-toilettes\\\/#breadcrumb\"},\"inLanguage\":\"ca\",\"potentialAction\":[{\"@type\":\"ReadAction\",\"target\":[\"https:\\\/\\\/lamanere.fr\\\/2021\\\/07\\\/19\\\/ne-pas-jeter-des-lingettes-dans-les-toilettes\\\/\"]}]},{\"@type\":\"ImageObject\",\"inLanguage\":\"ca\",\"@id\":\"https:\\\/\\\/lamanere.fr\\\/2021\\\/07\\\/19\\\/ne-pas-jeter-des-lingettes-dans-les-toilettes\\\/#primaryimage\",\"url\":\"https:\\\/\\\/lamanere.fr\\\/wp-content\\\/uploads\\\/2021\\\/07\\\/Non-aux-lingettes_Page_1-212x300.png\",\"contentUrl\":\"https:\\\/\\\/lamanere.fr\\\/wp-content\\\/uploads\\\/2021\\\/07\\\/Non-aux-lingettes_Page_1-212x300.png\"},{\"@type\":\"BreadcrumbList\",\"@id\":\"https:\\\/\\\/lamanere.fr\\\/2021\\\/07\\\/19\\\/ne-pas-jeter-des-lingettes-dans-les-toilettes\\\/#breadcrumb\",\"itemListElement\":[{\"@type\":\"ListItem\",\"position\":1,\"name\":\"Accueil\",\"item\":\"https:\\\/\\\/lamanere.fr\\\/\"},{\"@type\":\"ListItem\",\"position\":2,\"name\":\"NE PAS JETER DES LINGETTES DANS LES TOILETTES\"}]},{\"@type\":\"WebSite\",\"@id\":\"https:\\\/\\\/lamanere.fr\\\/#website\",\"url\":\"https:\\\/\\\/lamanere.fr\\\/\",\"name\":\"Laman\u00e8re - Lloc oficial del municipi\",\"description\":\"Poble m\u00e9s al sud de la Fran\u00e7a continental\",\"publisher\":{\"@id\":\"https:\\\/\\\/lamanere.fr\\\/#organization\"},\"potentialAction\":[{\"@type\":\"SearchAction\",\"target\":{\"@type\":\"EntryPoint\",\"urlTemplate\":\"https:\\\/\\\/lamanere.fr\\\/?s={search_term_string}\"},\"query-input\":{\"@type\":\"PropertyValueSpecification\",\"valueRequired\":true,\"valueName\":\"search_term_string\"}}],\"inLanguage\":\"ca\"},{\"@type\":\"Organization\",\"@id\":\"https:\\\/\\\/lamanere.fr\\\/#organization\",\"name\":\"Commune de Laman\u00e8re\",\"url\":\"https:\\\/\\\/lamanere.fr\\\/\",\"logo\":{\"@type\":\"ImageObject\",\"inLanguage\":\"ca\",\"@id\":\"https:\\\/\\\/lamanere.fr\\\/#\\\/schema\\\/logo\\\/image\\\/\",\"url\":\"https:\\\/\\\/lamanere.fr\\\/wp-content\\\/uploads\\\/2020\\\/09\\\/logo2-149.jpg\",\"contentUrl\":\"https:\\\/\\\/lamanere.fr\\\/wp-content\\\/uploads\\\/2020\\\/09\\\/logo2-149.jpg\",\"width\":149,\"height\":146,\"caption\":\"Commune de Laman\u00e8re\"},\"image\":{\"@id\":\"https:\\\/\\\/lamanere.fr\\\/#\\\/schema\\\/logo\\\/image\\\/\"},\"sameAs\":[\"https:\\\/\\\/www.facebook.com\\\/lamanere\",\"https:\\\/\\\/fr.wikipedia.org\\\/wiki\\\/Laman\u00e8re\"]},{\"@type\":\"Person\",\"@id\":\"https:\\\/\\\/lamanere.fr\\\/#\\\/schema\\\/person\\\/b26317ee332d7f6bfb5bff1394da6e59\",\"name\":\"Mairie de Laman\u00e8re\",\"image\":{\"@type\":\"ImageObject\",\"inLanguage\":\"ca\",\"@id\":\"https:\\\/\\\/secure.gravatar.com\\\/avatar\\\/951e9da0a291f11d14b93bccd2d18cab?s=96&d=mm&r=g\",\"url\":\"https:\\\/\\\/secure.gravatar.com\\\/avatar\\\/951e9da0a291f11d14b93bccd2d18cab?s=96&d=mm&r=g\",\"contentUrl\":\"https:\\\/\\\/secure.gravatar.com\\\/avatar\\\/951e9da0a291f11d14b93bccd2d18cab?s=96&d=mm&r=g\",\"caption\":\"Mairie de Laman\u00e8re\"},\"url\":\"https:\\\/\\\/lamanere.fr\\\/ca\\\/author\\\/jean-paul\\\/\"}]}<\/script>\n<!-- \/ Yoast SEO plugin. -->","yoast_head_json":{"title":"[:fr]NE PAS JETER DES LINGETTES DANS LES TOILETTES[:] - Laman\u00e8re - Lloc oficial del municipi","robots":{"index":"index","follow":"follow","max-snippet":"max-snippet:-1","max-image-preview":"max-image-preview:large","max-video-preview":"max-video-preview:-1"},"canonical":"https:\/\/lamanere.fr\/2021\/07\/19\/ne-pas-jeter-des-lingettes-dans-les-toilettes\/","og_locale":"ca_ES","og_type":"article","og_title":"[:fr]NE PAS JETER DES LINGETTES DANS LES TOILETTES[:] - Laman\u00e8re - Lloc oficial del municipi","og_description":"Ho sentim, aquesta entrada es troba disponible \u00fanicament en Franc\u00e8s.Ne pas jeter des lingettes dans les toilettes concerne \u00e0 la fois la protection de l\u2019environnement et le bon fonctionnement du r\u00e9seau d\u2019assainissement de la commune. En effet une lingette ne&hellip; Continue Reading &rarr;","og_url":"https:\/\/lamanere.fr\/2021\/07\/19\/ne-pas-jeter-des-lingettes-dans-les-toilettes\/","og_site_name":"Laman\u00e8re - Lloc oficial del municipi","article_publisher":"https:\/\/www.facebook.com\/lamanere","article_published_time":"2021-07-19T11:05:45+00:00","og_image":[{"url":"https:\/\/lamanere.fr\/wp-content\/uploads\/2021\/07\/Non-aux-lingettes_Page_1-212x300.png","type":"","width":"","height":""}],"author":"Mairie de Laman\u00e8re","twitter_card":"summary_large_image","twitter_misc":{"Escrit per":"Mairie de Laman\u00e8re","Temps estimat de lectura":"1 minut"},"schema":{"@context":"https:\/\/schema.org","@graph":[{"@type":"Article","@id":"https:\/\/lamanere.fr\/2021\/07\/19\/ne-pas-jeter-des-lingettes-dans-les-toilettes\/#article","isPartOf":{"@id":"https:\/\/lamanere.fr\/2021\/07\/19\/ne-pas-jeter-des-lingettes-dans-les-toilettes\/"},"author":{"name":"Mairie de Laman\u00e8re","@id":"https:\/\/lamanere.fr\/#\/schema\/person\/b26317ee332d7f6bfb5bff1394da6e59"},"headline":"NE PAS JETER DES LINGETTES DANS LES TOILETTES","datePublished":"2021-07-19T11:05:45+00:00","mainEntityOfPage":{"@id":"https:\/\/lamanere.fr\/2021\/07\/19\/ne-pas-jeter-des-lingettes-dans-les-toilettes\/"},"wordCount":59,"commentCount":0,"publisher":{"@id":"https:\/\/lamanere.fr\/#organization"},"image":{"@id":"https:\/\/lamanere.fr\/2021\/07\/19\/ne-pas-jeter-des-lingettes-dans-les-toilettes\/#primaryimage"},"thumbnailUrl":"https:\/\/lamanere.fr\/wp-content\/uploads\/2021\/07\/Non-aux-lingettes_Page_1-212x300.png","articleSection":["Cadre de vie et Embellissement","Services"],"inLanguage":"ca","potentialAction":[{"@type":"CommentAction","name":"Comment","target":["https:\/\/lamanere.fr\/2021\/07\/19\/ne-pas-jeter-des-lingettes-dans-les-toilettes\/#respond"]}]},{"@type":"WebPage","@id":"https:\/\/lamanere.fr\/2021\/07\/19\/ne-pas-jeter-des-lingettes-dans-les-toilettes\/","url":"https:\/\/lamanere.fr\/2021\/07\/19\/ne-pas-jeter-des-lingettes-dans-les-toilettes\/","name":"[:fr]NE PAS JETER DES LINGETTES DANS LES TOILETTES[:] - Laman\u00e8re - Lloc oficial del municipi","isPartOf":{"@id":"https:\/\/lamanere.fr\/#website"},"primaryImageOfPage":{"@id":"https:\/\/lamanere.fr\/2021\/07\/19\/ne-pas-jeter-des-lingettes-dans-les-toilettes\/#primaryimage"},"image":{"@id":"https:\/\/lamanere.fr\/2021\/07\/19\/ne-pas-jeter-des-lingettes-dans-les-toilettes\/#primaryimage"},"thumbnailUrl":"https:\/\/lamanere.fr\/wp-content\/uploads\/2021\/07\/Non-aux-lingettes_Page_1-212x300.png","datePublished":"2021-07-19T11:05:45+00:00","breadcrumb":{"@id":"https:\/\/lamanere.fr\/2021\/07\/19\/ne-pas-jeter-des-lingettes-dans-les-toilettes\/#breadcrumb"},"inLanguage":"ca","potentialAction":[{"@type":"ReadAction","target":["https:\/\/lamanere.fr\/2021\/07\/19\/ne-pas-jeter-des-lingettes-dans-les-toilettes\/"]}]},{"@type":"ImageObject","inLanguage":"ca","@id":"https:\/\/lamanere.fr\/2021\/07\/19\/ne-pas-jeter-des-lingettes-dans-les-toilettes\/#primaryimage","url":"https:\/\/lamanere.fr\/wp-content\/uploads\/2021\/07\/Non-aux-lingettes_Page_1-212x300.png","contentUrl":"https:\/\/lamanere.fr\/wp-content\/uploads\/2021\/07\/Non-aux-lingettes_Page_1-212x300.png"},{"@type":"BreadcrumbList","@id":"https:\/\/lamanere.fr\/2021\/07\/19\/ne-pas-jeter-des-lingettes-dans-les-toilettes\/#breadcrumb","itemListElement":[{"@type":"ListItem","position":1,"name":"Accueil","item":"https:\/\/lamanere.fr\/"},{"@type":"ListItem","position":2,"name":"NE PAS JETER DES LINGETTES DANS LES TOILETTES"}]},{"@type":"WebSite","@id":"https:\/\/lamanere.fr\/#website","url":"https:\/\/lamanere.fr\/","name":"Laman\u00e8re - Lloc oficial del municipi","description":"Poble m\u00e9s al sud de la Fran\u00e7a continental","publisher":{"@id":"https:\/\/lamanere.fr\/#organization"},"potentialAction":[{"@type":"SearchAction","target":{"@type":"EntryPoint","urlTemplate":"https:\/\/lamanere.fr\/?s={search_term_string}"},"query-input":{"@type":"PropertyValueSpecification","valueRequired":true,"valueName":"search_term_string"}}],"inLanguage":"ca"},{"@type":"Organization","@id":"https:\/\/lamanere.fr\/#organization","name":"Commune de Laman\u00e8re","url":"https:\/\/lamanere.fr\/","logo":{"@type":"ImageObject","inLanguage":"ca","@id":"https:\/\/lamanere.fr\/#\/schema\/logo\/image\/","url":"https:\/\/lamanere.fr\/wp-content\/uploads\/2020\/09\/logo2-149.jpg","contentUrl":"https:\/\/lamanere.fr\/wp-content\/uploads\/2020\/09\/logo2-149.jpg","width":149,"height":146,"caption":"Commune de Laman\u00e8re"},"image":{"@id":"https:\/\/lamanere.fr\/#\/schema\/logo\/image\/"},"sameAs":["https:\/\/www.facebook.com\/lamanere","https:\/\/fr.wikipedia.org\/wiki\/Laman\u00e8re"]},{"@type":"Person","@id":"https:\/\/lamanere.fr\/#\/schema\/person\/b26317ee332d7f6bfb5bff1394da6e59","name":"Mairie de Laman\u00e8re","image":{"@type":"ImageObject","inLanguage":"ca","@id":"https:\/\/secure.gravatar.com\/avatar\/951e9da0a291f11d14b93bccd2d18cab?s=96&d=mm&r=g","url":"https:\/\/secure.gravatar.com\/avatar\/951e9da0a291f11d14b93bccd2d18cab?s=96&d=mm&r=g","contentUrl":"https:\/\/secure.gravatar.com\/avatar\/951e9da0a291f11d14b93bccd2d18cab?s=96&d=mm&r=g","caption":"Mairie de Laman\u00e8re"},"url":"https:\/\/lamanere.fr\/ca\/author\/jean-paul\/"}]}},"_links":{"self":[{"href":"https:\/\/lamanere.fr\/ca\/wp-json\/wp\/v2\/posts\/1820"}],"collection":[{"href":"https:\/\/lamanere.fr\/ca\/wp-json\/wp\/v2\/posts"}],"about":[{"href":"https:\/\/lamanere.fr\/ca\/wp-json\/wp\/v2\/types\/post"}],"author":[{"embeddable":true,"href":"https:\/\/lamanere.fr\/ca\/wp-json\/wp\/v2\/users\/2"}],"replies":[{"embeddable":true,"href":"https:\/\/lamanere.fr\/ca\/wp-json\/wp\/v2\/comments?post=1820"}],"version-history":[{"count":1,"href":"https:\/\/lamanere.fr\/ca\/wp-json\/wp\/v2\/posts\/1820\/revisions"}],"predecessor-version":[{"id":1822,"href":"https:\/\/lamanere.fr\/ca\/wp-json\/wp\/v2\/posts\/1820\/revisions\/1822"}],"wp:attachment":[{"href":"https:\/\/lamanere.fr\/ca\/wp-json\/wp\/v2\/media?parent=1820"}],"wp:term":[{"taxonomy":"category","embeddable":true,"href":"https:\/\/lamanere.fr\/ca\/wp-json\/wp\/v2\/categories?post=1820"},{"taxonomy":"post_tag","embeddable":true,"href":"https:\/\/lamanere.fr\/ca\/wp-json\/wp\/v2\/tags?post=1820"}],"curies":[{"name":"wp","href":"https:\/\/api.w.org\/{rel}","templated":true}]}}