{"id":2066,"date":"2022-01-07T19:55:32","date_gmt":"2022-01-07T18:55:32","guid":{"rendered":"https:\/\/lamanere.fr\/?p=2066"},"modified":"2022-01-07T19:55:32","modified_gmt":"2022-01-07T18:55:32","slug":"compte-rendu-du-conseil-municipal-du-9-decembre-2021","status":"publish","type":"post","link":"https:\/\/lamanere.fr\/ca\/2022\/01\/07\/compte-rendu-du-conseil-municipal-du-9-decembre-2021\/","title":{"rendered":"COMPTE RENDU DU CONSEIL MUNICIPAL DU 9 d\u00e9cembre 2021"},"content":{"rendered":"<p class=\"qtranxs-available-languages-message qtranxs-available-languages-message-ca\">Ho sentim, aquesta entrada es troba disponible \u00fanicament en <a href=\"https:\/\/lamanere.fr\/fr\/wp-json\/wp\/v2\/posts\/2066\" class=\"qtranxs-available-language-link qtranxs-available-language-link-fr\" title=\"Fran\u00e7ais\">Franc\u00e8s<\/a>.<\/p><p><strong>\u00a0<\/strong><\/p>\n<p style=\"text-align: center;\"><strong>Compte rendu de la r\u00e9union du Conseil Municipal de Laman\u00e8re <\/strong><\/p>\n<p style=\"text-align: center;\"><strong>du jeudi 09 d\u00e9cembre 2021 \u00e0 9h<\/strong><\/p>\n<p><strong>\u00a0<\/strong>Secr\u00e9taire de s\u00e9ance\u00a0: Jean Paul La\u00eflle<\/p>\n<p><strong>Pr\u00e9sents<\/strong>\u00a0:<\/p>\n<p>Mme Gis\u00e8le Juanole, Maire<\/p>\n<p>M. Jacky Pujol, premier adjoint<\/p>\n<p>M. G\u00e9rard Cuvilliez, second adjoint<\/p>\n<p>Mme Pierrette Juanole-D\u00e9moulin, conseill\u00e8re<\/p>\n<p>M. Claude Font, conseiller<\/p>\n<p>M. Jean-Paul La\u00eflle, conseiller<\/p>\n<p>Absente excus\u00e9e : Mme S\u00e9verine Margalef, conseill\u00e8re (a donn\u00e9 procuration \u00e0 Mme Pierrette Juanole-D\u00e9moulin)<\/p>\n<p style=\"text-align: center;\">La r\u00e9union est ouverte \u00e0 9h10<\/p>\n<ul>\n<li><strong>D\u00e9lib\u00e9ration pour l\u2019harmonisation de la dur\u00e9e l\u00e9gale annuelle du temps de travail (de 1607 h) dans la fonction publique<\/strong><\/li>\n<\/ul>\n<p>Le Comit\u00e9 Technique du Centre de Gestion de la Fonction Publique Territoriale a valid\u00e9 la proposition de la Mairie pour <strong>1607 h de travail annuelles<\/strong> pour ses 2 agents\u00a0: l\u2019adjoint technique polyvalent pour 35 h par semaine et l\u2019adjoint administratif, secr\u00e9taire de mairie pour 28 h par semaine, selon les modalit\u00e9s suivantes\u00a0:<\/p>\n<ul>\n<li>Agent technique polyvalent\u00a0:<\/li>\n<\/ul>\n<p><strong>Semaine A de 35 h<\/strong>\u00a0: Lundi-mardi-jeudi-vendredi 9h\/jour<\/p>\n<p><strong>12 Semaines B de 31 h<\/strong>\u00a0: Lundi-mardi-jeudi- 9h\/jour + une demi-journ\u00e9e vendredi 4h<\/p>\n<ul>\n<li>Secr\u00e9taire de Mairie\u00a0:<\/li>\n<\/ul>\n<p><strong>Semaine A de 32 h<\/strong>\u00a0: Lundi-mardi-jeudi-vendredi 8h\/jour<\/p>\n<p><strong>Semaine B de 24 h<\/strong>\u00a0: Mardi-jeudi-vendredi 8h\/jour<\/p>\n<ul>\n<li>Les dispositions de la pr\u00e9sente d\u00e9lib\u00e9ration entreront en vigueur \u00e0 partir du 1<sup>er<\/sup> janvier 2022.<\/li>\n<\/ul>\n<p>Une d\u00e9lib\u00e9ration a \u00e9t\u00e9 r\u00e9dig\u00e9e dans ce sens.<\/p>\n<p><strong>Le Conseil Municipal apr\u00e8s avoir d\u00e9lib\u00e9r\u00e9 et \u00e0 l\u2019unanimit\u00e9 des pr\u00e9sents\u00a0:<\/strong><\/p>\n<ul>\n<li><strong>Approuve<\/strong> les modalit\u00e9s de mise en \u0153uvre des 1607h dans la collectivit\u00e9.<\/li>\n<li><strong>Autorise<\/strong> Mme le Maire \u00e0 signer toutes les pi\u00e8ces relatives \u00e0 ce dossier.<\/li>\n<\/ul>\n<p>&nbsp;<\/p>\n<ul>\n<li><strong>D\u00e9lib\u00e9ration sur le d\u00e9ploiement du r\u00e9gime indemnitaire RIFSEEP des agents de la fonction publique<\/strong><\/li>\n<\/ul>\n<p>Mme le Maire propose au Conseil Municipal la cr\u00e9ation du RIFSEEP (R\u00e9gime Indemnitaire tenant compte des Fonctions, des suj\u00e9tions, de l\u2019Expertise et de l\u2019Engagement Professionnel). Ces dispositions concernent les 2 agents territoriaux (adjoint technique polyvalent) et (adjoint administratif, secr\u00e9taire de Mairie).<\/p>\n<p>Ce r\u00e9gime comprend deux parts\u00a0:<\/p>\n<ul>\n<li>L\u2019indemnit\u00e9 li\u00e9e aux fonctions, aux suj\u00e9tions et \u00e0 l\u2019expertise (IFSE),<\/li>\n<li>Un compl\u00e9ment indemnitaire annuel (CIA) facultatif, tenant compte de l\u2019engagement professionnel et de la mani\u00e8re de servir et fond\u00e9 sur l\u2019entretien professionnel annuel.<\/li>\n<\/ul>\n<p>La d\u00e9lib\u00e9ration relative \u00e0 la mise en place du RIFSEEP peut \u00eatre consult\u00e9e en Mairie sur demande.<\/p>\n<p><strong>\u00a0<\/strong><strong>Le Conseil Municipal apr\u00e8s avoir d\u00e9lib\u00e9r\u00e9 et \u00e0 l\u2019unanimit\u00e9 des pr\u00e9sents\u00a0:<\/strong><\/p>\n<ul>\n<li><strong>Approuve<\/strong> cette d\u00e9lib\u00e9ration<\/li>\n<li><strong>Autorise<\/strong> Mme le Maire \u00e0 signer toutes les pi\u00e8ces relatives \u00e0 ce dossier<\/li>\n<\/ul>\n<p>&nbsp;<\/p>\n<ul>\n<li><strong>D\u00e9lib\u00e9ration instaurant le principe de la redevance d\u2019occupation du domaine public par les ouvrages des r\u00e9seaux publics de transport et de distribution d\u2019\u00e9lectricit\u00e9 (RODP) selon le d\u00e9cret n\u00b0 2002-409 ; fixant le montant de la redevance au taux maximum pr\u00e9vu par ledit d\u00e9cret\u00a0; d\u00e9cidant que ce montant soit revaloris\u00e9 automatiquement chaque ann\u00e9e par l\u2019application de l\u2019index en <\/strong><\/li>\n<\/ul>\n<p>&nbsp;<\/p>\n<p>Le Conseil Municipal examine l\u2019instauration d\u2019une redevance d\u2019occupation du domaine public par les ouvrages des r\u00e9seaux publics de distribution d\u2019\u00e9lectricit\u00e9 de la commune, conform\u00e9ment au d\u00e9cret 2002 \u2013 409 du 26 mars 2002. Pour information, le d\u00e9cret fixe cette redevance \u00e0 153 \u20ac par ouvrage, pour les communes dont la population est inf\u00e9rieure ou \u00e9gale \u00e0 2000 habitants. Ce bar\u00e8me sera actualis\u00e9 chaque ann\u00e9e par le SYDEEL 66.<\/p>\n<ul>\n<li><strong>D\u00e9lib\u00e9ration instaurant le principe de la redevance d\u2019occupation du domaine public par les ouvrages des r\u00e9seaux publics de transport et de distribution d\u2019\u00e9lectricit\u00e9 (RODP) selon le d\u00e9cret n\u00b0 2002-409 ; fixant le montant de la redevance au taux maximum pr\u00e9vu par ledit d\u00e9cret ; d\u00e9cidant que ce montant soit revaloris\u00e9 automatiquement chaque ann\u00e9e par l\u2019application de l\u2019index en cours<\/strong><\/li>\n<\/ul>\n<p><strong>Le Conseil Municipal apr\u00e8s avoir d\u00e9lib\u00e9r\u00e9 et \u00e0 l\u2019unanimit\u00e9 des pr\u00e9sents\u00a0:<\/strong><\/p>\n<ul>\n<li><strong>Approuve<\/strong> ces d\u00e9lib\u00e9rations<\/li>\n<li><strong>Autorise<\/strong> Mme le Maire \u00e0 signer toutes les pi\u00e8ces relatives \u00e0 ces dossiers<\/li>\n<\/ul>\n<p>&nbsp;<\/p>\n<ul>\n<li><strong>D\u00e9lib\u00e9ration sur la r\u00e9siliation du contrat du g\u00eete N\u00b03 \u00e0 la demande du locataire .<\/strong><\/li>\n<\/ul>\n<p>Ce g\u00eete n\u00b03, lou\u00e9 pour 6 mois renouvelables \u00a0a \u00e9t\u00e9 reconduit \u00a0en octobre 2021 pour 6 mois suppl\u00e9mentaires. La locataire se plaignant de probl\u00e8mes d\u2019isolation thermique et de chauffage, a annonc\u00e9 par courrier d\u00e9pos\u00e9 \u00e0 la Mairie son intention de r\u00e9silier sa location.<\/p>\n<p>Le Conseil Municipal reste dans l\u2019attente d\u2019une confirmation des intentions de cette locataire, avant de prendre une d\u00e9lib\u00e9ration sur une r\u00e9siliation du contrat de bail.<\/p>\n<ul>\n<li><strong>D\u00e9lib\u00e9ration sur les frais d\u2019acc\u00e8s au service d\u2019abonnement de l\u2019eau et de l\u2019assainissement, pour les g\u00eetes ruraux de la Commune pendant leur location<\/strong><\/li>\n<\/ul>\n<p>La Communaut\u00e9 des Communes du Haut Vallespir a d\u00e9cid\u00e9 en date du 18 f\u00e9vrier 2021\u00a0:<\/p>\n<ul>\n<li>D\u2019appliquer un Droit d\u2019Acc\u00e8s au Service aux 12 communes de la r\u00e9gie de l\u2019eau du Haut Vallespir,<\/li>\n<li>De fixer les modalit\u00e9s d\u2019application du Droit d\u2019Acc\u00e8s au Service pour l\u2019ouverture et la cl\u00f4ture de l\u2019abonnement. Ce Droit d\u2019Acc\u00e8s au Service est fix\u00e9 \u00e0 70 \u20ac TTC \u00e0 compter du 1<sup>er<\/sup> janvier 2021 pour l\u2019ouverture et la fermeture de ce dernier.<\/li>\n<\/ul>\n<p>Pour ce qui concerne les g\u00eetes municipaux, il faudra que les abonnements pour l\u2019eau et l\u2019assainissement ne soient plus libell\u00e9s aux noms des locataires, mais au nom de la commune.<\/p>\n<p>Une d\u00e9lib\u00e9ration va \u00eatre r\u00e9dig\u00e9e en ce sens.<\/p>\n<p><strong>\u00a0<\/strong><strong>Le Conseil Municipal apr\u00e8s avoir d\u00e9lib\u00e9r\u00e9 et \u00e0 l\u2019unanimit\u00e9 des pr\u00e9sents\u00a0:<\/strong><\/p>\n<ul>\n<li><strong>Approuve<\/strong> cette d\u00e9lib\u00e9ration<\/li>\n<li><strong>Autorise<\/strong> Mme le Maire \u00e0 signer toutes les pi\u00e8ces relatives \u00e0 ce dossier<\/li>\n<\/ul>\n<p>&nbsp;<\/p>\n<ul>\n<li><strong>D\u00e9lib\u00e9ration sur l\u2019implantation d\u2019une antenne-relais pour un service de tr\u00e8s haut d\u00e9bit dans le cadre de l\u2019Accord New Deal du 14 janvier 201 <\/strong><\/li>\n<\/ul>\n<p><strong>\u00a0<\/strong>Le 27 mars 2021, le Conseil Municipal avait \u00e9mis un avis n\u00e9gatif apr\u00e8s avoir d\u00e9battu sur l\u2019implantation d\u2019une antenne relais SFR.<\/p>\n<p>Une d\u00e9lib\u00e9ration va \u00eatre r\u00e9dig\u00e9e en ce sens.<\/p>\n<p><strong>\u00a0<\/strong><strong>Le Conseil Municipal apr\u00e8s avoir d\u00e9lib\u00e9r\u00e9 et \u00e0 l\u2019unanimit\u00e9 des pr\u00e9sents\u00a0:<\/strong><\/p>\n<ul>\n<li><strong>Approuve<\/strong> cette d\u00e9lib\u00e9ration<\/li>\n<li><strong>Autorise<\/strong> Mme le Maire \u00e0 signer toutes les pi\u00e8ces relatives \u00e0 ce dossier<\/li>\n<\/ul>\n<p>&nbsp;<\/p>\n<ul>\n<li><strong>Discussion sur le renouvellement d\u2019un contrat PEC \u00e0 partir du 8 f\u00e9vrier 2022<\/strong><\/li>\n<\/ul>\n<p>Le contrat CUI\/PEC de l\u2019agent technique contractuel suppl\u00e9mentaire embauch\u00e9 le 8 f\u00e9vrier 2021 pour 20h par semaine va arriver \u00e0 son terme le 7 f\u00e9vrier 2022.<\/p>\n<p>Apr\u00e8s discussion, le Conseil Municipal d\u00e9cide de reconduire ce type de contrat qui a donn\u00e9 toute satisfaction, aupr\u00e8s de P\u00f4le Emploi, dans les m\u00eames conditions.<\/p>\n<ul>\n<li><strong>Information sur les travaux du Comit\u00e9 Syndical Extraordinaire du Pays d\u2019Art et d\u2019Histoire Transfrontalier <em>Les Vall\u00e9es Catalanes<\/em>du 17 d\u00e9cembre 2021: 2 votes \u00e0 effectuer par notre \u00e9lu repr\u00e9sentant au sein de ce Comit\u00e9 : cotisation exceptionnelle et cotisation annuelle <\/strong><\/li>\n<\/ul>\n<p>Pour finaliser le projet PATRIMC@T dont l\u2019objectif \u00e9tait la cr\u00e9ation d\u2019un dispositif territorial transfrontalier li\u00e9 au <strong>C<\/strong>entre d\u2019<strong>I<\/strong>nterpr\u00e9tation de l\u2019<strong>A<\/strong>rchitecture et du <strong>P<\/strong>atrimoine du <strong>P<\/strong>ays d\u2019<strong>A<\/strong>rt et <strong>H<\/strong>istoire <strong>T<\/strong>ransfrontalier <em>les Vall\u00e9es Catalanes<\/em> <em>du Tech et du Ter<\/em> (<strong>CIAP-PAHT)<\/strong> il manque 195226,59\u20ac. Apr\u00e8s le paiement par les membres du <strong>GECT PAHT<\/strong>** de 64110 \u20ac, il reste encore 156948,94 \u20ac de d\u00e9ficit budg\u00e9taire \u00e0 combler.<\/p>\n<p>Deux r\u00e9partitions sont propos\u00e9es selon les 3 pourcentages\u00a0: CIAP 10 lieux 60%\u00a0, Sans CIAP mais POCTEFA 30%, Partie commune 10%:<\/p>\n<ul>\n<li><strong>Option A\u00a0:<\/strong> cotisations identiques pour tous les partenaires ayant le CIAP 10 lieux, cotisations identiques pour tous les partenaires ayant b\u00e9n\u00e9fici\u00e9 directement du POCTEFA et cotisation identique pour tous les partenaires qui ont b\u00e9n\u00e9fici\u00e9 de la partie commune du projet<\/li>\n<\/ul>\n<p>**<strong>G<\/strong>roupement <strong>E<\/strong>urop\u00e9en de <strong>C<\/strong>oop\u00e9ration <strong>T<\/strong>erritoriale <strong>P<\/strong>ays d\u2019<strong>A<\/strong>rt et d\u2019<strong>H<\/strong>istoire <strong>T<\/strong>ransfrontalier\u00a0: Compos\u00e9 de 33 partenaires dont 14 concern\u00e9s par le POCTEFA<\/p>\n<p>&nbsp;<\/p>\n<ul>\n<li><strong>Option B\u00a0:<\/strong> cotisations identiques pour les partenaires du CIAP 10 lieux, cotisations proportionnelles pour les partenaires ayant b\u00e9n\u00e9fici\u00e9 de la subvention POCTEFA, et cotisation identique pour tous les partenaires qui ont b\u00e9n\u00e9fici\u00e9 de la partie commune du projet.<\/li>\n<\/ul>\n<p><strong>Dans les deux cas, la commune de Laman\u00e8re qui n\u2019a b\u00e9n\u00e9fici\u00e9 d\u2019aucune subvention dans le pass\u00e9 ne devra payer que la partie commune de 475,6 \u20ac.<\/strong><\/p>\n<p>Un Comit\u00e9 Syndical extraordinaire est pr\u00e9vu le vendredi 17 d\u00e9cembre 2021. L\u2019\u00e9lu repr\u00e9sentant au sein de ce Comit\u00e9 devra apporter son vote pour deux questions\u00a0: cotisation exceptionnelle (choix entre l\u2019option A et l\u2019option B) et la cotisation annuelle 2022.<\/p>\n<p>Le Conseil municipal, apr\u00e8s discussion, donne son accord pour l\u2019option B de la cotisation exceptionnelle qui permettra de r\u00e9sorber le d\u00e9ficit d\u2019autofinancement du projet PATRIMC@T.<\/p>\n<ul>\n<li><strong>Information sur les travaux du Syndicat Mixte Canigo grand Site<\/strong><\/li>\n<\/ul>\n<p>Au cours de la r\u00e9union en visioconf\u00e9rence du lundi 29 novembre 2021, il a \u00e9t\u00e9 confirm\u00e9 que Laman\u00e8re \u00e9tait incluse dans le programme Canigo Balcons Sud. Un Comit\u00e9 Syndical du Syndicat Mixte Canigo Grand Site est pr\u00e9vu le 10 d\u00e9cembre \u00e0 Arles-sur-Tech, pour faire le point sur l\u2019ensemble des travaux en cours. Dans le cadre de la <em>charte du mobilier issu du sch\u00e9ma de la signal\u00e9tique touristique et patrimoniale<\/em> <u>un panneau d\u2019accueil<\/u> (destin\u00e9 \u00e0 l\u2019affichage pour renseigner les parcours de randonn\u00e9e dans les communes) sera pr\u00e9sent\u00e9 en s\u00e9ance. M. Claude Font, \u00a0d\u00e9l\u00e9gu\u00e9 de la Commune aupr\u00e8s de ce Syndicat, votera les d\u00e9lib\u00e9rations examin\u00e9es.<\/p>\n<ul>\n<li><strong>Information sur la pr\u00e9paration de l\u2019Ultra Trail du Haut Vallespir intitul\u00e9 \u00ab Ultra Sud Canigo Montagne \u00bb du 15 au 17 juillet 2022 : appel \u00e0 volontaires pour le passage des coureurs sur la Commune de Laman\u00e8re.<\/strong><\/li>\n<\/ul>\n<p>Ce trail (167 km) se d\u00e9roulera du 15 au 22 juillet 2022. Les coureurs partiront d\u2019Arles-sur-Tech le 15 juillet 2022 \u00e0 10 h. Laman\u00e8re se situe au km 120 de la course. Le comit\u00e9 organisateur est \u00e0 la recherche de b\u00e9n\u00e9voles (150 \u00e0 200 pour l\u2019ensemble de la course, pour le chronom\u00e9trage et le suivi des coureurs). Laman\u00e8re va participer en fournissant un point d\u2019accueil et de ravitaillement, un point de chronom\u00e9trage et des b\u00e9n\u00e9voles signaleurs pour diriger les coureurs.<\/p>\n<ul>\n<li><strong>Questions diverses\u00a0:<\/strong>\n<ul>\n<li>Date \u00e0 proposer pour la visite annuelle par la Mairie des installations du Multiple Rural (restaurant-bar-\u00e9picerie) pr\u00e9vue selon les termes du contrat de cet \u00e9tablissement sous d\u00e9l\u00e9gation de Service Public : cette visite se d\u00e9roulera chaque ann\u00e9e, pendant la premi\u00e8re semaine de janvier. En 2022 jour \u00e0 pr\u00e9ciser en accord avec la d\u00e9l\u00e9gataire. Une nouvelle liste du mat\u00e9riel appartenant \u00e0 la Commune sera \u00e9tablie, de gr\u00e9 \u00e0 gr\u00e9, avec signature des 2 parties.<\/li>\n<li>Application de la taxe de s\u00e9jour \u00e0 compter du 1<sup>er<\/sup> janvier 2022\u00a0: cette taxe sera de 5% du montant des loyers pour les g\u00eetes communaux et les locations priv\u00e9es, par nuit et par adulte. Ce montant sera pr\u00e9lev\u00e9 par l\u2019Intercommunalit\u00e9. Un recensement des bailleurs priv\u00e9s devra \u00eatre effectu\u00e9 sur la commune.<\/li>\n<li>Date de la journ\u00e9e de formation des \u00e9lus dans le cadre du droit individuel \u00e0 la formation (DIF)\u00a0: cette formation aux questions financi\u00e8res et budg\u00e9taires, par Maurice Pollet (consultant et formateur des Communes Rurales) est pr\u00e9vue le samedi 29 janvier 2022.<\/li>\n<li>Journ\u00e9e Retirada \u00e0 Laman\u00e8re\u00a0: la date de la comm\u00e9moration sera le lundi 18 avril 2022. Les modalit\u00e9s du d\u00e9roulement de cette journ\u00e9e seront communiqu\u00e9es ult\u00e9rieurement.<\/li>\n<li>Choix d\u2019une des propositions infographiques du logo et des coordonn\u00e9es de la commune\u00a0: une solution mixte est propos\u00e9e, \u00e0 partir des projets propos\u00e9s par l\u2019imprimeur, avec le blason de la commune en haut et \u00e0 gauche et les coordonn\u00e9es utiles (t\u00e9l\u00e9phone, adresse, site) en bas au centre sur deux lignes<\/li>\n<li>Information sur les travaux d\u2019implantation de la sculpture \u00ab\u00a0l\u2019Antre deux Monts \u00bb cr\u00e9\u00e9e et offerte par les ferronniers d\u2019art de Pierrelate\u00a0: l\u2019emplacement de la sculpture a \u00e9t\u00e9 d\u00e9fini sur une terrasse en face du village. Les travaux d\u2019am\u00e9nagement de la plate-forme s\u2019effectueront courant janvier 2022.<\/li>\n<\/ul>\n<\/li>\n<\/ul>\n<p>&nbsp;<\/p>\n<p style=\"text-align: center;\">La s\u00e9ance a \u00e9t\u00e9 lev\u00e9e \u00e0 12h55<\/p>\n<p><\/p>","protected":false},"excerpt":{"rendered":"<p>Ho sentim, aquesta entrada es troba disponible \u00fanicament en Franc\u00e8s.\u00a0 Compte rendu de la r\u00e9union du Conseil Municipal de Laman\u00e8re du jeudi 09 d\u00e9cembre 2021 \u00e0 9h \u00a0Secr\u00e9taire de s\u00e9ance\u00a0: Jean Paul La\u00eflle Pr\u00e9sents\u00a0: Mme Gis\u00e8le Juanole, Maire M. Jacky&hellip; <a href=\"https:\/\/lamanere.fr\/ca\/2022\/01\/07\/compte-rendu-du-conseil-municipal-du-9-decembre-2021\/\" class=\"more-link\">Continue Reading <span class=\"meta-nav\">&rarr;<\/span><\/a><\/p>\n","protected":false},"author":2,"featured_media":0,"comment_status":"open","ping_status":"open","sticky":false,"template":"","format":"standard","meta":{"footnotes":""},"categories":[77,74],"tags":[],"yoast_head":"<!-- This site is optimized with the Yoast SEO plugin v27.4 - https:\/\/yoast.com\/product\/yoast-seo-wordpress\/ -->\n<title><\/title>\n<meta name=\"robots\" content=\"index, follow, max-snippet:-1, max-image-preview:large, max-video-preview:-1\" \/>\n<link rel=\"canonical\" href=\"https:\/\/lamanere.fr\/2022\/01\/07\/compte-rendu-du-conseil-municipal-du-9-decembre-2021\/\" \/>\n<meta property=\"og:locale\" content=\"ca_ES\" \/>\n<meta property=\"og:type\" content=\"article\" \/>\n<meta property=\"og:title\" content=\"[:fr]COMPTE RENDU DU CONSEIL MUNICIPAL DU 9 d\u00e9cembre 2021[:] - Laman\u00e8re - Lloc oficial del municipi\" \/>\n<meta property=\"og:description\" content=\"Ho sentim, aquesta entrada es troba disponible \u00fanicament en Franc\u00e8s.\u00a0 Compte rendu de la r\u00e9union du Conseil Municipal de Laman\u00e8re du jeudi 09 d\u00e9cembre 2021 \u00e0 9h \u00a0Secr\u00e9taire de s\u00e9ance\u00a0: Jean Paul La\u00eflle Pr\u00e9sents\u00a0: Mme Gis\u00e8le Juanole, Maire M. Jacky&hellip; Continue Reading &rarr;\" \/>\n<meta property=\"og:url\" content=\"https:\/\/lamanere.fr\/2022\/01\/07\/compte-rendu-du-conseil-municipal-du-9-decembre-2021\/\" \/>\n<meta property=\"og:site_name\" content=\"Laman\u00e8re - Lloc oficial del municipi\" \/>\n<meta property=\"article:publisher\" content=\"https:\/\/www.facebook.com\/lamanere\" \/>\n<meta property=\"article:published_time\" content=\"2022-01-07T18:55:32+00:00\" \/>\n<meta name=\"author\" content=\"Mairie de Laman\u00e8re\" \/>\n<meta name=\"twitter:card\" content=\"summary_large_image\" \/>\n<meta name=\"twitter:label1\" content=\"Escrit per\" \/>\n\t<meta name=\"twitter:data1\" content=\"Mairie de Laman\u00e8re\" \/>\n\t<meta name=\"twitter:label2\" content=\"Temps estimat de lectura\" \/>\n\t<meta name=\"twitter:data2\" content=\"10 minuts\" \/>\n<script type=\"application\/ld+json\" class=\"yoast-schema-graph\">{\"@context\":\"https:\\\/\\\/schema.org\",\"@graph\":[{\"@type\":\"Article\",\"@id\":\"https:\\\/\\\/lamanere.fr\\\/2022\\\/01\\\/07\\\/compte-rendu-du-conseil-municipal-du-9-decembre-2021\\\/#article\",\"isPartOf\":{\"@id\":\"https:\\\/\\\/lamanere.fr\\\/2022\\\/01\\\/07\\\/compte-rendu-du-conseil-municipal-du-9-decembre-2021\\\/\"},\"author\":{\"name\":\"Mairie de Laman\u00e8re\",\"@id\":\"https:\\\/\\\/lamanere.fr\\\/#\\\/schema\\\/person\\\/b26317ee332d7f6bfb5bff1394da6e59\"},\"headline\":\"COMPTE RENDU DU CONSEIL MUNICIPAL DU 9 d\u00e9cembre 2021\",\"datePublished\":\"2022-01-07T18:55:32+00:00\",\"mainEntityOfPage\":{\"@id\":\"https:\\\/\\\/lamanere.fr\\\/2022\\\/01\\\/07\\\/compte-rendu-du-conseil-municipal-du-9-decembre-2021\\\/\"},\"wordCount\":2022,\"commentCount\":0,\"publisher\":{\"@id\":\"https:\\\/\\\/lamanere.fr\\\/#organization\"},\"articleSection\":[\"Comptes Rendus\",\"Municipalit\u00e9\"],\"inLanguage\":\"ca\",\"potentialAction\":[{\"@type\":\"CommentAction\",\"name\":\"Comment\",\"target\":[\"https:\\\/\\\/lamanere.fr\\\/2022\\\/01\\\/07\\\/compte-rendu-du-conseil-municipal-du-9-decembre-2021\\\/#respond\"]}]},{\"@type\":\"WebPage\",\"@id\":\"https:\\\/\\\/lamanere.fr\\\/2022\\\/01\\\/07\\\/compte-rendu-du-conseil-municipal-du-9-decembre-2021\\\/\",\"url\":\"https:\\\/\\\/lamanere.fr\\\/2022\\\/01\\\/07\\\/compte-rendu-du-conseil-municipal-du-9-decembre-2021\\\/\",\"name\":\"[:fr]COMPTE RENDU DU CONSEIL MUNICIPAL DU 9 d\u00e9cembre 2021[:] - Laman\u00e8re - Lloc oficial del municipi\",\"isPartOf\":{\"@id\":\"https:\\\/\\\/lamanere.fr\\\/#website\"},\"datePublished\":\"2022-01-07T18:55:32+00:00\",\"breadcrumb\":{\"@id\":\"https:\\\/\\\/lamanere.fr\\\/2022\\\/01\\\/07\\\/compte-rendu-du-conseil-municipal-du-9-decembre-2021\\\/#breadcrumb\"},\"inLanguage\":\"ca\",\"potentialAction\":[{\"@type\":\"ReadAction\",\"target\":[\"https:\\\/\\\/lamanere.fr\\\/2022\\\/01\\\/07\\\/compte-rendu-du-conseil-municipal-du-9-decembre-2021\\\/\"]}]},{\"@type\":\"BreadcrumbList\",\"@id\":\"https:\\\/\\\/lamanere.fr\\\/2022\\\/01\\\/07\\\/compte-rendu-du-conseil-municipal-du-9-decembre-2021\\\/#breadcrumb\",\"itemListElement\":[{\"@type\":\"ListItem\",\"position\":1,\"name\":\"Accueil\",\"item\":\"https:\\\/\\\/lamanere.fr\\\/\"},{\"@type\":\"ListItem\",\"position\":2,\"name\":\"COMPTE RENDU DU CONSEIL MUNICIPAL DU 9 d\u00e9cembre 2021\"}]},{\"@type\":\"WebSite\",\"@id\":\"https:\\\/\\\/lamanere.fr\\\/#website\",\"url\":\"https:\\\/\\\/lamanere.fr\\\/\",\"name\":\"Laman\u00e8re - Lloc oficial del municipi\",\"description\":\"Poble m\u00e9s al sud de la Fran\u00e7a continental\",\"publisher\":{\"@id\":\"https:\\\/\\\/lamanere.fr\\\/#organization\"},\"potentialAction\":[{\"@type\":\"SearchAction\",\"target\":{\"@type\":\"EntryPoint\",\"urlTemplate\":\"https:\\\/\\\/lamanere.fr\\\/?s={search_term_string}\"},\"query-input\":{\"@type\":\"PropertyValueSpecification\",\"valueRequired\":true,\"valueName\":\"search_term_string\"}}],\"inLanguage\":\"ca\"},{\"@type\":\"Organization\",\"@id\":\"https:\\\/\\\/lamanere.fr\\\/#organization\",\"name\":\"Commune de Laman\u00e8re\",\"url\":\"https:\\\/\\\/lamanere.fr\\\/\",\"logo\":{\"@type\":\"ImageObject\",\"inLanguage\":\"ca\",\"@id\":\"https:\\\/\\\/lamanere.fr\\\/#\\\/schema\\\/logo\\\/image\\\/\",\"url\":\"https:\\\/\\\/lamanere.fr\\\/wp-content\\\/uploads\\\/2020\\\/09\\\/logo2-149.jpg\",\"contentUrl\":\"https:\\\/\\\/lamanere.fr\\\/wp-content\\\/uploads\\\/2020\\\/09\\\/logo2-149.jpg\",\"width\":149,\"height\":146,\"caption\":\"Commune de Laman\u00e8re\"},\"image\":{\"@id\":\"https:\\\/\\\/lamanere.fr\\\/#\\\/schema\\\/logo\\\/image\\\/\"},\"sameAs\":[\"https:\\\/\\\/www.facebook.com\\\/lamanere\",\"https:\\\/\\\/fr.wikipedia.org\\\/wiki\\\/Laman\u00e8re\"]},{\"@type\":\"Person\",\"@id\":\"https:\\\/\\\/lamanere.fr\\\/#\\\/schema\\\/person\\\/b26317ee332d7f6bfb5bff1394da6e59\",\"name\":\"Mairie de Laman\u00e8re\",\"image\":{\"@type\":\"ImageObject\",\"inLanguage\":\"ca\",\"@id\":\"https:\\\/\\\/secure.gravatar.com\\\/avatar\\\/951e9da0a291f11d14b93bccd2d18cab?s=96&d=mm&r=g\",\"url\":\"https:\\\/\\\/secure.gravatar.com\\\/avatar\\\/951e9da0a291f11d14b93bccd2d18cab?s=96&d=mm&r=g\",\"contentUrl\":\"https:\\\/\\\/secure.gravatar.com\\\/avatar\\\/951e9da0a291f11d14b93bccd2d18cab?s=96&d=mm&r=g\",\"caption\":\"Mairie de Laman\u00e8re\"},\"url\":\"https:\\\/\\\/lamanere.fr\\\/ca\\\/author\\\/jean-paul\\\/\"}]}<\/script>\n<!-- \/ Yoast SEO plugin. -->","yoast_head_json":{"title":"[:fr]COMPTE RENDU DU CONSEIL MUNICIPAL DU 9 d\u00e9cembre 2021[:] - Laman\u00e8re - Lloc oficial del municipi","robots":{"index":"index","follow":"follow","max-snippet":"max-snippet:-1","max-image-preview":"max-image-preview:large","max-video-preview":"max-video-preview:-1"},"canonical":"https:\/\/lamanere.fr\/2022\/01\/07\/compte-rendu-du-conseil-municipal-du-9-decembre-2021\/","og_locale":"ca_ES","og_type":"article","og_title":"[:fr]COMPTE RENDU DU CONSEIL MUNICIPAL DU 9 d\u00e9cembre 2021[:] - Laman\u00e8re - Lloc oficial del municipi","og_description":"Ho sentim, aquesta entrada es troba disponible \u00fanicament en Franc\u00e8s.\u00a0 Compte rendu de la r\u00e9union du Conseil Municipal de Laman\u00e8re du jeudi 09 d\u00e9cembre 2021 \u00e0 9h \u00a0Secr\u00e9taire de s\u00e9ance\u00a0: Jean Paul La\u00eflle Pr\u00e9sents\u00a0: Mme Gis\u00e8le Juanole, Maire M. Jacky&hellip; Continue Reading &rarr;","og_url":"https:\/\/lamanere.fr\/2022\/01\/07\/compte-rendu-du-conseil-municipal-du-9-decembre-2021\/","og_site_name":"Laman\u00e8re - Lloc oficial del municipi","article_publisher":"https:\/\/www.facebook.com\/lamanere","article_published_time":"2022-01-07T18:55:32+00:00","author":"Mairie de Laman\u00e8re","twitter_card":"summary_large_image","twitter_misc":{"Escrit per":"Mairie de Laman\u00e8re","Temps estimat de lectura":"10 minuts"},"schema":{"@context":"https:\/\/schema.org","@graph":[{"@type":"Article","@id":"https:\/\/lamanere.fr\/2022\/01\/07\/compte-rendu-du-conseil-municipal-du-9-decembre-2021\/#article","isPartOf":{"@id":"https:\/\/lamanere.fr\/2022\/01\/07\/compte-rendu-du-conseil-municipal-du-9-decembre-2021\/"},"author":{"name":"Mairie de Laman\u00e8re","@id":"https:\/\/lamanere.fr\/#\/schema\/person\/b26317ee332d7f6bfb5bff1394da6e59"},"headline":"COMPTE RENDU DU CONSEIL MUNICIPAL DU 9 d\u00e9cembre 2021","datePublished":"2022-01-07T18:55:32+00:00","mainEntityOfPage":{"@id":"https:\/\/lamanere.fr\/2022\/01\/07\/compte-rendu-du-conseil-municipal-du-9-decembre-2021\/"},"wordCount":2022,"commentCount":0,"publisher":{"@id":"https:\/\/lamanere.fr\/#organization"},"articleSection":["Comptes Rendus","Municipalit\u00e9"],"inLanguage":"ca","potentialAction":[{"@type":"CommentAction","name":"Comment","target":["https:\/\/lamanere.fr\/2022\/01\/07\/compte-rendu-du-conseil-municipal-du-9-decembre-2021\/#respond"]}]},{"@type":"WebPage","@id":"https:\/\/lamanere.fr\/2022\/01\/07\/compte-rendu-du-conseil-municipal-du-9-decembre-2021\/","url":"https:\/\/lamanere.fr\/2022\/01\/07\/compte-rendu-du-conseil-municipal-du-9-decembre-2021\/","name":"[:fr]COMPTE RENDU DU CONSEIL MUNICIPAL DU 9 d\u00e9cembre 2021[:] - Laman\u00e8re - Lloc oficial del municipi","isPartOf":{"@id":"https:\/\/lamanere.fr\/#website"},"datePublished":"2022-01-07T18:55:32+00:00","breadcrumb":{"@id":"https:\/\/lamanere.fr\/2022\/01\/07\/compte-rendu-du-conseil-municipal-du-9-decembre-2021\/#breadcrumb"},"inLanguage":"ca","potentialAction":[{"@type":"ReadAction","target":["https:\/\/lamanere.fr\/2022\/01\/07\/compte-rendu-du-conseil-municipal-du-9-decembre-2021\/"]}]},{"@type":"BreadcrumbList","@id":"https:\/\/lamanere.fr\/2022\/01\/07\/compte-rendu-du-conseil-municipal-du-9-decembre-2021\/#breadcrumb","itemListElement":[{"@type":"ListItem","position":1,"name":"Accueil","item":"https:\/\/lamanere.fr\/"},{"@type":"ListItem","position":2,"name":"COMPTE RENDU DU CONSEIL MUNICIPAL DU 9 d\u00e9cembre 2021"}]},{"@type":"WebSite","@id":"https:\/\/lamanere.fr\/#website","url":"https:\/\/lamanere.fr\/","name":"Laman\u00e8re - Lloc oficial del municipi","description":"Poble m\u00e9s al sud de la Fran\u00e7a continental","publisher":{"@id":"https:\/\/lamanere.fr\/#organization"},"potentialAction":[{"@type":"SearchAction","target":{"@type":"EntryPoint","urlTemplate":"https:\/\/lamanere.fr\/?s={search_term_string}"},"query-input":{"@type":"PropertyValueSpecification","valueRequired":true,"valueName":"search_term_string"}}],"inLanguage":"ca"},{"@type":"Organization","@id":"https:\/\/lamanere.fr\/#organization","name":"Commune de Laman\u00e8re","url":"https:\/\/lamanere.fr\/","logo":{"@type":"ImageObject","inLanguage":"ca","@id":"https:\/\/lamanere.fr\/#\/schema\/logo\/image\/","url":"https:\/\/lamanere.fr\/wp-content\/uploads\/2020\/09\/logo2-149.jpg","contentUrl":"https:\/\/lamanere.fr\/wp-content\/uploads\/2020\/09\/logo2-149.jpg","width":149,"height":146,"caption":"Commune de Laman\u00e8re"},"image":{"@id":"https:\/\/lamanere.fr\/#\/schema\/logo\/image\/"},"sameAs":["https:\/\/www.facebook.com\/lamanere","https:\/\/fr.wikipedia.org\/wiki\/Laman\u00e8re"]},{"@type":"Person","@id":"https:\/\/lamanere.fr\/#\/schema\/person\/b26317ee332d7f6bfb5bff1394da6e59","name":"Mairie de Laman\u00e8re","image":{"@type":"ImageObject","inLanguage":"ca","@id":"https:\/\/secure.gravatar.com\/avatar\/951e9da0a291f11d14b93bccd2d18cab?s=96&d=mm&r=g","url":"https:\/\/secure.gravatar.com\/avatar\/951e9da0a291f11d14b93bccd2d18cab?s=96&d=mm&r=g","contentUrl":"https:\/\/secure.gravatar.com\/avatar\/951e9da0a291f11d14b93bccd2d18cab?s=96&d=mm&r=g","caption":"Mairie de Laman\u00e8re"},"url":"https:\/\/lamanere.fr\/ca\/author\/jean-paul\/"}]}},"_links":{"self":[{"href":"https:\/\/lamanere.fr\/ca\/wp-json\/wp\/v2\/posts\/2066"}],"collection":[{"href":"https:\/\/lamanere.fr\/ca\/wp-json\/wp\/v2\/posts"}],"about":[{"href":"https:\/\/lamanere.fr\/ca\/wp-json\/wp\/v2\/types\/post"}],"author":[{"embeddable":true,"href":"https:\/\/lamanere.fr\/ca\/wp-json\/wp\/v2\/users\/2"}],"replies":[{"embeddable":true,"href":"https:\/\/lamanere.fr\/ca\/wp-json\/wp\/v2\/comments?post=2066"}],"version-history":[{"count":1,"href":"https:\/\/lamanere.fr\/ca\/wp-json\/wp\/v2\/posts\/2066\/revisions"}],"predecessor-version":[{"id":2067,"href":"https:\/\/lamanere.fr\/ca\/wp-json\/wp\/v2\/posts\/2066\/revisions\/2067"}],"wp:attachment":[{"href":"https:\/\/lamanere.fr\/ca\/wp-json\/wp\/v2\/media?parent=2066"}],"wp:term":[{"taxonomy":"category","embeddable":true,"href":"https:\/\/lamanere.fr\/ca\/wp-json\/wp\/v2\/categories?post=2066"},{"taxonomy":"post_tag","embeddable":true,"href":"https:\/\/lamanere.fr\/ca\/wp-json\/wp\/v2\/tags?post=2066"}],"curies":[{"name":"wp","href":"https:\/\/api.w.org\/{rel}","templated":true}]}}