{"id":2097,"date":"2022-01-19T21:44:46","date_gmt":"2022-01-19T20:44:46","guid":{"rendered":"https:\/\/lamanere.fr\/?p=2097"},"modified":"2022-01-24T20:47:59","modified_gmt":"2022-01-24T19:47:59","slug":"votation-citoyenne-sur-le-projet-de-nouvelle-desserte-du-vallespir","status":"publish","type":"post","link":"https:\/\/lamanere.fr\/ca\/2022\/01\/19\/votation-citoyenne-sur-le-projet-de-nouvelle-desserte-du-vallespir\/","title":{"rendered":"Votation citoyenne sur le projet de nouvelle desserte du Vallespir"},"content":{"rendered":"<p class=\"qtranxs-available-languages-message qtranxs-available-languages-message-ca\">Ho sentim, aquesta entrada es troba disponible \u00fanicament en <a href=\"https:\/\/lamanere.fr\/fr\/wp-json\/wp\/v2\/posts\/2097\" class=\"qtranxs-available-language-link qtranxs-available-language-link-fr\" title=\"Fran\u00e7ais\">Franc\u00e8s<\/a>.<\/p><p>Le dimanche 30 janvier aura lieu, de 9h \u00e0 17 h au bureau de vote de la Mairie de Laman\u00e8re, une votation citoyenne sur le projet de nouvelle desserte du Vallespir (am\u00e9nagement entre la RD 115 et la RD 618). Ce projet sera soumis \u00e0 votre avis avec les 24 communes du Vallespir et du Haut-Vallespir. Toute information peut \u00eatre consult\u00e9e en Mairie<\/p>\n<p>N.B. Si les documents ci-dessous sont difficiles \u00e0 lire, ils sont sous la forme de fichiers *.pdf qui peuvent \u00eatre facilement ouverts et t\u00e9l\u00e9charg\u00e9s<\/p>\n<p><a href=\"https:\/\/lamanere.fr\/wp-content\/uploads\/2022\/01\/Desserte-HV-1.pdf\">Desserte HV 1<\/a> <a href=\"https:\/\/lamanere.fr\/wp-content\/uploads\/2022\/01\/Desserte-HV-2.pdf\">Desserte HV 2<\/a><\/p>\n<p><img loading=\"lazy\" decoding=\"async\" class=\" wp-image-2096 aligncenter\" src=\"https:\/\/lamanere.fr\/wp-content\/uploads\/2022\/01\/Desserte-HV-1-231x300.jpg\" alt=\"\" width=\"379\" height=\"490\" \/> <img loading=\"lazy\" decoding=\"async\" class=\" wp-image-2095 aligncenter\" src=\"https:\/\/lamanere.fr\/wp-content\/uploads\/2022\/01\/Desserte-HV-2-220x300.jpg\" alt=\"\" width=\"352\" height=\"482\" \/><\/p>","protected":false},"excerpt":{"rendered":"<p>Ho sentim, aquesta entrada es troba disponible \u00fanicament en Franc\u00e8s.Le dimanche 30 janvier aura lieu, de 9h \u00e0 17 h au bureau de vote de la Mairie de Laman\u00e8re, une votation citoyenne sur le projet de nouvelle desserte du Vallespir&hellip; <a href=\"https:\/\/lamanere.fr\/ca\/2022\/01\/19\/votation-citoyenne-sur-le-projet-de-nouvelle-desserte-du-vallespir\/\" class=\"more-link\">Continue Reading <span class=\"meta-nav\">&rarr;<\/span><\/a><\/p>\n","protected":false},"author":2,"featured_media":0,"comment_status":"open","ping_status":"open","sticky":false,"template":"","format":"standard","meta":{"footnotes":""},"categories":[79],"tags":[],"yoast_head":"<!-- This site is optimized with the Yoast SEO plugin v27.4 - https:\/\/yoast.com\/product\/yoast-seo-wordpress\/ -->\n<title><\/title>\n<meta name=\"robots\" content=\"index, follow, max-snippet:-1, max-image-preview:large, max-video-preview:-1\" \/>\n<link rel=\"canonical\" href=\"https:\/\/lamanere.fr\/2022\/01\/19\/votation-citoyenne-sur-le-projet-de-nouvelle-desserte-du-vallespir\/\" \/>\n<meta property=\"og:locale\" content=\"ca_ES\" \/>\n<meta property=\"og:type\" content=\"article\" \/>\n<meta property=\"og:title\" content=\"[:fr]Votation citoyenne sur le projet de nouvelle desserte du Vallespir[:] - Laman\u00e8re - Lloc oficial del municipi\" \/>\n<meta property=\"og:description\" content=\"Ho sentim, aquesta entrada es troba disponible \u00fanicament en Franc\u00e8s.Le dimanche 30 janvier aura lieu, de 9h \u00e0 17 h au bureau de vote de la Mairie de Laman\u00e8re, une votation citoyenne sur le projet de nouvelle desserte du Vallespir&hellip; Continue Reading &rarr;\" \/>\n<meta property=\"og:url\" content=\"https:\/\/lamanere.fr\/2022\/01\/19\/votation-citoyenne-sur-le-projet-de-nouvelle-desserte-du-vallespir\/\" \/>\n<meta property=\"og:site_name\" content=\"Laman\u00e8re - Lloc oficial del municipi\" \/>\n<meta property=\"article:publisher\" content=\"https:\/\/www.facebook.com\/lamanere\" \/>\n<meta property=\"article:published_time\" content=\"2022-01-19T20:44:46+00:00\" \/>\n<meta property=\"article:modified_time\" content=\"2022-01-24T19:47:59+00:00\" \/>\n<meta property=\"og:image\" content=\"https:\/\/lamanere.fr\/wp-content\/uploads\/2022\/01\/Desserte-HV-1-231x300.jpg\" \/>\n<meta name=\"author\" content=\"Mairie de Laman\u00e8re\" \/>\n<meta name=\"twitter:card\" content=\"summary_large_image\" \/>\n<meta name=\"twitter:label1\" content=\"Escrit per\" \/>\n\t<meta name=\"twitter:data1\" content=\"Mairie de Laman\u00e8re\" \/>\n\t<meta name=\"twitter:label2\" content=\"Temps estimat de lectura\" \/>\n\t<meta name=\"twitter:data2\" content=\"1 minut\" \/>\n<script type=\"application\/ld+json\" class=\"yoast-schema-graph\">{\"@context\":\"https:\\\/\\\/schema.org\",\"@graph\":[{\"@type\":\"Article\",\"@id\":\"https:\\\/\\\/lamanere.fr\\\/2022\\\/01\\\/19\\\/votation-citoyenne-sur-le-projet-de-nouvelle-desserte-du-vallespir\\\/#article\",\"isPartOf\":{\"@id\":\"https:\\\/\\\/lamanere.fr\\\/2022\\\/01\\\/19\\\/votation-citoyenne-sur-le-projet-de-nouvelle-desserte-du-vallespir\\\/\"},\"author\":{\"name\":\"Mairie de Laman\u00e8re\",\"@id\":\"https:\\\/\\\/lamanere.fr\\\/#\\\/schema\\\/person\\\/b26317ee332d7f6bfb5bff1394da6e59\"},\"headline\":\"Votation citoyenne sur le projet de nouvelle desserte du Vallespir\",\"datePublished\":\"2022-01-19T20:44:46+00:00\",\"dateModified\":\"2022-01-24T19:47:59+00:00\",\"mainEntityOfPage\":{\"@id\":\"https:\\\/\\\/lamanere.fr\\\/2022\\\/01\\\/19\\\/votation-citoyenne-sur-le-projet-de-nouvelle-desserte-du-vallespir\\\/\"},\"wordCount\":102,\"commentCount\":1,\"publisher\":{\"@id\":\"https:\\\/\\\/lamanere.fr\\\/#organization\"},\"image\":{\"@id\":\"https:\\\/\\\/lamanere.fr\\\/2022\\\/01\\\/19\\\/votation-citoyenne-sur-le-projet-de-nouvelle-desserte-du-vallespir\\\/#primaryimage\"},\"thumbnailUrl\":\"https:\\\/\\\/lamanere.fr\\\/wp-content\\\/uploads\\\/2022\\\/01\\\/Desserte-HV-1-231x300.jpg\",\"articleSection\":[\"Communication\"],\"inLanguage\":\"ca\",\"potentialAction\":[{\"@type\":\"CommentAction\",\"name\":\"Comment\",\"target\":[\"https:\\\/\\\/lamanere.fr\\\/2022\\\/01\\\/19\\\/votation-citoyenne-sur-le-projet-de-nouvelle-desserte-du-vallespir\\\/#respond\"]}]},{\"@type\":\"WebPage\",\"@id\":\"https:\\\/\\\/lamanere.fr\\\/2022\\\/01\\\/19\\\/votation-citoyenne-sur-le-projet-de-nouvelle-desserte-du-vallespir\\\/\",\"url\":\"https:\\\/\\\/lamanere.fr\\\/2022\\\/01\\\/19\\\/votation-citoyenne-sur-le-projet-de-nouvelle-desserte-du-vallespir\\\/\",\"name\":\"[:fr]Votation citoyenne sur le projet de nouvelle desserte du Vallespir[:] - Laman\u00e8re - Lloc oficial del municipi\",\"isPartOf\":{\"@id\":\"https:\\\/\\\/lamanere.fr\\\/#website\"},\"primaryImageOfPage\":{\"@id\":\"https:\\\/\\\/lamanere.fr\\\/2022\\\/01\\\/19\\\/votation-citoyenne-sur-le-projet-de-nouvelle-desserte-du-vallespir\\\/#primaryimage\"},\"image\":{\"@id\":\"https:\\\/\\\/lamanere.fr\\\/2022\\\/01\\\/19\\\/votation-citoyenne-sur-le-projet-de-nouvelle-desserte-du-vallespir\\\/#primaryimage\"},\"thumbnailUrl\":\"https:\\\/\\\/lamanere.fr\\\/wp-content\\\/uploads\\\/2022\\\/01\\\/Desserte-HV-1-231x300.jpg\",\"datePublished\":\"2022-01-19T20:44:46+00:00\",\"dateModified\":\"2022-01-24T19:47:59+00:00\",\"breadcrumb\":{\"@id\":\"https:\\\/\\\/lamanere.fr\\\/2022\\\/01\\\/19\\\/votation-citoyenne-sur-le-projet-de-nouvelle-desserte-du-vallespir\\\/#breadcrumb\"},\"inLanguage\":\"ca\",\"potentialAction\":[{\"@type\":\"ReadAction\",\"target\":[\"https:\\\/\\\/lamanere.fr\\\/2022\\\/01\\\/19\\\/votation-citoyenne-sur-le-projet-de-nouvelle-desserte-du-vallespir\\\/\"]}]},{\"@type\":\"ImageObject\",\"inLanguage\":\"ca\",\"@id\":\"https:\\\/\\\/lamanere.fr\\\/2022\\\/01\\\/19\\\/votation-citoyenne-sur-le-projet-de-nouvelle-desserte-du-vallespir\\\/#primaryimage\",\"url\":\"https:\\\/\\\/lamanere.fr\\\/wp-content\\\/uploads\\\/2022\\\/01\\\/Desserte-HV-1-231x300.jpg\",\"contentUrl\":\"https:\\\/\\\/lamanere.fr\\\/wp-content\\\/uploads\\\/2022\\\/01\\\/Desserte-HV-1-231x300.jpg\"},{\"@type\":\"BreadcrumbList\",\"@id\":\"https:\\\/\\\/lamanere.fr\\\/2022\\\/01\\\/19\\\/votation-citoyenne-sur-le-projet-de-nouvelle-desserte-du-vallespir\\\/#breadcrumb\",\"itemListElement\":[{\"@type\":\"ListItem\",\"position\":1,\"name\":\"Accueil\",\"item\":\"https:\\\/\\\/lamanere.fr\\\/\"},{\"@type\":\"ListItem\",\"position\":2,\"name\":\"Votation citoyenne sur le projet de nouvelle desserte du Vallespir\"}]},{\"@type\":\"WebSite\",\"@id\":\"https:\\\/\\\/lamanere.fr\\\/#website\",\"url\":\"https:\\\/\\\/lamanere.fr\\\/\",\"name\":\"Laman\u00e8re - Lloc oficial del municipi\",\"description\":\"Poble m\u00e9s al sud de la Fran\u00e7a continental\",\"publisher\":{\"@id\":\"https:\\\/\\\/lamanere.fr\\\/#organization\"},\"potentialAction\":[{\"@type\":\"SearchAction\",\"target\":{\"@type\":\"EntryPoint\",\"urlTemplate\":\"https:\\\/\\\/lamanere.fr\\\/?s={search_term_string}\"},\"query-input\":{\"@type\":\"PropertyValueSpecification\",\"valueRequired\":true,\"valueName\":\"search_term_string\"}}],\"inLanguage\":\"ca\"},{\"@type\":\"Organization\",\"@id\":\"https:\\\/\\\/lamanere.fr\\\/#organization\",\"name\":\"Commune de Laman\u00e8re\",\"url\":\"https:\\\/\\\/lamanere.fr\\\/\",\"logo\":{\"@type\":\"ImageObject\",\"inLanguage\":\"ca\",\"@id\":\"https:\\\/\\\/lamanere.fr\\\/#\\\/schema\\\/logo\\\/image\\\/\",\"url\":\"https:\\\/\\\/lamanere.fr\\\/wp-content\\\/uploads\\\/2020\\\/09\\\/logo2-149.jpg\",\"contentUrl\":\"https:\\\/\\\/lamanere.fr\\\/wp-content\\\/uploads\\\/2020\\\/09\\\/logo2-149.jpg\",\"width\":149,\"height\":146,\"caption\":\"Commune de Laman\u00e8re\"},\"image\":{\"@id\":\"https:\\\/\\\/lamanere.fr\\\/#\\\/schema\\\/logo\\\/image\\\/\"},\"sameAs\":[\"https:\\\/\\\/www.facebook.com\\\/lamanere\",\"https:\\\/\\\/fr.wikipedia.org\\\/wiki\\\/Laman\u00e8re\"]},{\"@type\":\"Person\",\"@id\":\"https:\\\/\\\/lamanere.fr\\\/#\\\/schema\\\/person\\\/b26317ee332d7f6bfb5bff1394da6e59\",\"name\":\"Mairie de Laman\u00e8re\",\"image\":{\"@type\":\"ImageObject\",\"inLanguage\":\"ca\",\"@id\":\"https:\\\/\\\/secure.gravatar.com\\\/avatar\\\/951e9da0a291f11d14b93bccd2d18cab?s=96&d=mm&r=g\",\"url\":\"https:\\\/\\\/secure.gravatar.com\\\/avatar\\\/951e9da0a291f11d14b93bccd2d18cab?s=96&d=mm&r=g\",\"contentUrl\":\"https:\\\/\\\/secure.gravatar.com\\\/avatar\\\/951e9da0a291f11d14b93bccd2d18cab?s=96&d=mm&r=g\",\"caption\":\"Mairie de Laman\u00e8re\"},\"url\":\"https:\\\/\\\/lamanere.fr\\\/ca\\\/author\\\/jean-paul\\\/\"}]}<\/script>\n<!-- \/ Yoast SEO plugin. -->","yoast_head_json":{"title":"[:fr]Votation citoyenne sur le projet de nouvelle desserte du Vallespir[:] - Laman\u00e8re - Lloc oficial del municipi","robots":{"index":"index","follow":"follow","max-snippet":"max-snippet:-1","max-image-preview":"max-image-preview:large","max-video-preview":"max-video-preview:-1"},"canonical":"https:\/\/lamanere.fr\/2022\/01\/19\/votation-citoyenne-sur-le-projet-de-nouvelle-desserte-du-vallespir\/","og_locale":"ca_ES","og_type":"article","og_title":"[:fr]Votation citoyenne sur le projet de nouvelle desserte du Vallespir[:] - Laman\u00e8re - Lloc oficial del municipi","og_description":"Ho sentim, aquesta entrada es troba disponible \u00fanicament en Franc\u00e8s.Le dimanche 30 janvier aura lieu, de 9h \u00e0 17 h au bureau de vote de la Mairie de Laman\u00e8re, une votation citoyenne sur le projet de nouvelle desserte du Vallespir&hellip; Continue Reading &rarr;","og_url":"https:\/\/lamanere.fr\/2022\/01\/19\/votation-citoyenne-sur-le-projet-de-nouvelle-desserte-du-vallespir\/","og_site_name":"Laman\u00e8re - Lloc oficial del municipi","article_publisher":"https:\/\/www.facebook.com\/lamanere","article_published_time":"2022-01-19T20:44:46+00:00","article_modified_time":"2022-01-24T19:47:59+00:00","og_image":[{"url":"https:\/\/lamanere.fr\/wp-content\/uploads\/2022\/01\/Desserte-HV-1-231x300.jpg","type":"","width":"","height":""}],"author":"Mairie de Laman\u00e8re","twitter_card":"summary_large_image","twitter_misc":{"Escrit per":"Mairie de Laman\u00e8re","Temps estimat de lectura":"1 minut"},"schema":{"@context":"https:\/\/schema.org","@graph":[{"@type":"Article","@id":"https:\/\/lamanere.fr\/2022\/01\/19\/votation-citoyenne-sur-le-projet-de-nouvelle-desserte-du-vallespir\/#article","isPartOf":{"@id":"https:\/\/lamanere.fr\/2022\/01\/19\/votation-citoyenne-sur-le-projet-de-nouvelle-desserte-du-vallespir\/"},"author":{"name":"Mairie de Laman\u00e8re","@id":"https:\/\/lamanere.fr\/#\/schema\/person\/b26317ee332d7f6bfb5bff1394da6e59"},"headline":"Votation citoyenne sur le projet de nouvelle desserte du Vallespir","datePublished":"2022-01-19T20:44:46+00:00","dateModified":"2022-01-24T19:47:59+00:00","mainEntityOfPage":{"@id":"https:\/\/lamanere.fr\/2022\/01\/19\/votation-citoyenne-sur-le-projet-de-nouvelle-desserte-du-vallespir\/"},"wordCount":102,"commentCount":1,"publisher":{"@id":"https:\/\/lamanere.fr\/#organization"},"image":{"@id":"https:\/\/lamanere.fr\/2022\/01\/19\/votation-citoyenne-sur-le-projet-de-nouvelle-desserte-du-vallespir\/#primaryimage"},"thumbnailUrl":"https:\/\/lamanere.fr\/wp-content\/uploads\/2022\/01\/Desserte-HV-1-231x300.jpg","articleSection":["Communication"],"inLanguage":"ca","potentialAction":[{"@type":"CommentAction","name":"Comment","target":["https:\/\/lamanere.fr\/2022\/01\/19\/votation-citoyenne-sur-le-projet-de-nouvelle-desserte-du-vallespir\/#respond"]}]},{"@type":"WebPage","@id":"https:\/\/lamanere.fr\/2022\/01\/19\/votation-citoyenne-sur-le-projet-de-nouvelle-desserte-du-vallespir\/","url":"https:\/\/lamanere.fr\/2022\/01\/19\/votation-citoyenne-sur-le-projet-de-nouvelle-desserte-du-vallespir\/","name":"[:fr]Votation citoyenne sur le projet de nouvelle desserte du Vallespir[:] - Laman\u00e8re - Lloc oficial del municipi","isPartOf":{"@id":"https:\/\/lamanere.fr\/#website"},"primaryImageOfPage":{"@id":"https:\/\/lamanere.fr\/2022\/01\/19\/votation-citoyenne-sur-le-projet-de-nouvelle-desserte-du-vallespir\/#primaryimage"},"image":{"@id":"https:\/\/lamanere.fr\/2022\/01\/19\/votation-citoyenne-sur-le-projet-de-nouvelle-desserte-du-vallespir\/#primaryimage"},"thumbnailUrl":"https:\/\/lamanere.fr\/wp-content\/uploads\/2022\/01\/Desserte-HV-1-231x300.jpg","datePublished":"2022-01-19T20:44:46+00:00","dateModified":"2022-01-24T19:47:59+00:00","breadcrumb":{"@id":"https:\/\/lamanere.fr\/2022\/01\/19\/votation-citoyenne-sur-le-projet-de-nouvelle-desserte-du-vallespir\/#breadcrumb"},"inLanguage":"ca","potentialAction":[{"@type":"ReadAction","target":["https:\/\/lamanere.fr\/2022\/01\/19\/votation-citoyenne-sur-le-projet-de-nouvelle-desserte-du-vallespir\/"]}]},{"@type":"ImageObject","inLanguage":"ca","@id":"https:\/\/lamanere.fr\/2022\/01\/19\/votation-citoyenne-sur-le-projet-de-nouvelle-desserte-du-vallespir\/#primaryimage","url":"https:\/\/lamanere.fr\/wp-content\/uploads\/2022\/01\/Desserte-HV-1-231x300.jpg","contentUrl":"https:\/\/lamanere.fr\/wp-content\/uploads\/2022\/01\/Desserte-HV-1-231x300.jpg"},{"@type":"BreadcrumbList","@id":"https:\/\/lamanere.fr\/2022\/01\/19\/votation-citoyenne-sur-le-projet-de-nouvelle-desserte-du-vallespir\/#breadcrumb","itemListElement":[{"@type":"ListItem","position":1,"name":"Accueil","item":"https:\/\/lamanere.fr\/"},{"@type":"ListItem","position":2,"name":"Votation citoyenne sur le projet de nouvelle desserte du Vallespir"}]},{"@type":"WebSite","@id":"https:\/\/lamanere.fr\/#website","url":"https:\/\/lamanere.fr\/","name":"Laman\u00e8re - Lloc oficial del municipi","description":"Poble m\u00e9s al sud de la Fran\u00e7a continental","publisher":{"@id":"https:\/\/lamanere.fr\/#organization"},"potentialAction":[{"@type":"SearchAction","target":{"@type":"EntryPoint","urlTemplate":"https:\/\/lamanere.fr\/?s={search_term_string}"},"query-input":{"@type":"PropertyValueSpecification","valueRequired":true,"valueName":"search_term_string"}}],"inLanguage":"ca"},{"@type":"Organization","@id":"https:\/\/lamanere.fr\/#organization","name":"Commune de Laman\u00e8re","url":"https:\/\/lamanere.fr\/","logo":{"@type":"ImageObject","inLanguage":"ca","@id":"https:\/\/lamanere.fr\/#\/schema\/logo\/image\/","url":"https:\/\/lamanere.fr\/wp-content\/uploads\/2020\/09\/logo2-149.jpg","contentUrl":"https:\/\/lamanere.fr\/wp-content\/uploads\/2020\/09\/logo2-149.jpg","width":149,"height":146,"caption":"Commune de Laman\u00e8re"},"image":{"@id":"https:\/\/lamanere.fr\/#\/schema\/logo\/image\/"},"sameAs":["https:\/\/www.facebook.com\/lamanere","https:\/\/fr.wikipedia.org\/wiki\/Laman\u00e8re"]},{"@type":"Person","@id":"https:\/\/lamanere.fr\/#\/schema\/person\/b26317ee332d7f6bfb5bff1394da6e59","name":"Mairie de Laman\u00e8re","image":{"@type":"ImageObject","inLanguage":"ca","@id":"https:\/\/secure.gravatar.com\/avatar\/951e9da0a291f11d14b93bccd2d18cab?s=96&d=mm&r=g","url":"https:\/\/secure.gravatar.com\/avatar\/951e9da0a291f11d14b93bccd2d18cab?s=96&d=mm&r=g","contentUrl":"https:\/\/secure.gravatar.com\/avatar\/951e9da0a291f11d14b93bccd2d18cab?s=96&d=mm&r=g","caption":"Mairie de Laman\u00e8re"},"url":"https:\/\/lamanere.fr\/ca\/author\/jean-paul\/"}]}},"_links":{"self":[{"href":"https:\/\/lamanere.fr\/ca\/wp-json\/wp\/v2\/posts\/2097"}],"collection":[{"href":"https:\/\/lamanere.fr\/ca\/wp-json\/wp\/v2\/posts"}],"about":[{"href":"https:\/\/lamanere.fr\/ca\/wp-json\/wp\/v2\/types\/post"}],"author":[{"embeddable":true,"href":"https:\/\/lamanere.fr\/ca\/wp-json\/wp\/v2\/users\/2"}],"replies":[{"embeddable":true,"href":"https:\/\/lamanere.fr\/ca\/wp-json\/wp\/v2\/comments?post=2097"}],"version-history":[{"count":3,"href":"https:\/\/lamanere.fr\/ca\/wp-json\/wp\/v2\/posts\/2097\/revisions"}],"predecessor-version":[{"id":2109,"href":"https:\/\/lamanere.fr\/ca\/wp-json\/wp\/v2\/posts\/2097\/revisions\/2109"}],"wp:attachment":[{"href":"https:\/\/lamanere.fr\/ca\/wp-json\/wp\/v2\/media?parent=2097"}],"wp:term":[{"taxonomy":"category","embeddable":true,"href":"https:\/\/lamanere.fr\/ca\/wp-json\/wp\/v2\/categories?post=2097"},{"taxonomy":"post_tag","embeddable":true,"href":"https:\/\/lamanere.fr\/ca\/wp-json\/wp\/v2\/tags?post=2097"}],"curies":[{"name":"wp","href":"https:\/\/api.w.org\/{rel}","templated":true}]}}