{"id":2468,"date":"2022-09-16T21:24:31","date_gmt":"2022-09-16T20:24:31","guid":{"rendered":"https:\/\/lamanere.fr\/?p=2468"},"modified":"2022-09-16T21:24:31","modified_gmt":"2022-09-16T20:24:31","slug":"aides-de-lanah-demarches-dobtention-et-changements-2022","status":"publish","type":"post","link":"https:\/\/lamanere.fr\/ca\/2022\/09\/16\/aides-de-lanah-demarches-dobtention-et-changements-2022\/","title":{"rendered":"Aides de l\u2019ANAH : d\u00e9marches d&#8217;obtention et changements 2022"},"content":{"rendered":"<p class=\"qtranxs-available-languages-message qtranxs-available-languages-message-ca\">Ho sentim, aquesta entrada es troba disponible \u00fanicament en <a href=\"https:\/\/lamanere.fr\/fr\/wp-json\/wp\/v2\/posts\/2468\" class=\"qtranxs-available-language-link qtranxs-available-language-link-fr\" title=\"Fran\u00e7ais\">Franc\u00e8s<\/a>.<\/p><p><\/p>\n<div>\n<div style=\"text-align: center;\"><strong>Les aides de l&#8217;ANAH (Agence Nationale pour l&#8217;am\u00e9lioration de l&#8217;habitat) \u00e9voluent en 2022<\/strong><\/div>\n<div><\/div>\n<\/div>\n<div dir=\"ltr\">\n<div dir=\"ltr\"><span style=\"font-size: 10pt;\">Cr\u00e9\u00e9e en 1971 en remplacement du Fonds national de l\u2019am\u00e9lioration de l\u2019habitat, l\u2019Agence nationale de l&#8217;Habitat oeuvre pour la d\u00e9cence et la qualit\u00e9 de vie des habitants en France. Elle permet aux propri\u00e9taires occupants <span style=\"font-size: 8pt;\">d&#8217;obtenir<\/span> des subventions pour r\u00e9nover leurs biens et aux bailleurs des d\u00e9ductions fiscales en \u00e9change d&#8217;une location \u00e0 un prix mod\u00e9r\u00e9. Les aides ont \u00e9t\u00e9 repens\u00e9es en 2022 et le budget \u00e9largi.<\/span><\/div>\n<div dir=\"ltr\"><\/div>\n<div dir=\"ltr\">\n<div><span style=\"font-size: 10pt;\"><strong>Des aides r\u00e9serv\u00e9es aux propri\u00e9taires, copropri\u00e9t\u00e9s et collectivit\u00e9s<\/strong><\/span><\/div>\n<div><span style=\"font-size: 10pt;\">Selon les revenus des propri\u00e9taires, qu\u2019ils soient occupants ou non, l\u2019ANAH octroie des fonds pour l\u2019am\u00e9nagement, ou r\u00e9duire vos consommations d\u2019\u00e9nergie (plus d&#8217;infos sur\u00a0<a href=\"https:\/\/www.upenergie.com\/\" target=\"_blank\" rel=\"nofollow noopener noreferrer\">upenergie<\/a>)<\/span><br \/>\n<span style=\"font-size: 10pt;\">L\u2019ANAH oeuvre \u00e9galement aupr\u00e8s des syndicats de copropri\u00e9t\u00e9 en situation financi\u00e8re pr\u00e9caire et apporte une partie des fonds n\u00e9cessaires \u00e0 certains travaux de r\u00e9novation \u00e9nerg\u00e9tique, comme la r\u00e9fection des syst\u00e8mes de ventilation, l\u2019isolation, le remplacement des menuiseries, etc.<\/span><br \/>\n<span style=\"font-size: 10pt;\">L\u2019organisme s\u2019appuie aussi sur les collectivit\u00e9s territoriales, ce qui permet l\u2019accueil quotidien de personnes en situation de fragilit\u00e9 financi\u00e8re.<\/span><br \/>\n<span style=\"font-size: 10pt;\">Il vient donc en aide aux m\u00e9nages modestes, afin que ces derniers diminuent le montant de leur pr\u00eat pour les travaux et\/ou\u00a0<a href=\"https:\/\/www.gotoinvest.com\/credit-consommation\/microcredit\/\" target=\"_blank\" rel=\"nofollow noopener noreferrer\">micro cr\u00e9dit (gotoinvest)<\/a>\u00a0qu&#8217;ils doivent faire chez eux.<\/span><\/div>\n<div><\/div>\n<div><span style=\"font-size: 10pt;\"><strong>Comment faire sa demande de subvention ANAH ?<br \/>\n<\/strong>Le client dispose de deux possibilit\u00e9s pour faire sa demande de subvention ANAH.<\/span><br \/>\n<span style=\"font-size: 10pt;\">Pour les plus \u00e0 l&#8217;aise avec internet, il convient de se rendre sur la plateforme ci-dessous, renseigner les informations demand\u00e9es. Si le client est \u00e9ligible \u00e0 la subvention demand\u00e9e alors il n&#8217;a qu&#8217;\u00e0 poursuivre la d\u00e9marche et transmettre les documents demand\u00e9s sur internet.<\/span><\/div>\n<div><span style=\"font-size: 10pt;\"><a href=\"https:\/\/monprojet.anah.gouv.fr\/\" target=\"_blank\" rel=\"nofollow noopener noreferrer\">https:\/\/monprojet.anah.gouv.fr\/<br \/>\n<\/a><\/span><\/div>\n<div><\/div>\n<div><span style=\"font-size: 10pt;\"><strong>Se pr\u00e9munir contre les fraudes<\/strong><\/span><\/div>\n<div><span style=\"font-size: 10pt;\">Par t\u00e9l\u00e9phone ou \u00e0 domicile, notez que le service public n&#8217;effectue jamais de d\u00e9marchage.<\/span><\/div>\n<div><span style=\"font-size: 10pt;\">De fait, ne croyez pas les d\u00e9marcheurs qui se r\u00e9clament d&#8217;organismes publics.<\/span><\/div>\n<div><span style=\"font-size: 10pt;\">D\u00e9couvrez tous nos conseils pour savoir comment agir face au d\u00e9marchage commercial &#8211;\u00a0<a href=\"https:\/\/france-renov.gouv.fr\/fraudes\" target=\"_blank\" rel=\"nofollow noopener noreferrer\">https:\/\/france-renov.gouv.fr\/fraudes<\/a><\/span><\/div>\n<\/div>\n<\/div>\n<p><\/p>","protected":false},"excerpt":{"rendered":"<p>Ho sentim, aquesta entrada es troba disponible \u00fanicament en Franc\u00e8s. Les aides de l&#8217;ANAH (Agence Nationale pour l&#8217;am\u00e9lioration de l&#8217;habitat) \u00e9voluent en 2022 Cr\u00e9\u00e9e en 1971 en remplacement du Fonds national de l\u2019am\u00e9lioration de l\u2019habitat, l\u2019Agence nationale de l&#8217;Habitat oeuvre&hellip; <a href=\"https:\/\/lamanere.fr\/ca\/2022\/09\/16\/aides-de-lanah-demarches-dobtention-et-changements-2022\/\" class=\"more-link\">Continue Reading <span class=\"meta-nav\">&rarr;<\/span><\/a><\/p>\n","protected":false},"author":2,"featured_media":0,"comment_status":"open","ping_status":"open","sticky":false,"template":"","format":"standard","meta":{"footnotes":""},"categories":[1,107],"tags":[],"yoast_head":"<!-- This site is optimized with the Yoast SEO plugin v27.4 - https:\/\/yoast.com\/product\/yoast-seo-wordpress\/ -->\n<title><\/title>\n<meta name=\"robots\" content=\"index, follow, max-snippet:-1, max-image-preview:large, max-video-preview:-1\" \/>\n<link rel=\"canonical\" href=\"https:\/\/lamanere.fr\/2022\/09\/16\/aides-de-lanah-demarches-dobtention-et-changements-2022\/\" \/>\n<meta property=\"og:locale\" content=\"ca_ES\" \/>\n<meta property=\"og:type\" content=\"article\" \/>\n<meta property=\"og:title\" content=\"[:fr]Aides de l\u2019ANAH : d\u00e9marches d&#039;obtention et changements 2022[:] - Laman\u00e8re - Lloc oficial del municipi\" \/>\n<meta property=\"og:description\" content=\"Ho sentim, aquesta entrada es troba disponible \u00fanicament en Franc\u00e8s. Les aides de l&#8217;ANAH (Agence Nationale pour l&#8217;am\u00e9lioration de l&#8217;habitat) \u00e9voluent en 2022 Cr\u00e9\u00e9e en 1971 en remplacement du Fonds national de l\u2019am\u00e9lioration de l\u2019habitat, l\u2019Agence nationale de l&#8217;Habitat oeuvre&hellip; Continue Reading &rarr;\" \/>\n<meta property=\"og:url\" content=\"https:\/\/lamanere.fr\/2022\/09\/16\/aides-de-lanah-demarches-dobtention-et-changements-2022\/\" \/>\n<meta property=\"og:site_name\" content=\"Laman\u00e8re - Lloc oficial del municipi\" \/>\n<meta property=\"article:publisher\" content=\"https:\/\/www.facebook.com\/lamanere\" \/>\n<meta property=\"article:published_time\" content=\"2022-09-16T20:24:31+00:00\" \/>\n<meta name=\"author\" content=\"Mairie de Laman\u00e8re\" \/>\n<meta name=\"twitter:card\" content=\"summary_large_image\" \/>\n<meta name=\"twitter:label1\" content=\"Escrit per\" \/>\n\t<meta name=\"twitter:data1\" content=\"Mairie de Laman\u00e8re\" \/>\n\t<meta name=\"twitter:label2\" content=\"Temps estimat de lectura\" \/>\n\t<meta name=\"twitter:data2\" content=\"2 minuts\" \/>\n<script type=\"application\/ld+json\" class=\"yoast-schema-graph\">{\"@context\":\"https:\\\/\\\/schema.org\",\"@graph\":[{\"@type\":\"Article\",\"@id\":\"https:\\\/\\\/lamanere.fr\\\/2022\\\/09\\\/16\\\/aides-de-lanah-demarches-dobtention-et-changements-2022\\\/#article\",\"isPartOf\":{\"@id\":\"https:\\\/\\\/lamanere.fr\\\/2022\\\/09\\\/16\\\/aides-de-lanah-demarches-dobtention-et-changements-2022\\\/\"},\"author\":{\"name\":\"Mairie de Laman\u00e8re\",\"@id\":\"https:\\\/\\\/lamanere.fr\\\/#\\\/schema\\\/person\\\/b26317ee332d7f6bfb5bff1394da6e59\"},\"headline\":\"Aides de l\u2019ANAH : d\u00e9marches d&#8217;obtention et changements 2022\",\"datePublished\":\"2022-09-16T20:24:31+00:00\",\"mainEntityOfPage\":{\"@id\":\"https:\\\/\\\/lamanere.fr\\\/2022\\\/09\\\/16\\\/aides-de-lanah-demarches-dobtention-et-changements-2022\\\/\"},\"wordCount\":377,\"commentCount\":0,\"publisher\":{\"@id\":\"https:\\\/\\\/lamanere.fr\\\/#organization\"},\"articleSection\":[\"Divers\",\"Informations utiles\"],\"inLanguage\":\"ca\",\"potentialAction\":[{\"@type\":\"CommentAction\",\"name\":\"Comment\",\"target\":[\"https:\\\/\\\/lamanere.fr\\\/2022\\\/09\\\/16\\\/aides-de-lanah-demarches-dobtention-et-changements-2022\\\/#respond\"]}]},{\"@type\":\"WebPage\",\"@id\":\"https:\\\/\\\/lamanere.fr\\\/2022\\\/09\\\/16\\\/aides-de-lanah-demarches-dobtention-et-changements-2022\\\/\",\"url\":\"https:\\\/\\\/lamanere.fr\\\/2022\\\/09\\\/16\\\/aides-de-lanah-demarches-dobtention-et-changements-2022\\\/\",\"name\":\"[:fr]Aides de l\u2019ANAH : d\u00e9marches d'obtention et changements 2022[:] - Laman\u00e8re - Lloc oficial del municipi\",\"isPartOf\":{\"@id\":\"https:\\\/\\\/lamanere.fr\\\/#website\"},\"datePublished\":\"2022-09-16T20:24:31+00:00\",\"breadcrumb\":{\"@id\":\"https:\\\/\\\/lamanere.fr\\\/2022\\\/09\\\/16\\\/aides-de-lanah-demarches-dobtention-et-changements-2022\\\/#breadcrumb\"},\"inLanguage\":\"ca\",\"potentialAction\":[{\"@type\":\"ReadAction\",\"target\":[\"https:\\\/\\\/lamanere.fr\\\/2022\\\/09\\\/16\\\/aides-de-lanah-demarches-dobtention-et-changements-2022\\\/\"]}]},{\"@type\":\"BreadcrumbList\",\"@id\":\"https:\\\/\\\/lamanere.fr\\\/2022\\\/09\\\/16\\\/aides-de-lanah-demarches-dobtention-et-changements-2022\\\/#breadcrumb\",\"itemListElement\":[{\"@type\":\"ListItem\",\"position\":1,\"name\":\"Accueil\",\"item\":\"https:\\\/\\\/lamanere.fr\\\/\"},{\"@type\":\"ListItem\",\"position\":2,\"name\":\"Aides de l\u2019ANAH : d\u00e9marches d&#8217;obtention et changements 2022\"}]},{\"@type\":\"WebSite\",\"@id\":\"https:\\\/\\\/lamanere.fr\\\/#website\",\"url\":\"https:\\\/\\\/lamanere.fr\\\/\",\"name\":\"Laman\u00e8re - Lloc oficial del municipi\",\"description\":\"Poble m\u00e9s al sud de la Fran\u00e7a continental\",\"publisher\":{\"@id\":\"https:\\\/\\\/lamanere.fr\\\/#organization\"},\"potentialAction\":[{\"@type\":\"SearchAction\",\"target\":{\"@type\":\"EntryPoint\",\"urlTemplate\":\"https:\\\/\\\/lamanere.fr\\\/?s={search_term_string}\"},\"query-input\":{\"@type\":\"PropertyValueSpecification\",\"valueRequired\":true,\"valueName\":\"search_term_string\"}}],\"inLanguage\":\"ca\"},{\"@type\":\"Organization\",\"@id\":\"https:\\\/\\\/lamanere.fr\\\/#organization\",\"name\":\"Commune de Laman\u00e8re\",\"url\":\"https:\\\/\\\/lamanere.fr\\\/\",\"logo\":{\"@type\":\"ImageObject\",\"inLanguage\":\"ca\",\"@id\":\"https:\\\/\\\/lamanere.fr\\\/#\\\/schema\\\/logo\\\/image\\\/\",\"url\":\"https:\\\/\\\/lamanere.fr\\\/wp-content\\\/uploads\\\/2020\\\/09\\\/logo2-149.jpg\",\"contentUrl\":\"https:\\\/\\\/lamanere.fr\\\/wp-content\\\/uploads\\\/2020\\\/09\\\/logo2-149.jpg\",\"width\":149,\"height\":146,\"caption\":\"Commune de Laman\u00e8re\"},\"image\":{\"@id\":\"https:\\\/\\\/lamanere.fr\\\/#\\\/schema\\\/logo\\\/image\\\/\"},\"sameAs\":[\"https:\\\/\\\/www.facebook.com\\\/lamanere\",\"https:\\\/\\\/fr.wikipedia.org\\\/wiki\\\/Laman\u00e8re\"]},{\"@type\":\"Person\",\"@id\":\"https:\\\/\\\/lamanere.fr\\\/#\\\/schema\\\/person\\\/b26317ee332d7f6bfb5bff1394da6e59\",\"name\":\"Mairie de Laman\u00e8re\",\"image\":{\"@type\":\"ImageObject\",\"inLanguage\":\"ca\",\"@id\":\"https:\\\/\\\/secure.gravatar.com\\\/avatar\\\/951e9da0a291f11d14b93bccd2d18cab?s=96&d=mm&r=g\",\"url\":\"https:\\\/\\\/secure.gravatar.com\\\/avatar\\\/951e9da0a291f11d14b93bccd2d18cab?s=96&d=mm&r=g\",\"contentUrl\":\"https:\\\/\\\/secure.gravatar.com\\\/avatar\\\/951e9da0a291f11d14b93bccd2d18cab?s=96&d=mm&r=g\",\"caption\":\"Mairie de Laman\u00e8re\"},\"url\":\"https:\\\/\\\/lamanere.fr\\\/ca\\\/author\\\/jean-paul\\\/\"}]}<\/script>\n<!-- \/ Yoast SEO plugin. -->","yoast_head_json":{"title":"[:fr]Aides de l\u2019ANAH : d\u00e9marches d'obtention et changements 2022[:] - Laman\u00e8re - Lloc oficial del municipi","robots":{"index":"index","follow":"follow","max-snippet":"max-snippet:-1","max-image-preview":"max-image-preview:large","max-video-preview":"max-video-preview:-1"},"canonical":"https:\/\/lamanere.fr\/2022\/09\/16\/aides-de-lanah-demarches-dobtention-et-changements-2022\/","og_locale":"ca_ES","og_type":"article","og_title":"[:fr]Aides de l\u2019ANAH : d\u00e9marches d'obtention et changements 2022[:] - Laman\u00e8re - Lloc oficial del municipi","og_description":"Ho sentim, aquesta entrada es troba disponible \u00fanicament en Franc\u00e8s. Les aides de l&#8217;ANAH (Agence Nationale pour l&#8217;am\u00e9lioration de l&#8217;habitat) \u00e9voluent en 2022 Cr\u00e9\u00e9e en 1971 en remplacement du Fonds national de l\u2019am\u00e9lioration de l\u2019habitat, l\u2019Agence nationale de l&#8217;Habitat oeuvre&hellip; Continue Reading &rarr;","og_url":"https:\/\/lamanere.fr\/2022\/09\/16\/aides-de-lanah-demarches-dobtention-et-changements-2022\/","og_site_name":"Laman\u00e8re - Lloc oficial del municipi","article_publisher":"https:\/\/www.facebook.com\/lamanere","article_published_time":"2022-09-16T20:24:31+00:00","author":"Mairie de Laman\u00e8re","twitter_card":"summary_large_image","twitter_misc":{"Escrit per":"Mairie de Laman\u00e8re","Temps estimat de lectura":"2 minuts"},"schema":{"@context":"https:\/\/schema.org","@graph":[{"@type":"Article","@id":"https:\/\/lamanere.fr\/2022\/09\/16\/aides-de-lanah-demarches-dobtention-et-changements-2022\/#article","isPartOf":{"@id":"https:\/\/lamanere.fr\/2022\/09\/16\/aides-de-lanah-demarches-dobtention-et-changements-2022\/"},"author":{"name":"Mairie de Laman\u00e8re","@id":"https:\/\/lamanere.fr\/#\/schema\/person\/b26317ee332d7f6bfb5bff1394da6e59"},"headline":"Aides de l\u2019ANAH : d\u00e9marches d&#8217;obtention et changements 2022","datePublished":"2022-09-16T20:24:31+00:00","mainEntityOfPage":{"@id":"https:\/\/lamanere.fr\/2022\/09\/16\/aides-de-lanah-demarches-dobtention-et-changements-2022\/"},"wordCount":377,"commentCount":0,"publisher":{"@id":"https:\/\/lamanere.fr\/#organization"},"articleSection":["Divers","Informations utiles"],"inLanguage":"ca","potentialAction":[{"@type":"CommentAction","name":"Comment","target":["https:\/\/lamanere.fr\/2022\/09\/16\/aides-de-lanah-demarches-dobtention-et-changements-2022\/#respond"]}]},{"@type":"WebPage","@id":"https:\/\/lamanere.fr\/2022\/09\/16\/aides-de-lanah-demarches-dobtention-et-changements-2022\/","url":"https:\/\/lamanere.fr\/2022\/09\/16\/aides-de-lanah-demarches-dobtention-et-changements-2022\/","name":"[:fr]Aides de l\u2019ANAH : d\u00e9marches d'obtention et changements 2022[:] - Laman\u00e8re - Lloc oficial del municipi","isPartOf":{"@id":"https:\/\/lamanere.fr\/#website"},"datePublished":"2022-09-16T20:24:31+00:00","breadcrumb":{"@id":"https:\/\/lamanere.fr\/2022\/09\/16\/aides-de-lanah-demarches-dobtention-et-changements-2022\/#breadcrumb"},"inLanguage":"ca","potentialAction":[{"@type":"ReadAction","target":["https:\/\/lamanere.fr\/2022\/09\/16\/aides-de-lanah-demarches-dobtention-et-changements-2022\/"]}]},{"@type":"BreadcrumbList","@id":"https:\/\/lamanere.fr\/2022\/09\/16\/aides-de-lanah-demarches-dobtention-et-changements-2022\/#breadcrumb","itemListElement":[{"@type":"ListItem","position":1,"name":"Accueil","item":"https:\/\/lamanere.fr\/"},{"@type":"ListItem","position":2,"name":"Aides de l\u2019ANAH : d\u00e9marches d&#8217;obtention et changements 2022"}]},{"@type":"WebSite","@id":"https:\/\/lamanere.fr\/#website","url":"https:\/\/lamanere.fr\/","name":"Laman\u00e8re - Lloc oficial del municipi","description":"Poble m\u00e9s al sud de la Fran\u00e7a continental","publisher":{"@id":"https:\/\/lamanere.fr\/#organization"},"potentialAction":[{"@type":"SearchAction","target":{"@type":"EntryPoint","urlTemplate":"https:\/\/lamanere.fr\/?s={search_term_string}"},"query-input":{"@type":"PropertyValueSpecification","valueRequired":true,"valueName":"search_term_string"}}],"inLanguage":"ca"},{"@type":"Organization","@id":"https:\/\/lamanere.fr\/#organization","name":"Commune de Laman\u00e8re","url":"https:\/\/lamanere.fr\/","logo":{"@type":"ImageObject","inLanguage":"ca","@id":"https:\/\/lamanere.fr\/#\/schema\/logo\/image\/","url":"https:\/\/lamanere.fr\/wp-content\/uploads\/2020\/09\/logo2-149.jpg","contentUrl":"https:\/\/lamanere.fr\/wp-content\/uploads\/2020\/09\/logo2-149.jpg","width":149,"height":146,"caption":"Commune de Laman\u00e8re"},"image":{"@id":"https:\/\/lamanere.fr\/#\/schema\/logo\/image\/"},"sameAs":["https:\/\/www.facebook.com\/lamanere","https:\/\/fr.wikipedia.org\/wiki\/Laman\u00e8re"]},{"@type":"Person","@id":"https:\/\/lamanere.fr\/#\/schema\/person\/b26317ee332d7f6bfb5bff1394da6e59","name":"Mairie de Laman\u00e8re","image":{"@type":"ImageObject","inLanguage":"ca","@id":"https:\/\/secure.gravatar.com\/avatar\/951e9da0a291f11d14b93bccd2d18cab?s=96&d=mm&r=g","url":"https:\/\/secure.gravatar.com\/avatar\/951e9da0a291f11d14b93bccd2d18cab?s=96&d=mm&r=g","contentUrl":"https:\/\/secure.gravatar.com\/avatar\/951e9da0a291f11d14b93bccd2d18cab?s=96&d=mm&r=g","caption":"Mairie de Laman\u00e8re"},"url":"https:\/\/lamanere.fr\/ca\/author\/jean-paul\/"}]}},"_links":{"self":[{"href":"https:\/\/lamanere.fr\/ca\/wp-json\/wp\/v2\/posts\/2468"}],"collection":[{"href":"https:\/\/lamanere.fr\/ca\/wp-json\/wp\/v2\/posts"}],"about":[{"href":"https:\/\/lamanere.fr\/ca\/wp-json\/wp\/v2\/types\/post"}],"author":[{"embeddable":true,"href":"https:\/\/lamanere.fr\/ca\/wp-json\/wp\/v2\/users\/2"}],"replies":[{"embeddable":true,"href":"https:\/\/lamanere.fr\/ca\/wp-json\/wp\/v2\/comments?post=2468"}],"version-history":[{"count":2,"href":"https:\/\/lamanere.fr\/ca\/wp-json\/wp\/v2\/posts\/2468\/revisions"}],"predecessor-version":[{"id":2470,"href":"https:\/\/lamanere.fr\/ca\/wp-json\/wp\/v2\/posts\/2468\/revisions\/2470"}],"wp:attachment":[{"href":"https:\/\/lamanere.fr\/ca\/wp-json\/wp\/v2\/media?parent=2468"}],"wp:term":[{"taxonomy":"category","embeddable":true,"href":"https:\/\/lamanere.fr\/ca\/wp-json\/wp\/v2\/categories?post=2468"},{"taxonomy":"post_tag","embeddable":true,"href":"https:\/\/lamanere.fr\/ca\/wp-json\/wp\/v2\/tags?post=2468"}],"curies":[{"name":"wp","href":"https:\/\/api.w.org\/{rel}","templated":true}]}}