{"id":2595,"date":"2023-02-13T09:56:25","date_gmt":"2023-02-13T08:56:25","guid":{"rendered":"https:\/\/lamanere.fr\/?p=2595"},"modified":"2023-02-13T09:56:25","modified_gmt":"2023-02-13T08:56:25","slug":"deliberations-du-conseil-municipal-de-lamanere-du-28-janvier-2023-au-8-fevrier-2023","status":"publish","type":"post","link":"https:\/\/lamanere.fr\/ca\/2023\/02\/13\/deliberations-du-conseil-municipal-de-lamanere-du-28-janvier-2023-au-8-fevrier-2023\/","title":{"rendered":"DELIBERATIONS DU CONSEIL MUNICIPAL DE LAMANERE du 28 janvier 2023 au 8 f\u00e9vrier 2023"},"content":{"rendered":"<p class=\"qtranxs-available-languages-message qtranxs-available-languages-message-ca\">Ho sentim, aquesta entrada es troba disponible \u00fanicament en <a href=\"https:\/\/lamanere.fr\/fr\/wp-json\/wp\/v2\/posts\/2595\" class=\"qtranxs-available-language-link qtranxs-available-language-link-fr\" title=\"Fran\u00e7ais\">Franc\u00e8s<\/a>.<\/p><p><a href=\"https:\/\/lamanere.fr\/wp-content\/uploads\/2023\/02\/01-Delib-achat-mat-ancien-deleg-MR.pdf\">01 Delib achat mat ancien deleg MR<\/a><\/p>\n<p><a href=\"https:\/\/lamanere.fr\/wp-content\/uploads\/2023\/02\/02-Modif-et-transfert-cantines-scolaires.pdf\">02 Modif et transfert cantines scolaires<\/a><\/p>\n<p><a href=\"https:\/\/lamanere.fr\/wp-content\/uploads\/2023\/02\/03-changement-delegue-CCHV.pdf\">03 changement delegue CCHV<\/a><\/p>\n<p><a href=\"https:\/\/lamanere.fr\/wp-content\/uploads\/2023\/02\/04-Modif-contrat-DSP-du-MR.pdf\">04 Modif contrat DSP du MR<\/a><\/p>\n<p><a href=\"https:\/\/lamanere.fr\/wp-content\/uploads\/2023\/02\/05-Appel-public-concurrence-MR.pdf\">05 Appel public concurrence MR<\/a><\/p>\n<p>&nbsp;<\/p>","protected":false},"excerpt":{"rendered":"<p>Ho sentim, aquesta entrada es troba disponible \u00fanicament en Franc\u00e8s.01 Delib achat mat ancien deleg MR 02 Modif et transfert cantines scolaires 03 changement delegue CCHV 04 Modif contrat DSP du MR 05 Appel public concurrence MR &nbsp;<\/p>\n","protected":false},"author":2,"featured_media":0,"comment_status":"open","ping_status":"open","sticky":false,"template":"","format":"standard","meta":{"footnotes":""},"categories":[1],"tags":[],"yoast_head":"<!-- This site is optimized with the Yoast SEO plugin v27.4 - https:\/\/yoast.com\/product\/yoast-seo-wordpress\/ -->\n<title><\/title>\n<meta name=\"robots\" content=\"index, follow, max-snippet:-1, max-image-preview:large, max-video-preview:-1\" \/>\n<link rel=\"canonical\" href=\"https:\/\/lamanere.fr\/2023\/02\/13\/deliberations-du-conseil-municipal-de-lamanere-du-28-janvier-2023-au-8-fevrier-2023\/\" \/>\n<meta property=\"og:locale\" content=\"ca_ES\" \/>\n<meta property=\"og:type\" content=\"article\" \/>\n<meta property=\"og:title\" content=\"[:fr]DELIBERATIONS DU CONSEIL MUNICIPAL DE LAMANERE du 28 janvier 2023 au 8 f\u00e9vrier 2023[:] - Laman\u00e8re - Lloc oficial del municipi\" \/>\n<meta property=\"og:description\" content=\"Ho sentim, aquesta entrada es troba disponible \u00fanicament en Franc\u00e8s.01 Delib achat mat ancien deleg MR 02 Modif et transfert cantines scolaires 03 changement delegue CCHV 04 Modif contrat DSP du MR 05 Appel public concurrence MR &nbsp;\" \/>\n<meta property=\"og:url\" content=\"https:\/\/lamanere.fr\/2023\/02\/13\/deliberations-du-conseil-municipal-de-lamanere-du-28-janvier-2023-au-8-fevrier-2023\/\" \/>\n<meta property=\"og:site_name\" content=\"Laman\u00e8re - Lloc oficial del municipi\" \/>\n<meta property=\"article:publisher\" content=\"https:\/\/www.facebook.com\/lamanere\" \/>\n<meta property=\"article:published_time\" content=\"2023-02-13T08:56:25+00:00\" \/>\n<meta name=\"author\" content=\"Mairie de Laman\u00e8re\" \/>\n<meta name=\"twitter:card\" content=\"summary_large_image\" \/>\n<meta name=\"twitter:label1\" content=\"Escrit per\" \/>\n\t<meta name=\"twitter:data1\" content=\"Mairie de Laman\u00e8re\" \/>\n\t<meta name=\"twitter:label2\" content=\"Temps estimat de lectura\" \/>\n\t<meta name=\"twitter:data2\" content=\"1 minut\" \/>\n<script type=\"application\/ld+json\" class=\"yoast-schema-graph\">{\"@context\":\"https:\\\/\\\/schema.org\",\"@graph\":[{\"@type\":\"Article\",\"@id\":\"https:\\\/\\\/lamanere.fr\\\/2023\\\/02\\\/13\\\/deliberations-du-conseil-municipal-de-lamanere-du-28-janvier-2023-au-8-fevrier-2023\\\/#article\",\"isPartOf\":{\"@id\":\"https:\\\/\\\/lamanere.fr\\\/2023\\\/02\\\/13\\\/deliberations-du-conseil-municipal-de-lamanere-du-28-janvier-2023-au-8-fevrier-2023\\\/\"},\"author\":{\"name\":\"Mairie de Laman\u00e8re\",\"@id\":\"https:\\\/\\\/lamanere.fr\\\/#\\\/schema\\\/person\\\/b26317ee332d7f6bfb5bff1394da6e59\"},\"headline\":\"DELIBERATIONS DU CONSEIL MUNICIPAL DE LAMANERE du 28 janvier 2023 au 8 f\u00e9vrier 2023\",\"datePublished\":\"2023-02-13T08:56:25+00:00\",\"mainEntityOfPage\":{\"@id\":\"https:\\\/\\\/lamanere.fr\\\/2023\\\/02\\\/13\\\/deliberations-du-conseil-municipal-de-lamanere-du-28-janvier-2023-au-8-fevrier-2023\\\/\"},\"wordCount\":37,\"commentCount\":0,\"publisher\":{\"@id\":\"https:\\\/\\\/lamanere.fr\\\/#organization\"},\"articleSection\":[\"Divers\"],\"inLanguage\":\"ca\",\"potentialAction\":[{\"@type\":\"CommentAction\",\"name\":\"Comment\",\"target\":[\"https:\\\/\\\/lamanere.fr\\\/2023\\\/02\\\/13\\\/deliberations-du-conseil-municipal-de-lamanere-du-28-janvier-2023-au-8-fevrier-2023\\\/#respond\"]}]},{\"@type\":\"WebPage\",\"@id\":\"https:\\\/\\\/lamanere.fr\\\/2023\\\/02\\\/13\\\/deliberations-du-conseil-municipal-de-lamanere-du-28-janvier-2023-au-8-fevrier-2023\\\/\",\"url\":\"https:\\\/\\\/lamanere.fr\\\/2023\\\/02\\\/13\\\/deliberations-du-conseil-municipal-de-lamanere-du-28-janvier-2023-au-8-fevrier-2023\\\/\",\"name\":\"[:fr]DELIBERATIONS DU CONSEIL MUNICIPAL DE LAMANERE du 28 janvier 2023 au 8 f\u00e9vrier 2023[:] - Laman\u00e8re - Lloc oficial del municipi\",\"isPartOf\":{\"@id\":\"https:\\\/\\\/lamanere.fr\\\/#website\"},\"datePublished\":\"2023-02-13T08:56:25+00:00\",\"breadcrumb\":{\"@id\":\"https:\\\/\\\/lamanere.fr\\\/2023\\\/02\\\/13\\\/deliberations-du-conseil-municipal-de-lamanere-du-28-janvier-2023-au-8-fevrier-2023\\\/#breadcrumb\"},\"inLanguage\":\"ca\",\"potentialAction\":[{\"@type\":\"ReadAction\",\"target\":[\"https:\\\/\\\/lamanere.fr\\\/2023\\\/02\\\/13\\\/deliberations-du-conseil-municipal-de-lamanere-du-28-janvier-2023-au-8-fevrier-2023\\\/\"]}]},{\"@type\":\"BreadcrumbList\",\"@id\":\"https:\\\/\\\/lamanere.fr\\\/2023\\\/02\\\/13\\\/deliberations-du-conseil-municipal-de-lamanere-du-28-janvier-2023-au-8-fevrier-2023\\\/#breadcrumb\",\"itemListElement\":[{\"@type\":\"ListItem\",\"position\":1,\"name\":\"Accueil\",\"item\":\"https:\\\/\\\/lamanere.fr\\\/\"},{\"@type\":\"ListItem\",\"position\":2,\"name\":\"DELIBERATIONS DU CONSEIL MUNICIPAL DE LAMANERE du 28 janvier 2023 au 8 f\u00e9vrier 2023\"}]},{\"@type\":\"WebSite\",\"@id\":\"https:\\\/\\\/lamanere.fr\\\/#website\",\"url\":\"https:\\\/\\\/lamanere.fr\\\/\",\"name\":\"Laman\u00e8re - Lloc oficial del municipi\",\"description\":\"Poble m\u00e9s al sud de la Fran\u00e7a continental\",\"publisher\":{\"@id\":\"https:\\\/\\\/lamanere.fr\\\/#organization\"},\"potentialAction\":[{\"@type\":\"SearchAction\",\"target\":{\"@type\":\"EntryPoint\",\"urlTemplate\":\"https:\\\/\\\/lamanere.fr\\\/?s={search_term_string}\"},\"query-input\":{\"@type\":\"PropertyValueSpecification\",\"valueRequired\":true,\"valueName\":\"search_term_string\"}}],\"inLanguage\":\"ca\"},{\"@type\":\"Organization\",\"@id\":\"https:\\\/\\\/lamanere.fr\\\/#organization\",\"name\":\"Commune de Laman\u00e8re\",\"url\":\"https:\\\/\\\/lamanere.fr\\\/\",\"logo\":{\"@type\":\"ImageObject\",\"inLanguage\":\"ca\",\"@id\":\"https:\\\/\\\/lamanere.fr\\\/#\\\/schema\\\/logo\\\/image\\\/\",\"url\":\"https:\\\/\\\/lamanere.fr\\\/wp-content\\\/uploads\\\/2020\\\/09\\\/logo2-149.jpg\",\"contentUrl\":\"https:\\\/\\\/lamanere.fr\\\/wp-content\\\/uploads\\\/2020\\\/09\\\/logo2-149.jpg\",\"width\":149,\"height\":146,\"caption\":\"Commune de Laman\u00e8re\"},\"image\":{\"@id\":\"https:\\\/\\\/lamanere.fr\\\/#\\\/schema\\\/logo\\\/image\\\/\"},\"sameAs\":[\"https:\\\/\\\/www.facebook.com\\\/lamanere\",\"https:\\\/\\\/fr.wikipedia.org\\\/wiki\\\/Laman\u00e8re\"]},{\"@type\":\"Person\",\"@id\":\"https:\\\/\\\/lamanere.fr\\\/#\\\/schema\\\/person\\\/b26317ee332d7f6bfb5bff1394da6e59\",\"name\":\"Mairie de Laman\u00e8re\",\"image\":{\"@type\":\"ImageObject\",\"inLanguage\":\"ca\",\"@id\":\"https:\\\/\\\/secure.gravatar.com\\\/avatar\\\/951e9da0a291f11d14b93bccd2d18cab?s=96&d=mm&r=g\",\"url\":\"https:\\\/\\\/secure.gravatar.com\\\/avatar\\\/951e9da0a291f11d14b93bccd2d18cab?s=96&d=mm&r=g\",\"contentUrl\":\"https:\\\/\\\/secure.gravatar.com\\\/avatar\\\/951e9da0a291f11d14b93bccd2d18cab?s=96&d=mm&r=g\",\"caption\":\"Mairie de Laman\u00e8re\"},\"url\":\"https:\\\/\\\/lamanere.fr\\\/ca\\\/author\\\/jean-paul\\\/\"}]}<\/script>\n<!-- \/ Yoast SEO plugin. -->","yoast_head_json":{"title":"[:fr]DELIBERATIONS DU CONSEIL MUNICIPAL DE LAMANERE du 28 janvier 2023 au 8 f\u00e9vrier 2023[:] - Laman\u00e8re - Lloc oficial del municipi","robots":{"index":"index","follow":"follow","max-snippet":"max-snippet:-1","max-image-preview":"max-image-preview:large","max-video-preview":"max-video-preview:-1"},"canonical":"https:\/\/lamanere.fr\/2023\/02\/13\/deliberations-du-conseil-municipal-de-lamanere-du-28-janvier-2023-au-8-fevrier-2023\/","og_locale":"ca_ES","og_type":"article","og_title":"[:fr]DELIBERATIONS DU CONSEIL MUNICIPAL DE LAMANERE du 28 janvier 2023 au 8 f\u00e9vrier 2023[:] - Laman\u00e8re - Lloc oficial del municipi","og_description":"Ho sentim, aquesta entrada es troba disponible \u00fanicament en Franc\u00e8s.01 Delib achat mat ancien deleg MR 02 Modif et transfert cantines scolaires 03 changement delegue CCHV 04 Modif contrat DSP du MR 05 Appel public concurrence MR &nbsp;","og_url":"https:\/\/lamanere.fr\/2023\/02\/13\/deliberations-du-conseil-municipal-de-lamanere-du-28-janvier-2023-au-8-fevrier-2023\/","og_site_name":"Laman\u00e8re - Lloc oficial del municipi","article_publisher":"https:\/\/www.facebook.com\/lamanere","article_published_time":"2023-02-13T08:56:25+00:00","author":"Mairie de Laman\u00e8re","twitter_card":"summary_large_image","twitter_misc":{"Escrit per":"Mairie de Laman\u00e8re","Temps estimat de lectura":"1 minut"},"schema":{"@context":"https:\/\/schema.org","@graph":[{"@type":"Article","@id":"https:\/\/lamanere.fr\/2023\/02\/13\/deliberations-du-conseil-municipal-de-lamanere-du-28-janvier-2023-au-8-fevrier-2023\/#article","isPartOf":{"@id":"https:\/\/lamanere.fr\/2023\/02\/13\/deliberations-du-conseil-municipal-de-lamanere-du-28-janvier-2023-au-8-fevrier-2023\/"},"author":{"name":"Mairie de Laman\u00e8re","@id":"https:\/\/lamanere.fr\/#\/schema\/person\/b26317ee332d7f6bfb5bff1394da6e59"},"headline":"DELIBERATIONS DU CONSEIL MUNICIPAL DE LAMANERE du 28 janvier 2023 au 8 f\u00e9vrier 2023","datePublished":"2023-02-13T08:56:25+00:00","mainEntityOfPage":{"@id":"https:\/\/lamanere.fr\/2023\/02\/13\/deliberations-du-conseil-municipal-de-lamanere-du-28-janvier-2023-au-8-fevrier-2023\/"},"wordCount":37,"commentCount":0,"publisher":{"@id":"https:\/\/lamanere.fr\/#organization"},"articleSection":["Divers"],"inLanguage":"ca","potentialAction":[{"@type":"CommentAction","name":"Comment","target":["https:\/\/lamanere.fr\/2023\/02\/13\/deliberations-du-conseil-municipal-de-lamanere-du-28-janvier-2023-au-8-fevrier-2023\/#respond"]}]},{"@type":"WebPage","@id":"https:\/\/lamanere.fr\/2023\/02\/13\/deliberations-du-conseil-municipal-de-lamanere-du-28-janvier-2023-au-8-fevrier-2023\/","url":"https:\/\/lamanere.fr\/2023\/02\/13\/deliberations-du-conseil-municipal-de-lamanere-du-28-janvier-2023-au-8-fevrier-2023\/","name":"[:fr]DELIBERATIONS DU CONSEIL MUNICIPAL DE LAMANERE du 28 janvier 2023 au 8 f\u00e9vrier 2023[:] - Laman\u00e8re - Lloc oficial del municipi","isPartOf":{"@id":"https:\/\/lamanere.fr\/#website"},"datePublished":"2023-02-13T08:56:25+00:00","breadcrumb":{"@id":"https:\/\/lamanere.fr\/2023\/02\/13\/deliberations-du-conseil-municipal-de-lamanere-du-28-janvier-2023-au-8-fevrier-2023\/#breadcrumb"},"inLanguage":"ca","potentialAction":[{"@type":"ReadAction","target":["https:\/\/lamanere.fr\/2023\/02\/13\/deliberations-du-conseil-municipal-de-lamanere-du-28-janvier-2023-au-8-fevrier-2023\/"]}]},{"@type":"BreadcrumbList","@id":"https:\/\/lamanere.fr\/2023\/02\/13\/deliberations-du-conseil-municipal-de-lamanere-du-28-janvier-2023-au-8-fevrier-2023\/#breadcrumb","itemListElement":[{"@type":"ListItem","position":1,"name":"Accueil","item":"https:\/\/lamanere.fr\/"},{"@type":"ListItem","position":2,"name":"DELIBERATIONS DU CONSEIL MUNICIPAL DE LAMANERE du 28 janvier 2023 au 8 f\u00e9vrier 2023"}]},{"@type":"WebSite","@id":"https:\/\/lamanere.fr\/#website","url":"https:\/\/lamanere.fr\/","name":"Laman\u00e8re - Lloc oficial del municipi","description":"Poble m\u00e9s al sud de la Fran\u00e7a continental","publisher":{"@id":"https:\/\/lamanere.fr\/#organization"},"potentialAction":[{"@type":"SearchAction","target":{"@type":"EntryPoint","urlTemplate":"https:\/\/lamanere.fr\/?s={search_term_string}"},"query-input":{"@type":"PropertyValueSpecification","valueRequired":true,"valueName":"search_term_string"}}],"inLanguage":"ca"},{"@type":"Organization","@id":"https:\/\/lamanere.fr\/#organization","name":"Commune de Laman\u00e8re","url":"https:\/\/lamanere.fr\/","logo":{"@type":"ImageObject","inLanguage":"ca","@id":"https:\/\/lamanere.fr\/#\/schema\/logo\/image\/","url":"https:\/\/lamanere.fr\/wp-content\/uploads\/2020\/09\/logo2-149.jpg","contentUrl":"https:\/\/lamanere.fr\/wp-content\/uploads\/2020\/09\/logo2-149.jpg","width":149,"height":146,"caption":"Commune de Laman\u00e8re"},"image":{"@id":"https:\/\/lamanere.fr\/#\/schema\/logo\/image\/"},"sameAs":["https:\/\/www.facebook.com\/lamanere","https:\/\/fr.wikipedia.org\/wiki\/Laman\u00e8re"]},{"@type":"Person","@id":"https:\/\/lamanere.fr\/#\/schema\/person\/b26317ee332d7f6bfb5bff1394da6e59","name":"Mairie de Laman\u00e8re","image":{"@type":"ImageObject","inLanguage":"ca","@id":"https:\/\/secure.gravatar.com\/avatar\/951e9da0a291f11d14b93bccd2d18cab?s=96&d=mm&r=g","url":"https:\/\/secure.gravatar.com\/avatar\/951e9da0a291f11d14b93bccd2d18cab?s=96&d=mm&r=g","contentUrl":"https:\/\/secure.gravatar.com\/avatar\/951e9da0a291f11d14b93bccd2d18cab?s=96&d=mm&r=g","caption":"Mairie de Laman\u00e8re"},"url":"https:\/\/lamanere.fr\/ca\/author\/jean-paul\/"}]}},"_links":{"self":[{"href":"https:\/\/lamanere.fr\/ca\/wp-json\/wp\/v2\/posts\/2595"}],"collection":[{"href":"https:\/\/lamanere.fr\/ca\/wp-json\/wp\/v2\/posts"}],"about":[{"href":"https:\/\/lamanere.fr\/ca\/wp-json\/wp\/v2\/types\/post"}],"author":[{"embeddable":true,"href":"https:\/\/lamanere.fr\/ca\/wp-json\/wp\/v2\/users\/2"}],"replies":[{"embeddable":true,"href":"https:\/\/lamanere.fr\/ca\/wp-json\/wp\/v2\/comments?post=2595"}],"version-history":[{"count":1,"href":"https:\/\/lamanere.fr\/ca\/wp-json\/wp\/v2\/posts\/2595\/revisions"}],"predecessor-version":[{"id":2596,"href":"https:\/\/lamanere.fr\/ca\/wp-json\/wp\/v2\/posts\/2595\/revisions\/2596"}],"wp:attachment":[{"href":"https:\/\/lamanere.fr\/ca\/wp-json\/wp\/v2\/media?parent=2595"}],"wp:term":[{"taxonomy":"category","embeddable":true,"href":"https:\/\/lamanere.fr\/ca\/wp-json\/wp\/v2\/categories?post=2595"},{"taxonomy":"post_tag","embeddable":true,"href":"https:\/\/lamanere.fr\/ca\/wp-json\/wp\/v2\/tags?post=2595"}],"curies":[{"name":"wp","href":"https:\/\/api.w.org\/{rel}","templated":true}]}}