{"id":2687,"date":"2023-04-09T20:44:09","date_gmt":"2023-04-09T19:44:09","guid":{"rendered":"https:\/\/lamanere.fr\/?p=2687"},"modified":"2023-04-09T20:44:09","modified_gmt":"2023-04-09T19:44:09","slug":"compte-rendu-du-conseil-municipal-tenu-le-4-avril-2023","status":"publish","type":"post","link":"https:\/\/lamanere.fr\/ca\/2023\/04\/09\/compte-rendu-du-conseil-municipal-tenu-le-4-avril-2023\/","title":{"rendered":"COMPTE RENDU DU CONSEIL MUNICIPAL TENU LE 4 avril 2023"},"content":{"rendered":"<p class=\"qtranxs-available-languages-message qtranxs-available-languages-message-ca\">Ho sentim, aquesta entrada es troba disponible \u00fanicament en <a href=\"https:\/\/lamanere.fr\/fr\/wp-json\/wp\/v2\/posts\/2687\" class=\"qtranxs-available-language-link qtranxs-available-language-link-fr\" title=\"Fran\u00e7ais\">Franc\u00e8s<\/a>.<\/p><p><\/p>\n<p style=\"text-align: center;\"><strong>Compte rendu de la r\u00e9union du Conseil Municipal de Laman\u00e8re <\/strong><\/p>\n<p style=\"text-align: center;\"><strong>du mardi 04 avril 2023 \u00e0 9h00<\/strong><\/p>\n<p><strong>\u00a0<\/strong><\/p>\n<p>Secr\u00e9taire de s\u00e9ance\u00a0: Jean Paul La\u00eflle<\/p>\n<p><strong>Pr\u00e9sents<\/strong>\u00a0:<\/p>\n<p>Mme Gis\u00e8le Juanole, Maire<\/p>\n<p>Jacky Pujol, premier adjoint<\/p>\n<p>G\u00e9rard Cuvilliez, second adjoint<\/p>\n<p>Mme Pierrette Juanole-D\u00e9moulin, conseill\u00e8re<\/p>\n<p>Claude Font, conseiller<\/p>\n<p>Jean-Paul La\u00eflle, conseiller<\/p>\n<p style=\"text-align: center;\">La r\u00e9union est ouverte \u00e0 9h12<\/p>\n<ul>\n<li><strong>D\u00e9lib\u00e9ration sur le vote des taux d\u2019imposition 2023<\/strong><\/li>\n<\/ul>\n<p>Le dispositif de suppression progressive de la taxe d\u2019habitation est en cours d\u2019ach\u00e8vement.<\/p>\n<p>Cette taxe sera n\u00e9anmoins conserv\u00e9e pour les r\u00e9sidences secondaires, les locaux meubl\u00e9s non affect\u00e9s \u00e0 l\u2019habitation principale et les logements inoccup\u00e9s pendant plus de deux ans.<\/p>\n<p>Les nouveaux calculs des taux d\u2019imposition du Foncier B\u00e2ti et du Foncier non B\u00e2ti sont respectivement de 41,72% (inchang\u00e9 par rapport \u00e0 2022) et 100,22%. Le taux de la taxe d\u2019habitation est de 14,71%. Le r\u00e9sultat attendu sur le foncier b\u00e2ti et non b\u00e2ti de Laman\u00e8re s\u2019\u00e9l\u00e8ve \u00e0 33167 \u20ac pour le foncier b\u00e2ti, 2205 \u20ac pour le foncier non b\u00e2ti et 14706 \u20ac pour la taxe d\u2019habitation. Le total des ressources esp\u00e9r\u00e9es s\u2019\u00e9l\u00e8ve donc \u00e0 50078 \u20ac, qui sera ramen\u00e9 \u00e0 38562 \u20ac apr\u00e8s prise en compte des produits attendus des ressources ind\u00e9pendantes des taux vot\u00e9s (11516 \u20ac).<\/p>\n<p><strong>Le Conseil Municipal apr\u00e8s avoir d\u00e9lib\u00e9r\u00e9 et \u00e0 l\u2019unanimit\u00e9 des membres pr\u00e9sents\u00a0:<\/strong><\/p>\n<ul>\n<li><strong>Approuve <\/strong>ces taux d\u2019imposition,<\/li>\n<li><strong>Autorise<\/strong> Mme le Maire \u00e0 signer toutes les pi\u00e8ces relatives \u00e0 ce dossier<\/li>\n<\/ul>\n<p>Une d\u00e9lib\u00e9ration sera r\u00e9dig\u00e9e en ce sens<\/p>\n<ul>\n<li><strong>D\u00e9lib\u00e9ration des subventions 2023 \u00e0 accorder aux associations et syndicats<\/strong><\/li>\n<\/ul>\n<p>Le Conseil Municipal propose les subventions suivantes aux associations de Laman\u00e8re\u00a0:<\/p>\n<ul>\n<li>L\u2019ACCA \u00ab\u00a0El Singla\u00a0\u00bb de Laman\u00e8re (association de chasse)\u00a0: 250 \u20ac (augmentation de 50 \u20ac par rapport \u00e0 2022)<\/li>\n<li>La truite du Castell (association de p\u00eache)\u00a0: 150 \u20ac<\/li>\n<li>Syndicat agricole\u00a0: 60 \u20ac (augmentation de 5 \u20ac par rapport \u00e0 2022)<\/li>\n<li>Els Amics de Laman\u00e8re (Comit\u00e9 des f\u00eates)\u00a0: 400 \u20ac (augmentation de 45 \u20ac par rapport \u00e0 2022)<\/li>\n<li>Le Pla\u00e7ot au c\u0153ur\u00a0: 150 \u20ac.<\/li>\n<\/ul>\n<p>Le montant total des subventions s\u2019\u00e9l\u00e8ve ainsi \u00e0 1010 \u20ac<\/p>\n<p><strong>Le Conseil Municipal apr\u00e8s avoir d\u00e9lib\u00e9r\u00e9 et \u00e0 l\u2019unanimit\u00e9 des membres pr\u00e9sents\u00a0:<\/strong><\/p>\n<ul>\n<li><strong>Approuve <\/strong>l\u2019attribution des subventions aux associations de Laman\u00e8re,<\/li>\n<li><strong>Autorise<\/strong> Mme le Maire \u00e0 signer toutes les pi\u00e8ces relatives \u00e0 ce dossier<\/li>\n<\/ul>\n<p>Une d\u00e9lib\u00e9ration sera r\u00e9dig\u00e9e en ce sens<\/p>\n<ul>\n<li><strong>D\u00e9lib\u00e9ration sur le compte de gestion 2022<\/strong><\/li>\n<\/ul>\n<p>&nbsp;<\/p>\n<table>\n<tbody>\n<tr>\n<td width=\"120\">&nbsp;<\/td>\n<td width=\"127\">R\u00e9sultats de cl\u00f4ture exercice 2021<\/td>\n<td width=\"109\">Part affect\u00e9e \u00e0 l\u2019investissement exercice 2022<\/td>\n<td width=\"98\">R\u00e9sultats de l\u2019exercice 2022<\/td>\n<td width=\"109\">R\u00e9sultats de cl\u00f4ture exercice 2022<\/td>\n<\/tr>\n<tr>\n<td width=\"120\">Investissement<\/td>\n<td width=\"127\">57\u00a0647,26 \u20ac<\/td>\n<td width=\"109\">&nbsp;<\/td>\n<td width=\"98\">-28\u00a0034,60 \u20ac<\/td>\n<td width=\"109\">29\u00a0612,66 \u20ac<\/td>\n<\/tr>\n<tr>\n<td width=\"120\">Fonctionnement<\/td>\n<td width=\"127\">71\u00a0277,38 \u20ac<\/td>\n<td width=\"109\">26\u00a0897,99 \u20ac<\/td>\n<td width=\"98\">40\u00a0775,82 \u20ac<\/td>\n<td width=\"109\">85\u00a0155,21 \u20ac<\/td>\n<\/tr>\n<tr>\n<td width=\"120\">Total<\/td>\n<td width=\"127\">128\u00a0524,64 \u20ac<\/td>\n<td width=\"109\">26\u00a0897,99 \u20ac<\/td>\n<td width=\"98\">12\u00a0741,22<\/td>\n<td width=\"109\">114\u00a0567,87 \u20ac<\/td>\n<\/tr>\n<\/tbody>\n<\/table>\n<p>&nbsp;<\/p>\n<p><strong>Le Conseil Municipal apr\u00e8s avoir d\u00e9lib\u00e9r\u00e9 et \u00e0 l\u2019unanimit\u00e9 des membres pr\u00e9sents\u00a0:<\/strong><\/p>\n<ul>\n<li><strong>Approuve <\/strong>le compte de gestion 2022,<\/li>\n<li><strong>Autorise<\/strong> Mme le Maire \u00e0 signer toutes les pi\u00e8ces relatives \u00e0 ce dossier<\/li>\n<\/ul>\n<p>Une d\u00e9lib\u00e9ration sera r\u00e9dig\u00e9e en ce sens<\/p>\n<ul>\n<li><strong>D\u00e9lib\u00e9ration sur les tarifs des g\u00eetes ruraux, de l\u2019appartement B, de la salle polyvalente<\/strong><\/li>\n<\/ul>\n<p>Le Conseil Municipal propose\u00a0:<\/p>\n<ul>\n<li>de reconduire les tarifs 2022 des g\u00eetes ruraux\u00a0:\n<ul>\n<li>Basse saison 42 \u20ac \/ nuit\u00e9e et 270 \u20ac \/ semaine<\/li>\n<li>Haute saison 48 \u20ac \/ nuit\u00e9e et 320 \u20ac \/ semaine, 50 \u20ac \/ nuit\u00e9e et 340 \u20ac \/ semaine pour le g\u00eete avec terrasse (N\u00b02)<\/li>\n<\/ul>\n<\/li>\n<li>pour 2023, sur la p\u00e9riode du 15 juillet au 15 ao\u00fbt, une location des g\u00eetes \u00e0 la semaine avec le g\u00eete N\u00b01 pour des p\u00e9riodes de 2 \/ 3 jours et le refuge<\/li>\n<li>pour l\u2019appartement B (en cours de r\u00e9habilitation)\u00a0: 350 \u20ac \/mois<\/li>\n<li>pour la salle polyvalente\u00a0: gratuit pour les associations, 20 \u20ac pour les particuliers r\u00e9sidant \u00e0 Laman\u00e8re, 60 \u20ac pour les clients ext\u00e9rieurs.<\/li>\n<\/ul>\n<p><strong>\u00a0<\/strong><strong>Le Conseil Municipal apr\u00e8s avoir d\u00e9lib\u00e9r\u00e9 et \u00e0 l\u2019unanimit\u00e9 des membres pr\u00e9sents\u00a0:<\/strong><\/p>\n<ul>\n<li><strong>Approuve <\/strong>les tarifs des g\u00eetes ruraux, de l\u2019appartement B et de la salle polyvalente,<\/li>\n<li><strong>Autorise<\/strong> Mme le Maire \u00e0 signer toutes les pi\u00e8ces relatives \u00e0 ce dossier<\/li>\n<\/ul>\n<p>Une d\u00e9lib\u00e9ration sera r\u00e9dig\u00e9e en ce sens<\/p>\n<ul>\n<li><strong>D\u00e9lib\u00e9ration location g\u00eete N\u00b04 au Centre de Conservation et de Restauration du Patrimoine du CD66 <\/strong>(travaux de l\u2019Eglise)<\/li>\n<\/ul>\n<p>Des experts du Centre de Conservation et de Restauration du Patrimoine seront \u00e0 Laman\u00e8re du 2 au 21 juillet, afin d\u2019effectuer des travaux de sauvegarde et de restauration des objets, v\u00eatements sacerdotaux et retable de l\u2019Eglise Saint Sauveur.<\/p>\n<p>Il est pr\u00e9vu de les loger au g\u00eete rural N\u00b04. Le Conseil Municipal propose les tarifs suivants\u00a0:<\/p>\n<ul>\n<li>2 semaines compl\u00e8tes \u00e0 340 \u20ac par semaine et 85 \u20ac par nuit\u00e9e sur 4 nuit\u00e9es<\/li>\n<\/ul>\n<p><strong>\u00a0<\/strong><strong>Le Conseil Municipal apr\u00e8s avoir d\u00e9lib\u00e9r\u00e9 et \u00e0 l\u2019unanimit\u00e9 des membres pr\u00e9sents\u00a0:<\/strong><\/p>\n<ul>\n<li><strong>Approuve <\/strong>la proposition de tarifs pour le g\u00eete N\u00b04 sur la p\u00e9riode du 2 au 21 juillet 2023,<\/li>\n<li><strong>Autorise<\/strong> Mme le Maire \u00e0 signer toutes les pi\u00e8ces relatives \u00e0 ce dossier<\/li>\n<\/ul>\n<p>Une d\u00e9lib\u00e9ration sera r\u00e9dig\u00e9e en ce sens<\/p>\n<ul>\n<li><strong>D\u00e9lib\u00e9ration pour le remboursement d\u2019achat d\u2019un \u00e9lu<\/strong><\/li>\n<\/ul>\n<p>Un \u00e9lu a achet\u00e9 du mat\u00e9riel au magasin d\u2019outillage Welldom pour la somme de 48,60 \u20ac TTC<\/p>\n<p><strong>Le Conseil Municipal apr\u00e8s avoir d\u00e9lib\u00e9r\u00e9 et \u00e0 l\u2019unanimit\u00e9 des membres pr\u00e9sents\u00a0:<\/strong><\/p>\n<ul>\n<li><strong>Approuve <\/strong>le remboursement \u00e0 l\u2019\u00e9lu de l\u2019achat de ce mat\u00e9riel ,<\/li>\n<li><strong>Autorise<\/strong> Mme le Maire \u00e0 signer toutes les pi\u00e8ces relatives \u00e0 ce dossier<\/li>\n<\/ul>\n<p>Une d\u00e9lib\u00e9ration sera r\u00e9dig\u00e9e en ce sens<\/p>\n<ul>\n<li><strong>D\u00e9lib\u00e9ration sur la RODP 2023 du SYDEEL 66<\/strong><\/li>\n<\/ul>\n<p>RODP\u00a0: redevance d\u2019occupation du domaine public par les ouvrages des r\u00e9seaux publics de transport et de distribution d\u2019\u00e9lectricit\u00e9.<\/p>\n<p>Mme le Maire propose au Conseil Municipal\u00a0:<\/p>\n<ul>\n<li>De calculer la redevance en prenant le seuil de la population totale de la commune issu du dernier recensement en vigueur au 1<sup>er<\/sup> janvier 2023,<\/li>\n<li>De fixer le montant de la redevance pour occupation du domaine public au taux maximum pr\u00e9vu, ce qui repr\u00e9sente un montant forfaitaire de 234 \u20ac par an<\/li>\n<\/ul>\n<p><strong>Le Conseil Municipal apr\u00e8s avoir d\u00e9lib\u00e9r\u00e9 et \u00e0 l\u2019unanimit\u00e9 des membres pr\u00e9sents\u00a0:<\/strong><\/p>\n<ul>\n<li><strong>Approuve <\/strong>la proposition qui lui est faite concernant la redevance d\u2019occupation du domaine public par les ouvrages des r\u00e9seaux publics de transport et de distribution d\u2019\u00e9lectricit\u00e9,<\/li>\n<li><strong>Autorise<\/strong> Mme le Maire \u00e0 signer toutes les pi\u00e8ces relatives \u00e0 ce dossier<\/li>\n<\/ul>\n<p>Une d\u00e9lib\u00e9ration sera r\u00e9dig\u00e9e en ce sens<\/p>\n<ul>\n<li><strong>D\u00e9lib\u00e9ration achat matelas pour les g\u00eetes ruraux<\/strong><\/li>\n<\/ul>\n<p>La Mairie a re\u00e7u un devis pour un ensemble de matelas\u00a0: 10 en 90 cm et 5 en 140 cm, provenant de l\u2019Hangar (sic) du Sommeil, pour un montant de 3985 \u20ac TTC. Ces matelas sont trait\u00e9s anti \u2013 punaises. Leur d\u00e9lai de livraison est de 10 \u00e0 15 jours.<\/p>\n<p><strong>Le Conseil Municipal apr\u00e8s avoir d\u00e9lib\u00e9r\u00e9 et \u00e0 l\u2019unanimit\u00e9 des membres pr\u00e9sents\u00a0:<\/strong><\/p>\n<ul>\n<li><strong>Approuve <\/strong>l\u2019achat de ces matelas, pour un montant de 3985 \u20ac TTC,<\/li>\n<li><strong>Autorise<\/strong> Mme le Maire \u00e0 signer toutes les pi\u00e8ces relatives \u00e0 ce dossier<\/li>\n<\/ul>\n<p>Une d\u00e9lib\u00e9ration sera r\u00e9dig\u00e9e en ce sens<\/p>\n<ul>\n<li><strong>Discussion et d\u00e9lib\u00e9ration de la Convention d\u2019adh\u00e9sion \u00e0 la m\u00e9diation pr\u00e9alable obligatoire (MPO) Collectivit\u00e9s affili\u00e9es au CDG 66<\/strong><\/li>\n<\/ul>\n<p>En cas de d\u00e9saccords concernant des agents de la Fonction Publique, sur des sujets tels que la r\u00e9mun\u00e9ration, la disponibilit\u00e9, la m\u00e9diation pr\u00e9alable obligatoire (MPO) constitue une \u00e9tape interm\u00e9diaire en cas de conflit, avant une possible action en justice aupr\u00e8s du Tribunal Administratif.<\/p>\n<p>Il est propos\u00e9 aux collectivit\u00e9s affili\u00e9es au CDG66 (CDG\u00a0: Centre de Gestion) la signature d\u2019une convention entre la collectivit\u00e9 concern\u00e9e et le CDG66, ayant pour objet l\u2019adh\u00e9sion de la collectivit\u00e9 \u00e0 la mission de m\u00e9diation pr\u00e9alable obligatoire.<\/p>\n<p>Cette convention est propos\u00e9e \u00e0 la signature de la commune.<\/p>\n<p><strong>Le Conseil Municipal apr\u00e8s avoir d\u00e9lib\u00e9r\u00e9 et \u00e0 l\u2019unanimit\u00e9 des membres pr\u00e9sents\u00a0:<\/strong><\/p>\n<ul>\n<li><strong>Approuve <\/strong>la signature de la convention de m\u00e9diation pr\u00e9alable obligatoire (MPO),<\/li>\n<li><strong>Autorise<\/strong> Mme le Maire \u00e0 signer toutes les pi\u00e8ces relatives \u00e0 ce dossier<\/li>\n<\/ul>\n<p>Une d\u00e9lib\u00e9ration sera r\u00e9dig\u00e9e en ce sens<\/p>\n<ul>\n<li><strong>Discussion Multiple rural suite \u00e0 l\u2019appel d\u2019offres<\/strong><\/li>\n<\/ul>\n<p>Suite \u00e0 l\u2019appel d\u2019offres pour la gestion du Multiple Rural de Laman\u00e8re, plusieurs candidatures se sont pr\u00e9sent\u00e9es. La majorit\u00e9 est rest\u00e9e sans suite, sauf celle de M. Franck Heynen.<\/p>\n<p>Cette candidature appara\u00eet int\u00e9ressante. M. Heynen, d\u00e9j\u00e0 re\u00e7u en Mairie le 3 avril, sera re\u00e7u \u00e0 nouveau le 14 avril. Il exposera son projet et apportera des pi\u00e8ces justificatives.<\/p>\n<p>La commune s\u2019oriente vers le signature d\u2019un contrat de bail d\u00e9rogatoire avec le g\u00e9rant du Multiple Rural, pour une dur\u00e9e de 6 mois.<\/p>\n<ul>\n<li><strong>Discussion plan \u00e9conomies d\u2019eau (pour le 15 avril) et campagne communication habitants, d\u00e9signation r\u00e9f\u00e9rents \u00ab\u00a0eau\u00a0\u00bb et \u00ab\u00a0incendie\u00a0\u00bb\u00a0; cons\u00e9quence pour jury \u00ab\u00a0village fleuri 2023\u00a0\u00bb<\/strong><\/li>\n<\/ul>\n<p>Suite \u00e0 la r\u00e9union organis\u00e9e par la Pr\u00e9fecture des Pyr\u00e9n\u00e9es \u2013 Orientales le 24 mars au Boulou, en raison de la situation catastrophique de l\u2019approvisionnement en eau du D\u00e9partement, la Sous \u2013 Pr\u00e9fecture a mis en avant les points suivants\u00a0:<\/p>\n<ul>\n<li>R\u00e9alisation dans chaque commune d\u2019un plan d\u2019\u00e9conomie d\u2019eau, \u00e0 adresser \u00e0 la Sous-Pr\u00e9fecture de C\u00e9ret avant le 15 avril, \u00e0 l\u2019attention de Mme Maud Bernard, Secr\u00e9taire G\u00e9n\u00e9rale de la Sous \u2013 Pr\u00e9fecture<\/li>\n<li>Mise en \u0153uvre d\u2019un plan de communication \u00e0 effet imm\u00e9diat, en utilisant tous les moyens de communication dont dispose la commune\u00a0: r\u00e9seaux sociaux, communication \u00e9crite, r\u00e9unions publiques, offices de tourisme\u2026 pour sensibiliser largement les habitants,<\/li>\n<li>D\u00e9signation d\u2019un r\u00e9f\u00e9rent \u00ab\u00a0eau\u00a0\u00bb par commune, qui sera l\u2019interlocuteur de la Sous \u2013 Pr\u00e9fecture sur ces questions,<\/li>\n<li>D\u00e9signation d\u2019un r\u00e9f\u00e9rent \u00ab\u00a0incendie\u00a0\u00bb, soutien \u00e0 l\u2019inventaire r\u00e9alis\u00e9 par les pompiers de citernes et points d\u2019eau d\u00e8s le 1<sup>er<\/sup> juin pour la mise en place des patrouilles dans les massifs<\/li>\n<\/ul>\n<p>Les nominations d\u2019un r\u00e9f\u00e9rent \u00ab\u00a0eau\u00a0\u00bb et d\u2019un r\u00e9f\u00e9rent \u00ab\u00a0incendie\u00a0\u00bb seront trait\u00e9es lors du prochain Conseil Municipal<\/p>\n<p>La Pr\u00e9fecture et l\u2019Association des Maires travaillent \u00e0 l\u2019\u00e9laboration d\u2019une Charte qui sera pr\u00e9sent\u00e9e aux communes pour approbation.<\/p>\n<p>Dans ces conditions, le projet de fleurissement du village et de la participation au jury \u00ab\u00a0village fleuri 2023\u00a0\u00bb sont repouss\u00e9s sine die.<\/p>\n<p>Certaines pistes pour r\u00e9aliser des \u00e9conomies d\u2019eau pourraient \u00eatre la mise en place\u00a0:<\/p>\n<ul>\n<li>\u00e9conomiseurs d\u2019eau chez les particuliers,<\/li>\n<li>selon l\u2019\u00e9tat de notre ressource en eau, l\u2019arrosage des jardins pourrait \u00eatre limit\u00e9 en nombre de jours et heures etc\u2026<\/li>\n<\/ul>\n<p>Le plan d\u2019eau de l\u2019ancien moulin pourrait constituer une r\u00e9serve d\u2019eau en cas d\u2019incendie.<\/p>\n<ul>\n<li><strong>Document PLUI \u00e0 remplir avant le 30 avril<\/strong><\/li>\n<\/ul>\n<p>Cette question sera trait\u00e9e lors du prochain Conseil Municipal<\/p>\n<ul>\n<li><strong>Balcons Sud Canig\u00f3 Grand Site\u00a0: r\u00e9union \u00e0 Arles le 6 avril 2023<\/strong><\/li>\n<\/ul>\n<p>Suite \u00e0 la r\u00e9union du 9 mars \u00e0 Laman\u00e8re, une prochaine r\u00e9union du Comit\u00e9 de Pilotage (CoPil) de la d\u00e9marche de valorisation de l\u2019entit\u00e9 Balcons Sud du Canig\u00f3 est pr\u00e9vue le jeudi 6 avril 2023 \u00e0 Arles sur Tech, au si\u00e8ge de l\u2019Intercom Haut Vallespir.<\/p>\n<p>Ordre du jour\u00a0:<\/p>\n<ul>\n<li>D\u00e9finir de mani\u00e8re op\u00e9rationnelle l\u2019ensemble des contenus du support carte de valorisation patrimoniale (\u00e0 partie de tous les choix faits lors du CoPil du 9 mars 2023)<\/li>\n<li>Identifier toutes les informations et ressources restant \u00e0 mobiliser<\/li>\n<li>Calage du calendrier de production<\/li>\n<\/ul>\n<p>Deux photos du village ont \u00e9t\u00e9 envoy\u00e9es \u00e0 Canig\u00f3 Grand Site (une de l\u2019ensemble du village, une autre montrant un des points d\u2019int\u00e9r\u00eat).<\/p>\n<ul>\n<li><strong>Point sur l\u2019instruction du permis de construire du Pla\u00e7ot<\/strong><\/li>\n<\/ul>\n<p>Cette question sera trait\u00e9e lors du prochain Conseil Municipal<\/p>\n<ul>\n<li><strong>Questions diverses<\/strong><\/li>\n<\/ul>\n<p>Cette question sera trait\u00e9e lors du prochain Conseil Municipal<\/p>\n<p style=\"text-align: center;\"><strong>Date du prochain Conseil Municipal\u00a0: vendredi 14 avril 2023 \u00e0 14 h<\/strong><\/p>\n<p style=\"text-align: center;\">La s\u00e9ance a \u00e9t\u00e9 lev\u00e9e \u00e0 13h18<\/p>\n<p>&nbsp;<\/p>","protected":false},"excerpt":{"rendered":"<p>Ho sentim, aquesta entrada es troba disponible \u00fanicament en Franc\u00e8s. Compte rendu de la r\u00e9union du Conseil Municipal de Laman\u00e8re du mardi 04 avril 2023 \u00e0 9h00 \u00a0 Secr\u00e9taire de s\u00e9ance\u00a0: Jean Paul La\u00eflle Pr\u00e9sents\u00a0: Mme Gis\u00e8le Juanole, Maire Jacky&hellip; <a href=\"https:\/\/lamanere.fr\/ca\/2023\/04\/09\/compte-rendu-du-conseil-municipal-tenu-le-4-avril-2023\/\" class=\"more-link\">Continue Reading <span class=\"meta-nav\">&rarr;<\/span><\/a><\/p>\n","protected":false},"author":2,"featured_media":0,"comment_status":"open","ping_status":"open","sticky":false,"template":"","format":"standard","meta":{"footnotes":""},"categories":[77,74],"tags":[],"yoast_head":"<!-- This site is optimized with the Yoast SEO plugin v27.4 - https:\/\/yoast.com\/product\/yoast-seo-wordpress\/ -->\n<title><\/title>\n<meta name=\"robots\" content=\"index, follow, max-snippet:-1, max-image-preview:large, max-video-preview:-1\" \/>\n<link rel=\"canonical\" href=\"https:\/\/lamanere.fr\/2023\/04\/09\/compte-rendu-du-conseil-municipal-tenu-le-4-avril-2023\/\" \/>\n<meta property=\"og:locale\" content=\"ca_ES\" \/>\n<meta property=\"og:type\" content=\"article\" \/>\n<meta property=\"og:title\" content=\"[:fr]COMPTE RENDU DU CONSEIL MUNICIPAL TENU LE 4 avril 2023[:] - Laman\u00e8re - Lloc oficial del municipi\" \/>\n<meta property=\"og:description\" content=\"Ho sentim, aquesta entrada es troba disponible \u00fanicament en Franc\u00e8s. Compte rendu de la r\u00e9union du Conseil Municipal de Laman\u00e8re du mardi 04 avril 2023 \u00e0 9h00 \u00a0 Secr\u00e9taire de s\u00e9ance\u00a0: Jean Paul La\u00eflle Pr\u00e9sents\u00a0: Mme Gis\u00e8le Juanole, Maire Jacky&hellip; Continue Reading &rarr;\" \/>\n<meta property=\"og:url\" content=\"https:\/\/lamanere.fr\/2023\/04\/09\/compte-rendu-du-conseil-municipal-tenu-le-4-avril-2023\/\" \/>\n<meta property=\"og:site_name\" content=\"Laman\u00e8re - Lloc oficial del municipi\" \/>\n<meta property=\"article:publisher\" content=\"https:\/\/www.facebook.com\/lamanere\" \/>\n<meta property=\"article:published_time\" content=\"2023-04-09T19:44:09+00:00\" \/>\n<meta name=\"author\" content=\"Mairie de Laman\u00e8re\" \/>\n<meta name=\"twitter:card\" content=\"summary_large_image\" \/>\n<meta name=\"twitter:label1\" content=\"Escrit per\" \/>\n\t<meta name=\"twitter:data1\" content=\"Mairie de Laman\u00e8re\" \/>\n\t<meta name=\"twitter:label2\" content=\"Temps estimat de lectura\" \/>\n\t<meta name=\"twitter:data2\" content=\"10 minuts\" \/>\n<script type=\"application\/ld+json\" class=\"yoast-schema-graph\">{\"@context\":\"https:\\\/\\\/schema.org\",\"@graph\":[{\"@type\":\"Article\",\"@id\":\"https:\\\/\\\/lamanere.fr\\\/2023\\\/04\\\/09\\\/compte-rendu-du-conseil-municipal-tenu-le-4-avril-2023\\\/#article\",\"isPartOf\":{\"@id\":\"https:\\\/\\\/lamanere.fr\\\/2023\\\/04\\\/09\\\/compte-rendu-du-conseil-municipal-tenu-le-4-avril-2023\\\/\"},\"author\":{\"name\":\"Mairie de Laman\u00e8re\",\"@id\":\"https:\\\/\\\/lamanere.fr\\\/#\\\/schema\\\/person\\\/b26317ee332d7f6bfb5bff1394da6e59\"},\"headline\":\"COMPTE RENDU DU CONSEIL MUNICIPAL TENU LE 4 avril 2023\",\"datePublished\":\"2023-04-09T19:44:09+00:00\",\"mainEntityOfPage\":{\"@id\":\"https:\\\/\\\/lamanere.fr\\\/2023\\\/04\\\/09\\\/compte-rendu-du-conseil-municipal-tenu-le-4-avril-2023\\\/\"},\"wordCount\":1946,\"commentCount\":1,\"publisher\":{\"@id\":\"https:\\\/\\\/lamanere.fr\\\/#organization\"},\"articleSection\":[\"Comptes Rendus\",\"Municipalit\u00e9\"],\"inLanguage\":\"ca\",\"potentialAction\":[{\"@type\":\"CommentAction\",\"name\":\"Comment\",\"target\":[\"https:\\\/\\\/lamanere.fr\\\/2023\\\/04\\\/09\\\/compte-rendu-du-conseil-municipal-tenu-le-4-avril-2023\\\/#respond\"]}]},{\"@type\":\"WebPage\",\"@id\":\"https:\\\/\\\/lamanere.fr\\\/2023\\\/04\\\/09\\\/compte-rendu-du-conseil-municipal-tenu-le-4-avril-2023\\\/\",\"url\":\"https:\\\/\\\/lamanere.fr\\\/2023\\\/04\\\/09\\\/compte-rendu-du-conseil-municipal-tenu-le-4-avril-2023\\\/\",\"name\":\"[:fr]COMPTE RENDU DU CONSEIL MUNICIPAL TENU LE 4 avril 2023[:] - Laman\u00e8re - Lloc oficial del municipi\",\"isPartOf\":{\"@id\":\"https:\\\/\\\/lamanere.fr\\\/#website\"},\"datePublished\":\"2023-04-09T19:44:09+00:00\",\"breadcrumb\":{\"@id\":\"https:\\\/\\\/lamanere.fr\\\/2023\\\/04\\\/09\\\/compte-rendu-du-conseil-municipal-tenu-le-4-avril-2023\\\/#breadcrumb\"},\"inLanguage\":\"ca\",\"potentialAction\":[{\"@type\":\"ReadAction\",\"target\":[\"https:\\\/\\\/lamanere.fr\\\/2023\\\/04\\\/09\\\/compte-rendu-du-conseil-municipal-tenu-le-4-avril-2023\\\/\"]}]},{\"@type\":\"BreadcrumbList\",\"@id\":\"https:\\\/\\\/lamanere.fr\\\/2023\\\/04\\\/09\\\/compte-rendu-du-conseil-municipal-tenu-le-4-avril-2023\\\/#breadcrumb\",\"itemListElement\":[{\"@type\":\"ListItem\",\"position\":1,\"name\":\"Accueil\",\"item\":\"https:\\\/\\\/lamanere.fr\\\/\"},{\"@type\":\"ListItem\",\"position\":2,\"name\":\"COMPTE RENDU DU CONSEIL MUNICIPAL TENU LE 4 avril 2023\"}]},{\"@type\":\"WebSite\",\"@id\":\"https:\\\/\\\/lamanere.fr\\\/#website\",\"url\":\"https:\\\/\\\/lamanere.fr\\\/\",\"name\":\"Laman\u00e8re - Lloc oficial del municipi\",\"description\":\"Poble m\u00e9s al sud de la Fran\u00e7a continental\",\"publisher\":{\"@id\":\"https:\\\/\\\/lamanere.fr\\\/#organization\"},\"potentialAction\":[{\"@type\":\"SearchAction\",\"target\":{\"@type\":\"EntryPoint\",\"urlTemplate\":\"https:\\\/\\\/lamanere.fr\\\/?s={search_term_string}\"},\"query-input\":{\"@type\":\"PropertyValueSpecification\",\"valueRequired\":true,\"valueName\":\"search_term_string\"}}],\"inLanguage\":\"ca\"},{\"@type\":\"Organization\",\"@id\":\"https:\\\/\\\/lamanere.fr\\\/#organization\",\"name\":\"Commune de Laman\u00e8re\",\"url\":\"https:\\\/\\\/lamanere.fr\\\/\",\"logo\":{\"@type\":\"ImageObject\",\"inLanguage\":\"ca\",\"@id\":\"https:\\\/\\\/lamanere.fr\\\/#\\\/schema\\\/logo\\\/image\\\/\",\"url\":\"https:\\\/\\\/lamanere.fr\\\/wp-content\\\/uploads\\\/2020\\\/09\\\/logo2-149.jpg\",\"contentUrl\":\"https:\\\/\\\/lamanere.fr\\\/wp-content\\\/uploads\\\/2020\\\/09\\\/logo2-149.jpg\",\"width\":149,\"height\":146,\"caption\":\"Commune de Laman\u00e8re\"},\"image\":{\"@id\":\"https:\\\/\\\/lamanere.fr\\\/#\\\/schema\\\/logo\\\/image\\\/\"},\"sameAs\":[\"https:\\\/\\\/www.facebook.com\\\/lamanere\",\"https:\\\/\\\/fr.wikipedia.org\\\/wiki\\\/Laman\u00e8re\"]},{\"@type\":\"Person\",\"@id\":\"https:\\\/\\\/lamanere.fr\\\/#\\\/schema\\\/person\\\/b26317ee332d7f6bfb5bff1394da6e59\",\"name\":\"Mairie de Laman\u00e8re\",\"image\":{\"@type\":\"ImageObject\",\"inLanguage\":\"ca\",\"@id\":\"https:\\\/\\\/secure.gravatar.com\\\/avatar\\\/951e9da0a291f11d14b93bccd2d18cab?s=96&d=mm&r=g\",\"url\":\"https:\\\/\\\/secure.gravatar.com\\\/avatar\\\/951e9da0a291f11d14b93bccd2d18cab?s=96&d=mm&r=g\",\"contentUrl\":\"https:\\\/\\\/secure.gravatar.com\\\/avatar\\\/951e9da0a291f11d14b93bccd2d18cab?s=96&d=mm&r=g\",\"caption\":\"Mairie de Laman\u00e8re\"},\"url\":\"https:\\\/\\\/lamanere.fr\\\/ca\\\/author\\\/jean-paul\\\/\"}]}<\/script>\n<!-- \/ Yoast SEO plugin. -->","yoast_head_json":{"title":"[:fr]COMPTE RENDU DU CONSEIL MUNICIPAL TENU LE 4 avril 2023[:] - Laman\u00e8re - Lloc oficial del municipi","robots":{"index":"index","follow":"follow","max-snippet":"max-snippet:-1","max-image-preview":"max-image-preview:large","max-video-preview":"max-video-preview:-1"},"canonical":"https:\/\/lamanere.fr\/2023\/04\/09\/compte-rendu-du-conseil-municipal-tenu-le-4-avril-2023\/","og_locale":"ca_ES","og_type":"article","og_title":"[:fr]COMPTE RENDU DU CONSEIL MUNICIPAL TENU LE 4 avril 2023[:] - Laman\u00e8re - Lloc oficial del municipi","og_description":"Ho sentim, aquesta entrada es troba disponible \u00fanicament en Franc\u00e8s. Compte rendu de la r\u00e9union du Conseil Municipal de Laman\u00e8re du mardi 04 avril 2023 \u00e0 9h00 \u00a0 Secr\u00e9taire de s\u00e9ance\u00a0: Jean Paul La\u00eflle Pr\u00e9sents\u00a0: Mme Gis\u00e8le Juanole, Maire Jacky&hellip; Continue Reading &rarr;","og_url":"https:\/\/lamanere.fr\/2023\/04\/09\/compte-rendu-du-conseil-municipal-tenu-le-4-avril-2023\/","og_site_name":"Laman\u00e8re - Lloc oficial del municipi","article_publisher":"https:\/\/www.facebook.com\/lamanere","article_published_time":"2023-04-09T19:44:09+00:00","author":"Mairie de Laman\u00e8re","twitter_card":"summary_large_image","twitter_misc":{"Escrit per":"Mairie de Laman\u00e8re","Temps estimat de lectura":"10 minuts"},"schema":{"@context":"https:\/\/schema.org","@graph":[{"@type":"Article","@id":"https:\/\/lamanere.fr\/2023\/04\/09\/compte-rendu-du-conseil-municipal-tenu-le-4-avril-2023\/#article","isPartOf":{"@id":"https:\/\/lamanere.fr\/2023\/04\/09\/compte-rendu-du-conseil-municipal-tenu-le-4-avril-2023\/"},"author":{"name":"Mairie de Laman\u00e8re","@id":"https:\/\/lamanere.fr\/#\/schema\/person\/b26317ee332d7f6bfb5bff1394da6e59"},"headline":"COMPTE RENDU DU CONSEIL MUNICIPAL TENU LE 4 avril 2023","datePublished":"2023-04-09T19:44:09+00:00","mainEntityOfPage":{"@id":"https:\/\/lamanere.fr\/2023\/04\/09\/compte-rendu-du-conseil-municipal-tenu-le-4-avril-2023\/"},"wordCount":1946,"commentCount":1,"publisher":{"@id":"https:\/\/lamanere.fr\/#organization"},"articleSection":["Comptes Rendus","Municipalit\u00e9"],"inLanguage":"ca","potentialAction":[{"@type":"CommentAction","name":"Comment","target":["https:\/\/lamanere.fr\/2023\/04\/09\/compte-rendu-du-conseil-municipal-tenu-le-4-avril-2023\/#respond"]}]},{"@type":"WebPage","@id":"https:\/\/lamanere.fr\/2023\/04\/09\/compte-rendu-du-conseil-municipal-tenu-le-4-avril-2023\/","url":"https:\/\/lamanere.fr\/2023\/04\/09\/compte-rendu-du-conseil-municipal-tenu-le-4-avril-2023\/","name":"[:fr]COMPTE RENDU DU CONSEIL MUNICIPAL TENU LE 4 avril 2023[:] - Laman\u00e8re - Lloc oficial del municipi","isPartOf":{"@id":"https:\/\/lamanere.fr\/#website"},"datePublished":"2023-04-09T19:44:09+00:00","breadcrumb":{"@id":"https:\/\/lamanere.fr\/2023\/04\/09\/compte-rendu-du-conseil-municipal-tenu-le-4-avril-2023\/#breadcrumb"},"inLanguage":"ca","potentialAction":[{"@type":"ReadAction","target":["https:\/\/lamanere.fr\/2023\/04\/09\/compte-rendu-du-conseil-municipal-tenu-le-4-avril-2023\/"]}]},{"@type":"BreadcrumbList","@id":"https:\/\/lamanere.fr\/2023\/04\/09\/compte-rendu-du-conseil-municipal-tenu-le-4-avril-2023\/#breadcrumb","itemListElement":[{"@type":"ListItem","position":1,"name":"Accueil","item":"https:\/\/lamanere.fr\/"},{"@type":"ListItem","position":2,"name":"COMPTE RENDU DU CONSEIL MUNICIPAL TENU LE 4 avril 2023"}]},{"@type":"WebSite","@id":"https:\/\/lamanere.fr\/#website","url":"https:\/\/lamanere.fr\/","name":"Laman\u00e8re - Lloc oficial del municipi","description":"Poble m\u00e9s al sud de la Fran\u00e7a continental","publisher":{"@id":"https:\/\/lamanere.fr\/#organization"},"potentialAction":[{"@type":"SearchAction","target":{"@type":"EntryPoint","urlTemplate":"https:\/\/lamanere.fr\/?s={search_term_string}"},"query-input":{"@type":"PropertyValueSpecification","valueRequired":true,"valueName":"search_term_string"}}],"inLanguage":"ca"},{"@type":"Organization","@id":"https:\/\/lamanere.fr\/#organization","name":"Commune de Laman\u00e8re","url":"https:\/\/lamanere.fr\/","logo":{"@type":"ImageObject","inLanguage":"ca","@id":"https:\/\/lamanere.fr\/#\/schema\/logo\/image\/","url":"https:\/\/lamanere.fr\/wp-content\/uploads\/2020\/09\/logo2-149.jpg","contentUrl":"https:\/\/lamanere.fr\/wp-content\/uploads\/2020\/09\/logo2-149.jpg","width":149,"height":146,"caption":"Commune de Laman\u00e8re"},"image":{"@id":"https:\/\/lamanere.fr\/#\/schema\/logo\/image\/"},"sameAs":["https:\/\/www.facebook.com\/lamanere","https:\/\/fr.wikipedia.org\/wiki\/Laman\u00e8re"]},{"@type":"Person","@id":"https:\/\/lamanere.fr\/#\/schema\/person\/b26317ee332d7f6bfb5bff1394da6e59","name":"Mairie de Laman\u00e8re","image":{"@type":"ImageObject","inLanguage":"ca","@id":"https:\/\/secure.gravatar.com\/avatar\/951e9da0a291f11d14b93bccd2d18cab?s=96&d=mm&r=g","url":"https:\/\/secure.gravatar.com\/avatar\/951e9da0a291f11d14b93bccd2d18cab?s=96&d=mm&r=g","contentUrl":"https:\/\/secure.gravatar.com\/avatar\/951e9da0a291f11d14b93bccd2d18cab?s=96&d=mm&r=g","caption":"Mairie de Laman\u00e8re"},"url":"https:\/\/lamanere.fr\/ca\/author\/jean-paul\/"}]}},"_links":{"self":[{"href":"https:\/\/lamanere.fr\/ca\/wp-json\/wp\/v2\/posts\/2687"}],"collection":[{"href":"https:\/\/lamanere.fr\/ca\/wp-json\/wp\/v2\/posts"}],"about":[{"href":"https:\/\/lamanere.fr\/ca\/wp-json\/wp\/v2\/types\/post"}],"author":[{"embeddable":true,"href":"https:\/\/lamanere.fr\/ca\/wp-json\/wp\/v2\/users\/2"}],"replies":[{"embeddable":true,"href":"https:\/\/lamanere.fr\/ca\/wp-json\/wp\/v2\/comments?post=2687"}],"version-history":[{"count":1,"href":"https:\/\/lamanere.fr\/ca\/wp-json\/wp\/v2\/posts\/2687\/revisions"}],"predecessor-version":[{"id":2688,"href":"https:\/\/lamanere.fr\/ca\/wp-json\/wp\/v2\/posts\/2687\/revisions\/2688"}],"wp:attachment":[{"href":"https:\/\/lamanere.fr\/ca\/wp-json\/wp\/v2\/media?parent=2687"}],"wp:term":[{"taxonomy":"category","embeddable":true,"href":"https:\/\/lamanere.fr\/ca\/wp-json\/wp\/v2\/categories?post=2687"},{"taxonomy":"post_tag","embeddable":true,"href":"https:\/\/lamanere.fr\/ca\/wp-json\/wp\/v2\/tags?post=2687"}],"curies":[{"name":"wp","href":"https:\/\/api.w.org\/{rel}","templated":true}]}}