{"id":2740,"date":"2023-04-19T07:16:25","date_gmt":"2023-04-19T06:16:25","guid":{"rendered":"https:\/\/lamanere.fr\/?p=2740"},"modified":"2023-04-19T07:23:25","modified_gmt":"2023-04-19T06:23:25","slug":"compte-rendu-du-conseil-municipal-tenu-le-14-avril-2023","status":"publish","type":"post","link":"https:\/\/lamanere.fr\/ca\/2023\/04\/19\/compte-rendu-du-conseil-municipal-tenu-le-14-avril-2023\/","title":{"rendered":"COMPTE RENDU DU CONSEIL MUNICIPAL TENU LE 14 avril 2023"},"content":{"rendered":"<p class=\"qtranxs-available-languages-message qtranxs-available-languages-message-ca\">Ho sentim, aquesta entrada es troba disponible \u00fanicament en <a href=\"https:\/\/lamanere.fr\/fr\/wp-json\/wp\/v2\/posts\/2740\" class=\"qtranxs-available-language-link qtranxs-available-language-link-fr\" title=\"Fran\u00e7ais\">Franc\u00e8s<\/a>.<\/p><p><\/p>\n<p style=\"text-align: center;\"><strong>\u00a0<\/strong><strong>Compte rendu de la r\u00e9union du Conseil Municipal de Laman\u00e8re <\/strong><\/p>\n<p style=\"text-align: center;\"><strong>du vendredi 14 avril 2023 \u00e0 16h<\/strong><\/p>\n<p><strong>\u00a0<\/strong><\/p>\n<p><strong>\u00a0<\/strong><\/p>\n<p>Secr\u00e9taire de s\u00e9ance\u00a0: Jean Paul La\u00eflle<\/p>\n<p><strong>Pr\u00e9sents<\/strong>\u00a0:<\/p>\n<p>Mme Gis\u00e8le Juanole, Maire<\/p>\n<p>Jacky Pujol, premier adjoint<\/p>\n<p>G\u00e9rard Cuvilliez, second adjoint<\/p>\n<p>Mme Pierrette Juanole-D\u00e9moulin, conseill\u00e8re<\/p>\n<p>Claude Font, conseiller<\/p>\n<p>Jean-Paul La\u00eflle, conseiller<\/p>\n<p style=\"text-align: center;\">La r\u00e9union est ouverte \u00e0 16h05<\/p>\n<p><strong>\u00a0<\/strong><\/p>\n<ul>\n<li><strong>Approbation et d\u00e9lib\u00e9ration du Compte Administratif 2022<\/strong><\/li>\n<\/ul>\n<p>&nbsp;<\/p>\n<table>\n<tbody>\n<tr>\n<td width=\"167\"><\/td>\n<td width=\"121\">D\u00e9penses<\/td>\n<td width=\"123\">Recettes<\/td>\n<td width=\"161\">Reports<\/td>\n<\/tr>\n<tr>\n<td width=\"167\">Fonctionnement<\/td>\n<td width=\"121\">132\u00a0158,87 \u20ac<\/td>\n<td width=\"123\">172\u00a0934,69 \u20ac<\/td>\n<td width=\"161\">44\u00a0379,39 \u20ac<\/p>\n<p>en section de fonctionnement 002<\/td>\n<\/tr>\n<tr>\n<td width=\"167\">Investissement<\/td>\n<td width=\"121\">94\u00a0760,03 \u20ac<\/td>\n<td width=\"123\">66\u00a0725,43 \u20ac<\/td>\n<td width=\"161\">57\u00a0647,26 \u20ac<\/p>\n<p>en section d\u2019investissement 001<\/td>\n<\/tr>\n<tr>\n<td width=\"167\">Totaux (r\u00e9alisations)<\/td>\n<td width=\"121\">226\u00a0918,90 \u20ac<\/td>\n<td width=\"123\">239\u00a0660,12 \u20ac<\/td>\n<td width=\"161\">102\u00a0026,65 \u20ac<\/td>\n<\/tr>\n<tr>\n<td width=\"167\">Totaux (r\u00e9alisations + reports)<\/td>\n<td width=\"121\">226\u00a0918,90 \u20ac<\/td>\n<td width=\"123\">341\u00a0686,77 \u20ac<\/td>\n<td width=\"161\"><\/td>\n<\/tr>\n<\/tbody>\n<\/table>\n<p>&nbsp;<\/p>\n<p>Mme le Maire, ayant quitt\u00e9 momentan\u00e9ment la salle du conseil, laisse la pr\u00e9sidence \u00e0 M. G\u00e9rard Cuvilliez, adjoint au Maire, qui a pr\u00e9sent\u00e9 le Compte Administratif 2022.<\/p>\n<p>Le Compte Administratif a \u00e9t\u00e9 sign\u00e9 par tous les membres du Conseil Municipal.<\/p>\n<p><strong>Le Conseil Municipal apr\u00e8s avoir d\u00e9lib\u00e9r\u00e9 et \u00e0 l\u2019unanimit\u00e9 des membres pr\u00e9sents\u00a0:<\/strong><\/p>\n<ul>\n<li><strong>Approuve <\/strong>le Compte Administratif 2022,<\/li>\n<li><strong>Autorise<\/strong> Mme le Maire \u00e0 signer toutes les pi\u00e8ces relatives \u00e0 ce dossier<\/li>\n<\/ul>\n<p>Une d\u00e9lib\u00e9ration sera r\u00e9dig\u00e9e en ce sens<\/p>\n<p><strong>\u00a0<\/strong><\/p>\n<ul>\n<li><strong>D\u00e9lib\u00e9ration pour l\u2019affectation de r\u00e9sultat du budget de fonctionnement de l\u2019exercice 2022<\/strong><\/li>\n<\/ul>\n<p>Le Compte Administratif 2022 du budget de la commune laisse appara\u00eetre un exc\u00e9dent cumul\u00e9 de la section de fonctionnement de 85\u00a0155,21 \u20ac.<\/p>\n<p>Un besoin de financement est n\u00e9cessaire pour \u00e9quilibrer la section d\u2019investissement.<\/p>\n<p>Le tableau d\u2019affectation du r\u00e9sultat est le suivant\u00a0:<\/p>\n<table>\n<tbody>\n<tr>\n<td colspan=\"2\" width=\"448\"><strong>RESULTAT DE L\u2019EXERCICE<\/strong><\/td>\n<\/tr>\n<tr>\n<td width=\"337\">Exc\u00e9dent cumul\u00e9 de la section de fonctionnement au 31\/12\/2022<\/td>\n<td width=\"111\">85\u00a0155,21 \u20ac<\/td>\n<\/tr>\n<tr>\n<td width=\"337\">Affectation \u00e0 la section de fonctionnement<\/td>\n<td width=\"111\">43\u00a0578,68 \u20ac<\/td>\n<\/tr>\n<tr>\n<td width=\"337\">Exc\u00e9dent \u00e0 reporter en ligne 1068 en investissement au budget 2023<\/td>\n<td width=\"111\">41\u00a0576,53 \u20ac<\/td>\n<\/tr>\n<\/tbody>\n<\/table>\n<p><strong>Le Conseil Municipal apr\u00e8s avoir d\u00e9lib\u00e9r\u00e9 et \u00e0 l\u2019unanimit\u00e9 des membres pr\u00e9sents\u00a0:<\/strong><\/p>\n<ul>\n<li><strong>Approuve <\/strong>l\u2019affectation du r\u00e9sultat du budget de fonctionnement de l\u2019exercice 2022 du budget de la commune,<\/li>\n<li><strong>Autorise<\/strong> Mme le Maire \u00e0 signer toutes les pi\u00e8ces relatives \u00e0 ce dossier<\/li>\n<\/ul>\n<p>Une d\u00e9lib\u00e9ration sera r\u00e9dig\u00e9e en ce sens<\/p>\n<p>&nbsp;<\/p>\n<ul>\n<li><strong>D\u00e9lib\u00e9ration et vote du budget primitif 2023<\/strong><\/li>\n<\/ul>\n<p>Le budget primitif a \u00e9t\u00e9 pr\u00e9sent\u00e9 et comment\u00e9 en Conseil Municipal.<\/p>\n<p>Le total des d\u00e9penses et recettes de fonctionnement s\u2019\u00e9quilibre \u00e0 206 054 \u20ac<\/p>\n<p>Le total des d\u00e9penses et recettes d\u2019investissement s\u2019\u00e9quilibre \u00e0 165 949 \u20ac<\/p>\n<p>Les chiffres d\u00e9taill\u00e9s du BP sont consultables \u00e0 la Mairie.<\/p>\n<p><strong>Le Conseil Municipal apr\u00e8s avoir d\u00e9lib\u00e9r\u00e9 et \u00e0 l\u2019unanimit\u00e9 des membres pr\u00e9sents\u00a0:<\/strong><\/p>\n<ul>\n<li><strong>Approuve <\/strong>le budget primitif de l\u2019exercice 2023,<\/li>\n<li><strong>Autorise<\/strong> Mme le Maire \u00e0 signer toutes les pi\u00e8ces relatives \u00e0 ce dossier<\/li>\n<\/ul>\n<p>Une d\u00e9lib\u00e9ration sera r\u00e9dig\u00e9e en ce sens<\/p>\n<p>&nbsp;<\/p>\n<ul>\n<li><strong>D\u00e9lib\u00e9ration pour la reconduction du contrat de bail de l\u2019appartement A au 1<sup>er<\/sup> mai 2023 \u00e0 Mme Travet<\/strong><\/li>\n<\/ul>\n<p><strong>\u00a0<\/strong>Le Conseil Municipal propose de reconduire le contrat de bail de l\u2019appartement A au 1<sup>er<\/sup> mai 2023 \u00e0 Mme Travet, pour une dur\u00e9e de trois ans, au tarif de 274,70 \u20ac, r\u00e9visable chaque ann\u00e9e selon l\u2019indice des loyers de l\u2019INC<\/p>\n<p><strong>Le Conseil Municipal apr\u00e8s avoir d\u00e9lib\u00e9r\u00e9 et \u00e0 l\u2019unanimit\u00e9 des membres pr\u00e9sents\u00a0:<\/strong><\/p>\n<ul>\n<li><strong>Approuve <\/strong>la reconduction du contrat de bail de l\u2019appartement A au 1<sup>er<\/sup> mai 2023 \u00e0 Mme Travet pour une dur\u00e9e de trois ans, au tarif de 274,70 \u20ac, r\u00e9visable chaque ann\u00e9e selon l\u2019indice des loyers de l\u2019INC<\/li>\n<li><strong>Autorise<\/strong> Mme le Maire \u00e0 signer toutes les pi\u00e8ces relatives \u00e0 ce dossier<\/li>\n<\/ul>\n<p>Une d\u00e9lib\u00e9ration sera r\u00e9dig\u00e9e en ce sens<\/p>\n<p>&nbsp;<\/p>\n<ul>\n<li><strong>D\u00e9lib\u00e9ration pour une facture d\u2019achat d\u2019un montant de 3\u00a0702,03 \u20ac pour la r\u00e9novation de l\u2019appartement communal B, 9 Carrer del Cingle<\/strong><\/li>\n<\/ul>\n<p><strong>\u00a0<\/strong>Le Conseil Municipal propose d\u2019affecter \u00e0 la section investissement la somme de 3\u00a0702,03 \u20ac r\u00e9gl\u00e9e \u00e0 Brico \u2013 Cash (Pollestres), pour l\u2019achat de mat\u00e9riel de r\u00e9novation de l\u2019appartement communal B, 9 Carrer del Cingle.<\/p>\n<p><strong>Le Conseil Municipal apr\u00e8s avoir d\u00e9lib\u00e9r\u00e9 et \u00e0 l\u2019unanimit\u00e9 des membres pr\u00e9sents\u00a0:<\/strong><\/p>\n<ul>\n<li><strong>Approuve <\/strong>l\u2019affectation \u00e0 la section investissement de la somme de 3\u00a0702,03 \u20ac pour l\u2019achat de mat\u00e9riel de r\u00e9novation de l\u2019appartement communal B,<\/li>\n<li><strong>Autorise<\/strong> Mme le Maire \u00e0 signer toutes les pi\u00e8ces relatives \u00e0 ce dossier<\/li>\n<\/ul>\n<p>Une d\u00e9lib\u00e9ration sera r\u00e9dig\u00e9e en ce sens<\/p>\n<ul>\n<li><strong>Approbation de la charte d\u2019engagement pour les \u00e9conomies d\u2019eau souhait\u00e9es par le Pr\u00e9fet<\/strong><\/li>\n<\/ul>\n<p>&nbsp;<\/p>\n<ul>\n<li>La Pr\u00e9fecture et l\u2019Association des Maires ont \u00e9labor\u00e9 une Charte comportant neuf engagements, pr\u00e9sent\u00e9e au Conseil Municipal pour approbation. Cette charte sera diffus\u00e9e prochainement. Les dispositions de l\u2019arr\u00eat\u00e9 pr\u00e9fectoral seront reprises par des arr\u00eat\u00e9s municipaux,<\/li>\n<li>Chaque commune r\u00e9alisera un plan d\u2019\u00e9conomie d\u2019eau, \u00e0 adresser \u00e0 la Sous-Pr\u00e9fecture de C\u00e9ret avant le 21 avril, \u00e0 l\u2019attention de Mme Maud Bernard, Secr\u00e9taire G\u00e9n\u00e9rale de la Sous \u2013 Pr\u00e9fecture<\/li>\n<\/ul>\n<p>La synth\u00e8se en sera pr\u00e9sent\u00e9e le 25 avril \u00e0 l\u2019occasion d\u2019une communication organis\u00e9e par le Pr\u00e9fet,<\/p>\n<ul>\n<li>Un plan de communication \u00e0 effet imm\u00e9diat sera mise en \u0153uvre, en utilisant tous les moyens de communication dont dispose la commune\u00a0: r\u00e9seaux sociaux, communication \u00e9crite, r\u00e9unions publiques, offices de tourisme\u2026 pour sensibiliser largement les habitants,<\/li>\n<li>D\u00e9signation d\u2019un r\u00e9f\u00e9rent \u00ab\u00a0eau\u00a0\u00bb par commune, qui sera l\u2019interlocuteur de la Sous \u2013 Pr\u00e9fecture sur ces questions\u00a0: M. Jacky Pujol,<\/li>\n<li>D\u00e9signation d\u2019un r\u00e9f\u00e9rent \u00ab\u00a0incendie\u00a0\u00bb, soutien \u00e0 l\u2019inventaire r\u00e9alis\u00e9 par les pompiers de citernes et points d\u2019eau d\u00e8s le 1<sup>er<\/sup> juin pour la mise en place des patrouilles dans les massifs\u00a0: M. Claude Font<\/li>\n<\/ul>\n<p><strong>Le Conseil Municipal apr\u00e8s avoir d\u00e9lib\u00e9r\u00e9 et \u00e0 l\u2019unanimit\u00e9 des membres pr\u00e9sents\u00a0:<\/strong><\/p>\n<ul>\n<li><strong>Approuve <\/strong>le charte d\u2019engagement pour les \u00e9conomies d\u2019eau,<\/li>\n<li><strong>Autorise<\/strong> Mme le Maire \u00e0 signer toutes les pi\u00e8ces relatives \u00e0 ce dossier<\/li>\n<\/ul>\n<p>Une d\u00e9lib\u00e9ration sera r\u00e9dig\u00e9e en ce sens<\/p>\n<p><strong>\u00a0<\/strong><\/p>\n<ul>\n<li><strong>Questions diverses<\/strong><\/li>\n<\/ul>\n<p>&nbsp;<\/p>\n<ul>\n<li>PLUI (Plan Local d\u2019Urbanisme Intercommunal)\u00a0:<\/li>\n<\/ul>\n<p>Une r\u00e9union de la Commission PLUI est pr\u00e9vue le mercredi 19 avril 2023 \u00e0 Am\u00e9lie-les-Bains. Le programme est le suivant\u00a0:<\/p>\n<ul>\n<li>9h00\u00a0: Accueil des participants<\/li>\n<li>9h30 \u2013 12h00\u00a0: Th\u00e9matiques\u00a0:\u00a0<strong>D\u00e9mographie, Habitat, Equipements et Services<\/strong>\n<ul>\n<li>Pr\u00e9sentation des premi\u00e8res tendances de diagnostic,<\/li>\n<li>Travaux participatifs en groupes.<\/li>\n<\/ul>\n<\/li>\n<li>12h00-13h30\u00a0: D\u00e9jeuner<\/li>\n<li>13h30-16h00\u00a0: Th\u00e9matiques\u00a0:\u00a0<strong>Economie, Tourisme, Mobilit\u00e9s et Num\u00e9rique<\/strong>\n<ul>\n<li>Pr\u00e9sentation des premi\u00e8res tendances de diagnostic,<\/li>\n<li>Travaux participatifs en groupes.<\/li>\n<\/ul>\n<\/li>\n<\/ul>\n<p>Les repr\u00e9sentants de la commune \u00e0 cette commission sont Mme Gis\u00e8le Juanole et M. Jean-Paul La\u00eflle<\/p>\n<p>&nbsp;<\/p>\n<ul>\n<li>Nouvelle commande de gaz pour le chauffage du b\u00e2timent de la Mairie<\/li>\n<\/ul>\n<p>Le niveau de gaz est bas (il est n\u00e9cessaire de faire un relev\u00e9) et une commande doit \u00eatre faite, car le fournisseur va augmenter ses prix \u00e0 compter du 16 mai 2023 (+5% HTT \u2013 hors toutes taxes)<\/p>\n<p>Cette commande sera r\u00e9alis\u00e9e avant le 15 mai<\/p>\n<p>&nbsp;<\/p>\n<ul>\n<li>Elections s\u00e9natoriales du 24 septembre 2023<\/li>\n<\/ul>\n<p>Le Conseil Municipal se r\u00e9unira le 9 juin 2023 afin de d\u00e9signer un d\u00e9l\u00e9gu\u00e9 et un suppl\u00e9ant, pour les \u00e9lections s\u00e9natoriales du 24 septembre 2023.<\/p>\n<p>L\u2019arr\u00eat\u00e9 pr\u00e9fectoral para\u00eetra le 26 mai et sera affich\u00e9 en Mairie le 31 mai<\/p>\n<p>&nbsp;<\/p>\n<p style=\"text-align: center;\">La s\u00e9ance a \u00e9t\u00e9 lev\u00e9e \u00e0 18h20<\/p>\n<p><\/p>","protected":false},"excerpt":{"rendered":"<p>Ho sentim, aquesta entrada es troba disponible \u00fanicament en Franc\u00e8s. \u00a0Compte rendu de la r\u00e9union du Conseil Municipal de Laman\u00e8re du vendredi 14 avril 2023 \u00e0 16h \u00a0 \u00a0 Secr\u00e9taire de s\u00e9ance\u00a0: Jean Paul La\u00eflle Pr\u00e9sents\u00a0: Mme Gis\u00e8le Juanole, Maire&hellip; <a href=\"https:\/\/lamanere.fr\/ca\/2023\/04\/19\/compte-rendu-du-conseil-municipal-tenu-le-14-avril-2023\/\" class=\"more-link\">Continue Reading <span class=\"meta-nav\">&rarr;<\/span><\/a><\/p>\n","protected":false},"author":2,"featured_media":0,"comment_status":"open","ping_status":"open","sticky":false,"template":"","format":"standard","meta":{"footnotes":""},"categories":[77,74],"tags":[],"yoast_head":"<!-- This site is optimized with the Yoast SEO plugin v27.4 - https:\/\/yoast.com\/product\/yoast-seo-wordpress\/ -->\n<title><\/title>\n<meta name=\"robots\" content=\"index, follow, max-snippet:-1, max-image-preview:large, max-video-preview:-1\" \/>\n<link rel=\"canonical\" href=\"https:\/\/lamanere.fr\/2023\/04\/19\/compte-rendu-du-conseil-municipal-tenu-le-14-avril-2023\/\" \/>\n<meta property=\"og:locale\" content=\"ca_ES\" \/>\n<meta property=\"og:type\" content=\"article\" \/>\n<meta property=\"og:title\" content=\"[:fr]COMPTE RENDU DU CONSEIL MUNICIPAL TENU LE 14 avril 2023[:] - Laman\u00e8re - Lloc oficial del municipi\" \/>\n<meta property=\"og:description\" content=\"Ho sentim, aquesta entrada es troba disponible \u00fanicament en Franc\u00e8s. \u00a0Compte rendu de la r\u00e9union du Conseil Municipal de Laman\u00e8re du vendredi 14 avril 2023 \u00e0 16h \u00a0 \u00a0 Secr\u00e9taire de s\u00e9ance\u00a0: Jean Paul La\u00eflle Pr\u00e9sents\u00a0: Mme Gis\u00e8le Juanole, Maire&hellip; Continue Reading &rarr;\" \/>\n<meta property=\"og:url\" content=\"https:\/\/lamanere.fr\/2023\/04\/19\/compte-rendu-du-conseil-municipal-tenu-le-14-avril-2023\/\" \/>\n<meta property=\"og:site_name\" content=\"Laman\u00e8re - Lloc oficial del municipi\" \/>\n<meta property=\"article:publisher\" content=\"https:\/\/www.facebook.com\/lamanere\" \/>\n<meta property=\"article:published_time\" content=\"2023-04-19T06:16:25+00:00\" \/>\n<meta property=\"article:modified_time\" content=\"2023-04-19T06:23:25+00:00\" \/>\n<meta name=\"author\" content=\"Mairie de Laman\u00e8re\" \/>\n<meta name=\"twitter:card\" content=\"summary_large_image\" \/>\n<meta name=\"twitter:label1\" content=\"Escrit per\" \/>\n\t<meta name=\"twitter:data1\" content=\"Mairie de Laman\u00e8re\" \/>\n\t<meta name=\"twitter:label2\" content=\"Temps estimat de lectura\" \/>\n\t<meta name=\"twitter:data2\" content=\"6 minuts\" \/>\n<script type=\"application\/ld+json\" class=\"yoast-schema-graph\">{\"@context\":\"https:\\\/\\\/schema.org\",\"@graph\":[{\"@type\":\"Article\",\"@id\":\"https:\\\/\\\/lamanere.fr\\\/2023\\\/04\\\/19\\\/compte-rendu-du-conseil-municipal-tenu-le-14-avril-2023\\\/#article\",\"isPartOf\":{\"@id\":\"https:\\\/\\\/lamanere.fr\\\/2023\\\/04\\\/19\\\/compte-rendu-du-conseil-municipal-tenu-le-14-avril-2023\\\/\"},\"author\":{\"name\":\"Mairie de Laman\u00e8re\",\"@id\":\"https:\\\/\\\/lamanere.fr\\\/#\\\/schema\\\/person\\\/b26317ee332d7f6bfb5bff1394da6e59\"},\"headline\":\"COMPTE RENDU DU CONSEIL MUNICIPAL TENU LE 14 avril 2023\",\"datePublished\":\"2023-04-19T06:16:25+00:00\",\"dateModified\":\"2023-04-19T06:23:25+00:00\",\"mainEntityOfPage\":{\"@id\":\"https:\\\/\\\/lamanere.fr\\\/2023\\\/04\\\/19\\\/compte-rendu-du-conseil-municipal-tenu-le-14-avril-2023\\\/\"},\"wordCount\":1182,\"commentCount\":0,\"publisher\":{\"@id\":\"https:\\\/\\\/lamanere.fr\\\/#organization\"},\"articleSection\":[\"Comptes Rendus\",\"Municipalit\u00e9\"],\"inLanguage\":\"ca\",\"potentialAction\":[{\"@type\":\"CommentAction\",\"name\":\"Comment\",\"target\":[\"https:\\\/\\\/lamanere.fr\\\/2023\\\/04\\\/19\\\/compte-rendu-du-conseil-municipal-tenu-le-14-avril-2023\\\/#respond\"]}]},{\"@type\":\"WebPage\",\"@id\":\"https:\\\/\\\/lamanere.fr\\\/2023\\\/04\\\/19\\\/compte-rendu-du-conseil-municipal-tenu-le-14-avril-2023\\\/\",\"url\":\"https:\\\/\\\/lamanere.fr\\\/2023\\\/04\\\/19\\\/compte-rendu-du-conseil-municipal-tenu-le-14-avril-2023\\\/\",\"name\":\"[:fr]COMPTE RENDU DU CONSEIL MUNICIPAL TENU LE 14 avril 2023[:] - Laman\u00e8re - Lloc oficial del municipi\",\"isPartOf\":{\"@id\":\"https:\\\/\\\/lamanere.fr\\\/#website\"},\"datePublished\":\"2023-04-19T06:16:25+00:00\",\"dateModified\":\"2023-04-19T06:23:25+00:00\",\"breadcrumb\":{\"@id\":\"https:\\\/\\\/lamanere.fr\\\/2023\\\/04\\\/19\\\/compte-rendu-du-conseil-municipal-tenu-le-14-avril-2023\\\/#breadcrumb\"},\"inLanguage\":\"ca\",\"potentialAction\":[{\"@type\":\"ReadAction\",\"target\":[\"https:\\\/\\\/lamanere.fr\\\/2023\\\/04\\\/19\\\/compte-rendu-du-conseil-municipal-tenu-le-14-avril-2023\\\/\"]}]},{\"@type\":\"BreadcrumbList\",\"@id\":\"https:\\\/\\\/lamanere.fr\\\/2023\\\/04\\\/19\\\/compte-rendu-du-conseil-municipal-tenu-le-14-avril-2023\\\/#breadcrumb\",\"itemListElement\":[{\"@type\":\"ListItem\",\"position\":1,\"name\":\"Accueil\",\"item\":\"https:\\\/\\\/lamanere.fr\\\/\"},{\"@type\":\"ListItem\",\"position\":2,\"name\":\"COMPTE RENDU DU CONSEIL MUNICIPAL TENU LE 14 avril 2023\"}]},{\"@type\":\"WebSite\",\"@id\":\"https:\\\/\\\/lamanere.fr\\\/#website\",\"url\":\"https:\\\/\\\/lamanere.fr\\\/\",\"name\":\"Laman\u00e8re - Lloc oficial del municipi\",\"description\":\"Poble m\u00e9s al sud de la Fran\u00e7a continental\",\"publisher\":{\"@id\":\"https:\\\/\\\/lamanere.fr\\\/#organization\"},\"potentialAction\":[{\"@type\":\"SearchAction\",\"target\":{\"@type\":\"EntryPoint\",\"urlTemplate\":\"https:\\\/\\\/lamanere.fr\\\/?s={search_term_string}\"},\"query-input\":{\"@type\":\"PropertyValueSpecification\",\"valueRequired\":true,\"valueName\":\"search_term_string\"}}],\"inLanguage\":\"ca\"},{\"@type\":\"Organization\",\"@id\":\"https:\\\/\\\/lamanere.fr\\\/#organization\",\"name\":\"Commune de Laman\u00e8re\",\"url\":\"https:\\\/\\\/lamanere.fr\\\/\",\"logo\":{\"@type\":\"ImageObject\",\"inLanguage\":\"ca\",\"@id\":\"https:\\\/\\\/lamanere.fr\\\/#\\\/schema\\\/logo\\\/image\\\/\",\"url\":\"https:\\\/\\\/lamanere.fr\\\/wp-content\\\/uploads\\\/2020\\\/09\\\/logo2-149.jpg\",\"contentUrl\":\"https:\\\/\\\/lamanere.fr\\\/wp-content\\\/uploads\\\/2020\\\/09\\\/logo2-149.jpg\",\"width\":149,\"height\":146,\"caption\":\"Commune de Laman\u00e8re\"},\"image\":{\"@id\":\"https:\\\/\\\/lamanere.fr\\\/#\\\/schema\\\/logo\\\/image\\\/\"},\"sameAs\":[\"https:\\\/\\\/www.facebook.com\\\/lamanere\",\"https:\\\/\\\/fr.wikipedia.org\\\/wiki\\\/Laman\u00e8re\"]},{\"@type\":\"Person\",\"@id\":\"https:\\\/\\\/lamanere.fr\\\/#\\\/schema\\\/person\\\/b26317ee332d7f6bfb5bff1394da6e59\",\"name\":\"Mairie de Laman\u00e8re\",\"image\":{\"@type\":\"ImageObject\",\"inLanguage\":\"ca\",\"@id\":\"https:\\\/\\\/secure.gravatar.com\\\/avatar\\\/951e9da0a291f11d14b93bccd2d18cab?s=96&d=mm&r=g\",\"url\":\"https:\\\/\\\/secure.gravatar.com\\\/avatar\\\/951e9da0a291f11d14b93bccd2d18cab?s=96&d=mm&r=g\",\"contentUrl\":\"https:\\\/\\\/secure.gravatar.com\\\/avatar\\\/951e9da0a291f11d14b93bccd2d18cab?s=96&d=mm&r=g\",\"caption\":\"Mairie de Laman\u00e8re\"},\"url\":\"https:\\\/\\\/lamanere.fr\\\/ca\\\/author\\\/jean-paul\\\/\"}]}<\/script>\n<!-- \/ Yoast SEO plugin. -->","yoast_head_json":{"title":"[:fr]COMPTE RENDU DU CONSEIL MUNICIPAL TENU LE 14 avril 2023[:] - Laman\u00e8re - Lloc oficial del municipi","robots":{"index":"index","follow":"follow","max-snippet":"max-snippet:-1","max-image-preview":"max-image-preview:large","max-video-preview":"max-video-preview:-1"},"canonical":"https:\/\/lamanere.fr\/2023\/04\/19\/compte-rendu-du-conseil-municipal-tenu-le-14-avril-2023\/","og_locale":"ca_ES","og_type":"article","og_title":"[:fr]COMPTE RENDU DU CONSEIL MUNICIPAL TENU LE 14 avril 2023[:] - Laman\u00e8re - Lloc oficial del municipi","og_description":"Ho sentim, aquesta entrada es troba disponible \u00fanicament en Franc\u00e8s. \u00a0Compte rendu de la r\u00e9union du Conseil Municipal de Laman\u00e8re du vendredi 14 avril 2023 \u00e0 16h \u00a0 \u00a0 Secr\u00e9taire de s\u00e9ance\u00a0: Jean Paul La\u00eflle Pr\u00e9sents\u00a0: Mme Gis\u00e8le Juanole, Maire&hellip; Continue Reading &rarr;","og_url":"https:\/\/lamanere.fr\/2023\/04\/19\/compte-rendu-du-conseil-municipal-tenu-le-14-avril-2023\/","og_site_name":"Laman\u00e8re - Lloc oficial del municipi","article_publisher":"https:\/\/www.facebook.com\/lamanere","article_published_time":"2023-04-19T06:16:25+00:00","article_modified_time":"2023-04-19T06:23:25+00:00","author":"Mairie de Laman\u00e8re","twitter_card":"summary_large_image","twitter_misc":{"Escrit per":"Mairie de Laman\u00e8re","Temps estimat de lectura":"6 minuts"},"schema":{"@context":"https:\/\/schema.org","@graph":[{"@type":"Article","@id":"https:\/\/lamanere.fr\/2023\/04\/19\/compte-rendu-du-conseil-municipal-tenu-le-14-avril-2023\/#article","isPartOf":{"@id":"https:\/\/lamanere.fr\/2023\/04\/19\/compte-rendu-du-conseil-municipal-tenu-le-14-avril-2023\/"},"author":{"name":"Mairie de Laman\u00e8re","@id":"https:\/\/lamanere.fr\/#\/schema\/person\/b26317ee332d7f6bfb5bff1394da6e59"},"headline":"COMPTE RENDU DU CONSEIL MUNICIPAL TENU LE 14 avril 2023","datePublished":"2023-04-19T06:16:25+00:00","dateModified":"2023-04-19T06:23:25+00:00","mainEntityOfPage":{"@id":"https:\/\/lamanere.fr\/2023\/04\/19\/compte-rendu-du-conseil-municipal-tenu-le-14-avril-2023\/"},"wordCount":1182,"commentCount":0,"publisher":{"@id":"https:\/\/lamanere.fr\/#organization"},"articleSection":["Comptes Rendus","Municipalit\u00e9"],"inLanguage":"ca","potentialAction":[{"@type":"CommentAction","name":"Comment","target":["https:\/\/lamanere.fr\/2023\/04\/19\/compte-rendu-du-conseil-municipal-tenu-le-14-avril-2023\/#respond"]}]},{"@type":"WebPage","@id":"https:\/\/lamanere.fr\/2023\/04\/19\/compte-rendu-du-conseil-municipal-tenu-le-14-avril-2023\/","url":"https:\/\/lamanere.fr\/2023\/04\/19\/compte-rendu-du-conseil-municipal-tenu-le-14-avril-2023\/","name":"[:fr]COMPTE RENDU DU CONSEIL MUNICIPAL TENU LE 14 avril 2023[:] - Laman\u00e8re - Lloc oficial del municipi","isPartOf":{"@id":"https:\/\/lamanere.fr\/#website"},"datePublished":"2023-04-19T06:16:25+00:00","dateModified":"2023-04-19T06:23:25+00:00","breadcrumb":{"@id":"https:\/\/lamanere.fr\/2023\/04\/19\/compte-rendu-du-conseil-municipal-tenu-le-14-avril-2023\/#breadcrumb"},"inLanguage":"ca","potentialAction":[{"@type":"ReadAction","target":["https:\/\/lamanere.fr\/2023\/04\/19\/compte-rendu-du-conseil-municipal-tenu-le-14-avril-2023\/"]}]},{"@type":"BreadcrumbList","@id":"https:\/\/lamanere.fr\/2023\/04\/19\/compte-rendu-du-conseil-municipal-tenu-le-14-avril-2023\/#breadcrumb","itemListElement":[{"@type":"ListItem","position":1,"name":"Accueil","item":"https:\/\/lamanere.fr\/"},{"@type":"ListItem","position":2,"name":"COMPTE RENDU DU CONSEIL MUNICIPAL TENU LE 14 avril 2023"}]},{"@type":"WebSite","@id":"https:\/\/lamanere.fr\/#website","url":"https:\/\/lamanere.fr\/","name":"Laman\u00e8re - Lloc oficial del municipi","description":"Poble m\u00e9s al sud de la Fran\u00e7a continental","publisher":{"@id":"https:\/\/lamanere.fr\/#organization"},"potentialAction":[{"@type":"SearchAction","target":{"@type":"EntryPoint","urlTemplate":"https:\/\/lamanere.fr\/?s={search_term_string}"},"query-input":{"@type":"PropertyValueSpecification","valueRequired":true,"valueName":"search_term_string"}}],"inLanguage":"ca"},{"@type":"Organization","@id":"https:\/\/lamanere.fr\/#organization","name":"Commune de Laman\u00e8re","url":"https:\/\/lamanere.fr\/","logo":{"@type":"ImageObject","inLanguage":"ca","@id":"https:\/\/lamanere.fr\/#\/schema\/logo\/image\/","url":"https:\/\/lamanere.fr\/wp-content\/uploads\/2020\/09\/logo2-149.jpg","contentUrl":"https:\/\/lamanere.fr\/wp-content\/uploads\/2020\/09\/logo2-149.jpg","width":149,"height":146,"caption":"Commune de Laman\u00e8re"},"image":{"@id":"https:\/\/lamanere.fr\/#\/schema\/logo\/image\/"},"sameAs":["https:\/\/www.facebook.com\/lamanere","https:\/\/fr.wikipedia.org\/wiki\/Laman\u00e8re"]},{"@type":"Person","@id":"https:\/\/lamanere.fr\/#\/schema\/person\/b26317ee332d7f6bfb5bff1394da6e59","name":"Mairie de Laman\u00e8re","image":{"@type":"ImageObject","inLanguage":"ca","@id":"https:\/\/secure.gravatar.com\/avatar\/951e9da0a291f11d14b93bccd2d18cab?s=96&d=mm&r=g","url":"https:\/\/secure.gravatar.com\/avatar\/951e9da0a291f11d14b93bccd2d18cab?s=96&d=mm&r=g","contentUrl":"https:\/\/secure.gravatar.com\/avatar\/951e9da0a291f11d14b93bccd2d18cab?s=96&d=mm&r=g","caption":"Mairie de Laman\u00e8re"},"url":"https:\/\/lamanere.fr\/ca\/author\/jean-paul\/"}]}},"_links":{"self":[{"href":"https:\/\/lamanere.fr\/ca\/wp-json\/wp\/v2\/posts\/2740"}],"collection":[{"href":"https:\/\/lamanere.fr\/ca\/wp-json\/wp\/v2\/posts"}],"about":[{"href":"https:\/\/lamanere.fr\/ca\/wp-json\/wp\/v2\/types\/post"}],"author":[{"embeddable":true,"href":"https:\/\/lamanere.fr\/ca\/wp-json\/wp\/v2\/users\/2"}],"replies":[{"embeddable":true,"href":"https:\/\/lamanere.fr\/ca\/wp-json\/wp\/v2\/comments?post=2740"}],"version-history":[{"count":2,"href":"https:\/\/lamanere.fr\/ca\/wp-json\/wp\/v2\/posts\/2740\/revisions"}],"predecessor-version":[{"id":2742,"href":"https:\/\/lamanere.fr\/ca\/wp-json\/wp\/v2\/posts\/2740\/revisions\/2742"}],"wp:attachment":[{"href":"https:\/\/lamanere.fr\/ca\/wp-json\/wp\/v2\/media?parent=2740"}],"wp:term":[{"taxonomy":"category","embeddable":true,"href":"https:\/\/lamanere.fr\/ca\/wp-json\/wp\/v2\/categories?post=2740"},{"taxonomy":"post_tag","embeddable":true,"href":"https:\/\/lamanere.fr\/ca\/wp-json\/wp\/v2\/tags?post=2740"}],"curies":[{"name":"wp","href":"https:\/\/api.w.org\/{rel}","templated":true}]}}