{"id":2814,"date":"2023-05-17T09:49:20","date_gmt":"2023-05-17T08:49:20","guid":{"rendered":"https:\/\/lamanere.fr\/?p=2814"},"modified":"2023-05-17T09:49:20","modified_gmt":"2023-05-17T08:49:20","slug":"association-le-placot-au-coeur-ou-en-est-on","status":"publish","type":"post","link":"https:\/\/lamanere.fr\/ca\/2023\/05\/17\/association-le-placot-au-coeur-ou-en-est-on\/","title":{"rendered":"Association &#8220;Le Pla\u00e7ot au Coeur&#8221;: o\u00f9 en est-on?"},"content":{"rendered":"<p class=\"qtranxs-available-languages-message qtranxs-available-languages-message-ca\">Ho sentim, aquesta entrada es troba disponible \u00fanicament en <a href=\"https:\/\/lamanere.fr\/fr\/wp-json\/wp\/v2\/posts\/2814\" class=\"qtranxs-available-language-link qtranxs-available-language-link-fr\" title=\"Fran\u00e7ais\">Franc\u00e8s<\/a>.<\/p><p><\/p>\n<p style=\"text-align: center;\"><span style=\"font-size: 18pt;\"><strong>Le Pla\u00e7<img loading=\"lazy\" decoding=\"async\" class=\"size-full wp-image-2816 alignright\" src=\"https:\/\/lamanere.fr\/wp-content\/uploads\/2023\/05\/Logo-Association-droite.jpg\" alt=\"\" width=\"155\" height=\"185\" \/>ot au coeur<\/strong><strong><img loading=\"lazy\" decoding=\"async\" class=\"wp-image-2817 alignleft\" src=\"https:\/\/lamanere.fr\/wp-content\/uploads\/2023\/05\/Logo-Association-gauche-275x300.jpg\" alt=\"\" width=\"171\" height=\"187\" srcset=\"https:\/\/lamanere.fr\/wp-content\/uploads\/2023\/05\/Logo-Association-gauche-275x300.jpg 275w, https:\/\/lamanere.fr\/wp-content\/uploads\/2023\/05\/Logo-Association-gauche.jpg 388w\" sizes=\"(max-width: 171px) 100vw, 171px\" \/><\/strong><\/span><\/p>\n<p style=\"text-align: center;\"><span style=\"font-size: 18pt;\"><strong>O\u00f9 en est-on\u00a0?<\/strong><\/span><\/p>\n<p>&nbsp;<\/p>\n<p>&nbsp;<\/p>\n<p>&nbsp;<\/p>\n<p style=\"text-align: center;\">Chers toutes et tous,<\/p>\n<p>Notre Association voudrait attirer votre attention sur son avenir.<\/p>\n<p>En effet, son sort d\u00e9pend de la r\u00e9alisation du projet de r\u00e9habilitation du site du Pla\u00e7ot.<\/p>\n<p>Ce projet est toujours en cours, il est pilot\u00e9 par la Mairie qui se d\u00e9pense sans compter pour sa r\u00e9ussite, en recherchant des financements de l\u2019Etat, de la R\u00e9gion, du D\u00e9partement.<\/p>\n<p>Notre Association ne jouera pleinement son r\u00f4le qu\u2019\u00e0 partir du moment o\u00f9 les travaux de r\u00e9habilitation seront engag\u00e9s. L\u2019Association pourra alors s\u2019occuper de l\u2019achat du mobilier, de la communication, de l\u2019exploitation du site etc..<\/p>\n<p>Nous sommes \u00e0 ce jour conscients que l\u2019activit\u00e9 de l\u2019Association est mise en veilleuse mais nous attendons toujours (soyons optimistes\u00a0!) de bonnes nouvelles sur l\u2019avancement du projet de r\u00e9habilitation.<\/p>\n<p>Bien s\u00fbr, votre adh\u00e9sion est n\u00e9cessaire. Nous vous remercions de nous l\u2019adresser.<\/p>\n<p>Mais ne restons pas les bras crois\u00e9s\u00a0: nous proposons d\u2019organiser cet \u00e9t\u00e9 une animation suivie d\u2019un ap\u00e9ritif dans le parc du Pla\u00e7ot, que vous connaissez bien. A cette occasion, nous vous pr\u00e9senterons les derni\u00e8res nouvelles du projet de r\u00e9habilitation.<\/p>\n<p>Merci d\u2019avance pour votre soutien,<\/p>\n<p>Le Vice-Pr\u00e9sident,<\/p>\n<p>Jean-Paul La\u00eflle<\/p>\n<p>&nbsp;<\/p>","protected":false},"excerpt":{"rendered":"<p>Ho sentim, aquesta entrada es troba disponible \u00fanicament en Franc\u00e8s. Le Pla\u00e7ot au coeur O\u00f9 en est-on\u00a0? &nbsp; &nbsp; &nbsp; Chers toutes et tous, Notre Association voudrait attirer votre attention sur son avenir. En effet, son sort d\u00e9pend de la&hellip; <a href=\"https:\/\/lamanere.fr\/ca\/2023\/05\/17\/association-le-placot-au-coeur-ou-en-est-on\/\" class=\"more-link\">Continue Reading <span class=\"meta-nav\">&rarr;<\/span><\/a><\/p>\n","protected":false},"author":2,"featured_media":0,"comment_status":"open","ping_status":"open","sticky":false,"template":"","format":"standard","meta":{"footnotes":""},"categories":[111],"tags":[],"yoast_head":"<!-- This site is optimized with the Yoast SEO plugin v27.4 - https:\/\/yoast.com\/product\/yoast-seo-wordpress\/ -->\n<title><\/title>\n<meta name=\"robots\" content=\"index, follow, max-snippet:-1, max-image-preview:large, max-video-preview:-1\" \/>\n<link rel=\"canonical\" href=\"https:\/\/lamanere.fr\/2023\/05\/17\/association-le-placot-au-coeur-ou-en-est-on\/\" \/>\n<meta property=\"og:locale\" content=\"ca_ES\" \/>\n<meta property=\"og:type\" content=\"article\" \/>\n<meta property=\"og:title\" content=\"[:fr]Association &quot;Le Pla\u00e7ot au Coeur&quot;: o\u00f9 en est-on?[:] - Laman\u00e8re - Lloc oficial del municipi\" \/>\n<meta property=\"og:description\" content=\"Ho sentim, aquesta entrada es troba disponible \u00fanicament en Franc\u00e8s. Le Pla\u00e7ot au coeur O\u00f9 en est-on\u00a0? &nbsp; &nbsp; &nbsp; Chers toutes et tous, Notre Association voudrait attirer votre attention sur son avenir. En effet, son sort d\u00e9pend de la&hellip; Continue Reading &rarr;\" \/>\n<meta property=\"og:url\" content=\"https:\/\/lamanere.fr\/2023\/05\/17\/association-le-placot-au-coeur-ou-en-est-on\/\" \/>\n<meta property=\"og:site_name\" content=\"Laman\u00e8re - Lloc oficial del municipi\" \/>\n<meta property=\"article:publisher\" content=\"https:\/\/www.facebook.com\/lamanere\" \/>\n<meta property=\"article:published_time\" content=\"2023-05-17T08:49:20+00:00\" \/>\n<meta property=\"og:image\" content=\"https:\/\/lamanere.fr\/wp-content\/uploads\/2023\/05\/Logo-Association-droite.jpg\" \/>\n<meta name=\"author\" content=\"Mairie de Laman\u00e8re\" \/>\n<meta name=\"twitter:card\" content=\"summary_large_image\" \/>\n<meta name=\"twitter:label1\" content=\"Escrit per\" \/>\n\t<meta name=\"twitter:data1\" content=\"Mairie de Laman\u00e8re\" \/>\n\t<meta name=\"twitter:label2\" content=\"Temps estimat de lectura\" \/>\n\t<meta name=\"twitter:data2\" content=\"2 minuts\" \/>\n<script type=\"application\/ld+json\" class=\"yoast-schema-graph\">{\"@context\":\"https:\\\/\\\/schema.org\",\"@graph\":[{\"@type\":\"Article\",\"@id\":\"https:\\\/\\\/lamanere.fr\\\/2023\\\/05\\\/17\\\/association-le-placot-au-coeur-ou-en-est-on\\\/#article\",\"isPartOf\":{\"@id\":\"https:\\\/\\\/lamanere.fr\\\/2023\\\/05\\\/17\\\/association-le-placot-au-coeur-ou-en-est-on\\\/\"},\"author\":{\"name\":\"Mairie de Laman\u00e8re\",\"@id\":\"https:\\\/\\\/lamanere.fr\\\/#\\\/schema\\\/person\\\/b26317ee332d7f6bfb5bff1394da6e59\"},\"headline\":\"Association &#8220;Le Pla\u00e7ot au Coeur&#8221;: o\u00f9 en est-on?\",\"datePublished\":\"2023-05-17T08:49:20+00:00\",\"mainEntityOfPage\":{\"@id\":\"https:\\\/\\\/lamanere.fr\\\/2023\\\/05\\\/17\\\/association-le-placot-au-coeur-ou-en-est-on\\\/\"},\"wordCount\":240,\"commentCount\":0,\"publisher\":{\"@id\":\"https:\\\/\\\/lamanere.fr\\\/#organization\"},\"image\":{\"@id\":\"https:\\\/\\\/lamanere.fr\\\/2023\\\/05\\\/17\\\/association-le-placot-au-coeur-ou-en-est-on\\\/#primaryimage\"},\"thumbnailUrl\":\"https:\\\/\\\/lamanere.fr\\\/wp-content\\\/uploads\\\/2023\\\/05\\\/Logo-Association-droite.jpg\",\"articleSection\":[\"Association Pla\u00e7ot\"],\"inLanguage\":\"ca\",\"potentialAction\":[{\"@type\":\"CommentAction\",\"name\":\"Comment\",\"target\":[\"https:\\\/\\\/lamanere.fr\\\/2023\\\/05\\\/17\\\/association-le-placot-au-coeur-ou-en-est-on\\\/#respond\"]}]},{\"@type\":\"WebPage\",\"@id\":\"https:\\\/\\\/lamanere.fr\\\/2023\\\/05\\\/17\\\/association-le-placot-au-coeur-ou-en-est-on\\\/\",\"url\":\"https:\\\/\\\/lamanere.fr\\\/2023\\\/05\\\/17\\\/association-le-placot-au-coeur-ou-en-est-on\\\/\",\"name\":\"[:fr]Association \\\"Le Pla\u00e7ot au Coeur\\\": o\u00f9 en est-on?[:] - Laman\u00e8re - Lloc oficial del municipi\",\"isPartOf\":{\"@id\":\"https:\\\/\\\/lamanere.fr\\\/#website\"},\"primaryImageOfPage\":{\"@id\":\"https:\\\/\\\/lamanere.fr\\\/2023\\\/05\\\/17\\\/association-le-placot-au-coeur-ou-en-est-on\\\/#primaryimage\"},\"image\":{\"@id\":\"https:\\\/\\\/lamanere.fr\\\/2023\\\/05\\\/17\\\/association-le-placot-au-coeur-ou-en-est-on\\\/#primaryimage\"},\"thumbnailUrl\":\"https:\\\/\\\/lamanere.fr\\\/wp-content\\\/uploads\\\/2023\\\/05\\\/Logo-Association-droite.jpg\",\"datePublished\":\"2023-05-17T08:49:20+00:00\",\"breadcrumb\":{\"@id\":\"https:\\\/\\\/lamanere.fr\\\/2023\\\/05\\\/17\\\/association-le-placot-au-coeur-ou-en-est-on\\\/#breadcrumb\"},\"inLanguage\":\"ca\",\"potentialAction\":[{\"@type\":\"ReadAction\",\"target\":[\"https:\\\/\\\/lamanere.fr\\\/2023\\\/05\\\/17\\\/association-le-placot-au-coeur-ou-en-est-on\\\/\"]}]},{\"@type\":\"ImageObject\",\"inLanguage\":\"ca\",\"@id\":\"https:\\\/\\\/lamanere.fr\\\/2023\\\/05\\\/17\\\/association-le-placot-au-coeur-ou-en-est-on\\\/#primaryimage\",\"url\":\"https:\\\/\\\/lamanere.fr\\\/wp-content\\\/uploads\\\/2023\\\/05\\\/Logo-Association-droite.jpg\",\"contentUrl\":\"https:\\\/\\\/lamanere.fr\\\/wp-content\\\/uploads\\\/2023\\\/05\\\/Logo-Association-droite.jpg\"},{\"@type\":\"BreadcrumbList\",\"@id\":\"https:\\\/\\\/lamanere.fr\\\/2023\\\/05\\\/17\\\/association-le-placot-au-coeur-ou-en-est-on\\\/#breadcrumb\",\"itemListElement\":[{\"@type\":\"ListItem\",\"position\":1,\"name\":\"Accueil\",\"item\":\"https:\\\/\\\/lamanere.fr\\\/\"},{\"@type\":\"ListItem\",\"position\":2,\"name\":\"Association &#8220;Le Pla\u00e7ot au Coeur&#8221;: o\u00f9 en est-on?\"}]},{\"@type\":\"WebSite\",\"@id\":\"https:\\\/\\\/lamanere.fr\\\/#website\",\"url\":\"https:\\\/\\\/lamanere.fr\\\/\",\"name\":\"Laman\u00e8re - Lloc oficial del municipi\",\"description\":\"Poble m\u00e9s al sud de la Fran\u00e7a continental\",\"publisher\":{\"@id\":\"https:\\\/\\\/lamanere.fr\\\/#organization\"},\"potentialAction\":[{\"@type\":\"SearchAction\",\"target\":{\"@type\":\"EntryPoint\",\"urlTemplate\":\"https:\\\/\\\/lamanere.fr\\\/?s={search_term_string}\"},\"query-input\":{\"@type\":\"PropertyValueSpecification\",\"valueRequired\":true,\"valueName\":\"search_term_string\"}}],\"inLanguage\":\"ca\"},{\"@type\":\"Organization\",\"@id\":\"https:\\\/\\\/lamanere.fr\\\/#organization\",\"name\":\"Commune de Laman\u00e8re\",\"url\":\"https:\\\/\\\/lamanere.fr\\\/\",\"logo\":{\"@type\":\"ImageObject\",\"inLanguage\":\"ca\",\"@id\":\"https:\\\/\\\/lamanere.fr\\\/#\\\/schema\\\/logo\\\/image\\\/\",\"url\":\"https:\\\/\\\/lamanere.fr\\\/wp-content\\\/uploads\\\/2020\\\/09\\\/logo2-149.jpg\",\"contentUrl\":\"https:\\\/\\\/lamanere.fr\\\/wp-content\\\/uploads\\\/2020\\\/09\\\/logo2-149.jpg\",\"width\":149,\"height\":146,\"caption\":\"Commune de Laman\u00e8re\"},\"image\":{\"@id\":\"https:\\\/\\\/lamanere.fr\\\/#\\\/schema\\\/logo\\\/image\\\/\"},\"sameAs\":[\"https:\\\/\\\/www.facebook.com\\\/lamanere\",\"https:\\\/\\\/fr.wikipedia.org\\\/wiki\\\/Laman\u00e8re\"]},{\"@type\":\"Person\",\"@id\":\"https:\\\/\\\/lamanere.fr\\\/#\\\/schema\\\/person\\\/b26317ee332d7f6bfb5bff1394da6e59\",\"name\":\"Mairie de Laman\u00e8re\",\"image\":{\"@type\":\"ImageObject\",\"inLanguage\":\"ca\",\"@id\":\"https:\\\/\\\/secure.gravatar.com\\\/avatar\\\/951e9da0a291f11d14b93bccd2d18cab?s=96&d=mm&r=g\",\"url\":\"https:\\\/\\\/secure.gravatar.com\\\/avatar\\\/951e9da0a291f11d14b93bccd2d18cab?s=96&d=mm&r=g\",\"contentUrl\":\"https:\\\/\\\/secure.gravatar.com\\\/avatar\\\/951e9da0a291f11d14b93bccd2d18cab?s=96&d=mm&r=g\",\"caption\":\"Mairie de Laman\u00e8re\"},\"url\":\"https:\\\/\\\/lamanere.fr\\\/ca\\\/author\\\/jean-paul\\\/\"}]}<\/script>\n<!-- \/ Yoast SEO plugin. -->","yoast_head_json":{"title":"[:fr]Association \"Le Pla\u00e7ot au Coeur\": o\u00f9 en est-on?[:] - Laman\u00e8re - Lloc oficial del municipi","robots":{"index":"index","follow":"follow","max-snippet":"max-snippet:-1","max-image-preview":"max-image-preview:large","max-video-preview":"max-video-preview:-1"},"canonical":"https:\/\/lamanere.fr\/2023\/05\/17\/association-le-placot-au-coeur-ou-en-est-on\/","og_locale":"ca_ES","og_type":"article","og_title":"[:fr]Association \"Le Pla\u00e7ot au Coeur\": o\u00f9 en est-on?[:] - Laman\u00e8re - Lloc oficial del municipi","og_description":"Ho sentim, aquesta entrada es troba disponible \u00fanicament en Franc\u00e8s. Le Pla\u00e7ot au coeur O\u00f9 en est-on\u00a0? &nbsp; &nbsp; &nbsp; Chers toutes et tous, Notre Association voudrait attirer votre attention sur son avenir. En effet, son sort d\u00e9pend de la&hellip; Continue Reading &rarr;","og_url":"https:\/\/lamanere.fr\/2023\/05\/17\/association-le-placot-au-coeur-ou-en-est-on\/","og_site_name":"Laman\u00e8re - Lloc oficial del municipi","article_publisher":"https:\/\/www.facebook.com\/lamanere","article_published_time":"2023-05-17T08:49:20+00:00","og_image":[{"url":"https:\/\/lamanere.fr\/wp-content\/uploads\/2023\/05\/Logo-Association-droite.jpg","type":"","width":"","height":""}],"author":"Mairie de Laman\u00e8re","twitter_card":"summary_large_image","twitter_misc":{"Escrit per":"Mairie de Laman\u00e8re","Temps estimat de lectura":"2 minuts"},"schema":{"@context":"https:\/\/schema.org","@graph":[{"@type":"Article","@id":"https:\/\/lamanere.fr\/2023\/05\/17\/association-le-placot-au-coeur-ou-en-est-on\/#article","isPartOf":{"@id":"https:\/\/lamanere.fr\/2023\/05\/17\/association-le-placot-au-coeur-ou-en-est-on\/"},"author":{"name":"Mairie de Laman\u00e8re","@id":"https:\/\/lamanere.fr\/#\/schema\/person\/b26317ee332d7f6bfb5bff1394da6e59"},"headline":"Association &#8220;Le Pla\u00e7ot au Coeur&#8221;: o\u00f9 en est-on?","datePublished":"2023-05-17T08:49:20+00:00","mainEntityOfPage":{"@id":"https:\/\/lamanere.fr\/2023\/05\/17\/association-le-placot-au-coeur-ou-en-est-on\/"},"wordCount":240,"commentCount":0,"publisher":{"@id":"https:\/\/lamanere.fr\/#organization"},"image":{"@id":"https:\/\/lamanere.fr\/2023\/05\/17\/association-le-placot-au-coeur-ou-en-est-on\/#primaryimage"},"thumbnailUrl":"https:\/\/lamanere.fr\/wp-content\/uploads\/2023\/05\/Logo-Association-droite.jpg","articleSection":["Association Pla\u00e7ot"],"inLanguage":"ca","potentialAction":[{"@type":"CommentAction","name":"Comment","target":["https:\/\/lamanere.fr\/2023\/05\/17\/association-le-placot-au-coeur-ou-en-est-on\/#respond"]}]},{"@type":"WebPage","@id":"https:\/\/lamanere.fr\/2023\/05\/17\/association-le-placot-au-coeur-ou-en-est-on\/","url":"https:\/\/lamanere.fr\/2023\/05\/17\/association-le-placot-au-coeur-ou-en-est-on\/","name":"[:fr]Association \"Le Pla\u00e7ot au Coeur\": o\u00f9 en est-on?[:] - Laman\u00e8re - Lloc oficial del municipi","isPartOf":{"@id":"https:\/\/lamanere.fr\/#website"},"primaryImageOfPage":{"@id":"https:\/\/lamanere.fr\/2023\/05\/17\/association-le-placot-au-coeur-ou-en-est-on\/#primaryimage"},"image":{"@id":"https:\/\/lamanere.fr\/2023\/05\/17\/association-le-placot-au-coeur-ou-en-est-on\/#primaryimage"},"thumbnailUrl":"https:\/\/lamanere.fr\/wp-content\/uploads\/2023\/05\/Logo-Association-droite.jpg","datePublished":"2023-05-17T08:49:20+00:00","breadcrumb":{"@id":"https:\/\/lamanere.fr\/2023\/05\/17\/association-le-placot-au-coeur-ou-en-est-on\/#breadcrumb"},"inLanguage":"ca","potentialAction":[{"@type":"ReadAction","target":["https:\/\/lamanere.fr\/2023\/05\/17\/association-le-placot-au-coeur-ou-en-est-on\/"]}]},{"@type":"ImageObject","inLanguage":"ca","@id":"https:\/\/lamanere.fr\/2023\/05\/17\/association-le-placot-au-coeur-ou-en-est-on\/#primaryimage","url":"https:\/\/lamanere.fr\/wp-content\/uploads\/2023\/05\/Logo-Association-droite.jpg","contentUrl":"https:\/\/lamanere.fr\/wp-content\/uploads\/2023\/05\/Logo-Association-droite.jpg"},{"@type":"BreadcrumbList","@id":"https:\/\/lamanere.fr\/2023\/05\/17\/association-le-placot-au-coeur-ou-en-est-on\/#breadcrumb","itemListElement":[{"@type":"ListItem","position":1,"name":"Accueil","item":"https:\/\/lamanere.fr\/"},{"@type":"ListItem","position":2,"name":"Association &#8220;Le Pla\u00e7ot au Coeur&#8221;: o\u00f9 en est-on?"}]},{"@type":"WebSite","@id":"https:\/\/lamanere.fr\/#website","url":"https:\/\/lamanere.fr\/","name":"Laman\u00e8re - Lloc oficial del municipi","description":"Poble m\u00e9s al sud de la Fran\u00e7a continental","publisher":{"@id":"https:\/\/lamanere.fr\/#organization"},"potentialAction":[{"@type":"SearchAction","target":{"@type":"EntryPoint","urlTemplate":"https:\/\/lamanere.fr\/?s={search_term_string}"},"query-input":{"@type":"PropertyValueSpecification","valueRequired":true,"valueName":"search_term_string"}}],"inLanguage":"ca"},{"@type":"Organization","@id":"https:\/\/lamanere.fr\/#organization","name":"Commune de Laman\u00e8re","url":"https:\/\/lamanere.fr\/","logo":{"@type":"ImageObject","inLanguage":"ca","@id":"https:\/\/lamanere.fr\/#\/schema\/logo\/image\/","url":"https:\/\/lamanere.fr\/wp-content\/uploads\/2020\/09\/logo2-149.jpg","contentUrl":"https:\/\/lamanere.fr\/wp-content\/uploads\/2020\/09\/logo2-149.jpg","width":149,"height":146,"caption":"Commune de Laman\u00e8re"},"image":{"@id":"https:\/\/lamanere.fr\/#\/schema\/logo\/image\/"},"sameAs":["https:\/\/www.facebook.com\/lamanere","https:\/\/fr.wikipedia.org\/wiki\/Laman\u00e8re"]},{"@type":"Person","@id":"https:\/\/lamanere.fr\/#\/schema\/person\/b26317ee332d7f6bfb5bff1394da6e59","name":"Mairie de Laman\u00e8re","image":{"@type":"ImageObject","inLanguage":"ca","@id":"https:\/\/secure.gravatar.com\/avatar\/951e9da0a291f11d14b93bccd2d18cab?s=96&d=mm&r=g","url":"https:\/\/secure.gravatar.com\/avatar\/951e9da0a291f11d14b93bccd2d18cab?s=96&d=mm&r=g","contentUrl":"https:\/\/secure.gravatar.com\/avatar\/951e9da0a291f11d14b93bccd2d18cab?s=96&d=mm&r=g","caption":"Mairie de Laman\u00e8re"},"url":"https:\/\/lamanere.fr\/ca\/author\/jean-paul\/"}]}},"_links":{"self":[{"href":"https:\/\/lamanere.fr\/ca\/wp-json\/wp\/v2\/posts\/2814"}],"collection":[{"href":"https:\/\/lamanere.fr\/ca\/wp-json\/wp\/v2\/posts"}],"about":[{"href":"https:\/\/lamanere.fr\/ca\/wp-json\/wp\/v2\/types\/post"}],"author":[{"embeddable":true,"href":"https:\/\/lamanere.fr\/ca\/wp-json\/wp\/v2\/users\/2"}],"replies":[{"embeddable":true,"href":"https:\/\/lamanere.fr\/ca\/wp-json\/wp\/v2\/comments?post=2814"}],"version-history":[{"count":2,"href":"https:\/\/lamanere.fr\/ca\/wp-json\/wp\/v2\/posts\/2814\/revisions"}],"predecessor-version":[{"id":2818,"href":"https:\/\/lamanere.fr\/ca\/wp-json\/wp\/v2\/posts\/2814\/revisions\/2818"}],"wp:attachment":[{"href":"https:\/\/lamanere.fr\/ca\/wp-json\/wp\/v2\/media?parent=2814"}],"wp:term":[{"taxonomy":"category","embeddable":true,"href":"https:\/\/lamanere.fr\/ca\/wp-json\/wp\/v2\/categories?post=2814"},{"taxonomy":"post_tag","embeddable":true,"href":"https:\/\/lamanere.fr\/ca\/wp-json\/wp\/v2\/tags?post=2814"}],"curies":[{"name":"wp","href":"https:\/\/api.w.org\/{rel}","templated":true}]}}