{"id":2961,"date":"2023-11-13T21:38:57","date_gmt":"2023-11-13T20:38:57","guid":{"rendered":"https:\/\/lamanere.fr\/?p=2961"},"modified":"2023-11-13T21:38:57","modified_gmt":"2023-11-13T20:38:57","slug":"compte-rendu-du-conseil-municipal-extraordinaire-tenu-le-10-novembre-2023","status":"publish","type":"post","link":"https:\/\/lamanere.fr\/ca\/2023\/11\/13\/compte-rendu-du-conseil-municipal-extraordinaire-tenu-le-10-novembre-2023\/","title":{"rendered":"COMPTE RENDU DU CONSEIL MUNICIPAL (EXTRAORDINAIRE) TENU LE 10 NOVEMBRE 2023"},"content":{"rendered":"<p class=\"qtranxs-available-languages-message qtranxs-available-languages-message-ca\">Ho sentim, aquesta entrada es troba disponible \u00fanicament en <a href=\"https:\/\/lamanere.fr\/fr\/wp-json\/wp\/v2\/posts\/2961\" class=\"qtranxs-available-language-link qtranxs-available-language-link-fr\" title=\"Fran\u00e7ais\">Franc\u00e8s<\/a>.<\/p><p><\/p>\n<p style=\"text-align: center;\"><strong>Compte rendu de la r\u00e9union extraordinaire du Conseil Municipal de Laman\u00e8re <\/strong><\/p>\n<p style=\"text-align: center;\"><strong>du vendredi 10 novembre 2023 \u00e0 10h<\/strong><\/p>\n<p>Secr\u00e9taire de s\u00e9ance\u00a0: Jean Paul La\u00eflle<\/p>\n<p><strong>Pr\u00e9sents<\/strong>\u00a0:<\/p>\n<p>Mme Gis\u00e8le Juanole, Maire<\/p>\n<p>Jacky Pujol, premier adjoint<\/p>\n<p>G\u00e9rard Cuvilliez, second adjoint<\/p>\n<p>Claude Font, conseiller<\/p>\n<p>Jean-Paul La\u00eflle, conseiller<\/p>\n<p>Absents excus\u00e9s: Mme Pierrette Juanole-D\u00e9moulin, conseill\u00e8re<\/p>\n<p style=\"text-align: center;\">La r\u00e9union est ouverte \u00e0 10h10<\/p>\n<p><strong>\u00a0<\/strong><\/p>\n<ul>\n<li><strong>D\u00e9lib\u00e9ration sur le contrat de bail d\u00e9rogatoire de la concession de service du Multiple Rural de la Commune (bar-restaurant-petite \u00e9picerie)<\/strong><\/li>\n<\/ul>\n<p>Le Conseil Municipal propose la signature d\u2019un bail d\u00e9rogatoire de 12 mois \u00e0 M. Frank Heynen, \u00e0 compter du 19 novembre 2023 jusqu\u2019au 18 novembre 2024.<\/p>\n<p>Frank Heynen a accept\u00e9 cette proposition.<\/p>\n<p>Le montant de la location mensuelle s\u2019\u00e9l\u00e8ve \u00e0 150 \u20ac et reste donc inchang\u00e9e.<\/p>\n<p><strong>Le Conseil Municipal apr\u00e8s avoir d\u00e9lib\u00e9r\u00e9 et \u00e0 l\u2019unanimit\u00e9 des pr\u00e9sents:<\/strong><\/p>\n<ul>\n<li><strong>Approuve <\/strong>la signature d\u2019un bail d\u00e9rogatoire avec M. Frank Heynen, pour l\u2019exploitation du Multiple Rural de Laman\u00e8re, pour une dur\u00e9e de 12 mois, du 19 novembre 2023 au 18 novembre 2024, aux conditions financi\u00e8res mentionn\u00e9es ci-dessus,<\/li>\n<li><strong>Autorise <\/strong>Mme le Maire \u00e0 signer toutes les pi\u00e8ces relatives \u00e0 ce dossier<\/li>\n<\/ul>\n<p>Une d\u00e9lib\u00e9ration sera r\u00e9dig\u00e9e en ce sens.<\/p>\n<ul>\n<li><strong>D\u00e9lib\u00e9ration pour le r\u00e9ajustement du co\u00fbt global de l\u2019APD (Avant Projet D\u00e9taill\u00e9) du b\u00e2timent Le Pla\u00e7ot, APD valid\u00e9e pr\u00e9c\u00e9demment, par la d\u00e9lib\u00e9ration 2022\/42 du 20 octobre 2022<\/strong><\/li>\n<\/ul>\n<p>Madame le Maire informe son assembl\u00e9e qu\u2019il est n\u00e9cessaire de r\u00e9ajuster le co\u00fbt global de l\u2019APD (Avant Projet D\u00e9taill\u00e9) du b\u00e2timent Le Pla\u00e7ot, APD valid\u00e9e pr\u00e9c\u00e9demment par la d\u00e9lib\u00e9ration 2022\/42 du 20 octobre 2022.<\/p>\n<p>Le conseil municipal a valid\u00e9 la partie financi\u00e8re de l\u2019APD, remise \u00e0 jour<\/p>\n<ul>\n<li><u>Montant total des travaux b\u00e2timents A et B\u00a0:<\/u> <strong>982\u00a0380 \u20ac HT<\/strong><\/li>\n<\/ul>\n<p>(<em>comprenant une installation photovolta\u00efque sur le toit et un ballon thermodynamique)<\/em><\/p>\n<ul>\n<li><u>Al\u00e9as (\u2265 10% co\u00fbt des travaux) + Provisions (actualisation\/r\u00e9vision)\u00a0:<\/u> <strong>174\u00a0094 \u20ac HT<\/strong><\/li>\n<li><u>Co\u00fbt de la ma\u00eetrise d\u2019\u0153uvre\u00a0:<\/u> <strong>106\u00a0774 \u20ac HT<\/strong><\/li>\n<li><u>Co\u00fbts (CT, CSPS, SSI\u2026)\u00a0:<\/u> <strong>20\u00a0700 \u20ac HT<\/strong><\/li>\n<li><u>Diagnostics\u00a0:<\/u> <strong>20\u00a0745 \u20ac HT<\/strong><\/li>\n<li><u>Huissier, concessionnaires, assurances DO, Ma\u00eetrise d\u2019ouvrage d\u00e9l\u00e9gu\u00e9e\u00a0<\/u><strong><u>:<\/u><\/strong><strong> 95\u00a0307 \u20ac HT<\/strong><\/li>\n<\/ul>\n<p style=\"text-align: center;\"><u>COUT GLOBAL DU PROJET\u00a0:<\/u> <strong>1\u00a0400\u00a0000 \u20ac HT<\/strong><\/p>\n<p><strong>Le Conseil Municipal apr\u00e8s avoir d\u00e9lib\u00e9r\u00e9 et \u00e0 l\u2019unanimit\u00e9 des pr\u00e9sents:<\/strong><\/p>\n<ul>\n<li><strong>Approuve <\/strong>ce nouveau montant et autorise Madame le Maire \u00e0 signer toutes les pi\u00e8ces relatives \u00e0 ce dossier,<\/li>\n<li><strong>Autorise <\/strong>Mme le Maire \u00e0 signer toutes les pi\u00e8ces relatives \u00e0 ce dossier<\/li>\n<\/ul>\n<p>Une d\u00e9lib\u00e9ration sera r\u00e9dig\u00e9e en ce sens.<\/p>\n<p style=\"text-align: center;\">La s\u00e9ance a \u00e9t\u00e9 lev\u00e9e \u00e0 11h44<\/p>\n<p><\/p>","protected":false},"excerpt":{"rendered":"<p>Ho sentim, aquesta entrada es troba disponible \u00fanicament en Franc\u00e8s. Compte rendu de la r\u00e9union extraordinaire du Conseil Municipal de Laman\u00e8re du vendredi 10 novembre 2023 \u00e0 10h Secr\u00e9taire de s\u00e9ance\u00a0: Jean Paul La\u00eflle Pr\u00e9sents\u00a0: Mme Gis\u00e8le Juanole, Maire Jacky&hellip; <a href=\"https:\/\/lamanere.fr\/ca\/2023\/11\/13\/compte-rendu-du-conseil-municipal-extraordinaire-tenu-le-10-novembre-2023\/\" class=\"more-link\">Continue Reading <span class=\"meta-nav\">&rarr;<\/span><\/a><\/p>\n","protected":false},"author":2,"featured_media":0,"comment_status":"open","ping_status":"open","sticky":false,"template":"","format":"standard","meta":{"footnotes":""},"categories":[77,74],"tags":[],"yoast_head":"<!-- This site is optimized with the Yoast SEO plugin v27.4 - https:\/\/yoast.com\/product\/yoast-seo-wordpress\/ -->\n<title><\/title>\n<meta name=\"robots\" content=\"index, follow, max-snippet:-1, max-image-preview:large, max-video-preview:-1\" \/>\n<link rel=\"canonical\" href=\"https:\/\/lamanere.fr\/2023\/11\/13\/compte-rendu-du-conseil-municipal-extraordinaire-tenu-le-10-novembre-2023\/\" \/>\n<meta property=\"og:locale\" content=\"ca_ES\" \/>\n<meta property=\"og:type\" content=\"article\" \/>\n<meta property=\"og:title\" content=\"[:fr]COMPTE RENDU DU CONSEIL MUNICIPAL (EXTRAORDINAIRE) TENU LE 10 NOVEMBRE 2023[:] - Laman\u00e8re - Lloc oficial del municipi\" \/>\n<meta property=\"og:description\" content=\"Ho sentim, aquesta entrada es troba disponible \u00fanicament en Franc\u00e8s. Compte rendu de la r\u00e9union extraordinaire du Conseil Municipal de Laman\u00e8re du vendredi 10 novembre 2023 \u00e0 10h Secr\u00e9taire de s\u00e9ance\u00a0: Jean Paul La\u00eflle Pr\u00e9sents\u00a0: Mme Gis\u00e8le Juanole, Maire Jacky&hellip; Continue Reading &rarr;\" \/>\n<meta property=\"og:url\" content=\"https:\/\/lamanere.fr\/2023\/11\/13\/compte-rendu-du-conseil-municipal-extraordinaire-tenu-le-10-novembre-2023\/\" \/>\n<meta property=\"og:site_name\" content=\"Laman\u00e8re - Lloc oficial del municipi\" \/>\n<meta property=\"article:publisher\" content=\"https:\/\/www.facebook.com\/lamanere\" \/>\n<meta property=\"article:published_time\" content=\"2023-11-13T20:38:57+00:00\" \/>\n<meta name=\"author\" content=\"Mairie de Laman\u00e8re\" \/>\n<meta name=\"twitter:card\" content=\"summary_large_image\" \/>\n<meta name=\"twitter:label1\" content=\"Escrit per\" \/>\n\t<meta name=\"twitter:data1\" content=\"Mairie de Laman\u00e8re\" \/>\n\t<meta name=\"twitter:label2\" content=\"Temps estimat de lectura\" \/>\n\t<meta name=\"twitter:data2\" content=\"3 minuts\" \/>\n<script type=\"application\/ld+json\" class=\"yoast-schema-graph\">{\"@context\":\"https:\\\/\\\/schema.org\",\"@graph\":[{\"@type\":\"Article\",\"@id\":\"https:\\\/\\\/lamanere.fr\\\/2023\\\/11\\\/13\\\/compte-rendu-du-conseil-municipal-extraordinaire-tenu-le-10-novembre-2023\\\/#article\",\"isPartOf\":{\"@id\":\"https:\\\/\\\/lamanere.fr\\\/2023\\\/11\\\/13\\\/compte-rendu-du-conseil-municipal-extraordinaire-tenu-le-10-novembre-2023\\\/\"},\"author\":{\"name\":\"Mairie de Laman\u00e8re\",\"@id\":\"https:\\\/\\\/lamanere.fr\\\/#\\\/schema\\\/person\\\/b26317ee332d7f6bfb5bff1394da6e59\"},\"headline\":\"COMPTE RENDU DU CONSEIL MUNICIPAL (EXTRAORDINAIRE) TENU LE 10 NOVEMBRE 2023\",\"datePublished\":\"2023-11-13T20:38:57+00:00\",\"mainEntityOfPage\":{\"@id\":\"https:\\\/\\\/lamanere.fr\\\/2023\\\/11\\\/13\\\/compte-rendu-du-conseil-municipal-extraordinaire-tenu-le-10-novembre-2023\\\/\"},\"wordCount\":443,\"commentCount\":0,\"publisher\":{\"@id\":\"https:\\\/\\\/lamanere.fr\\\/#organization\"},\"articleSection\":[\"Comptes Rendus\",\"Municipalit\u00e9\"],\"inLanguage\":\"ca\",\"potentialAction\":[{\"@type\":\"CommentAction\",\"name\":\"Comment\",\"target\":[\"https:\\\/\\\/lamanere.fr\\\/2023\\\/11\\\/13\\\/compte-rendu-du-conseil-municipal-extraordinaire-tenu-le-10-novembre-2023\\\/#respond\"]}]},{\"@type\":\"WebPage\",\"@id\":\"https:\\\/\\\/lamanere.fr\\\/2023\\\/11\\\/13\\\/compte-rendu-du-conseil-municipal-extraordinaire-tenu-le-10-novembre-2023\\\/\",\"url\":\"https:\\\/\\\/lamanere.fr\\\/2023\\\/11\\\/13\\\/compte-rendu-du-conseil-municipal-extraordinaire-tenu-le-10-novembre-2023\\\/\",\"name\":\"[:fr]COMPTE RENDU DU CONSEIL MUNICIPAL (EXTRAORDINAIRE) TENU LE 10 NOVEMBRE 2023[:] - Laman\u00e8re - Lloc oficial del municipi\",\"isPartOf\":{\"@id\":\"https:\\\/\\\/lamanere.fr\\\/#website\"},\"datePublished\":\"2023-11-13T20:38:57+00:00\",\"breadcrumb\":{\"@id\":\"https:\\\/\\\/lamanere.fr\\\/2023\\\/11\\\/13\\\/compte-rendu-du-conseil-municipal-extraordinaire-tenu-le-10-novembre-2023\\\/#breadcrumb\"},\"inLanguage\":\"ca\",\"potentialAction\":[{\"@type\":\"ReadAction\",\"target\":[\"https:\\\/\\\/lamanere.fr\\\/2023\\\/11\\\/13\\\/compte-rendu-du-conseil-municipal-extraordinaire-tenu-le-10-novembre-2023\\\/\"]}]},{\"@type\":\"BreadcrumbList\",\"@id\":\"https:\\\/\\\/lamanere.fr\\\/2023\\\/11\\\/13\\\/compte-rendu-du-conseil-municipal-extraordinaire-tenu-le-10-novembre-2023\\\/#breadcrumb\",\"itemListElement\":[{\"@type\":\"ListItem\",\"position\":1,\"name\":\"Accueil\",\"item\":\"https:\\\/\\\/lamanere.fr\\\/\"},{\"@type\":\"ListItem\",\"position\":2,\"name\":\"COMPTE RENDU DU CONSEIL MUNICIPAL (EXTRAORDINAIRE) TENU LE 10 NOVEMBRE 2023\"}]},{\"@type\":\"WebSite\",\"@id\":\"https:\\\/\\\/lamanere.fr\\\/#website\",\"url\":\"https:\\\/\\\/lamanere.fr\\\/\",\"name\":\"Laman\u00e8re - Lloc oficial del municipi\",\"description\":\"Poble m\u00e9s al sud de la Fran\u00e7a continental\",\"publisher\":{\"@id\":\"https:\\\/\\\/lamanere.fr\\\/#organization\"},\"potentialAction\":[{\"@type\":\"SearchAction\",\"target\":{\"@type\":\"EntryPoint\",\"urlTemplate\":\"https:\\\/\\\/lamanere.fr\\\/?s={search_term_string}\"},\"query-input\":{\"@type\":\"PropertyValueSpecification\",\"valueRequired\":true,\"valueName\":\"search_term_string\"}}],\"inLanguage\":\"ca\"},{\"@type\":\"Organization\",\"@id\":\"https:\\\/\\\/lamanere.fr\\\/#organization\",\"name\":\"Commune de Laman\u00e8re\",\"url\":\"https:\\\/\\\/lamanere.fr\\\/\",\"logo\":{\"@type\":\"ImageObject\",\"inLanguage\":\"ca\",\"@id\":\"https:\\\/\\\/lamanere.fr\\\/#\\\/schema\\\/logo\\\/image\\\/\",\"url\":\"https:\\\/\\\/lamanere.fr\\\/wp-content\\\/uploads\\\/2020\\\/09\\\/logo2-149.jpg\",\"contentUrl\":\"https:\\\/\\\/lamanere.fr\\\/wp-content\\\/uploads\\\/2020\\\/09\\\/logo2-149.jpg\",\"width\":149,\"height\":146,\"caption\":\"Commune de Laman\u00e8re\"},\"image\":{\"@id\":\"https:\\\/\\\/lamanere.fr\\\/#\\\/schema\\\/logo\\\/image\\\/\"},\"sameAs\":[\"https:\\\/\\\/www.facebook.com\\\/lamanere\",\"https:\\\/\\\/fr.wikipedia.org\\\/wiki\\\/Laman\u00e8re\"]},{\"@type\":\"Person\",\"@id\":\"https:\\\/\\\/lamanere.fr\\\/#\\\/schema\\\/person\\\/b26317ee332d7f6bfb5bff1394da6e59\",\"name\":\"Mairie de Laman\u00e8re\",\"image\":{\"@type\":\"ImageObject\",\"inLanguage\":\"ca\",\"@id\":\"https:\\\/\\\/secure.gravatar.com\\\/avatar\\\/951e9da0a291f11d14b93bccd2d18cab?s=96&d=mm&r=g\",\"url\":\"https:\\\/\\\/secure.gravatar.com\\\/avatar\\\/951e9da0a291f11d14b93bccd2d18cab?s=96&d=mm&r=g\",\"contentUrl\":\"https:\\\/\\\/secure.gravatar.com\\\/avatar\\\/951e9da0a291f11d14b93bccd2d18cab?s=96&d=mm&r=g\",\"caption\":\"Mairie de Laman\u00e8re\"},\"url\":\"https:\\\/\\\/lamanere.fr\\\/ca\\\/author\\\/jean-paul\\\/\"}]}<\/script>\n<!-- \/ Yoast SEO plugin. -->","yoast_head_json":{"title":"[:fr]COMPTE RENDU DU CONSEIL MUNICIPAL (EXTRAORDINAIRE) TENU LE 10 NOVEMBRE 2023[:] - Laman\u00e8re - Lloc oficial del municipi","robots":{"index":"index","follow":"follow","max-snippet":"max-snippet:-1","max-image-preview":"max-image-preview:large","max-video-preview":"max-video-preview:-1"},"canonical":"https:\/\/lamanere.fr\/2023\/11\/13\/compte-rendu-du-conseil-municipal-extraordinaire-tenu-le-10-novembre-2023\/","og_locale":"ca_ES","og_type":"article","og_title":"[:fr]COMPTE RENDU DU CONSEIL MUNICIPAL (EXTRAORDINAIRE) TENU LE 10 NOVEMBRE 2023[:] - Laman\u00e8re - Lloc oficial del municipi","og_description":"Ho sentim, aquesta entrada es troba disponible \u00fanicament en Franc\u00e8s. Compte rendu de la r\u00e9union extraordinaire du Conseil Municipal de Laman\u00e8re du vendredi 10 novembre 2023 \u00e0 10h Secr\u00e9taire de s\u00e9ance\u00a0: Jean Paul La\u00eflle Pr\u00e9sents\u00a0: Mme Gis\u00e8le Juanole, Maire Jacky&hellip; Continue Reading &rarr;","og_url":"https:\/\/lamanere.fr\/2023\/11\/13\/compte-rendu-du-conseil-municipal-extraordinaire-tenu-le-10-novembre-2023\/","og_site_name":"Laman\u00e8re - Lloc oficial del municipi","article_publisher":"https:\/\/www.facebook.com\/lamanere","article_published_time":"2023-11-13T20:38:57+00:00","author":"Mairie de Laman\u00e8re","twitter_card":"summary_large_image","twitter_misc":{"Escrit per":"Mairie de Laman\u00e8re","Temps estimat de lectura":"3 minuts"},"schema":{"@context":"https:\/\/schema.org","@graph":[{"@type":"Article","@id":"https:\/\/lamanere.fr\/2023\/11\/13\/compte-rendu-du-conseil-municipal-extraordinaire-tenu-le-10-novembre-2023\/#article","isPartOf":{"@id":"https:\/\/lamanere.fr\/2023\/11\/13\/compte-rendu-du-conseil-municipal-extraordinaire-tenu-le-10-novembre-2023\/"},"author":{"name":"Mairie de Laman\u00e8re","@id":"https:\/\/lamanere.fr\/#\/schema\/person\/b26317ee332d7f6bfb5bff1394da6e59"},"headline":"COMPTE RENDU DU CONSEIL MUNICIPAL (EXTRAORDINAIRE) TENU LE 10 NOVEMBRE 2023","datePublished":"2023-11-13T20:38:57+00:00","mainEntityOfPage":{"@id":"https:\/\/lamanere.fr\/2023\/11\/13\/compte-rendu-du-conseil-municipal-extraordinaire-tenu-le-10-novembre-2023\/"},"wordCount":443,"commentCount":0,"publisher":{"@id":"https:\/\/lamanere.fr\/#organization"},"articleSection":["Comptes Rendus","Municipalit\u00e9"],"inLanguage":"ca","potentialAction":[{"@type":"CommentAction","name":"Comment","target":["https:\/\/lamanere.fr\/2023\/11\/13\/compte-rendu-du-conseil-municipal-extraordinaire-tenu-le-10-novembre-2023\/#respond"]}]},{"@type":"WebPage","@id":"https:\/\/lamanere.fr\/2023\/11\/13\/compte-rendu-du-conseil-municipal-extraordinaire-tenu-le-10-novembre-2023\/","url":"https:\/\/lamanere.fr\/2023\/11\/13\/compte-rendu-du-conseil-municipal-extraordinaire-tenu-le-10-novembre-2023\/","name":"[:fr]COMPTE RENDU DU CONSEIL MUNICIPAL (EXTRAORDINAIRE) TENU LE 10 NOVEMBRE 2023[:] - Laman\u00e8re - Lloc oficial del municipi","isPartOf":{"@id":"https:\/\/lamanere.fr\/#website"},"datePublished":"2023-11-13T20:38:57+00:00","breadcrumb":{"@id":"https:\/\/lamanere.fr\/2023\/11\/13\/compte-rendu-du-conseil-municipal-extraordinaire-tenu-le-10-novembre-2023\/#breadcrumb"},"inLanguage":"ca","potentialAction":[{"@type":"ReadAction","target":["https:\/\/lamanere.fr\/2023\/11\/13\/compte-rendu-du-conseil-municipal-extraordinaire-tenu-le-10-novembre-2023\/"]}]},{"@type":"BreadcrumbList","@id":"https:\/\/lamanere.fr\/2023\/11\/13\/compte-rendu-du-conseil-municipal-extraordinaire-tenu-le-10-novembre-2023\/#breadcrumb","itemListElement":[{"@type":"ListItem","position":1,"name":"Accueil","item":"https:\/\/lamanere.fr\/"},{"@type":"ListItem","position":2,"name":"COMPTE RENDU DU CONSEIL MUNICIPAL (EXTRAORDINAIRE) TENU LE 10 NOVEMBRE 2023"}]},{"@type":"WebSite","@id":"https:\/\/lamanere.fr\/#website","url":"https:\/\/lamanere.fr\/","name":"Laman\u00e8re - Lloc oficial del municipi","description":"Poble m\u00e9s al sud de la Fran\u00e7a continental","publisher":{"@id":"https:\/\/lamanere.fr\/#organization"},"potentialAction":[{"@type":"SearchAction","target":{"@type":"EntryPoint","urlTemplate":"https:\/\/lamanere.fr\/?s={search_term_string}"},"query-input":{"@type":"PropertyValueSpecification","valueRequired":true,"valueName":"search_term_string"}}],"inLanguage":"ca"},{"@type":"Organization","@id":"https:\/\/lamanere.fr\/#organization","name":"Commune de Laman\u00e8re","url":"https:\/\/lamanere.fr\/","logo":{"@type":"ImageObject","inLanguage":"ca","@id":"https:\/\/lamanere.fr\/#\/schema\/logo\/image\/","url":"https:\/\/lamanere.fr\/wp-content\/uploads\/2020\/09\/logo2-149.jpg","contentUrl":"https:\/\/lamanere.fr\/wp-content\/uploads\/2020\/09\/logo2-149.jpg","width":149,"height":146,"caption":"Commune de Laman\u00e8re"},"image":{"@id":"https:\/\/lamanere.fr\/#\/schema\/logo\/image\/"},"sameAs":["https:\/\/www.facebook.com\/lamanere","https:\/\/fr.wikipedia.org\/wiki\/Laman\u00e8re"]},{"@type":"Person","@id":"https:\/\/lamanere.fr\/#\/schema\/person\/b26317ee332d7f6bfb5bff1394da6e59","name":"Mairie de Laman\u00e8re","image":{"@type":"ImageObject","inLanguage":"ca","@id":"https:\/\/secure.gravatar.com\/avatar\/951e9da0a291f11d14b93bccd2d18cab?s=96&d=mm&r=g","url":"https:\/\/secure.gravatar.com\/avatar\/951e9da0a291f11d14b93bccd2d18cab?s=96&d=mm&r=g","contentUrl":"https:\/\/secure.gravatar.com\/avatar\/951e9da0a291f11d14b93bccd2d18cab?s=96&d=mm&r=g","caption":"Mairie de Laman\u00e8re"},"url":"https:\/\/lamanere.fr\/ca\/author\/jean-paul\/"}]}},"_links":{"self":[{"href":"https:\/\/lamanere.fr\/ca\/wp-json\/wp\/v2\/posts\/2961"}],"collection":[{"href":"https:\/\/lamanere.fr\/ca\/wp-json\/wp\/v2\/posts"}],"about":[{"href":"https:\/\/lamanere.fr\/ca\/wp-json\/wp\/v2\/types\/post"}],"author":[{"embeddable":true,"href":"https:\/\/lamanere.fr\/ca\/wp-json\/wp\/v2\/users\/2"}],"replies":[{"embeddable":true,"href":"https:\/\/lamanere.fr\/ca\/wp-json\/wp\/v2\/comments?post=2961"}],"version-history":[{"count":1,"href":"https:\/\/lamanere.fr\/ca\/wp-json\/wp\/v2\/posts\/2961\/revisions"}],"predecessor-version":[{"id":2962,"href":"https:\/\/lamanere.fr\/ca\/wp-json\/wp\/v2\/posts\/2961\/revisions\/2962"}],"wp:attachment":[{"href":"https:\/\/lamanere.fr\/ca\/wp-json\/wp\/v2\/media?parent=2961"}],"wp:term":[{"taxonomy":"category","embeddable":true,"href":"https:\/\/lamanere.fr\/ca\/wp-json\/wp\/v2\/categories?post=2961"},{"taxonomy":"post_tag","embeddable":true,"href":"https:\/\/lamanere.fr\/ca\/wp-json\/wp\/v2\/tags?post=2961"}],"curies":[{"name":"wp","href":"https:\/\/api.w.org\/{rel}","templated":true}]}}