{"id":2985,"date":"2024-01-14T12:55:18","date_gmt":"2024-01-14T11:55:18","guid":{"rendered":"https:\/\/lamanere.fr\/?p=2985"},"modified":"2024-01-14T12:55:18","modified_gmt":"2024-01-14T11:55:18","slug":"les-aides-au-logement-2024-achat-location-et-renovation-pour-les-habitants-de-la-commune","status":"publish","type":"post","link":"https:\/\/lamanere.fr\/ca\/2024\/01\/14\/les-aides-au-logement-2024-achat-location-et-renovation-pour-les-habitants-de-la-commune\/","title":{"rendered":"Les aides au logement 2024 (achat, location et r\u00e9novation) pour les habitants de la commune"},"content":{"rendered":"<p class=\"qtranxs-available-languages-message qtranxs-available-languages-message-ca\">Ho sentim, aquesta entrada es troba disponible \u00fanicament en <a href=\"https:\/\/lamanere.fr\/fr\/wp-json\/wp\/v2\/posts\/2985\" class=\"qtranxs-available-language-link qtranxs-available-language-link-fr\" title=\"Fran\u00e7ais\">Franc\u00e8s<\/a>.<\/p><p>Pour aider les habitants de la commune, la page de toutes les aides aux logements 2024 (Achat, Location et R\u00e9novation) a \u00e9t\u00e9 mise \u00e0 jour :<\/p>\n<p style=\"text-align: center;\"><a href=\"https:\/\/u14208460.ct.sendgrid.net\/ls\/click?upn=ZZSnkWjx6p1XqTKq9d5vv9doWwcKYftWs4uJNulX0a6To-2BUkB-2Bl1XgJNk0popugl-mp-_VjS2fiTf5aJqNkZp94bFO6avNl-2BXSUa-2F5j9F0PF-2F3PEGAV6vPYWWebwJyTXaXVjJUkN6LG36YHHH1OuBc1yEDdXazS83xJ-2F1Q181z3epCCbgQF2BlqIgJ5IyxIVplVy2kVdXTPP-2B4d3ZWgq-2FKvF9GSsFatTK6XQkofFeyrX2i6f20Gcfd-2F93dxGLcIzIMLLJbICJSOQVx1OqpZ2aJuw8ackTbBs-2FwkGvHcMAjDmvcMB3Z1n8sKW75n0KusWPJiStuy5B1AdVDkBJw3CY0IdePuMZGRM5vseA7obCt5FrI-2BuhbnwM6rHlJDVRwq0x0dyPmJ9CfwrwJtuu9t6-2BnuMuLLHSIlJBlWbgPXc-2Fvq-2FKPTD4hw5kGVJOD3AQFhe1HLbXwveUmDvNYDXLzk3Hhys9Zo33cDFD62Vnoe4FAbmJB2-2Bd5WEOTIJRHuZ8J-2BoJkEaA3VMM8wzI4SRgT-2B1nV0777adYEkixeMSgaN3OgjBMHv8K4GFuHH49hphnMcdyWKGCwKGC1GEkjm7IndMgYFJ-2BGT93rv1OPk-2BtUB37Vjhqyu-2B7ti5QLCVFmPt3lppq6cDnFCbJ78l3uLbYP3H1vUpV-2FEDJhDReI2HAgRW8hLDS7mYXIy0D2s1WEpB3ozmeyhRredk588ZjM6-2FgeDtJUDeLWgcSs0L8sexx9mVwxwl-2FablqYlHnAvuN0oJKoXM68yctNJF1UMYhwD40mkMh968KGbw-2FU3XIVmo3M93-2F8AfqLIBwlnzYGexakO-2BaCCuMnE9H4Obo5oMMvbjUqAX5KI14gZw-2F8xukFBdQwsfEMOg3dXT8GoFA4xd-2BCceQU-2BPRjeVD6NU6KsarfCaEpZLMrwXNeQhxdeu4-2B37maeXzmgV34gFoHu1sCfcq2TAsTXBEvPFHip-2BKcm0Mg-2BIcjluaih5rzuFTNQjTe-2Fd2JLxzIOk0jjpDRzJF5JDdj8jvWUxkX1cXlhZ2pFTrEw391nwaUjaOW4sTLChqRe0uwEc07inXQ0IuCq97Xs5IOCcxVbtYFn15\" target=\"_blank\" rel=\"noopener noreferrer\">https:\/\/comparateur-ade.com<\/a><\/p>\n<p>Elle est \u00e0 votre disposition<\/p>","protected":false},"excerpt":{"rendered":"<p>Ho sentim, aquesta entrada es troba disponible \u00fanicament en Franc\u00e8s.Pour aider les habitants de la commune, la page de toutes les aides aux logements 2024 (Achat, Location et R\u00e9novation) a \u00e9t\u00e9 mise \u00e0 jour : https:\/\/comparateur-ade.com Elle est \u00e0 votre&hellip; <a href=\"https:\/\/lamanere.fr\/ca\/2024\/01\/14\/les-aides-au-logement-2024-achat-location-et-renovation-pour-les-habitants-de-la-commune\/\" class=\"more-link\">Continue Reading <span class=\"meta-nav\">&rarr;<\/span><\/a><\/p>\n","protected":false},"author":2,"featured_media":0,"comment_status":"open","ping_status":"open","sticky":false,"template":"","format":"standard","meta":{"footnotes":""},"categories":[107,104],"tags":[],"yoast_head":"<!-- This site is optimized with the Yoast SEO plugin v27.4 - https:\/\/yoast.com\/product\/yoast-seo-wordpress\/ -->\n<title><\/title>\n<meta name=\"robots\" content=\"index, follow, max-snippet:-1, max-image-preview:large, max-video-preview:-1\" \/>\n<link rel=\"canonical\" href=\"https:\/\/lamanere.fr\/2024\/01\/14\/les-aides-au-logement-2024-achat-location-et-renovation-pour-les-habitants-de-la-commune\/\" \/>\n<meta property=\"og:locale\" content=\"ca_ES\" \/>\n<meta property=\"og:type\" content=\"article\" \/>\n<meta property=\"og:title\" content=\"[:fr]Les aides au logement 2024 (achat, location et r\u00e9novation) pour les habitants de la commune[:] - Laman\u00e8re - Lloc oficial del municipi\" \/>\n<meta property=\"og:description\" content=\"Ho sentim, aquesta entrada es troba disponible \u00fanicament en Franc\u00e8s.Pour aider les habitants de la commune, la page de toutes les aides aux logements 2024 (Achat, Location et R\u00e9novation) a \u00e9t\u00e9 mise \u00e0 jour : https:\/\/comparateur-ade.com Elle est \u00e0 votre&hellip; Continue Reading &rarr;\" \/>\n<meta property=\"og:url\" content=\"https:\/\/lamanere.fr\/2024\/01\/14\/les-aides-au-logement-2024-achat-location-et-renovation-pour-les-habitants-de-la-commune\/\" \/>\n<meta property=\"og:site_name\" content=\"Laman\u00e8re - Lloc oficial del municipi\" \/>\n<meta property=\"article:publisher\" content=\"https:\/\/www.facebook.com\/lamanere\" \/>\n<meta property=\"article:published_time\" content=\"2024-01-14T11:55:18+00:00\" \/>\n<meta name=\"author\" content=\"Mairie de Laman\u00e8re\" \/>\n<meta name=\"twitter:card\" content=\"summary_large_image\" \/>\n<meta name=\"twitter:label1\" content=\"Escrit per\" \/>\n\t<meta name=\"twitter:data1\" content=\"Mairie de Laman\u00e8re\" \/>\n\t<meta name=\"twitter:label2\" content=\"Temps estimat de lectura\" \/>\n\t<meta name=\"twitter:data2\" content=\"1 minut\" \/>\n<script type=\"application\/ld+json\" class=\"yoast-schema-graph\">{\"@context\":\"https:\\\/\\\/schema.org\",\"@graph\":[{\"@type\":\"Article\",\"@id\":\"https:\\\/\\\/lamanere.fr\\\/2024\\\/01\\\/14\\\/les-aides-au-logement-2024-achat-location-et-renovation-pour-les-habitants-de-la-commune\\\/#article\",\"isPartOf\":{\"@id\":\"https:\\\/\\\/lamanere.fr\\\/2024\\\/01\\\/14\\\/les-aides-au-logement-2024-achat-location-et-renovation-pour-les-habitants-de-la-commune\\\/\"},\"author\":{\"name\":\"Mairie de Laman\u00e8re\",\"@id\":\"https:\\\/\\\/lamanere.fr\\\/#\\\/schema\\\/person\\\/b26317ee332d7f6bfb5bff1394da6e59\"},\"headline\":\"Les aides au logement 2024 (achat, location et r\u00e9novation) pour les habitants de la commune\",\"datePublished\":\"2024-01-14T11:55:18+00:00\",\"mainEntityOfPage\":{\"@id\":\"https:\\\/\\\/lamanere.fr\\\/2024\\\/01\\\/14\\\/les-aides-au-logement-2024-achat-location-et-renovation-pour-les-habitants-de-la-commune\\\/\"},\"wordCount\":48,\"commentCount\":0,\"publisher\":{\"@id\":\"https:\\\/\\\/lamanere.fr\\\/#organization\"},\"articleSection\":[\"Informations utiles\",\"Services\"],\"inLanguage\":\"ca\",\"potentialAction\":[{\"@type\":\"CommentAction\",\"name\":\"Comment\",\"target\":[\"https:\\\/\\\/lamanere.fr\\\/2024\\\/01\\\/14\\\/les-aides-au-logement-2024-achat-location-et-renovation-pour-les-habitants-de-la-commune\\\/#respond\"]}]},{\"@type\":\"WebPage\",\"@id\":\"https:\\\/\\\/lamanere.fr\\\/2024\\\/01\\\/14\\\/les-aides-au-logement-2024-achat-location-et-renovation-pour-les-habitants-de-la-commune\\\/\",\"url\":\"https:\\\/\\\/lamanere.fr\\\/2024\\\/01\\\/14\\\/les-aides-au-logement-2024-achat-location-et-renovation-pour-les-habitants-de-la-commune\\\/\",\"name\":\"[:fr]Les aides au logement 2024 (achat, location et r\u00e9novation) pour les habitants de la commune[:] - Laman\u00e8re - Lloc oficial del municipi\",\"isPartOf\":{\"@id\":\"https:\\\/\\\/lamanere.fr\\\/#website\"},\"datePublished\":\"2024-01-14T11:55:18+00:00\",\"breadcrumb\":{\"@id\":\"https:\\\/\\\/lamanere.fr\\\/2024\\\/01\\\/14\\\/les-aides-au-logement-2024-achat-location-et-renovation-pour-les-habitants-de-la-commune\\\/#breadcrumb\"},\"inLanguage\":\"ca\",\"potentialAction\":[{\"@type\":\"ReadAction\",\"target\":[\"https:\\\/\\\/lamanere.fr\\\/2024\\\/01\\\/14\\\/les-aides-au-logement-2024-achat-location-et-renovation-pour-les-habitants-de-la-commune\\\/\"]}]},{\"@type\":\"BreadcrumbList\",\"@id\":\"https:\\\/\\\/lamanere.fr\\\/2024\\\/01\\\/14\\\/les-aides-au-logement-2024-achat-location-et-renovation-pour-les-habitants-de-la-commune\\\/#breadcrumb\",\"itemListElement\":[{\"@type\":\"ListItem\",\"position\":1,\"name\":\"Accueil\",\"item\":\"https:\\\/\\\/lamanere.fr\\\/\"},{\"@type\":\"ListItem\",\"position\":2,\"name\":\"Les aides au logement 2024 (achat, location et r\u00e9novation) pour les habitants de la commune\"}]},{\"@type\":\"WebSite\",\"@id\":\"https:\\\/\\\/lamanere.fr\\\/#website\",\"url\":\"https:\\\/\\\/lamanere.fr\\\/\",\"name\":\"Laman\u00e8re - Lloc oficial del municipi\",\"description\":\"Poble m\u00e9s al sud de la Fran\u00e7a continental\",\"publisher\":{\"@id\":\"https:\\\/\\\/lamanere.fr\\\/#organization\"},\"potentialAction\":[{\"@type\":\"SearchAction\",\"target\":{\"@type\":\"EntryPoint\",\"urlTemplate\":\"https:\\\/\\\/lamanere.fr\\\/?s={search_term_string}\"},\"query-input\":{\"@type\":\"PropertyValueSpecification\",\"valueRequired\":true,\"valueName\":\"search_term_string\"}}],\"inLanguage\":\"ca\"},{\"@type\":\"Organization\",\"@id\":\"https:\\\/\\\/lamanere.fr\\\/#organization\",\"name\":\"Commune de Laman\u00e8re\",\"url\":\"https:\\\/\\\/lamanere.fr\\\/\",\"logo\":{\"@type\":\"ImageObject\",\"inLanguage\":\"ca\",\"@id\":\"https:\\\/\\\/lamanere.fr\\\/#\\\/schema\\\/logo\\\/image\\\/\",\"url\":\"https:\\\/\\\/lamanere.fr\\\/wp-content\\\/uploads\\\/2020\\\/09\\\/logo2-149.jpg\",\"contentUrl\":\"https:\\\/\\\/lamanere.fr\\\/wp-content\\\/uploads\\\/2020\\\/09\\\/logo2-149.jpg\",\"width\":149,\"height\":146,\"caption\":\"Commune de Laman\u00e8re\"},\"image\":{\"@id\":\"https:\\\/\\\/lamanere.fr\\\/#\\\/schema\\\/logo\\\/image\\\/\"},\"sameAs\":[\"https:\\\/\\\/www.facebook.com\\\/lamanere\",\"https:\\\/\\\/fr.wikipedia.org\\\/wiki\\\/Laman\u00e8re\"]},{\"@type\":\"Person\",\"@id\":\"https:\\\/\\\/lamanere.fr\\\/#\\\/schema\\\/person\\\/b26317ee332d7f6bfb5bff1394da6e59\",\"name\":\"Mairie de Laman\u00e8re\",\"image\":{\"@type\":\"ImageObject\",\"inLanguage\":\"ca\",\"@id\":\"https:\\\/\\\/secure.gravatar.com\\\/avatar\\\/951e9da0a291f11d14b93bccd2d18cab?s=96&d=mm&r=g\",\"url\":\"https:\\\/\\\/secure.gravatar.com\\\/avatar\\\/951e9da0a291f11d14b93bccd2d18cab?s=96&d=mm&r=g\",\"contentUrl\":\"https:\\\/\\\/secure.gravatar.com\\\/avatar\\\/951e9da0a291f11d14b93bccd2d18cab?s=96&d=mm&r=g\",\"caption\":\"Mairie de Laman\u00e8re\"},\"url\":\"https:\\\/\\\/lamanere.fr\\\/ca\\\/author\\\/jean-paul\\\/\"}]}<\/script>\n<!-- \/ Yoast SEO plugin. -->","yoast_head_json":{"title":"[:fr]Les aides au logement 2024 (achat, location et r\u00e9novation) pour les habitants de la commune[:] - Laman\u00e8re - Lloc oficial del municipi","robots":{"index":"index","follow":"follow","max-snippet":"max-snippet:-1","max-image-preview":"max-image-preview:large","max-video-preview":"max-video-preview:-1"},"canonical":"https:\/\/lamanere.fr\/2024\/01\/14\/les-aides-au-logement-2024-achat-location-et-renovation-pour-les-habitants-de-la-commune\/","og_locale":"ca_ES","og_type":"article","og_title":"[:fr]Les aides au logement 2024 (achat, location et r\u00e9novation) pour les habitants de la commune[:] - Laman\u00e8re - Lloc oficial del municipi","og_description":"Ho sentim, aquesta entrada es troba disponible \u00fanicament en Franc\u00e8s.Pour aider les habitants de la commune, la page de toutes les aides aux logements 2024 (Achat, Location et R\u00e9novation) a \u00e9t\u00e9 mise \u00e0 jour : https:\/\/comparateur-ade.com Elle est \u00e0 votre&hellip; Continue Reading &rarr;","og_url":"https:\/\/lamanere.fr\/2024\/01\/14\/les-aides-au-logement-2024-achat-location-et-renovation-pour-les-habitants-de-la-commune\/","og_site_name":"Laman\u00e8re - Lloc oficial del municipi","article_publisher":"https:\/\/www.facebook.com\/lamanere","article_published_time":"2024-01-14T11:55:18+00:00","author":"Mairie de Laman\u00e8re","twitter_card":"summary_large_image","twitter_misc":{"Escrit per":"Mairie de Laman\u00e8re","Temps estimat de lectura":"1 minut"},"schema":{"@context":"https:\/\/schema.org","@graph":[{"@type":"Article","@id":"https:\/\/lamanere.fr\/2024\/01\/14\/les-aides-au-logement-2024-achat-location-et-renovation-pour-les-habitants-de-la-commune\/#article","isPartOf":{"@id":"https:\/\/lamanere.fr\/2024\/01\/14\/les-aides-au-logement-2024-achat-location-et-renovation-pour-les-habitants-de-la-commune\/"},"author":{"name":"Mairie de Laman\u00e8re","@id":"https:\/\/lamanere.fr\/#\/schema\/person\/b26317ee332d7f6bfb5bff1394da6e59"},"headline":"Les aides au logement 2024 (achat, location et r\u00e9novation) pour les habitants de la commune","datePublished":"2024-01-14T11:55:18+00:00","mainEntityOfPage":{"@id":"https:\/\/lamanere.fr\/2024\/01\/14\/les-aides-au-logement-2024-achat-location-et-renovation-pour-les-habitants-de-la-commune\/"},"wordCount":48,"commentCount":0,"publisher":{"@id":"https:\/\/lamanere.fr\/#organization"},"articleSection":["Informations utiles","Services"],"inLanguage":"ca","potentialAction":[{"@type":"CommentAction","name":"Comment","target":["https:\/\/lamanere.fr\/2024\/01\/14\/les-aides-au-logement-2024-achat-location-et-renovation-pour-les-habitants-de-la-commune\/#respond"]}]},{"@type":"WebPage","@id":"https:\/\/lamanere.fr\/2024\/01\/14\/les-aides-au-logement-2024-achat-location-et-renovation-pour-les-habitants-de-la-commune\/","url":"https:\/\/lamanere.fr\/2024\/01\/14\/les-aides-au-logement-2024-achat-location-et-renovation-pour-les-habitants-de-la-commune\/","name":"[:fr]Les aides au logement 2024 (achat, location et r\u00e9novation) pour les habitants de la commune[:] - Laman\u00e8re - Lloc oficial del municipi","isPartOf":{"@id":"https:\/\/lamanere.fr\/#website"},"datePublished":"2024-01-14T11:55:18+00:00","breadcrumb":{"@id":"https:\/\/lamanere.fr\/2024\/01\/14\/les-aides-au-logement-2024-achat-location-et-renovation-pour-les-habitants-de-la-commune\/#breadcrumb"},"inLanguage":"ca","potentialAction":[{"@type":"ReadAction","target":["https:\/\/lamanere.fr\/2024\/01\/14\/les-aides-au-logement-2024-achat-location-et-renovation-pour-les-habitants-de-la-commune\/"]}]},{"@type":"BreadcrumbList","@id":"https:\/\/lamanere.fr\/2024\/01\/14\/les-aides-au-logement-2024-achat-location-et-renovation-pour-les-habitants-de-la-commune\/#breadcrumb","itemListElement":[{"@type":"ListItem","position":1,"name":"Accueil","item":"https:\/\/lamanere.fr\/"},{"@type":"ListItem","position":2,"name":"Les aides au logement 2024 (achat, location et r\u00e9novation) pour les habitants de la commune"}]},{"@type":"WebSite","@id":"https:\/\/lamanere.fr\/#website","url":"https:\/\/lamanere.fr\/","name":"Laman\u00e8re - Lloc oficial del municipi","description":"Poble m\u00e9s al sud de la Fran\u00e7a continental","publisher":{"@id":"https:\/\/lamanere.fr\/#organization"},"potentialAction":[{"@type":"SearchAction","target":{"@type":"EntryPoint","urlTemplate":"https:\/\/lamanere.fr\/?s={search_term_string}"},"query-input":{"@type":"PropertyValueSpecification","valueRequired":true,"valueName":"search_term_string"}}],"inLanguage":"ca"},{"@type":"Organization","@id":"https:\/\/lamanere.fr\/#organization","name":"Commune de Laman\u00e8re","url":"https:\/\/lamanere.fr\/","logo":{"@type":"ImageObject","inLanguage":"ca","@id":"https:\/\/lamanere.fr\/#\/schema\/logo\/image\/","url":"https:\/\/lamanere.fr\/wp-content\/uploads\/2020\/09\/logo2-149.jpg","contentUrl":"https:\/\/lamanere.fr\/wp-content\/uploads\/2020\/09\/logo2-149.jpg","width":149,"height":146,"caption":"Commune de Laman\u00e8re"},"image":{"@id":"https:\/\/lamanere.fr\/#\/schema\/logo\/image\/"},"sameAs":["https:\/\/www.facebook.com\/lamanere","https:\/\/fr.wikipedia.org\/wiki\/Laman\u00e8re"]},{"@type":"Person","@id":"https:\/\/lamanere.fr\/#\/schema\/person\/b26317ee332d7f6bfb5bff1394da6e59","name":"Mairie de Laman\u00e8re","image":{"@type":"ImageObject","inLanguage":"ca","@id":"https:\/\/secure.gravatar.com\/avatar\/951e9da0a291f11d14b93bccd2d18cab?s=96&d=mm&r=g","url":"https:\/\/secure.gravatar.com\/avatar\/951e9da0a291f11d14b93bccd2d18cab?s=96&d=mm&r=g","contentUrl":"https:\/\/secure.gravatar.com\/avatar\/951e9da0a291f11d14b93bccd2d18cab?s=96&d=mm&r=g","caption":"Mairie de Laman\u00e8re"},"url":"https:\/\/lamanere.fr\/ca\/author\/jean-paul\/"}]}},"_links":{"self":[{"href":"https:\/\/lamanere.fr\/ca\/wp-json\/wp\/v2\/posts\/2985"}],"collection":[{"href":"https:\/\/lamanere.fr\/ca\/wp-json\/wp\/v2\/posts"}],"about":[{"href":"https:\/\/lamanere.fr\/ca\/wp-json\/wp\/v2\/types\/post"}],"author":[{"embeddable":true,"href":"https:\/\/lamanere.fr\/ca\/wp-json\/wp\/v2\/users\/2"}],"replies":[{"embeddable":true,"href":"https:\/\/lamanere.fr\/ca\/wp-json\/wp\/v2\/comments?post=2985"}],"version-history":[{"count":1,"href":"https:\/\/lamanere.fr\/ca\/wp-json\/wp\/v2\/posts\/2985\/revisions"}],"predecessor-version":[{"id":2986,"href":"https:\/\/lamanere.fr\/ca\/wp-json\/wp\/v2\/posts\/2985\/revisions\/2986"}],"wp:attachment":[{"href":"https:\/\/lamanere.fr\/ca\/wp-json\/wp\/v2\/media?parent=2985"}],"wp:term":[{"taxonomy":"category","embeddable":true,"href":"https:\/\/lamanere.fr\/ca\/wp-json\/wp\/v2\/categories?post=2985"},{"taxonomy":"post_tag","embeddable":true,"href":"https:\/\/lamanere.fr\/ca\/wp-json\/wp\/v2\/tags?post=2985"}],"curies":[{"name":"wp","href":"https:\/\/api.w.org\/{rel}","templated":true}]}}