{"id":3383,"date":"2024-08-09T16:04:50","date_gmt":"2024-08-09T15:04:50","guid":{"rendered":"https:\/\/lamanere.fr\/?p=3383"},"modified":"2024-08-09T16:04:50","modified_gmt":"2024-08-09T15:04:50","slug":"compte-rendu-du-conseil-municipal-tenu-a-lamanere-le-2-aout-2024","status":"publish","type":"post","link":"https:\/\/lamanere.fr\/ca\/2024\/08\/09\/compte-rendu-du-conseil-municipal-tenu-a-lamanere-le-2-aout-2024\/","title":{"rendered":"COMPTE RENDU DU CONSEIL MUNICIPAL tenu \u00e0 Laman\u00e8re le 2 ao\u00fbt 2024"},"content":{"rendered":"<p class=\"qtranxs-available-languages-message qtranxs-available-languages-message-ca\">Ho sentim, aquesta entrada es troba disponible \u00fanicament en <a href=\"https:\/\/lamanere.fr\/fr\/wp-json\/wp\/v2\/posts\/3383\" class=\"qtranxs-available-language-link qtranxs-available-language-link-fr\" title=\"Fran\u00e7ais\">Franc\u00e8s<\/a>.<\/p><p>Voici le compte rendu du Conseil Municipal cit\u00e9 en objet<\/p>\n<p><strong>\u00a0<\/strong><\/p>\n<p style=\"text-align: center;\"><strong>Compte rendu de la r\u00e9union du Conseil Municipal de Laman\u00e8re <\/strong><\/p>\n<p style=\"text-align: center;\"><strong>du vendredi 02 ao\u00fbt 2024<\/strong><\/p>\n<p><strong>\u00a0<\/strong><\/p>\n<p><strong>\u00a0<\/strong><\/p>\n<p>Secr\u00e9taire de s\u00e9ance\u00a0: Jean Paul La\u00eflle<\/p>\n<p><strong>Pr\u00e9sents<\/strong>\u00a0:<\/p>\n<p>Mme Gis\u00e8le Juanole, Maire<\/p>\n<p>Jacky Pujol, premier adjoint<\/p>\n<p>G\u00e9rard Cuvilliez, second adjoint<\/p>\n<p>Claude Font, conseiller<\/p>\n<p>Mme Pierrette Juanole-D\u00e9moulin, conseill\u00e8re<\/p>\n<p>Jean-Paul La\u00eflle, conseiller<\/p>\n<p>&nbsp;<\/p>\n<p style=\"text-align: center;\">La r\u00e9union est ouverte \u00e0 14h21<\/p>\n<p>&nbsp;<\/p>\n<ul>\n<li><strong>D\u00e9lib\u00e9ration pour autoriser le mandataire \u00e0 proc\u00e9der \u00e0 la notification des entreprises s\u00e9lectionn\u00e9es pour les travaux de la Casa del Pla\u00e7ot.<\/strong><\/li>\n<\/ul>\n<p>La pr\u00e9sentation des r\u00e9sultats des appels d\u2019offres par la SPL Pyr\u00e9n\u00e9es-Orientales Am\u00e9nagement, accompagn\u00e9e de l\u2019architecte, a eu lieu \u00e0 Laman\u00e8re le 21 juin 2024.<\/p>\n<p>LISTE DES LOTS\u00a0:<\/p>\n<ul>\n<li>Lot 1 : D\u00e9molition, GO, D\u00e9samiantage<\/li>\n<li>Lot 2 : Charpente-Couverture, PV<\/li>\n<li>Lot 3 : Etanch\u00e9it\u00e9<\/li>\n<li>Lot 4 : Serrurerie<\/li>\n<li>Lot 5 : Menuiseries ext\u00e9rieures bois<\/li>\n<li>Lot 6 : Menuiseries int\u00e9rieures<\/li>\n<li>Lot 7 : Cloisons, doublage, faux plafonds<\/li>\n<li>Lot 8 : Rev\u00eatements de sols durs, fa\u00efence<\/li>\n<li>Lot 9 : Rev\u00eatements de sols souples<\/li>\n<li>Lot 10 : Peinture<\/li>\n<li>Lot 11 : Ascenseur<\/li>\n<li>Lot 12 : Plomberie-sanitaire, Chauffage, VMC<\/li>\n<li>Lot 13 : Electricit\u00e9 G\u00e9n\u00e9rale<\/li>\n<li>Lot 14 : D\u00e9plombage &#8211; D\u00e9samiantage<\/li>\n<li>Lot 15 : Echafaudage<\/li>\n<\/ul>\n<p>Le total des entreprises moins &#8211; disantes avec prise en compte des PSE (prestations suppl\u00e9mentaires \u00e9ventuelles) s\u2019\u00e9l\u00e8ve \u00e0 1\u00a0103\u00a0673,87 \u20ac HT, ce qui porte le co\u00fbt total du projet \u00e0 1\u00a0460\u00a0000 \u20ac HT (en incluant 50\u00a0000 \u20ac HT de mobilier)\u00b0.<\/p>\n<p><strong>Le Conseil Municipal, lors de la s\u00e9ance de ce jour, apr\u00e8s avoir d\u00e9lib\u00e9r\u00e9 et \u00e0 l\u2019unanimit\u00e9 des membres pr\u00e9sents, d\u00e9cide:<\/strong><\/p>\n<ul>\n<li><strong>d\u2019autoriser <\/strong>le mandataire (la SPL Pyr\u00e9n\u00e9es-Orientales Am\u00e9nagement) \u00e0 proc\u00e9der \u00e0 la notification des entreprises s\u00e9lectionn\u00e9es pour les travaux de la Casa del Pla\u00e7ot,<\/li>\n<li><strong>de retenir les offres <\/strong>propos\u00e9es par les entreprises s\u00e9lectionn\u00e9es pour les travaux de la Casa del Pla\u00e7ot,<\/li>\n<li><strong>d\u2019autoriser <\/strong>Mme le Maire \u00e0 signer toutes les pi\u00e8ces relatives \u00e0 ce dossier<\/li>\n<\/ul>\n<p>Une d\u00e9lib\u00e9ration sera r\u00e9dig\u00e9e en ce sens.<\/p>\n<ul>\n<li><strong>Remboursement \u00e0 un \u00e9lu de frais pour des achats pour la Commune.<\/strong><\/li>\n<\/ul>\n<p>Le Conseil Municipal avait donn\u00e9 son accord pour remplacer le r\u00e9frig\u00e9rateur de la cuisine du Multiple Rural. Un mod\u00e8le a \u00e9t\u00e9 trouv\u00e9, pour un prix de 399,97 \u20ac TTC. Un \u00e9lu a achet\u00e9 ce r\u00e9frig\u00e9rateur pour la somme ci-dessus mentionn\u00e9e.<\/p>\n<p><strong>Le Conseil Municipal apr\u00e8s avoir d\u00e9lib\u00e9r\u00e9 et \u00e0 l\u2019unanimit\u00e9 des membres pr\u00e9sents\u00a0:<\/strong><\/p>\n<ul>\n<li><strong>Approuve <\/strong>le remboursement \u00e0 l\u2019\u00e9lu de l\u2019achat de ce mat\u00e9riel ,<\/li>\n<li><strong>Autorise<\/strong> Mme le Maire \u00e0 signer toutes les pi\u00e8ces relatives \u00e0 ce dossier<\/li>\n<\/ul>\n<p>Une d\u00e9lib\u00e9ration sera r\u00e9dig\u00e9e en ce sens<\/p>\n<ul>\n<li><strong>Information pour jalonnement du parking aire de Loisirs<\/strong>.<\/li>\n<\/ul>\n<p>La signalisation de la Commune doit \u00eatre am\u00e9lior\u00e9e afin d\u2019orienter le stationnement des v\u00e9hicules, surtout en p\u00e9riode de forte affluence (la Festa Major notamment), vers les emplacements du camping et en dessous de l\u2019aire de jeux. Un sp\u00e9cialiste de la signalisation (Signalisation Grand Sud) a adress\u00e9 un devis \u00e0 la Mairie, pour la mise en place de 9 panneaux, pour un co\u00fbt de 1609,27 \u20ac TTC. Ce projet a \u00e9t\u00e9 accept\u00e9 en date du 24 juillet. Les travaux ont \u00e9t\u00e9 r\u00e9alis\u00e9s les 6 et 7 ao\u00fbt 2024.<\/p>\n<p style=\"text-align: center;\">La s\u00e9ance a \u00e9t\u00e9 lev\u00e9e \u00e0 15h00<\/p>\n<p><\/p>","protected":false},"excerpt":{"rendered":"<p>Ho sentim, aquesta entrada es troba disponible \u00fanicament en Franc\u00e8s.Voici le compte rendu du Conseil Municipal cit\u00e9 en objet \u00a0 Compte rendu de la r\u00e9union du Conseil Municipal de Laman\u00e8re du vendredi 02 ao\u00fbt 2024 \u00a0 \u00a0 Secr\u00e9taire de s\u00e9ance\u00a0:&hellip; <a href=\"https:\/\/lamanere.fr\/ca\/2024\/08\/09\/compte-rendu-du-conseil-municipal-tenu-a-lamanere-le-2-aout-2024\/\" class=\"more-link\">Continue Reading <span class=\"meta-nav\">&rarr;<\/span><\/a><\/p>\n","protected":false},"author":2,"featured_media":0,"comment_status":"open","ping_status":"open","sticky":false,"template":"","format":"standard","meta":{"footnotes":""},"categories":[77,74],"tags":[],"yoast_head":"<!-- This site is optimized with the Yoast SEO plugin v27.4 - https:\/\/yoast.com\/product\/yoast-seo-wordpress\/ -->\n<title><\/title>\n<meta name=\"robots\" content=\"index, follow, max-snippet:-1, max-image-preview:large, max-video-preview:-1\" \/>\n<link rel=\"canonical\" href=\"https:\/\/lamanere.fr\/2024\/08\/09\/compte-rendu-du-conseil-municipal-tenu-a-lamanere-le-2-aout-2024\/\" \/>\n<meta property=\"og:locale\" content=\"ca_ES\" \/>\n<meta property=\"og:type\" content=\"article\" \/>\n<meta property=\"og:title\" content=\"[:fr]COMPTE RENDU DU CONSEIL MUNICIPAL tenu \u00e0 Laman\u00e8re le 2 ao\u00fbt 2024[:] - Laman\u00e8re - Lloc oficial del municipi\" \/>\n<meta property=\"og:description\" content=\"Ho sentim, aquesta entrada es troba disponible \u00fanicament en Franc\u00e8s.Voici le compte rendu du Conseil Municipal cit\u00e9 en objet \u00a0 Compte rendu de la r\u00e9union du Conseil Municipal de Laman\u00e8re du vendredi 02 ao\u00fbt 2024 \u00a0 \u00a0 Secr\u00e9taire de s\u00e9ance\u00a0:&hellip; Continue Reading &rarr;\" \/>\n<meta property=\"og:url\" content=\"https:\/\/lamanere.fr\/2024\/08\/09\/compte-rendu-du-conseil-municipal-tenu-a-lamanere-le-2-aout-2024\/\" \/>\n<meta property=\"og:site_name\" content=\"Laman\u00e8re - Lloc oficial del municipi\" \/>\n<meta property=\"article:publisher\" content=\"https:\/\/www.facebook.com\/lamanere\" \/>\n<meta property=\"article:published_time\" content=\"2024-08-09T15:04:50+00:00\" \/>\n<meta name=\"author\" content=\"Mairie de Laman\u00e8re\" \/>\n<meta name=\"twitter:card\" content=\"summary_large_image\" \/>\n<meta name=\"twitter:label1\" content=\"Escrit per\" \/>\n\t<meta name=\"twitter:data1\" content=\"Mairie de Laman\u00e8re\" \/>\n\t<meta name=\"twitter:label2\" content=\"Temps estimat de lectura\" \/>\n\t<meta name=\"twitter:data2\" content=\"3 minuts\" \/>\n<script type=\"application\/ld+json\" class=\"yoast-schema-graph\">{\"@context\":\"https:\\\/\\\/schema.org\",\"@graph\":[{\"@type\":\"Article\",\"@id\":\"https:\\\/\\\/lamanere.fr\\\/2024\\\/08\\\/09\\\/compte-rendu-du-conseil-municipal-tenu-a-lamanere-le-2-aout-2024\\\/#article\",\"isPartOf\":{\"@id\":\"https:\\\/\\\/lamanere.fr\\\/2024\\\/08\\\/09\\\/compte-rendu-du-conseil-municipal-tenu-a-lamanere-le-2-aout-2024\\\/\"},\"author\":{\"name\":\"Mairie de Laman\u00e8re\",\"@id\":\"https:\\\/\\\/lamanere.fr\\\/#\\\/schema\\\/person\\\/b26317ee332d7f6bfb5bff1394da6e59\"},\"headline\":\"COMPTE RENDU DU CONSEIL MUNICIPAL tenu \u00e0 Laman\u00e8re le 2 ao\u00fbt 2024\",\"datePublished\":\"2024-08-09T15:04:50+00:00\",\"mainEntityOfPage\":{\"@id\":\"https:\\\/\\\/lamanere.fr\\\/2024\\\/08\\\/09\\\/compte-rendu-du-conseil-municipal-tenu-a-lamanere-le-2-aout-2024\\\/\"},\"wordCount\":554,\"commentCount\":0,\"publisher\":{\"@id\":\"https:\\\/\\\/lamanere.fr\\\/#organization\"},\"articleSection\":[\"Comptes Rendus\",\"Municipalit\u00e9\"],\"inLanguage\":\"ca\",\"potentialAction\":[{\"@type\":\"CommentAction\",\"name\":\"Comment\",\"target\":[\"https:\\\/\\\/lamanere.fr\\\/2024\\\/08\\\/09\\\/compte-rendu-du-conseil-municipal-tenu-a-lamanere-le-2-aout-2024\\\/#respond\"]}]},{\"@type\":\"WebPage\",\"@id\":\"https:\\\/\\\/lamanere.fr\\\/2024\\\/08\\\/09\\\/compte-rendu-du-conseil-municipal-tenu-a-lamanere-le-2-aout-2024\\\/\",\"url\":\"https:\\\/\\\/lamanere.fr\\\/2024\\\/08\\\/09\\\/compte-rendu-du-conseil-municipal-tenu-a-lamanere-le-2-aout-2024\\\/\",\"name\":\"[:fr]COMPTE RENDU DU CONSEIL MUNICIPAL tenu \u00e0 Laman\u00e8re le 2 ao\u00fbt 2024[:] - Laman\u00e8re - Lloc oficial del municipi\",\"isPartOf\":{\"@id\":\"https:\\\/\\\/lamanere.fr\\\/#website\"},\"datePublished\":\"2024-08-09T15:04:50+00:00\",\"breadcrumb\":{\"@id\":\"https:\\\/\\\/lamanere.fr\\\/2024\\\/08\\\/09\\\/compte-rendu-du-conseil-municipal-tenu-a-lamanere-le-2-aout-2024\\\/#breadcrumb\"},\"inLanguage\":\"ca\",\"potentialAction\":[{\"@type\":\"ReadAction\",\"target\":[\"https:\\\/\\\/lamanere.fr\\\/2024\\\/08\\\/09\\\/compte-rendu-du-conseil-municipal-tenu-a-lamanere-le-2-aout-2024\\\/\"]}]},{\"@type\":\"BreadcrumbList\",\"@id\":\"https:\\\/\\\/lamanere.fr\\\/2024\\\/08\\\/09\\\/compte-rendu-du-conseil-municipal-tenu-a-lamanere-le-2-aout-2024\\\/#breadcrumb\",\"itemListElement\":[{\"@type\":\"ListItem\",\"position\":1,\"name\":\"Accueil\",\"item\":\"https:\\\/\\\/lamanere.fr\\\/\"},{\"@type\":\"ListItem\",\"position\":2,\"name\":\"COMPTE RENDU DU CONSEIL MUNICIPAL tenu \u00e0 Laman\u00e8re le 2 ao\u00fbt 2024\"}]},{\"@type\":\"WebSite\",\"@id\":\"https:\\\/\\\/lamanere.fr\\\/#website\",\"url\":\"https:\\\/\\\/lamanere.fr\\\/\",\"name\":\"Laman\u00e8re - Lloc oficial del municipi\",\"description\":\"Poble m\u00e9s al sud de la Fran\u00e7a continental\",\"publisher\":{\"@id\":\"https:\\\/\\\/lamanere.fr\\\/#organization\"},\"potentialAction\":[{\"@type\":\"SearchAction\",\"target\":{\"@type\":\"EntryPoint\",\"urlTemplate\":\"https:\\\/\\\/lamanere.fr\\\/?s={search_term_string}\"},\"query-input\":{\"@type\":\"PropertyValueSpecification\",\"valueRequired\":true,\"valueName\":\"search_term_string\"}}],\"inLanguage\":\"ca\"},{\"@type\":\"Organization\",\"@id\":\"https:\\\/\\\/lamanere.fr\\\/#organization\",\"name\":\"Commune de Laman\u00e8re\",\"url\":\"https:\\\/\\\/lamanere.fr\\\/\",\"logo\":{\"@type\":\"ImageObject\",\"inLanguage\":\"ca\",\"@id\":\"https:\\\/\\\/lamanere.fr\\\/#\\\/schema\\\/logo\\\/image\\\/\",\"url\":\"https:\\\/\\\/lamanere.fr\\\/wp-content\\\/uploads\\\/2020\\\/09\\\/logo2-149.jpg\",\"contentUrl\":\"https:\\\/\\\/lamanere.fr\\\/wp-content\\\/uploads\\\/2020\\\/09\\\/logo2-149.jpg\",\"width\":149,\"height\":146,\"caption\":\"Commune de Laman\u00e8re\"},\"image\":{\"@id\":\"https:\\\/\\\/lamanere.fr\\\/#\\\/schema\\\/logo\\\/image\\\/\"},\"sameAs\":[\"https:\\\/\\\/www.facebook.com\\\/lamanere\",\"https:\\\/\\\/fr.wikipedia.org\\\/wiki\\\/Laman\u00e8re\"]},{\"@type\":\"Person\",\"@id\":\"https:\\\/\\\/lamanere.fr\\\/#\\\/schema\\\/person\\\/b26317ee332d7f6bfb5bff1394da6e59\",\"name\":\"Mairie de Laman\u00e8re\",\"image\":{\"@type\":\"ImageObject\",\"inLanguage\":\"ca\",\"@id\":\"https:\\\/\\\/secure.gravatar.com\\\/avatar\\\/951e9da0a291f11d14b93bccd2d18cab?s=96&d=mm&r=g\",\"url\":\"https:\\\/\\\/secure.gravatar.com\\\/avatar\\\/951e9da0a291f11d14b93bccd2d18cab?s=96&d=mm&r=g\",\"contentUrl\":\"https:\\\/\\\/secure.gravatar.com\\\/avatar\\\/951e9da0a291f11d14b93bccd2d18cab?s=96&d=mm&r=g\",\"caption\":\"Mairie de Laman\u00e8re\"},\"url\":\"https:\\\/\\\/lamanere.fr\\\/ca\\\/author\\\/jean-paul\\\/\"}]}<\/script>\n<!-- \/ Yoast SEO plugin. -->","yoast_head_json":{"title":"[:fr]COMPTE RENDU DU CONSEIL MUNICIPAL tenu \u00e0 Laman\u00e8re le 2 ao\u00fbt 2024[:] - Laman\u00e8re - Lloc oficial del municipi","robots":{"index":"index","follow":"follow","max-snippet":"max-snippet:-1","max-image-preview":"max-image-preview:large","max-video-preview":"max-video-preview:-1"},"canonical":"https:\/\/lamanere.fr\/2024\/08\/09\/compte-rendu-du-conseil-municipal-tenu-a-lamanere-le-2-aout-2024\/","og_locale":"ca_ES","og_type":"article","og_title":"[:fr]COMPTE RENDU DU CONSEIL MUNICIPAL tenu \u00e0 Laman\u00e8re le 2 ao\u00fbt 2024[:] - Laman\u00e8re - Lloc oficial del municipi","og_description":"Ho sentim, aquesta entrada es troba disponible \u00fanicament en Franc\u00e8s.Voici le compte rendu du Conseil Municipal cit\u00e9 en objet \u00a0 Compte rendu de la r\u00e9union du Conseil Municipal de Laman\u00e8re du vendredi 02 ao\u00fbt 2024 \u00a0 \u00a0 Secr\u00e9taire de s\u00e9ance\u00a0:&hellip; Continue Reading &rarr;","og_url":"https:\/\/lamanere.fr\/2024\/08\/09\/compte-rendu-du-conseil-municipal-tenu-a-lamanere-le-2-aout-2024\/","og_site_name":"Laman\u00e8re - Lloc oficial del municipi","article_publisher":"https:\/\/www.facebook.com\/lamanere","article_published_time":"2024-08-09T15:04:50+00:00","author":"Mairie de Laman\u00e8re","twitter_card":"summary_large_image","twitter_misc":{"Escrit per":"Mairie de Laman\u00e8re","Temps estimat de lectura":"3 minuts"},"schema":{"@context":"https:\/\/schema.org","@graph":[{"@type":"Article","@id":"https:\/\/lamanere.fr\/2024\/08\/09\/compte-rendu-du-conseil-municipal-tenu-a-lamanere-le-2-aout-2024\/#article","isPartOf":{"@id":"https:\/\/lamanere.fr\/2024\/08\/09\/compte-rendu-du-conseil-municipal-tenu-a-lamanere-le-2-aout-2024\/"},"author":{"name":"Mairie de Laman\u00e8re","@id":"https:\/\/lamanere.fr\/#\/schema\/person\/b26317ee332d7f6bfb5bff1394da6e59"},"headline":"COMPTE RENDU DU CONSEIL MUNICIPAL tenu \u00e0 Laman\u00e8re le 2 ao\u00fbt 2024","datePublished":"2024-08-09T15:04:50+00:00","mainEntityOfPage":{"@id":"https:\/\/lamanere.fr\/2024\/08\/09\/compte-rendu-du-conseil-municipal-tenu-a-lamanere-le-2-aout-2024\/"},"wordCount":554,"commentCount":0,"publisher":{"@id":"https:\/\/lamanere.fr\/#organization"},"articleSection":["Comptes Rendus","Municipalit\u00e9"],"inLanguage":"ca","potentialAction":[{"@type":"CommentAction","name":"Comment","target":["https:\/\/lamanere.fr\/2024\/08\/09\/compte-rendu-du-conseil-municipal-tenu-a-lamanere-le-2-aout-2024\/#respond"]}]},{"@type":"WebPage","@id":"https:\/\/lamanere.fr\/2024\/08\/09\/compte-rendu-du-conseil-municipal-tenu-a-lamanere-le-2-aout-2024\/","url":"https:\/\/lamanere.fr\/2024\/08\/09\/compte-rendu-du-conseil-municipal-tenu-a-lamanere-le-2-aout-2024\/","name":"[:fr]COMPTE RENDU DU CONSEIL MUNICIPAL tenu \u00e0 Laman\u00e8re le 2 ao\u00fbt 2024[:] - Laman\u00e8re - Lloc oficial del municipi","isPartOf":{"@id":"https:\/\/lamanere.fr\/#website"},"datePublished":"2024-08-09T15:04:50+00:00","breadcrumb":{"@id":"https:\/\/lamanere.fr\/2024\/08\/09\/compte-rendu-du-conseil-municipal-tenu-a-lamanere-le-2-aout-2024\/#breadcrumb"},"inLanguage":"ca","potentialAction":[{"@type":"ReadAction","target":["https:\/\/lamanere.fr\/2024\/08\/09\/compte-rendu-du-conseil-municipal-tenu-a-lamanere-le-2-aout-2024\/"]}]},{"@type":"BreadcrumbList","@id":"https:\/\/lamanere.fr\/2024\/08\/09\/compte-rendu-du-conseil-municipal-tenu-a-lamanere-le-2-aout-2024\/#breadcrumb","itemListElement":[{"@type":"ListItem","position":1,"name":"Accueil","item":"https:\/\/lamanere.fr\/"},{"@type":"ListItem","position":2,"name":"COMPTE RENDU DU CONSEIL MUNICIPAL tenu \u00e0 Laman\u00e8re le 2 ao\u00fbt 2024"}]},{"@type":"WebSite","@id":"https:\/\/lamanere.fr\/#website","url":"https:\/\/lamanere.fr\/","name":"Laman\u00e8re - Lloc oficial del municipi","description":"Poble m\u00e9s al sud de la Fran\u00e7a continental","publisher":{"@id":"https:\/\/lamanere.fr\/#organization"},"potentialAction":[{"@type":"SearchAction","target":{"@type":"EntryPoint","urlTemplate":"https:\/\/lamanere.fr\/?s={search_term_string}"},"query-input":{"@type":"PropertyValueSpecification","valueRequired":true,"valueName":"search_term_string"}}],"inLanguage":"ca"},{"@type":"Organization","@id":"https:\/\/lamanere.fr\/#organization","name":"Commune de Laman\u00e8re","url":"https:\/\/lamanere.fr\/","logo":{"@type":"ImageObject","inLanguage":"ca","@id":"https:\/\/lamanere.fr\/#\/schema\/logo\/image\/","url":"https:\/\/lamanere.fr\/wp-content\/uploads\/2020\/09\/logo2-149.jpg","contentUrl":"https:\/\/lamanere.fr\/wp-content\/uploads\/2020\/09\/logo2-149.jpg","width":149,"height":146,"caption":"Commune de Laman\u00e8re"},"image":{"@id":"https:\/\/lamanere.fr\/#\/schema\/logo\/image\/"},"sameAs":["https:\/\/www.facebook.com\/lamanere","https:\/\/fr.wikipedia.org\/wiki\/Laman\u00e8re"]},{"@type":"Person","@id":"https:\/\/lamanere.fr\/#\/schema\/person\/b26317ee332d7f6bfb5bff1394da6e59","name":"Mairie de Laman\u00e8re","image":{"@type":"ImageObject","inLanguage":"ca","@id":"https:\/\/secure.gravatar.com\/avatar\/951e9da0a291f11d14b93bccd2d18cab?s=96&d=mm&r=g","url":"https:\/\/secure.gravatar.com\/avatar\/951e9da0a291f11d14b93bccd2d18cab?s=96&d=mm&r=g","contentUrl":"https:\/\/secure.gravatar.com\/avatar\/951e9da0a291f11d14b93bccd2d18cab?s=96&d=mm&r=g","caption":"Mairie de Laman\u00e8re"},"url":"https:\/\/lamanere.fr\/ca\/author\/jean-paul\/"}]}},"_links":{"self":[{"href":"https:\/\/lamanere.fr\/ca\/wp-json\/wp\/v2\/posts\/3383"}],"collection":[{"href":"https:\/\/lamanere.fr\/ca\/wp-json\/wp\/v2\/posts"}],"about":[{"href":"https:\/\/lamanere.fr\/ca\/wp-json\/wp\/v2\/types\/post"}],"author":[{"embeddable":true,"href":"https:\/\/lamanere.fr\/ca\/wp-json\/wp\/v2\/users\/2"}],"replies":[{"embeddable":true,"href":"https:\/\/lamanere.fr\/ca\/wp-json\/wp\/v2\/comments?post=3383"}],"version-history":[{"count":1,"href":"https:\/\/lamanere.fr\/ca\/wp-json\/wp\/v2\/posts\/3383\/revisions"}],"predecessor-version":[{"id":3384,"href":"https:\/\/lamanere.fr\/ca\/wp-json\/wp\/v2\/posts\/3383\/revisions\/3384"}],"wp:attachment":[{"href":"https:\/\/lamanere.fr\/ca\/wp-json\/wp\/v2\/media?parent=3383"}],"wp:term":[{"taxonomy":"category","embeddable":true,"href":"https:\/\/lamanere.fr\/ca\/wp-json\/wp\/v2\/categories?post=3383"},{"taxonomy":"post_tag","embeddable":true,"href":"https:\/\/lamanere.fr\/ca\/wp-json\/wp\/v2\/tags?post=3383"}],"curies":[{"name":"wp","href":"https:\/\/api.w.org\/{rel}","templated":true}]}}