{"id":3410,"date":"2024-09-25T20:02:59","date_gmt":"2024-09-25T19:02:59","guid":{"rendered":"https:\/\/lamanere.fr\/?p=3410"},"modified":"2024-09-25T20:02:59","modified_gmt":"2024-09-25T19:02:59","slug":"foire-dautomne-et-vide-greniers-dimanche-27-octobre-2024-a-lamanere","status":"publish","type":"post","link":"https:\/\/lamanere.fr\/ca\/2024\/09\/25\/foire-dautomne-et-vide-greniers-dimanche-27-octobre-2024-a-lamanere\/","title":{"rendered":"FOIRE D\u2019AUTOMNE ET VIDE-GRENIERS DIMANCHE 27 OCTOBRE 2024 A LAMANERE"},"content":{"rendered":"<p class=\"qtranxs-available-languages-message qtranxs-available-languages-message-ca\">Ho sentim, aquesta entrada es troba disponible \u00fanicament en <a href=\"https:\/\/lamanere.fr\/fr\/wp-json\/wp\/v2\/posts\/3410\" class=\"qtranxs-available-language-link qtranxs-available-language-link-fr\" title=\"Fran\u00e7ais\">Franc\u00e8s<\/a>.<\/p><p><\/p>\n<p style=\"text-align: center;\"><strong>Dimanche 27 octobre 2024 : Foire d\u2019automne et vide-greniers<\/strong><\/p>\n<p>La foire d\u2019automne et le vide \u2013 greniers se tiendront \u00e0 Laman\u00e8re le dimanche 27 octobre, sur la place du village et ses alentours imm\u00e9diats.<\/p>\n<p>De nombreux stands sont pr\u00e9vus, t\u00e9moins du dynamisme de nos producteurs et artistes locaux : produits issus de l\u2019agriculture biologique, vente de miel, foie gras, fromages de ch\u00e8vre, vin, bi\u00e8re locale, p\u00e2tisseries, confitures, sans oublier des balades tout autour du village \u00e0 dos d\u2019\u00e2nes, des jeux en bois et tir \u00e0 l\u2019arc.<\/p>\n<p>Le restaurant \u00ab\u00a0la Terrasse du Sud\u00a0\u00bb assurera une restauration rapide<\/p>\n<p style=\"text-align: center;\">Venez nombreux\u00a0!<\/p>\n<p><img loading=\"lazy\" decoding=\"async\" class=\"alignnone  wp-image-3409 aligncenter\" src=\"https:\/\/lamanere.fr\/wp-content\/uploads\/2024\/09\/Foire-dautomne-2024-affiche-A4_v0-212x300.jpg\" alt=\"\" width=\"351\" height=\"497\" srcset=\"https:\/\/lamanere.fr\/wp-content\/uploads\/2024\/09\/Foire-dautomne-2024-affiche-A4_v0-212x300.jpg 212w, https:\/\/lamanere.fr\/wp-content\/uploads\/2024\/09\/Foire-dautomne-2024-affiche-A4_v0-724x1024.jpg 724w, https:\/\/lamanere.fr\/wp-content\/uploads\/2024\/09\/Foire-dautomne-2024-affiche-A4_v0-768x1086.jpg 768w, https:\/\/lamanere.fr\/wp-content\/uploads\/2024\/09\/Foire-dautomne-2024-affiche-A4_v0-339x480.jpg 339w, https:\/\/lamanere.fr\/wp-content\/uploads\/2024\/09\/Foire-dautomne-2024-affiche-A4_v0.jpg 794w\" sizes=\"(max-width: 351px) 100vw, 351px\" \/><\/p>","protected":false},"excerpt":{"rendered":"<p>Ho sentim, aquesta entrada es troba disponible \u00fanicament en Franc\u00e8s. Dimanche 27 octobre 2024 : Foire d\u2019automne et vide-greniers La foire d\u2019automne et le vide \u2013 greniers se tiendront \u00e0 Laman\u00e8re le dimanche 27 octobre, sur la place du village&hellip; <a href=\"https:\/\/lamanere.fr\/ca\/2024\/09\/25\/foire-dautomne-et-vide-greniers-dimanche-27-octobre-2024-a-lamanere\/\" class=\"more-link\">Continue Reading <span class=\"meta-nav\">&rarr;<\/span><\/a><\/p>\n","protected":false},"author":2,"featured_media":0,"comment_status":"open","ping_status":"open","sticky":false,"template":"","format":"standard","meta":{"footnotes":""},"categories":[109,107],"tags":[],"yoast_head":"<!-- This site is optimized with the Yoast SEO plugin v27.4 - https:\/\/yoast.com\/product\/yoast-seo-wordpress\/ -->\n<title><\/title>\n<meta name=\"robots\" content=\"index, follow, max-snippet:-1, max-image-preview:large, max-video-preview:-1\" \/>\n<link rel=\"canonical\" href=\"https:\/\/lamanere.fr\/2024\/09\/25\/foire-dautomne-et-vide-greniers-dimanche-27-octobre-2024-a-lamanere\/\" \/>\n<meta property=\"og:locale\" content=\"ca_ES\" \/>\n<meta property=\"og:type\" content=\"article\" \/>\n<meta property=\"og:title\" content=\"[:fr]FOIRE D\u2019AUTOMNE ET VIDE-GRENIERS DIMANCHE 27 OCTOBRE 2024 A LAMANERE[:] - Laman\u00e8re - Lloc oficial del municipi\" \/>\n<meta property=\"og:description\" content=\"Ho sentim, aquesta entrada es troba disponible \u00fanicament en Franc\u00e8s. Dimanche 27 octobre 2024 : Foire d\u2019automne et vide-greniers La foire d\u2019automne et le vide \u2013 greniers se tiendront \u00e0 Laman\u00e8re le dimanche 27 octobre, sur la place du village&hellip; Continue Reading &rarr;\" \/>\n<meta property=\"og:url\" content=\"https:\/\/lamanere.fr\/2024\/09\/25\/foire-dautomne-et-vide-greniers-dimanche-27-octobre-2024-a-lamanere\/\" \/>\n<meta property=\"og:site_name\" content=\"Laman\u00e8re - Lloc oficial del municipi\" \/>\n<meta property=\"article:publisher\" content=\"https:\/\/www.facebook.com\/lamanere\" \/>\n<meta property=\"article:published_time\" content=\"2024-09-25T19:02:59+00:00\" \/>\n<meta property=\"og:image\" content=\"https:\/\/lamanere.fr\/wp-content\/uploads\/2024\/09\/Foire-dautomne-2024-affiche-A4_v0-212x300.jpg\" \/>\n<meta name=\"author\" content=\"Mairie de Laman\u00e8re\" \/>\n<meta name=\"twitter:card\" content=\"summary_large_image\" \/>\n<meta name=\"twitter:label1\" content=\"Escrit per\" \/>\n\t<meta name=\"twitter:data1\" content=\"Mairie de Laman\u00e8re\" \/>\n\t<meta name=\"twitter:label2\" content=\"Temps estimat de lectura\" \/>\n\t<meta name=\"twitter:data2\" content=\"1 minut\" \/>\n<script type=\"application\/ld+json\" class=\"yoast-schema-graph\">{\"@context\":\"https:\\\/\\\/schema.org\",\"@graph\":[{\"@type\":\"Article\",\"@id\":\"https:\\\/\\\/lamanere.fr\\\/2024\\\/09\\\/25\\\/foire-dautomne-et-vide-greniers-dimanche-27-octobre-2024-a-lamanere\\\/#article\",\"isPartOf\":{\"@id\":\"https:\\\/\\\/lamanere.fr\\\/2024\\\/09\\\/25\\\/foire-dautomne-et-vide-greniers-dimanche-27-octobre-2024-a-lamanere\\\/\"},\"author\":{\"name\":\"Mairie de Laman\u00e8re\",\"@id\":\"https:\\\/\\\/lamanere.fr\\\/#\\\/schema\\\/person\\\/b26317ee332d7f6bfb5bff1394da6e59\"},\"headline\":\"FOIRE D\u2019AUTOMNE ET VIDE-GRENIERS DIMANCHE 27 OCTOBRE 2024 A LAMANERE\",\"datePublished\":\"2024-09-25T19:02:59+00:00\",\"mainEntityOfPage\":{\"@id\":\"https:\\\/\\\/lamanere.fr\\\/2024\\\/09\\\/25\\\/foire-dautomne-et-vide-greniers-dimanche-27-octobre-2024-a-lamanere\\\/\"},\"wordCount\":112,\"commentCount\":0,\"publisher\":{\"@id\":\"https:\\\/\\\/lamanere.fr\\\/#organization\"},\"image\":{\"@id\":\"https:\\\/\\\/lamanere.fr\\\/2024\\\/09\\\/25\\\/foire-dautomne-et-vide-greniers-dimanche-27-octobre-2024-a-lamanere\\\/#primaryimage\"},\"thumbnailUrl\":\"https:\\\/\\\/lamanere.fr\\\/wp-content\\\/uploads\\\/2024\\\/09\\\/Foire-dautomne-2024-affiche-A4_v0-212x300.jpg\",\"articleSection\":[\"Animations\",\"Informations utiles\"],\"inLanguage\":\"ca\",\"potentialAction\":[{\"@type\":\"CommentAction\",\"name\":\"Comment\",\"target\":[\"https:\\\/\\\/lamanere.fr\\\/2024\\\/09\\\/25\\\/foire-dautomne-et-vide-greniers-dimanche-27-octobre-2024-a-lamanere\\\/#respond\"]}]},{\"@type\":\"WebPage\",\"@id\":\"https:\\\/\\\/lamanere.fr\\\/2024\\\/09\\\/25\\\/foire-dautomne-et-vide-greniers-dimanche-27-octobre-2024-a-lamanere\\\/\",\"url\":\"https:\\\/\\\/lamanere.fr\\\/2024\\\/09\\\/25\\\/foire-dautomne-et-vide-greniers-dimanche-27-octobre-2024-a-lamanere\\\/\",\"name\":\"[:fr]FOIRE D\u2019AUTOMNE ET VIDE-GRENIERS DIMANCHE 27 OCTOBRE 2024 A LAMANERE[:] - Laman\u00e8re - Lloc oficial del municipi\",\"isPartOf\":{\"@id\":\"https:\\\/\\\/lamanere.fr\\\/#website\"},\"primaryImageOfPage\":{\"@id\":\"https:\\\/\\\/lamanere.fr\\\/2024\\\/09\\\/25\\\/foire-dautomne-et-vide-greniers-dimanche-27-octobre-2024-a-lamanere\\\/#primaryimage\"},\"image\":{\"@id\":\"https:\\\/\\\/lamanere.fr\\\/2024\\\/09\\\/25\\\/foire-dautomne-et-vide-greniers-dimanche-27-octobre-2024-a-lamanere\\\/#primaryimage\"},\"thumbnailUrl\":\"https:\\\/\\\/lamanere.fr\\\/wp-content\\\/uploads\\\/2024\\\/09\\\/Foire-dautomne-2024-affiche-A4_v0-212x300.jpg\",\"datePublished\":\"2024-09-25T19:02:59+00:00\",\"breadcrumb\":{\"@id\":\"https:\\\/\\\/lamanere.fr\\\/2024\\\/09\\\/25\\\/foire-dautomne-et-vide-greniers-dimanche-27-octobre-2024-a-lamanere\\\/#breadcrumb\"},\"inLanguage\":\"ca\",\"potentialAction\":[{\"@type\":\"ReadAction\",\"target\":[\"https:\\\/\\\/lamanere.fr\\\/2024\\\/09\\\/25\\\/foire-dautomne-et-vide-greniers-dimanche-27-octobre-2024-a-lamanere\\\/\"]}]},{\"@type\":\"ImageObject\",\"inLanguage\":\"ca\",\"@id\":\"https:\\\/\\\/lamanere.fr\\\/2024\\\/09\\\/25\\\/foire-dautomne-et-vide-greniers-dimanche-27-octobre-2024-a-lamanere\\\/#primaryimage\",\"url\":\"https:\\\/\\\/lamanere.fr\\\/wp-content\\\/uploads\\\/2024\\\/09\\\/Foire-dautomne-2024-affiche-A4_v0-212x300.jpg\",\"contentUrl\":\"https:\\\/\\\/lamanere.fr\\\/wp-content\\\/uploads\\\/2024\\\/09\\\/Foire-dautomne-2024-affiche-A4_v0-212x300.jpg\"},{\"@type\":\"BreadcrumbList\",\"@id\":\"https:\\\/\\\/lamanere.fr\\\/2024\\\/09\\\/25\\\/foire-dautomne-et-vide-greniers-dimanche-27-octobre-2024-a-lamanere\\\/#breadcrumb\",\"itemListElement\":[{\"@type\":\"ListItem\",\"position\":1,\"name\":\"Accueil\",\"item\":\"https:\\\/\\\/lamanere.fr\\\/\"},{\"@type\":\"ListItem\",\"position\":2,\"name\":\"FOIRE D\u2019AUTOMNE ET VIDE-GRENIERS DIMANCHE 27 OCTOBRE 2024 A LAMANERE\"}]},{\"@type\":\"WebSite\",\"@id\":\"https:\\\/\\\/lamanere.fr\\\/#website\",\"url\":\"https:\\\/\\\/lamanere.fr\\\/\",\"name\":\"Laman\u00e8re - Lloc oficial del municipi\",\"description\":\"Poble m\u00e9s al sud de la Fran\u00e7a continental\",\"publisher\":{\"@id\":\"https:\\\/\\\/lamanere.fr\\\/#organization\"},\"potentialAction\":[{\"@type\":\"SearchAction\",\"target\":{\"@type\":\"EntryPoint\",\"urlTemplate\":\"https:\\\/\\\/lamanere.fr\\\/?s={search_term_string}\"},\"query-input\":{\"@type\":\"PropertyValueSpecification\",\"valueRequired\":true,\"valueName\":\"search_term_string\"}}],\"inLanguage\":\"ca\"},{\"@type\":\"Organization\",\"@id\":\"https:\\\/\\\/lamanere.fr\\\/#organization\",\"name\":\"Commune de Laman\u00e8re\",\"url\":\"https:\\\/\\\/lamanere.fr\\\/\",\"logo\":{\"@type\":\"ImageObject\",\"inLanguage\":\"ca\",\"@id\":\"https:\\\/\\\/lamanere.fr\\\/#\\\/schema\\\/logo\\\/image\\\/\",\"url\":\"https:\\\/\\\/lamanere.fr\\\/wp-content\\\/uploads\\\/2020\\\/09\\\/logo2-149.jpg\",\"contentUrl\":\"https:\\\/\\\/lamanere.fr\\\/wp-content\\\/uploads\\\/2020\\\/09\\\/logo2-149.jpg\",\"width\":149,\"height\":146,\"caption\":\"Commune de Laman\u00e8re\"},\"image\":{\"@id\":\"https:\\\/\\\/lamanere.fr\\\/#\\\/schema\\\/logo\\\/image\\\/\"},\"sameAs\":[\"https:\\\/\\\/www.facebook.com\\\/lamanere\",\"https:\\\/\\\/fr.wikipedia.org\\\/wiki\\\/Laman\u00e8re\"]},{\"@type\":\"Person\",\"@id\":\"https:\\\/\\\/lamanere.fr\\\/#\\\/schema\\\/person\\\/b26317ee332d7f6bfb5bff1394da6e59\",\"name\":\"Mairie de Laman\u00e8re\",\"image\":{\"@type\":\"ImageObject\",\"inLanguage\":\"ca\",\"@id\":\"https:\\\/\\\/secure.gravatar.com\\\/avatar\\\/951e9da0a291f11d14b93bccd2d18cab?s=96&d=mm&r=g\",\"url\":\"https:\\\/\\\/secure.gravatar.com\\\/avatar\\\/951e9da0a291f11d14b93bccd2d18cab?s=96&d=mm&r=g\",\"contentUrl\":\"https:\\\/\\\/secure.gravatar.com\\\/avatar\\\/951e9da0a291f11d14b93bccd2d18cab?s=96&d=mm&r=g\",\"caption\":\"Mairie de Laman\u00e8re\"},\"url\":\"https:\\\/\\\/lamanere.fr\\\/ca\\\/author\\\/jean-paul\\\/\"}]}<\/script>\n<!-- \/ Yoast SEO plugin. -->","yoast_head_json":{"title":"[:fr]FOIRE D\u2019AUTOMNE ET VIDE-GRENIERS DIMANCHE 27 OCTOBRE 2024 A LAMANERE[:] - Laman\u00e8re - Lloc oficial del municipi","robots":{"index":"index","follow":"follow","max-snippet":"max-snippet:-1","max-image-preview":"max-image-preview:large","max-video-preview":"max-video-preview:-1"},"canonical":"https:\/\/lamanere.fr\/2024\/09\/25\/foire-dautomne-et-vide-greniers-dimanche-27-octobre-2024-a-lamanere\/","og_locale":"ca_ES","og_type":"article","og_title":"[:fr]FOIRE D\u2019AUTOMNE ET VIDE-GRENIERS DIMANCHE 27 OCTOBRE 2024 A LAMANERE[:] - Laman\u00e8re - Lloc oficial del municipi","og_description":"Ho sentim, aquesta entrada es troba disponible \u00fanicament en Franc\u00e8s. Dimanche 27 octobre 2024 : Foire d\u2019automne et vide-greniers La foire d\u2019automne et le vide \u2013 greniers se tiendront \u00e0 Laman\u00e8re le dimanche 27 octobre, sur la place du village&hellip; Continue Reading &rarr;","og_url":"https:\/\/lamanere.fr\/2024\/09\/25\/foire-dautomne-et-vide-greniers-dimanche-27-octobre-2024-a-lamanere\/","og_site_name":"Laman\u00e8re - Lloc oficial del municipi","article_publisher":"https:\/\/www.facebook.com\/lamanere","article_published_time":"2024-09-25T19:02:59+00:00","og_image":[{"url":"https:\/\/lamanere.fr\/wp-content\/uploads\/2024\/09\/Foire-dautomne-2024-affiche-A4_v0-212x300.jpg","type":"","width":"","height":""}],"author":"Mairie de Laman\u00e8re","twitter_card":"summary_large_image","twitter_misc":{"Escrit per":"Mairie de Laman\u00e8re","Temps estimat de lectura":"1 minut"},"schema":{"@context":"https:\/\/schema.org","@graph":[{"@type":"Article","@id":"https:\/\/lamanere.fr\/2024\/09\/25\/foire-dautomne-et-vide-greniers-dimanche-27-octobre-2024-a-lamanere\/#article","isPartOf":{"@id":"https:\/\/lamanere.fr\/2024\/09\/25\/foire-dautomne-et-vide-greniers-dimanche-27-octobre-2024-a-lamanere\/"},"author":{"name":"Mairie de Laman\u00e8re","@id":"https:\/\/lamanere.fr\/#\/schema\/person\/b26317ee332d7f6bfb5bff1394da6e59"},"headline":"FOIRE D\u2019AUTOMNE ET VIDE-GRENIERS DIMANCHE 27 OCTOBRE 2024 A LAMANERE","datePublished":"2024-09-25T19:02:59+00:00","mainEntityOfPage":{"@id":"https:\/\/lamanere.fr\/2024\/09\/25\/foire-dautomne-et-vide-greniers-dimanche-27-octobre-2024-a-lamanere\/"},"wordCount":112,"commentCount":0,"publisher":{"@id":"https:\/\/lamanere.fr\/#organization"},"image":{"@id":"https:\/\/lamanere.fr\/2024\/09\/25\/foire-dautomne-et-vide-greniers-dimanche-27-octobre-2024-a-lamanere\/#primaryimage"},"thumbnailUrl":"https:\/\/lamanere.fr\/wp-content\/uploads\/2024\/09\/Foire-dautomne-2024-affiche-A4_v0-212x300.jpg","articleSection":["Animations","Informations utiles"],"inLanguage":"ca","potentialAction":[{"@type":"CommentAction","name":"Comment","target":["https:\/\/lamanere.fr\/2024\/09\/25\/foire-dautomne-et-vide-greniers-dimanche-27-octobre-2024-a-lamanere\/#respond"]}]},{"@type":"WebPage","@id":"https:\/\/lamanere.fr\/2024\/09\/25\/foire-dautomne-et-vide-greniers-dimanche-27-octobre-2024-a-lamanere\/","url":"https:\/\/lamanere.fr\/2024\/09\/25\/foire-dautomne-et-vide-greniers-dimanche-27-octobre-2024-a-lamanere\/","name":"[:fr]FOIRE D\u2019AUTOMNE ET VIDE-GRENIERS DIMANCHE 27 OCTOBRE 2024 A LAMANERE[:] - Laman\u00e8re - Lloc oficial del municipi","isPartOf":{"@id":"https:\/\/lamanere.fr\/#website"},"primaryImageOfPage":{"@id":"https:\/\/lamanere.fr\/2024\/09\/25\/foire-dautomne-et-vide-greniers-dimanche-27-octobre-2024-a-lamanere\/#primaryimage"},"image":{"@id":"https:\/\/lamanere.fr\/2024\/09\/25\/foire-dautomne-et-vide-greniers-dimanche-27-octobre-2024-a-lamanere\/#primaryimage"},"thumbnailUrl":"https:\/\/lamanere.fr\/wp-content\/uploads\/2024\/09\/Foire-dautomne-2024-affiche-A4_v0-212x300.jpg","datePublished":"2024-09-25T19:02:59+00:00","breadcrumb":{"@id":"https:\/\/lamanere.fr\/2024\/09\/25\/foire-dautomne-et-vide-greniers-dimanche-27-octobre-2024-a-lamanere\/#breadcrumb"},"inLanguage":"ca","potentialAction":[{"@type":"ReadAction","target":["https:\/\/lamanere.fr\/2024\/09\/25\/foire-dautomne-et-vide-greniers-dimanche-27-octobre-2024-a-lamanere\/"]}]},{"@type":"ImageObject","inLanguage":"ca","@id":"https:\/\/lamanere.fr\/2024\/09\/25\/foire-dautomne-et-vide-greniers-dimanche-27-octobre-2024-a-lamanere\/#primaryimage","url":"https:\/\/lamanere.fr\/wp-content\/uploads\/2024\/09\/Foire-dautomne-2024-affiche-A4_v0-212x300.jpg","contentUrl":"https:\/\/lamanere.fr\/wp-content\/uploads\/2024\/09\/Foire-dautomne-2024-affiche-A4_v0-212x300.jpg"},{"@type":"BreadcrumbList","@id":"https:\/\/lamanere.fr\/2024\/09\/25\/foire-dautomne-et-vide-greniers-dimanche-27-octobre-2024-a-lamanere\/#breadcrumb","itemListElement":[{"@type":"ListItem","position":1,"name":"Accueil","item":"https:\/\/lamanere.fr\/"},{"@type":"ListItem","position":2,"name":"FOIRE D\u2019AUTOMNE ET VIDE-GRENIERS DIMANCHE 27 OCTOBRE 2024 A LAMANERE"}]},{"@type":"WebSite","@id":"https:\/\/lamanere.fr\/#website","url":"https:\/\/lamanere.fr\/","name":"Laman\u00e8re - Lloc oficial del municipi","description":"Poble m\u00e9s al sud de la Fran\u00e7a continental","publisher":{"@id":"https:\/\/lamanere.fr\/#organization"},"potentialAction":[{"@type":"SearchAction","target":{"@type":"EntryPoint","urlTemplate":"https:\/\/lamanere.fr\/?s={search_term_string}"},"query-input":{"@type":"PropertyValueSpecification","valueRequired":true,"valueName":"search_term_string"}}],"inLanguage":"ca"},{"@type":"Organization","@id":"https:\/\/lamanere.fr\/#organization","name":"Commune de Laman\u00e8re","url":"https:\/\/lamanere.fr\/","logo":{"@type":"ImageObject","inLanguage":"ca","@id":"https:\/\/lamanere.fr\/#\/schema\/logo\/image\/","url":"https:\/\/lamanere.fr\/wp-content\/uploads\/2020\/09\/logo2-149.jpg","contentUrl":"https:\/\/lamanere.fr\/wp-content\/uploads\/2020\/09\/logo2-149.jpg","width":149,"height":146,"caption":"Commune de Laman\u00e8re"},"image":{"@id":"https:\/\/lamanere.fr\/#\/schema\/logo\/image\/"},"sameAs":["https:\/\/www.facebook.com\/lamanere","https:\/\/fr.wikipedia.org\/wiki\/Laman\u00e8re"]},{"@type":"Person","@id":"https:\/\/lamanere.fr\/#\/schema\/person\/b26317ee332d7f6bfb5bff1394da6e59","name":"Mairie de Laman\u00e8re","image":{"@type":"ImageObject","inLanguage":"ca","@id":"https:\/\/secure.gravatar.com\/avatar\/951e9da0a291f11d14b93bccd2d18cab?s=96&d=mm&r=g","url":"https:\/\/secure.gravatar.com\/avatar\/951e9da0a291f11d14b93bccd2d18cab?s=96&d=mm&r=g","contentUrl":"https:\/\/secure.gravatar.com\/avatar\/951e9da0a291f11d14b93bccd2d18cab?s=96&d=mm&r=g","caption":"Mairie de Laman\u00e8re"},"url":"https:\/\/lamanere.fr\/ca\/author\/jean-paul\/"}]}},"_links":{"self":[{"href":"https:\/\/lamanere.fr\/ca\/wp-json\/wp\/v2\/posts\/3410"}],"collection":[{"href":"https:\/\/lamanere.fr\/ca\/wp-json\/wp\/v2\/posts"}],"about":[{"href":"https:\/\/lamanere.fr\/ca\/wp-json\/wp\/v2\/types\/post"}],"author":[{"embeddable":true,"href":"https:\/\/lamanere.fr\/ca\/wp-json\/wp\/v2\/users\/2"}],"replies":[{"embeddable":true,"href":"https:\/\/lamanere.fr\/ca\/wp-json\/wp\/v2\/comments?post=3410"}],"version-history":[{"count":1,"href":"https:\/\/lamanere.fr\/ca\/wp-json\/wp\/v2\/posts\/3410\/revisions"}],"predecessor-version":[{"id":3411,"href":"https:\/\/lamanere.fr\/ca\/wp-json\/wp\/v2\/posts\/3410\/revisions\/3411"}],"wp:attachment":[{"href":"https:\/\/lamanere.fr\/ca\/wp-json\/wp\/v2\/media?parent=3410"}],"wp:term":[{"taxonomy":"category","embeddable":true,"href":"https:\/\/lamanere.fr\/ca\/wp-json\/wp\/v2\/categories?post=3410"},{"taxonomy":"post_tag","embeddable":true,"href":"https:\/\/lamanere.fr\/ca\/wp-json\/wp\/v2\/tags?post=3410"}],"curies":[{"name":"wp","href":"https:\/\/api.w.org\/{rel}","templated":true}]}}