{"id":3446,"date":"2024-10-25T18:59:32","date_gmt":"2024-10-25T17:59:32","guid":{"rendered":"https:\/\/lamanere.fr\/?p=3446"},"modified":"2024-10-25T18:59:32","modified_gmt":"2024-10-25T17:59:32","slug":"compte-rendu-du-conseil-municipal-extraordinaire-tenu-a-lamanere-le-21-octobre-2024","status":"publish","type":"post","link":"https:\/\/lamanere.fr\/ca\/2024\/10\/25\/compte-rendu-du-conseil-municipal-extraordinaire-tenu-a-lamanere-le-21-octobre-2024\/","title":{"rendered":"COMPTE RENDU DU CONSEIL MUNICIPAL EXTRAORDINAIRE tenu \u00e0 Laman\u00e8re le 21 octobre 2024"},"content":{"rendered":"<p class=\"qtranxs-available-languages-message qtranxs-available-languages-message-ca\">Ho sentim, aquesta entrada es troba disponible \u00fanicament en <a href=\"https:\/\/lamanere.fr\/fr\/wp-json\/wp\/v2\/posts\/3446\" class=\"qtranxs-available-language-link qtranxs-available-language-link-fr\" title=\"Fran\u00e7ais\">Franc\u00e8s<\/a>.<\/p><p><\/p>\n<p style=\"text-align: center;\"><strong>Compte rendu de la r\u00e9union extraordinaire du Conseil Municipal de Laman\u00e8re <\/strong><\/p>\n<p style=\"text-align: center;\"><strong>du lundi 21 octobre 2024<\/strong><\/p>\n<p>Secr\u00e9taire de s\u00e9ance\u00a0: Jean Paul La\u00eflle<\/p>\n<p><strong>Pr\u00e9sents<\/strong>\u00a0:<\/p>\n<p>Mme Gis\u00e8le Juanole, Maire<\/p>\n<p>Jacky Pujol, premier adjoint<\/p>\n<p>G\u00e9rard Cuvilliez, second adjoint<\/p>\n<p>Claude Font, conseiller<\/p>\n<p>Jean-Paul La\u00eflle, conseiller<\/p>\n<p>Absents excus\u00e9s (a donn\u00e9 procuration): Mme Pierrette Juanole-D\u00e9moulin, conseill\u00e8re<\/p>\n<p style=\"text-align: center;\">La r\u00e9union est ouverte \u00e0 10h10<\/p>\n<ul>\n<li><strong>D\u00e9lib\u00e9ration pour un recours \u00e0 l&#8217;emprunt \u00e0 long terme et \u00e0 un pr\u00eat relais sur 2 ou 3 ans de la Commune de Laman\u00e8re au Groupe Agence France Locale, (GAFL) pour financer les investissements 2024 du projet de la \u00ab Maison pour les activit\u00e9s de pleine nature et les patrimoines locaux\u00a0\u00bb<\/strong><\/li>\n<\/ul>\n<p>&nbsp;<\/p>\n<p>Mme le Maire rappelle que pour financer les investissements 2024, il est n\u00e9cessaire de recourir \u00e0 un emprunt de 160\u00a0000 \u20ac sur 25 ans et un pr\u00eat relais de 160\u00a0000 \u20ac sur 3 ans.<\/p>\n<p>Le Conseil Municipal, apr\u00e8s avoir d\u00e9lib\u00e9r\u00e9, d\u00e9cide d\u2019autoriser Mme Gis\u00e8le Juanole, Maire, \u00e0 signer les contrats de pr\u00eat<\/p>\n<ul>\n<li><strong>Principales caract\u00e9ristiques du pr\u00eat long terme\u00a0:<\/strong><\/li>\n<\/ul>\n<p>Montant du contrat de pr\u00eat 160\u00a0000 \u20ac<\/p>\n<p>Date de d\u00e9blocage des fonds\u00a0: 30 octobre 2024<\/p>\n<p>Dur\u00e9e totale\u00a0: 25 ans<\/p>\n<p>Mode d\u2019amortissement\u00a0: \u00e9ch\u00e9ances constantes trimestrielles<\/p>\n<p>Fr\u00e9quence\u00a0: trimestrielle<\/p>\n<p>Taux fixe\u00a0: 3,6%<\/p>\n<p>Base de calcul\u00a0: base 30\/360<\/p>\n<p>Co\u00fbt par trimestre\u00a0: 2433,29 \u20ac<\/p>\n<p>Frais de dossier\u00a0: n\u00e9ant<\/p>\n<p>Commission d\u2019engagement\u00a0: n\u00e9ant<\/p>\n<ul>\n<li><strong>Etendue des pouvoirs du signataire\u00a0:<\/strong><\/li>\n<\/ul>\n<p>Mme le Maire est autoris\u00e9e \u00e0 signer les contrats de pr\u00eat et \u00e0 proc\u00e9der ult\u00e9rieurement, sans autre d\u00e9lib\u00e9ration et \u00e0 son initiative, \u00e0 toutes formalit\u00e9s et \u00e0 prendre toutes les mesures et signer tous les actes n\u00e9cessaires \u00e0 l\u2019ex\u00e9cution de la pr\u00e9sente d\u00e9lib\u00e9ration et re\u00e7oit tous pouvoirs \u00e0 cet effet.<\/p>\n<p><strong>Le Conseil Municipal apr\u00e8s avoir d\u00e9lib\u00e9r\u00e9 et \u00e0 l\u2019unanimit\u00e9 des pr\u00e9sents:<\/strong><\/p>\n<ul>\n<li><strong>Autorise<\/strong> Mme Gis\u00e8le Juanole, Maire, \u00e0 signer les contrats de pr\u00eat,<\/li>\n<li><strong>Autorise <\/strong>Mme le Maire \u00e0 proc\u00e9der ult\u00e9rieurement, sans autre d\u00e9lib\u00e9ration et \u00e0 son initiative, \u00e0 toutes formalit\u00e9s et \u00e0 prendre toutes les mesures et signer tous les actes n\u00e9cessaires \u00e0 l\u2019ex\u00e9cution de la pr\u00e9sente d\u00e9lib\u00e9ration et re\u00e7oit tous pouvoirs \u00e0 cet effet<\/li>\n<\/ul>\n<p>Une d\u00e9lib\u00e9ration sera r\u00e9dig\u00e9e en ce sens.<\/p>\n<p style=\"text-align: center;\">La s\u00e9ance a \u00e9t\u00e9 lev\u00e9e \u00e0 11h45<\/p>\n<p><\/p>","protected":false},"excerpt":{"rendered":"<p>Ho sentim, aquesta entrada es troba disponible \u00fanicament en Franc\u00e8s. Compte rendu de la r\u00e9union extraordinaire du Conseil Municipal de Laman\u00e8re du lundi 21 octobre 2024 Secr\u00e9taire de s\u00e9ance\u00a0: Jean Paul La\u00eflle Pr\u00e9sents\u00a0: Mme Gis\u00e8le Juanole, Maire Jacky Pujol, premier&hellip; <a href=\"https:\/\/lamanere.fr\/ca\/2024\/10\/25\/compte-rendu-du-conseil-municipal-extraordinaire-tenu-a-lamanere-le-21-octobre-2024\/\" class=\"more-link\">Continue Reading <span class=\"meta-nav\">&rarr;<\/span><\/a><\/p>\n","protected":false},"author":2,"featured_media":0,"comment_status":"open","ping_status":"open","sticky":false,"template":"","format":"standard","meta":{"footnotes":""},"categories":[77,74],"tags":[],"yoast_head":"<!-- This site is optimized with the Yoast SEO plugin v27.4 - https:\/\/yoast.com\/product\/yoast-seo-wordpress\/ -->\n<title><\/title>\n<meta name=\"robots\" content=\"index, follow, max-snippet:-1, max-image-preview:large, max-video-preview:-1\" \/>\n<link rel=\"canonical\" href=\"https:\/\/lamanere.fr\/2024\/10\/25\/compte-rendu-du-conseil-municipal-extraordinaire-tenu-a-lamanere-le-21-octobre-2024\/\" \/>\n<meta property=\"og:locale\" content=\"ca_ES\" \/>\n<meta property=\"og:type\" content=\"article\" \/>\n<meta property=\"og:title\" content=\"[:fr]COMPTE RENDU DU CONSEIL MUNICIPAL EXTRAORDINAIRE tenu \u00e0 Laman\u00e8re le 21 octobre 2024[:] - Laman\u00e8re - Lloc oficial del municipi\" \/>\n<meta property=\"og:description\" content=\"Ho sentim, aquesta entrada es troba disponible \u00fanicament en Franc\u00e8s. Compte rendu de la r\u00e9union extraordinaire du Conseil Municipal de Laman\u00e8re du lundi 21 octobre 2024 Secr\u00e9taire de s\u00e9ance\u00a0: Jean Paul La\u00eflle Pr\u00e9sents\u00a0: Mme Gis\u00e8le Juanole, Maire Jacky Pujol, premier&hellip; Continue Reading &rarr;\" \/>\n<meta property=\"og:url\" content=\"https:\/\/lamanere.fr\/2024\/10\/25\/compte-rendu-du-conseil-municipal-extraordinaire-tenu-a-lamanere-le-21-octobre-2024\/\" \/>\n<meta property=\"og:site_name\" content=\"Laman\u00e8re - Lloc oficial del municipi\" \/>\n<meta property=\"article:publisher\" content=\"https:\/\/www.facebook.com\/lamanere\" \/>\n<meta property=\"article:published_time\" content=\"2024-10-25T17:59:32+00:00\" \/>\n<meta name=\"author\" content=\"Mairie de Laman\u00e8re\" \/>\n<meta name=\"twitter:card\" content=\"summary_large_image\" \/>\n<meta name=\"twitter:label1\" content=\"Escrit per\" \/>\n\t<meta name=\"twitter:data1\" content=\"Mairie de Laman\u00e8re\" \/>\n\t<meta name=\"twitter:label2\" content=\"Temps estimat de lectura\" \/>\n\t<meta name=\"twitter:data2\" content=\"2 minuts\" \/>\n<script type=\"application\/ld+json\" class=\"yoast-schema-graph\">{\"@context\":\"https:\\\/\\\/schema.org\",\"@graph\":[{\"@type\":\"Article\",\"@id\":\"https:\\\/\\\/lamanere.fr\\\/2024\\\/10\\\/25\\\/compte-rendu-du-conseil-municipal-extraordinaire-tenu-a-lamanere-le-21-octobre-2024\\\/#article\",\"isPartOf\":{\"@id\":\"https:\\\/\\\/lamanere.fr\\\/2024\\\/10\\\/25\\\/compte-rendu-du-conseil-municipal-extraordinaire-tenu-a-lamanere-le-21-octobre-2024\\\/\"},\"author\":{\"name\":\"Mairie de Laman\u00e8re\",\"@id\":\"https:\\\/\\\/lamanere.fr\\\/#\\\/schema\\\/person\\\/b26317ee332d7f6bfb5bff1394da6e59\"},\"headline\":\"COMPTE RENDU DU CONSEIL MUNICIPAL EXTRAORDINAIRE tenu \u00e0 Laman\u00e8re le 21 octobre 2024\",\"datePublished\":\"2024-10-25T17:59:32+00:00\",\"mainEntityOfPage\":{\"@id\":\"https:\\\/\\\/lamanere.fr\\\/2024\\\/10\\\/25\\\/compte-rendu-du-conseil-municipal-extraordinaire-tenu-a-lamanere-le-21-octobre-2024\\\/\"},\"wordCount\":392,\"commentCount\":0,\"publisher\":{\"@id\":\"https:\\\/\\\/lamanere.fr\\\/#organization\"},\"articleSection\":[\"Comptes Rendus\",\"Municipalit\u00e9\"],\"inLanguage\":\"ca\",\"potentialAction\":[{\"@type\":\"CommentAction\",\"name\":\"Comment\",\"target\":[\"https:\\\/\\\/lamanere.fr\\\/2024\\\/10\\\/25\\\/compte-rendu-du-conseil-municipal-extraordinaire-tenu-a-lamanere-le-21-octobre-2024\\\/#respond\"]}]},{\"@type\":\"WebPage\",\"@id\":\"https:\\\/\\\/lamanere.fr\\\/2024\\\/10\\\/25\\\/compte-rendu-du-conseil-municipal-extraordinaire-tenu-a-lamanere-le-21-octobre-2024\\\/\",\"url\":\"https:\\\/\\\/lamanere.fr\\\/2024\\\/10\\\/25\\\/compte-rendu-du-conseil-municipal-extraordinaire-tenu-a-lamanere-le-21-octobre-2024\\\/\",\"name\":\"[:fr]COMPTE RENDU DU CONSEIL MUNICIPAL EXTRAORDINAIRE tenu \u00e0 Laman\u00e8re le 21 octobre 2024[:] - Laman\u00e8re - Lloc oficial del municipi\",\"isPartOf\":{\"@id\":\"https:\\\/\\\/lamanere.fr\\\/#website\"},\"datePublished\":\"2024-10-25T17:59:32+00:00\",\"breadcrumb\":{\"@id\":\"https:\\\/\\\/lamanere.fr\\\/2024\\\/10\\\/25\\\/compte-rendu-du-conseil-municipal-extraordinaire-tenu-a-lamanere-le-21-octobre-2024\\\/#breadcrumb\"},\"inLanguage\":\"ca\",\"potentialAction\":[{\"@type\":\"ReadAction\",\"target\":[\"https:\\\/\\\/lamanere.fr\\\/2024\\\/10\\\/25\\\/compte-rendu-du-conseil-municipal-extraordinaire-tenu-a-lamanere-le-21-octobre-2024\\\/\"]}]},{\"@type\":\"BreadcrumbList\",\"@id\":\"https:\\\/\\\/lamanere.fr\\\/2024\\\/10\\\/25\\\/compte-rendu-du-conseil-municipal-extraordinaire-tenu-a-lamanere-le-21-octobre-2024\\\/#breadcrumb\",\"itemListElement\":[{\"@type\":\"ListItem\",\"position\":1,\"name\":\"Accueil\",\"item\":\"https:\\\/\\\/lamanere.fr\\\/\"},{\"@type\":\"ListItem\",\"position\":2,\"name\":\"COMPTE RENDU DU CONSEIL MUNICIPAL EXTRAORDINAIRE tenu \u00e0 Laman\u00e8re le 21 octobre 2024\"}]},{\"@type\":\"WebSite\",\"@id\":\"https:\\\/\\\/lamanere.fr\\\/#website\",\"url\":\"https:\\\/\\\/lamanere.fr\\\/\",\"name\":\"Laman\u00e8re - Lloc oficial del municipi\",\"description\":\"Poble m\u00e9s al sud de la Fran\u00e7a continental\",\"publisher\":{\"@id\":\"https:\\\/\\\/lamanere.fr\\\/#organization\"},\"potentialAction\":[{\"@type\":\"SearchAction\",\"target\":{\"@type\":\"EntryPoint\",\"urlTemplate\":\"https:\\\/\\\/lamanere.fr\\\/?s={search_term_string}\"},\"query-input\":{\"@type\":\"PropertyValueSpecification\",\"valueRequired\":true,\"valueName\":\"search_term_string\"}}],\"inLanguage\":\"ca\"},{\"@type\":\"Organization\",\"@id\":\"https:\\\/\\\/lamanere.fr\\\/#organization\",\"name\":\"Commune de Laman\u00e8re\",\"url\":\"https:\\\/\\\/lamanere.fr\\\/\",\"logo\":{\"@type\":\"ImageObject\",\"inLanguage\":\"ca\",\"@id\":\"https:\\\/\\\/lamanere.fr\\\/#\\\/schema\\\/logo\\\/image\\\/\",\"url\":\"https:\\\/\\\/lamanere.fr\\\/wp-content\\\/uploads\\\/2020\\\/09\\\/logo2-149.jpg\",\"contentUrl\":\"https:\\\/\\\/lamanere.fr\\\/wp-content\\\/uploads\\\/2020\\\/09\\\/logo2-149.jpg\",\"width\":149,\"height\":146,\"caption\":\"Commune de Laman\u00e8re\"},\"image\":{\"@id\":\"https:\\\/\\\/lamanere.fr\\\/#\\\/schema\\\/logo\\\/image\\\/\"},\"sameAs\":[\"https:\\\/\\\/www.facebook.com\\\/lamanere\",\"https:\\\/\\\/fr.wikipedia.org\\\/wiki\\\/Laman\u00e8re\"]},{\"@type\":\"Person\",\"@id\":\"https:\\\/\\\/lamanere.fr\\\/#\\\/schema\\\/person\\\/b26317ee332d7f6bfb5bff1394da6e59\",\"name\":\"Mairie de Laman\u00e8re\",\"image\":{\"@type\":\"ImageObject\",\"inLanguage\":\"ca\",\"@id\":\"https:\\\/\\\/secure.gravatar.com\\\/avatar\\\/951e9da0a291f11d14b93bccd2d18cab?s=96&d=mm&r=g\",\"url\":\"https:\\\/\\\/secure.gravatar.com\\\/avatar\\\/951e9da0a291f11d14b93bccd2d18cab?s=96&d=mm&r=g\",\"contentUrl\":\"https:\\\/\\\/secure.gravatar.com\\\/avatar\\\/951e9da0a291f11d14b93bccd2d18cab?s=96&d=mm&r=g\",\"caption\":\"Mairie de Laman\u00e8re\"},\"url\":\"https:\\\/\\\/lamanere.fr\\\/ca\\\/author\\\/jean-paul\\\/\"}]}<\/script>\n<!-- \/ Yoast SEO plugin. -->","yoast_head_json":{"title":"[:fr]COMPTE RENDU DU CONSEIL MUNICIPAL EXTRAORDINAIRE tenu \u00e0 Laman\u00e8re le 21 octobre 2024[:] - Laman\u00e8re - Lloc oficial del municipi","robots":{"index":"index","follow":"follow","max-snippet":"max-snippet:-1","max-image-preview":"max-image-preview:large","max-video-preview":"max-video-preview:-1"},"canonical":"https:\/\/lamanere.fr\/2024\/10\/25\/compte-rendu-du-conseil-municipal-extraordinaire-tenu-a-lamanere-le-21-octobre-2024\/","og_locale":"ca_ES","og_type":"article","og_title":"[:fr]COMPTE RENDU DU CONSEIL MUNICIPAL EXTRAORDINAIRE tenu \u00e0 Laman\u00e8re le 21 octobre 2024[:] - Laman\u00e8re - Lloc oficial del municipi","og_description":"Ho sentim, aquesta entrada es troba disponible \u00fanicament en Franc\u00e8s. Compte rendu de la r\u00e9union extraordinaire du Conseil Municipal de Laman\u00e8re du lundi 21 octobre 2024 Secr\u00e9taire de s\u00e9ance\u00a0: Jean Paul La\u00eflle Pr\u00e9sents\u00a0: Mme Gis\u00e8le Juanole, Maire Jacky Pujol, premier&hellip; Continue Reading &rarr;","og_url":"https:\/\/lamanere.fr\/2024\/10\/25\/compte-rendu-du-conseil-municipal-extraordinaire-tenu-a-lamanere-le-21-octobre-2024\/","og_site_name":"Laman\u00e8re - Lloc oficial del municipi","article_publisher":"https:\/\/www.facebook.com\/lamanere","article_published_time":"2024-10-25T17:59:32+00:00","author":"Mairie de Laman\u00e8re","twitter_card":"summary_large_image","twitter_misc":{"Escrit per":"Mairie de Laman\u00e8re","Temps estimat de lectura":"2 minuts"},"schema":{"@context":"https:\/\/schema.org","@graph":[{"@type":"Article","@id":"https:\/\/lamanere.fr\/2024\/10\/25\/compte-rendu-du-conseil-municipal-extraordinaire-tenu-a-lamanere-le-21-octobre-2024\/#article","isPartOf":{"@id":"https:\/\/lamanere.fr\/2024\/10\/25\/compte-rendu-du-conseil-municipal-extraordinaire-tenu-a-lamanere-le-21-octobre-2024\/"},"author":{"name":"Mairie de Laman\u00e8re","@id":"https:\/\/lamanere.fr\/#\/schema\/person\/b26317ee332d7f6bfb5bff1394da6e59"},"headline":"COMPTE RENDU DU CONSEIL MUNICIPAL EXTRAORDINAIRE tenu \u00e0 Laman\u00e8re le 21 octobre 2024","datePublished":"2024-10-25T17:59:32+00:00","mainEntityOfPage":{"@id":"https:\/\/lamanere.fr\/2024\/10\/25\/compte-rendu-du-conseil-municipal-extraordinaire-tenu-a-lamanere-le-21-octobre-2024\/"},"wordCount":392,"commentCount":0,"publisher":{"@id":"https:\/\/lamanere.fr\/#organization"},"articleSection":["Comptes Rendus","Municipalit\u00e9"],"inLanguage":"ca","potentialAction":[{"@type":"CommentAction","name":"Comment","target":["https:\/\/lamanere.fr\/2024\/10\/25\/compte-rendu-du-conseil-municipal-extraordinaire-tenu-a-lamanere-le-21-octobre-2024\/#respond"]}]},{"@type":"WebPage","@id":"https:\/\/lamanere.fr\/2024\/10\/25\/compte-rendu-du-conseil-municipal-extraordinaire-tenu-a-lamanere-le-21-octobre-2024\/","url":"https:\/\/lamanere.fr\/2024\/10\/25\/compte-rendu-du-conseil-municipal-extraordinaire-tenu-a-lamanere-le-21-octobre-2024\/","name":"[:fr]COMPTE RENDU DU CONSEIL MUNICIPAL EXTRAORDINAIRE tenu \u00e0 Laman\u00e8re le 21 octobre 2024[:] - Laman\u00e8re - Lloc oficial del municipi","isPartOf":{"@id":"https:\/\/lamanere.fr\/#website"},"datePublished":"2024-10-25T17:59:32+00:00","breadcrumb":{"@id":"https:\/\/lamanere.fr\/2024\/10\/25\/compte-rendu-du-conseil-municipal-extraordinaire-tenu-a-lamanere-le-21-octobre-2024\/#breadcrumb"},"inLanguage":"ca","potentialAction":[{"@type":"ReadAction","target":["https:\/\/lamanere.fr\/2024\/10\/25\/compte-rendu-du-conseil-municipal-extraordinaire-tenu-a-lamanere-le-21-octobre-2024\/"]}]},{"@type":"BreadcrumbList","@id":"https:\/\/lamanere.fr\/2024\/10\/25\/compte-rendu-du-conseil-municipal-extraordinaire-tenu-a-lamanere-le-21-octobre-2024\/#breadcrumb","itemListElement":[{"@type":"ListItem","position":1,"name":"Accueil","item":"https:\/\/lamanere.fr\/"},{"@type":"ListItem","position":2,"name":"COMPTE RENDU DU CONSEIL MUNICIPAL EXTRAORDINAIRE tenu \u00e0 Laman\u00e8re le 21 octobre 2024"}]},{"@type":"WebSite","@id":"https:\/\/lamanere.fr\/#website","url":"https:\/\/lamanere.fr\/","name":"Laman\u00e8re - Lloc oficial del municipi","description":"Poble m\u00e9s al sud de la Fran\u00e7a continental","publisher":{"@id":"https:\/\/lamanere.fr\/#organization"},"potentialAction":[{"@type":"SearchAction","target":{"@type":"EntryPoint","urlTemplate":"https:\/\/lamanere.fr\/?s={search_term_string}"},"query-input":{"@type":"PropertyValueSpecification","valueRequired":true,"valueName":"search_term_string"}}],"inLanguage":"ca"},{"@type":"Organization","@id":"https:\/\/lamanere.fr\/#organization","name":"Commune de Laman\u00e8re","url":"https:\/\/lamanere.fr\/","logo":{"@type":"ImageObject","inLanguage":"ca","@id":"https:\/\/lamanere.fr\/#\/schema\/logo\/image\/","url":"https:\/\/lamanere.fr\/wp-content\/uploads\/2020\/09\/logo2-149.jpg","contentUrl":"https:\/\/lamanere.fr\/wp-content\/uploads\/2020\/09\/logo2-149.jpg","width":149,"height":146,"caption":"Commune de Laman\u00e8re"},"image":{"@id":"https:\/\/lamanere.fr\/#\/schema\/logo\/image\/"},"sameAs":["https:\/\/www.facebook.com\/lamanere","https:\/\/fr.wikipedia.org\/wiki\/Laman\u00e8re"]},{"@type":"Person","@id":"https:\/\/lamanere.fr\/#\/schema\/person\/b26317ee332d7f6bfb5bff1394da6e59","name":"Mairie de Laman\u00e8re","image":{"@type":"ImageObject","inLanguage":"ca","@id":"https:\/\/secure.gravatar.com\/avatar\/951e9da0a291f11d14b93bccd2d18cab?s=96&d=mm&r=g","url":"https:\/\/secure.gravatar.com\/avatar\/951e9da0a291f11d14b93bccd2d18cab?s=96&d=mm&r=g","contentUrl":"https:\/\/secure.gravatar.com\/avatar\/951e9da0a291f11d14b93bccd2d18cab?s=96&d=mm&r=g","caption":"Mairie de Laman\u00e8re"},"url":"https:\/\/lamanere.fr\/ca\/author\/jean-paul\/"}]}},"_links":{"self":[{"href":"https:\/\/lamanere.fr\/ca\/wp-json\/wp\/v2\/posts\/3446"}],"collection":[{"href":"https:\/\/lamanere.fr\/ca\/wp-json\/wp\/v2\/posts"}],"about":[{"href":"https:\/\/lamanere.fr\/ca\/wp-json\/wp\/v2\/types\/post"}],"author":[{"embeddable":true,"href":"https:\/\/lamanere.fr\/ca\/wp-json\/wp\/v2\/users\/2"}],"replies":[{"embeddable":true,"href":"https:\/\/lamanere.fr\/ca\/wp-json\/wp\/v2\/comments?post=3446"}],"version-history":[{"count":1,"href":"https:\/\/lamanere.fr\/ca\/wp-json\/wp\/v2\/posts\/3446\/revisions"}],"predecessor-version":[{"id":3447,"href":"https:\/\/lamanere.fr\/ca\/wp-json\/wp\/v2\/posts\/3446\/revisions\/3447"}],"wp:attachment":[{"href":"https:\/\/lamanere.fr\/ca\/wp-json\/wp\/v2\/media?parent=3446"}],"wp:term":[{"taxonomy":"category","embeddable":true,"href":"https:\/\/lamanere.fr\/ca\/wp-json\/wp\/v2\/categories?post=3446"},{"taxonomy":"post_tag","embeddable":true,"href":"https:\/\/lamanere.fr\/ca\/wp-json\/wp\/v2\/tags?post=3446"}],"curies":[{"name":"wp","href":"https:\/\/api.w.org\/{rel}","templated":true}]}}