{"id":3583,"date":"2024-12-12T23:26:12","date_gmt":"2024-12-12T22:26:12","guid":{"rendered":"https:\/\/lamanere.fr\/?p=3583"},"modified":"2024-12-12T23:26:12","modified_gmt":"2024-12-12T22:26:12","slug":"compte-rendu-du-conseil-municipal-tenu-a-lamanere-le-jeudi-5-novembre-2024","status":"publish","type":"post","link":"https:\/\/lamanere.fr\/ca\/2024\/12\/12\/compte-rendu-du-conseil-municipal-tenu-a-lamanere-le-jeudi-5-novembre-2024\/","title":{"rendered":"COMPTE RENDU DU CONSEIL MUNICIPAL tenu \u00e0 Laman\u00e8re le jeudi 5 novembre 2024"},"content":{"rendered":"<p class=\"qtranxs-available-languages-message qtranxs-available-languages-message-ca\">Ho sentim, aquesta entrada es troba disponible \u00fanicament en <a href=\"https:\/\/lamanere.fr\/fr\/wp-json\/wp\/v2\/posts\/3583\" class=\"qtranxs-available-language-link qtranxs-available-language-link-fr\" title=\"Fran\u00e7ais\">Franc\u00e8s<\/a>.<\/p><p><strong>\u00a0<\/strong><\/p>\n<p style=\"text-align: center;\"><strong>Compte rendu de la r\u00e9union du Conseil Municipal de Laman\u00e8re <\/strong><\/p>\n<p style=\"text-align: center;\"><strong>du jeudi 5 d\u00e9cembre 2024<\/strong><\/p>\n<p>Secr\u00e9taire de s\u00e9ance\u00a0: Jean Paul La\u00eflle<\/p>\n<p><strong>Pr\u00e9sents<\/strong>\u00a0:<\/p>\n<p>Mme Gis\u00e8le Juanole, Maire<\/p>\n<p>Jacky Pujol, premier adjoint<\/p>\n<p>G\u00e9rard Cuvilliez, second adjoint<\/p>\n<p>Claude Font, conseiller<\/p>\n<p>Mme Pierrette Juanole-D\u00e9moulin, conseill\u00e8re<\/p>\n<p>Jean-Paul La\u00eflle, conseiller<\/p>\n<p style=\"text-align: center;\">La r\u00e9union est ouverte \u00e0 9h08<\/p>\n<p>&nbsp;<\/p>\n<ul>\n<li><strong>Modification de l\u2019ordre du jour initial: <\/strong>Mme le Maire propose au Conseil Municipal de modifier l\u2019ordre du jour initial en rajoutant <strong>2-RESSOURCES HUMAINES\u00a0: 3.D\u00e9lib\u00e9ration pour une convention de prestations de service avec l\u2019autoentreprise \u00ab\u00a0NYMPHAEA\u00a0\u00bb.<\/strong><\/li>\n<\/ul>\n<p>Le Conseil Municipal approuve ces modifications \u00e0 l\u2019unanimit\u00e9 des membres pr\u00e9sents.<\/p>\n<p><strong>1-FINANCES\u00a0:<\/strong><\/p>\n<ol>\n<li>D\u00e9lib\u00e9ration pour D\u00e9cision Modificative n\u00b03\u00a0: int\u00e9gration emprunt au budget<\/li>\n<\/ol>\n<p>La somme de l\u2019emprunt d\u2019un montant de 160\u00a0000 \u20ac souscrit par la Mairie dans le cadre du projet du Pla\u00e7ot doit \u00eatre affect\u00e9e \u00e0 la ligne 231 \u2013 110 (intitul\u00e9e Travaux \u00ab\u00a0maison d\u2019activit\u00e9s pleine Nature\u00a0\u00bb, en d\u00e9penses d\u2019investissement. Une d\u00e9cision modificative (N\u00b03) doit \u00eatre prise.<\/p>\n<p><strong>Le Conseil Municipal apr\u00e8s avoir d\u00e9lib\u00e9r\u00e9 et \u00e0 l\u2019unanimit\u00e9 des membres pr\u00e9sents\u00a0:<\/strong><\/p>\n<ul>\n<li><strong>Approuve <\/strong>l\u2019affectation de la somme de l\u2019emprunt \u00e0 la ligne 231 -110 ,<\/li>\n<li><strong>Autorise<\/strong> Mme le Maire \u00e0 signer toutes les pi\u00e8ces relatives \u00e0 ce dossier<\/li>\n<\/ul>\n<p>Une d\u00e9lib\u00e9ration sera r\u00e9dig\u00e9e en ce sens<\/p>\n<ol>\n<li>D\u00e9lib\u00e9ration pour D\u00e9cision Modificative n\u00b04\u00a0: insuffisance budg\u00e9taire pour le pr\u00e9l\u00e8vement du FPIC .<\/li>\n<\/ol>\n<p><u>Note\u00a0:<\/u> FPIC\u00a0: Fonds de P\u00e9r\u00e9quation des ressources Intercommunales et Communales (c\u2019est-\u00e0-dire la cotisation \u00e0 la Communaut\u00e9 des Communes)<\/p>\n<p>Afin de pallier cette insuffisance budg\u00e9taire de 30 \u20ac, il est propos\u00e9 de transf\u00e9rer 30 \u20ac de la ligne 60636 (v\u00eatements de travail) \u00e0 la ligne 7392221 \/ 014 (pr\u00e9l\u00e8vement FPIC). Une D\u00e9cision Modificative (N\u00b04) doit \u00eatre prise<\/p>\n<p><strong>Le Conseil Municipal apr\u00e8s avoir d\u00e9lib\u00e9r\u00e9 et \u00e0 l\u2019unanimit\u00e9 des membres pr\u00e9sents\u00a0:<\/strong><\/p>\n<ul>\n<li><strong>Approuve <\/strong>le transfert de 30 \u20ac de la ligne 60636 (v\u00eatements de travail) \u00e0 la ligne 7392221 \/ 014 (pr\u00e9l\u00e8vement FPIC),<\/li>\n<li><strong>Autorise<\/strong> Mme le Maire \u00e0 signer toutes les pi\u00e8ces relatives \u00e0 ce dossier<\/li>\n<\/ul>\n<p>Une d\u00e9lib\u00e9ration sera r\u00e9dig\u00e9e en ce sens<\/p>\n<p><strong>2-RESSOURCES HUMAINES\u00a0:<\/strong><\/p>\n<ol>\n<li>D\u00e9lib\u00e9ration pour une convention de prestations de service avec l\u2019autoentreprise \u00ab\u00a0NYMPHAEA\u00a0\u00bb.<\/li>\n<\/ol>\n<p>Un prestataire est recherch\u00e9 pour des travaux de m\u00e9nage et d\u2019entretien des g\u00eetes, afin que la secr\u00e9taire de Mairie qui assure ces t\u00e2ches soit plus disponible pour se consacrer au travail administratif.<\/p>\n<p>Mme le Maire informe le Conseil Municipal qu\u2019il convient de conclure une convention de prestations de services avec l\u2019autoentreprise NYMPHAEA, repr\u00e9sent\u00e9e par Mme Cathy Carboni de Laman\u00e8re, pour l\u2019ex\u00e9cution de t\u00e2ches techniques de type \u00ab\u00a0prestations de m\u00e9nage, nettoyage de locaux\u00a0\u00bb.<\/p>\n<p>Cette convention est conclue pour une dur\u00e9e de 100h, au taux horaire de 17 \u20ac TTC<\/p>\n<p><strong>Le Conseil Municipal apr\u00e8s avoir d\u00e9lib\u00e9r\u00e9 et \u00e0 l\u2019unanimit\u00e9 des membres pr\u00e9sents\u00a0:<\/strong><\/p>\n<ul>\n<li><strong>Approuve <\/strong>la signature d\u2019une convention de services avec l\u2019autoentreprise \u00ab\u00a0NYMPHAEA\u00a0\u00bb aux conditions d\u00e9crites ci-dessus,<\/li>\n<li><strong>Autorise<\/strong> Mme le Maire \u00e0 signer toutes les pi\u00e8ces relatives \u00e0 ce dossier<\/li>\n<\/ul>\n<p>Une d\u00e9lib\u00e9ration sera r\u00e9dig\u00e9e en ce sens<\/p>\n<p>2. Discussion pour la protection sociale compl\u00e9mentaire des agents communaux en mati\u00e8re de pr\u00e9voyance \u00ab maintien de salaire \u00bb.Obligation de participation pour les collectivit\u00e9s \u00e0 partir du 1<sup>er<\/sup> janvier 2025.<\/p>\n<p>Le 1<sup>er<\/sup> janvier 2025 marquera pour chaque employeur territorial de contribuer financi\u00e8rement \u00e0 la pr\u00e9voyance (maintien de r\u00e9mun\u00e9ration) de ses agents. Le CDG 66 (Centre de Gestion 66) propose aux collectivit\u00e9s locales deux types de participation, les collectivit\u00e9s devront choisir entre l\u2019une et l\u2019autre de ces proc\u00e9dures. Pour chaque cas, une d\u00e9lib\u00e9ration du Conseil Municipal est n\u00e9cessaire (des mod\u00e8les de d\u00e9lib\u00e9ration sont disponibles)<\/p>\n<ul>\n<li>Soit au titre de contrats labellis\u00e9s<\/li>\n<li>Soit au titre d\u2019une convention de participation.<\/li>\n<\/ul>\n<p>Ces dispositifs concernent les deux agents communaux de la Mairie de Laman\u00e8re\u00a0: Mme Claudine Roca et M. Jordan Figa.<\/p>\n<p>Quel que soit le dispositif choisi par l\u2019agent communal, les collectivit\u00e9s devront transmettre l\u2019un ou l\u2019autre des projets de d\u00e9lib\u00e9ration pour avis au CST (Comit\u00e9 Social Territorial) (choix du proc\u00e9d\u00e9 et choix du montant de la participation avec un montant minimum de 7 \u20ac par agent et par mois).<\/p>\n<p><strong>Le Conseil Municipal apr\u00e8s avoir d\u00e9lib\u00e9r\u00e9 et \u00e0 l\u2019unanimit\u00e9 des membres pr\u00e9sents\u00a0:<\/strong><\/p>\n<ul>\n<li><strong>Approuve <\/strong>la d\u00e9marche d\u00e9crite ci-dessus et demandera aux agents concern\u00e9s le choix entre un contrat de labellisation ou la signature d\u2019une convention,<\/li>\n<li><strong>Autorise<\/strong> Mme le Maire \u00e0 signer toutes les pi\u00e8ces relatives \u00e0 ce dossier<\/li>\n<\/ul>\n<p>Les projets de d\u00e9lib\u00e9rations pour chacune de ces proc\u00e9dures seront r\u00e9dig\u00e9es et adress\u00e9es pour avis au CST avant prise de d\u00e9cision.<\/p>\n<p><strong>3-INVESTISSEMENT\u00a0:<\/strong><\/p>\n<ol>\n<li>D\u00e9lib\u00e9ration pour Travaux en r\u00e9gie<\/li>\n<\/ol>\n<p>Le principe des travaux en R\u00e9gie a \u00e9t\u00e9 rappel\u00e9. Par travaux en r\u00e9gie, il faut entendre \u00a0\u00a0\u00a0\u00a0les travaux r\u00e9alis\u00e9s par du personnel r\u00e9mun\u00e9r\u00e9 directement par la commune qui met en \u0153uvre des moyens en mat\u00e9riel et en outillage acquis ou lou\u00e9s ainsi que des fournitures. Les travaux en r\u00e9gie concernent tous les travaux r\u00e9alis\u00e9s par les services techniques qui viennent accro\u00eetre le patrimoine de la commune. Ces travaux sont de v\u00e9ritables d\u00e9penses d\u2019investissement pour la collectivit\u00e9\u00a0: d\u00e9penses qui justifient l\u2019\u00e9ligibilit\u00e9 au FCTVA.<\/p>\n<p>Pour 2024, les chantiers suivants ont \u00e9t\u00e9 r\u00e9alis\u00e9s dans ce cadre<\/p>\n<ul>\n<li><strong>Frais de main d&#8217;\u0153uvre (avec un taux horaire de main d&#8217;\u0153uvre de 22 \u20ac)<\/strong><\/li>\n<li>Travaux de ma\u00e7onnerie pour le scellement de panneaux de signal\u00e9tique de voirie (35h)<\/li>\n<li>Travaux de ma\u00e7onnerie pour l\u2019implantation d\u2019une cl\u00f4ture autour de l\u2019aire de jeux pour enfants (175 h)<\/li>\n<li>Travaux d\u2019isolation et de r\u00e9novation dans le g\u00eete communal n\u00b05 (175 h)<\/li>\n<li>Travaux de voirie : (35h)<\/li>\n<li>R\u00e9novation plafond appartement A B\u00e2timent Mairie : (20 h)<\/li>\n<li>Montage Cabane de l\u2019Ours avec scellement des supports et glissi\u00e8re (35h)<\/li>\n<\/ul>\n<p>Total : 475hx22=10450 \u20ac<\/p>\n<ul>\n<li><strong>Achat de mat\u00e9riel<\/strong><\/li>\n<li>Pour travaux de signal\u00e9tique de voirie 1666,54 \u20ac<\/li>\n<li>Pour travaux de cl\u00f4ture autour de l\u2019aire de jeux pour enfants : 2559,97 \u20ac<\/li>\n<li>Pour travaux d&#8217;isolation et de r\u00e9novation dans les g\u00eetes communaux: \u00a0\u00a0\u00a0\u00a0\u00a0\u00a0\u00a0983,09 \u20ac<\/li>\n<li>Pour travaux de voirie : 42,70 \u20ac<\/li>\n<li>R\u00e9novation plafond appartement A B\u00e2timent Mairie : 127,73 \u20ac<\/li>\n<\/ul>\n<p>Total : 5380,03 \u20ac<\/p>\n<p><strong>Le total des travaux en R\u00e9gie pour 2024 (main d\u2019\u0153uvre et mat\u00e9riel) s\u2019\u00e9tablit donc \u00e0 <\/strong><strong>1 5830,03 \u20ac<\/strong><\/p>\n<p><strong>Le Conseil Municipal apr\u00e8s avoir d\u00e9lib\u00e9r\u00e9 et \u00e0 l\u2019unanimit\u00e9 des membres pr\u00e9sents\u00a0:<\/strong><\/p>\n<ul>\n<li><strong>Approuve <\/strong>le montant des travaux en R\u00e9gie pour 2024,<\/li>\n<li><strong>Autorise<\/strong> Mme le Maire \u00e0 signer toutes les pi\u00e8ces relatives \u00e0 ce dossier<\/li>\n<\/ul>\n<p>Une d\u00e9lib\u00e9ration sera r\u00e9dig\u00e9e en ce sens<\/p>\n<p><strong>4-Questions diverses\u00a0:<\/strong><\/p>\n<ul>\n<li>Devis pour location d\u2019une minipelle\u00a0:\n<ul>\n<li>Devis Corcoy 1\u00a0057,38 \u20ac TTC pour 5 jours<\/li>\n<li>Devis Lopez location 943,20 \u20ac TTC pour 5 jours<\/li>\n<\/ul>\n<\/li>\n<\/ul>\n<p>La prestation de l\u2019entreprise Lopez pourrait \u00eatre retenue<\/p>\n<ul>\n<li>Date propos\u00e9e pour les v\u0153ux 2025\u00a0 de la Municipalit\u00e9\u00a0: le 18 janvier \u00e0 17h<\/li>\n<\/ul>\n<p>&nbsp;<\/p>\n<p style=\"text-align: center;\">La s\u00e9ance a \u00e9t\u00e9 lev\u00e9e \u00e0 11h15<\/p>\n<p><\/p>","protected":false},"excerpt":{"rendered":"<p>Ho sentim, aquesta entrada es troba disponible \u00fanicament en Franc\u00e8s.\u00a0 Compte rendu de la r\u00e9union du Conseil Municipal de Laman\u00e8re du jeudi 5 d\u00e9cembre 2024 Secr\u00e9taire de s\u00e9ance\u00a0: Jean Paul La\u00eflle Pr\u00e9sents\u00a0: Mme Gis\u00e8le Juanole, Maire Jacky Pujol, premier adjoint&hellip; <a href=\"https:\/\/lamanere.fr\/ca\/2024\/12\/12\/compte-rendu-du-conseil-municipal-tenu-a-lamanere-le-jeudi-5-novembre-2024\/\" class=\"more-link\">Continue Reading <span class=\"meta-nav\">&rarr;<\/span><\/a><\/p>\n","protected":false},"author":2,"featured_media":0,"comment_status":"open","ping_status":"open","sticky":false,"template":"","format":"standard","meta":{"footnotes":""},"categories":[77,74],"tags":[],"yoast_head":"<!-- This site is optimized with the Yoast SEO plugin v27.5 - https:\/\/yoast.com\/product\/yoast-seo-wordpress\/ -->\n<title><\/title>\n<meta name=\"robots\" content=\"index, follow, max-snippet:-1, max-image-preview:large, max-video-preview:-1\" \/>\n<link rel=\"canonical\" href=\"https:\/\/lamanere.fr\/2024\/12\/12\/compte-rendu-du-conseil-municipal-tenu-a-lamanere-le-jeudi-5-novembre-2024\/\" \/>\n<meta property=\"og:locale\" content=\"ca_ES\" \/>\n<meta property=\"og:type\" content=\"article\" \/>\n<meta property=\"og:title\" content=\"[:fr]COMPTE RENDU DU CONSEIL MUNICIPAL tenu \u00e0 Laman\u00e8re le jeudi 5 novembre 2024[:] - Laman\u00e8re - Lloc oficial del municipi\" \/>\n<meta property=\"og:description\" content=\"Ho sentim, aquesta entrada es troba disponible \u00fanicament en Franc\u00e8s.\u00a0 Compte rendu de la r\u00e9union du Conseil Municipal de Laman\u00e8re du jeudi 5 d\u00e9cembre 2024 Secr\u00e9taire de s\u00e9ance\u00a0: Jean Paul La\u00eflle Pr\u00e9sents\u00a0: Mme Gis\u00e8le Juanole, Maire Jacky Pujol, premier adjoint&hellip; Continue Reading &rarr;\" \/>\n<meta property=\"og:url\" content=\"https:\/\/lamanere.fr\/2024\/12\/12\/compte-rendu-du-conseil-municipal-tenu-a-lamanere-le-jeudi-5-novembre-2024\/\" \/>\n<meta property=\"og:site_name\" content=\"Laman\u00e8re - Lloc oficial del municipi\" \/>\n<meta property=\"article:publisher\" content=\"https:\/\/www.facebook.com\/lamanere\" \/>\n<meta property=\"article:published_time\" content=\"2024-12-12T22:26:12+00:00\" \/>\n<meta name=\"author\" content=\"Mairie de Laman\u00e8re\" \/>\n<meta name=\"twitter:card\" content=\"summary_large_image\" \/>\n<meta name=\"twitter:label1\" content=\"Escrit per\" \/>\n\t<meta name=\"twitter:data1\" content=\"Mairie de Laman\u00e8re\" \/>\n\t<meta name=\"twitter:label2\" content=\"Temps estimat de lectura\" \/>\n\t<meta name=\"twitter:data2\" content=\"6 minuts\" \/>\n<script type=\"application\/ld+json\" class=\"yoast-schema-graph\">{\"@context\":\"https:\\\/\\\/schema.org\",\"@graph\":[{\"@type\":\"Article\",\"@id\":\"https:\\\/\\\/lamanere.fr\\\/2024\\\/12\\\/12\\\/compte-rendu-du-conseil-municipal-tenu-a-lamanere-le-jeudi-5-novembre-2024\\\/#article\",\"isPartOf\":{\"@id\":\"https:\\\/\\\/lamanere.fr\\\/2024\\\/12\\\/12\\\/compte-rendu-du-conseil-municipal-tenu-a-lamanere-le-jeudi-5-novembre-2024\\\/\"},\"author\":{\"name\":\"Mairie de Laman\u00e8re\",\"@id\":\"https:\\\/\\\/lamanere.fr\\\/#\\\/schema\\\/person\\\/b26317ee332d7f6bfb5bff1394da6e59\"},\"headline\":\"COMPTE RENDU DU CONSEIL MUNICIPAL tenu \u00e0 Laman\u00e8re le jeudi 5 novembre 2024\",\"datePublished\":\"2024-12-12T22:26:12+00:00\",\"mainEntityOfPage\":{\"@id\":\"https:\\\/\\\/lamanere.fr\\\/2024\\\/12\\\/12\\\/compte-rendu-du-conseil-municipal-tenu-a-lamanere-le-jeudi-5-novembre-2024\\\/\"},\"wordCount\":1192,\"commentCount\":0,\"publisher\":{\"@id\":\"https:\\\/\\\/lamanere.fr\\\/#organization\"},\"articleSection\":[\"Comptes Rendus\",\"Municipalit\u00e9\"],\"inLanguage\":\"ca\",\"potentialAction\":[{\"@type\":\"CommentAction\",\"name\":\"Comment\",\"target\":[\"https:\\\/\\\/lamanere.fr\\\/2024\\\/12\\\/12\\\/compte-rendu-du-conseil-municipal-tenu-a-lamanere-le-jeudi-5-novembre-2024\\\/#respond\"]}]},{\"@type\":\"WebPage\",\"@id\":\"https:\\\/\\\/lamanere.fr\\\/2024\\\/12\\\/12\\\/compte-rendu-du-conseil-municipal-tenu-a-lamanere-le-jeudi-5-novembre-2024\\\/\",\"url\":\"https:\\\/\\\/lamanere.fr\\\/2024\\\/12\\\/12\\\/compte-rendu-du-conseil-municipal-tenu-a-lamanere-le-jeudi-5-novembre-2024\\\/\",\"name\":\"[:fr]COMPTE RENDU DU CONSEIL MUNICIPAL tenu \u00e0 Laman\u00e8re le jeudi 5 novembre 2024[:] - Laman\u00e8re - Lloc oficial del municipi\",\"isPartOf\":{\"@id\":\"https:\\\/\\\/lamanere.fr\\\/#website\"},\"datePublished\":\"2024-12-12T22:26:12+00:00\",\"breadcrumb\":{\"@id\":\"https:\\\/\\\/lamanere.fr\\\/2024\\\/12\\\/12\\\/compte-rendu-du-conseil-municipal-tenu-a-lamanere-le-jeudi-5-novembre-2024\\\/#breadcrumb\"},\"inLanguage\":\"ca\",\"potentialAction\":[{\"@type\":\"ReadAction\",\"target\":[\"https:\\\/\\\/lamanere.fr\\\/2024\\\/12\\\/12\\\/compte-rendu-du-conseil-municipal-tenu-a-lamanere-le-jeudi-5-novembre-2024\\\/\"]}]},{\"@type\":\"BreadcrumbList\",\"@id\":\"https:\\\/\\\/lamanere.fr\\\/2024\\\/12\\\/12\\\/compte-rendu-du-conseil-municipal-tenu-a-lamanere-le-jeudi-5-novembre-2024\\\/#breadcrumb\",\"itemListElement\":[{\"@type\":\"ListItem\",\"position\":1,\"name\":\"Accueil\",\"item\":\"https:\\\/\\\/lamanere.fr\\\/\"},{\"@type\":\"ListItem\",\"position\":2,\"name\":\"COMPTE RENDU DU CONSEIL MUNICIPAL tenu \u00e0 Laman\u00e8re le jeudi 5 novembre 2024\"}]},{\"@type\":\"WebSite\",\"@id\":\"https:\\\/\\\/lamanere.fr\\\/#website\",\"url\":\"https:\\\/\\\/lamanere.fr\\\/\",\"name\":\"Laman\u00e8re - Lloc oficial del municipi\",\"description\":\"Poble m\u00e9s al sud de la Fran\u00e7a continental\",\"publisher\":{\"@id\":\"https:\\\/\\\/lamanere.fr\\\/#organization\"},\"potentialAction\":[{\"@type\":\"SearchAction\",\"target\":{\"@type\":\"EntryPoint\",\"urlTemplate\":\"https:\\\/\\\/lamanere.fr\\\/?s={search_term_string}\"},\"query-input\":{\"@type\":\"PropertyValueSpecification\",\"valueRequired\":true,\"valueName\":\"search_term_string\"}}],\"inLanguage\":\"ca\"},{\"@type\":\"Organization\",\"@id\":\"https:\\\/\\\/lamanere.fr\\\/#organization\",\"name\":\"Commune de Laman\u00e8re\",\"url\":\"https:\\\/\\\/lamanere.fr\\\/\",\"logo\":{\"@type\":\"ImageObject\",\"inLanguage\":\"ca\",\"@id\":\"https:\\\/\\\/lamanere.fr\\\/#\\\/schema\\\/logo\\\/image\\\/\",\"url\":\"https:\\\/\\\/lamanere.fr\\\/wp-content\\\/uploads\\\/2020\\\/09\\\/logo2-149.jpg\",\"contentUrl\":\"https:\\\/\\\/lamanere.fr\\\/wp-content\\\/uploads\\\/2020\\\/09\\\/logo2-149.jpg\",\"width\":149,\"height\":146,\"caption\":\"Commune de Laman\u00e8re\"},\"image\":{\"@id\":\"https:\\\/\\\/lamanere.fr\\\/#\\\/schema\\\/logo\\\/image\\\/\"},\"sameAs\":[\"https:\\\/\\\/www.facebook.com\\\/lamanere\",\"https:\\\/\\\/fr.wikipedia.org\\\/wiki\\\/Laman\u00e8re\"]},{\"@type\":\"Person\",\"@id\":\"https:\\\/\\\/lamanere.fr\\\/#\\\/schema\\\/person\\\/b26317ee332d7f6bfb5bff1394da6e59\",\"name\":\"Mairie de Laman\u00e8re\",\"image\":{\"@type\":\"ImageObject\",\"inLanguage\":\"ca\",\"@id\":\"https:\\\/\\\/secure.gravatar.com\\\/avatar\\\/951e9da0a291f11d14b93bccd2d18cab?s=96&d=mm&r=g\",\"url\":\"https:\\\/\\\/secure.gravatar.com\\\/avatar\\\/951e9da0a291f11d14b93bccd2d18cab?s=96&d=mm&r=g\",\"contentUrl\":\"https:\\\/\\\/secure.gravatar.com\\\/avatar\\\/951e9da0a291f11d14b93bccd2d18cab?s=96&d=mm&r=g\",\"caption\":\"Mairie de Laman\u00e8re\"},\"url\":\"https:\\\/\\\/lamanere.fr\\\/ca\\\/author\\\/jean-paul\\\/\"}]}<\/script>\n<!-- \/ Yoast SEO plugin. -->","yoast_head_json":{"title":"[:fr]COMPTE RENDU DU CONSEIL MUNICIPAL tenu \u00e0 Laman\u00e8re le jeudi 5 novembre 2024[:] - Laman\u00e8re - Lloc oficial del municipi","robots":{"index":"index","follow":"follow","max-snippet":"max-snippet:-1","max-image-preview":"max-image-preview:large","max-video-preview":"max-video-preview:-1"},"canonical":"https:\/\/lamanere.fr\/2024\/12\/12\/compte-rendu-du-conseil-municipal-tenu-a-lamanere-le-jeudi-5-novembre-2024\/","og_locale":"ca_ES","og_type":"article","og_title":"[:fr]COMPTE RENDU DU CONSEIL MUNICIPAL tenu \u00e0 Laman\u00e8re le jeudi 5 novembre 2024[:] - Laman\u00e8re - Lloc oficial del municipi","og_description":"Ho sentim, aquesta entrada es troba disponible \u00fanicament en Franc\u00e8s.\u00a0 Compte rendu de la r\u00e9union du Conseil Municipal de Laman\u00e8re du jeudi 5 d\u00e9cembre 2024 Secr\u00e9taire de s\u00e9ance\u00a0: Jean Paul La\u00eflle Pr\u00e9sents\u00a0: Mme Gis\u00e8le Juanole, Maire Jacky Pujol, premier adjoint&hellip; Continue Reading &rarr;","og_url":"https:\/\/lamanere.fr\/2024\/12\/12\/compte-rendu-du-conseil-municipal-tenu-a-lamanere-le-jeudi-5-novembre-2024\/","og_site_name":"Laman\u00e8re - Lloc oficial del municipi","article_publisher":"https:\/\/www.facebook.com\/lamanere","article_published_time":"2024-12-12T22:26:12+00:00","author":"Mairie de Laman\u00e8re","twitter_card":"summary_large_image","twitter_misc":{"Escrit per":"Mairie de Laman\u00e8re","Temps estimat de lectura":"6 minuts"},"schema":{"@context":"https:\/\/schema.org","@graph":[{"@type":"Article","@id":"https:\/\/lamanere.fr\/2024\/12\/12\/compte-rendu-du-conseil-municipal-tenu-a-lamanere-le-jeudi-5-novembre-2024\/#article","isPartOf":{"@id":"https:\/\/lamanere.fr\/2024\/12\/12\/compte-rendu-du-conseil-municipal-tenu-a-lamanere-le-jeudi-5-novembre-2024\/"},"author":{"name":"Mairie de Laman\u00e8re","@id":"https:\/\/lamanere.fr\/#\/schema\/person\/b26317ee332d7f6bfb5bff1394da6e59"},"headline":"COMPTE RENDU DU CONSEIL MUNICIPAL tenu \u00e0 Laman\u00e8re le jeudi 5 novembre 2024","datePublished":"2024-12-12T22:26:12+00:00","mainEntityOfPage":{"@id":"https:\/\/lamanere.fr\/2024\/12\/12\/compte-rendu-du-conseil-municipal-tenu-a-lamanere-le-jeudi-5-novembre-2024\/"},"wordCount":1192,"commentCount":0,"publisher":{"@id":"https:\/\/lamanere.fr\/#organization"},"articleSection":["Comptes Rendus","Municipalit\u00e9"],"inLanguage":"ca","potentialAction":[{"@type":"CommentAction","name":"Comment","target":["https:\/\/lamanere.fr\/2024\/12\/12\/compte-rendu-du-conseil-municipal-tenu-a-lamanere-le-jeudi-5-novembre-2024\/#respond"]}]},{"@type":"WebPage","@id":"https:\/\/lamanere.fr\/2024\/12\/12\/compte-rendu-du-conseil-municipal-tenu-a-lamanere-le-jeudi-5-novembre-2024\/","url":"https:\/\/lamanere.fr\/2024\/12\/12\/compte-rendu-du-conseil-municipal-tenu-a-lamanere-le-jeudi-5-novembre-2024\/","name":"[:fr]COMPTE RENDU DU CONSEIL MUNICIPAL tenu \u00e0 Laman\u00e8re le jeudi 5 novembre 2024[:] - Laman\u00e8re - Lloc oficial del municipi","isPartOf":{"@id":"https:\/\/lamanere.fr\/#website"},"datePublished":"2024-12-12T22:26:12+00:00","breadcrumb":{"@id":"https:\/\/lamanere.fr\/2024\/12\/12\/compte-rendu-du-conseil-municipal-tenu-a-lamanere-le-jeudi-5-novembre-2024\/#breadcrumb"},"inLanguage":"ca","potentialAction":[{"@type":"ReadAction","target":["https:\/\/lamanere.fr\/2024\/12\/12\/compte-rendu-du-conseil-municipal-tenu-a-lamanere-le-jeudi-5-novembre-2024\/"]}]},{"@type":"BreadcrumbList","@id":"https:\/\/lamanere.fr\/2024\/12\/12\/compte-rendu-du-conseil-municipal-tenu-a-lamanere-le-jeudi-5-novembre-2024\/#breadcrumb","itemListElement":[{"@type":"ListItem","position":1,"name":"Accueil","item":"https:\/\/lamanere.fr\/"},{"@type":"ListItem","position":2,"name":"COMPTE RENDU DU CONSEIL MUNICIPAL tenu \u00e0 Laman\u00e8re le jeudi 5 novembre 2024"}]},{"@type":"WebSite","@id":"https:\/\/lamanere.fr\/#website","url":"https:\/\/lamanere.fr\/","name":"Laman\u00e8re - Lloc oficial del municipi","description":"Poble m\u00e9s al sud de la Fran\u00e7a continental","publisher":{"@id":"https:\/\/lamanere.fr\/#organization"},"potentialAction":[{"@type":"SearchAction","target":{"@type":"EntryPoint","urlTemplate":"https:\/\/lamanere.fr\/?s={search_term_string}"},"query-input":{"@type":"PropertyValueSpecification","valueRequired":true,"valueName":"search_term_string"}}],"inLanguage":"ca"},{"@type":"Organization","@id":"https:\/\/lamanere.fr\/#organization","name":"Commune de Laman\u00e8re","url":"https:\/\/lamanere.fr\/","logo":{"@type":"ImageObject","inLanguage":"ca","@id":"https:\/\/lamanere.fr\/#\/schema\/logo\/image\/","url":"https:\/\/lamanere.fr\/wp-content\/uploads\/2020\/09\/logo2-149.jpg","contentUrl":"https:\/\/lamanere.fr\/wp-content\/uploads\/2020\/09\/logo2-149.jpg","width":149,"height":146,"caption":"Commune de Laman\u00e8re"},"image":{"@id":"https:\/\/lamanere.fr\/#\/schema\/logo\/image\/"},"sameAs":["https:\/\/www.facebook.com\/lamanere","https:\/\/fr.wikipedia.org\/wiki\/Laman\u00e8re"]},{"@type":"Person","@id":"https:\/\/lamanere.fr\/#\/schema\/person\/b26317ee332d7f6bfb5bff1394da6e59","name":"Mairie de Laman\u00e8re","image":{"@type":"ImageObject","inLanguage":"ca","@id":"https:\/\/secure.gravatar.com\/avatar\/951e9da0a291f11d14b93bccd2d18cab?s=96&d=mm&r=g","url":"https:\/\/secure.gravatar.com\/avatar\/951e9da0a291f11d14b93bccd2d18cab?s=96&d=mm&r=g","contentUrl":"https:\/\/secure.gravatar.com\/avatar\/951e9da0a291f11d14b93bccd2d18cab?s=96&d=mm&r=g","caption":"Mairie de Laman\u00e8re"},"url":"https:\/\/lamanere.fr\/ca\/author\/jean-paul\/"}]}},"_links":{"self":[{"href":"https:\/\/lamanere.fr\/ca\/wp-json\/wp\/v2\/posts\/3583"}],"collection":[{"href":"https:\/\/lamanere.fr\/ca\/wp-json\/wp\/v2\/posts"}],"about":[{"href":"https:\/\/lamanere.fr\/ca\/wp-json\/wp\/v2\/types\/post"}],"author":[{"embeddable":true,"href":"https:\/\/lamanere.fr\/ca\/wp-json\/wp\/v2\/users\/2"}],"replies":[{"embeddable":true,"href":"https:\/\/lamanere.fr\/ca\/wp-json\/wp\/v2\/comments?post=3583"}],"version-history":[{"count":1,"href":"https:\/\/lamanere.fr\/ca\/wp-json\/wp\/v2\/posts\/3583\/revisions"}],"predecessor-version":[{"id":3584,"href":"https:\/\/lamanere.fr\/ca\/wp-json\/wp\/v2\/posts\/3583\/revisions\/3584"}],"wp:attachment":[{"href":"https:\/\/lamanere.fr\/ca\/wp-json\/wp\/v2\/media?parent=3583"}],"wp:term":[{"taxonomy":"category","embeddable":true,"href":"https:\/\/lamanere.fr\/ca\/wp-json\/wp\/v2\/categories?post=3583"},{"taxonomy":"post_tag","embeddable":true,"href":"https:\/\/lamanere.fr\/ca\/wp-json\/wp\/v2\/tags?post=3583"}],"curies":[{"name":"wp","href":"https:\/\/api.w.org\/{rel}","templated":true}]}}