{"id":3631,"date":"2024-12-24T23:54:31","date_gmt":"2024-12-24T22:54:31","guid":{"rendered":"https:\/\/lamanere.fr\/?p=3631"},"modified":"2024-12-24T23:54:31","modified_gmt":"2024-12-24T22:54:31","slug":"compte-rendu-du-conseil-municipal-tenu-a-lamanere-le-mardi-17-decembre-2024","status":"publish","type":"post","link":"https:\/\/lamanere.fr\/ca\/2024\/12\/24\/compte-rendu-du-conseil-municipal-tenu-a-lamanere-le-mardi-17-decembre-2024\/","title":{"rendered":"COMPTE RENDU DU CONSEIL MUNICIPAL tenu \u00e0 Laman\u00e8re le mardi 17 d\u00e9cembre 2024"},"content":{"rendered":"<p class=\"qtranxs-available-languages-message qtranxs-available-languages-message-ca\">Ho sentim, aquesta entrada es troba disponible \u00fanicament en <a href=\"https:\/\/lamanere.fr\/fr\/wp-json\/wp\/v2\/posts\/3631\" class=\"qtranxs-available-language-link qtranxs-available-language-link-fr\" title=\"Fran\u00e7ais\">Franc\u00e8s<\/a>.<\/p><p><\/p>\n<p style=\"text-align: center;\"><strong>Compte rendu de la r\u00e9union du Conseil Municipal de Laman\u00e8re <\/strong><\/p>\n<p style=\"text-align: center;\"><strong>du mardi 17 d\u00e9cembre 2024<\/strong><\/p>\n<p>Secr\u00e9taire de s\u00e9ance\u00a0: Jean Paul La\u00eflle<\/p>\n<p><strong>Pr\u00e9sents<\/strong>\u00a0:<\/p>\n<p>Mme Gis\u00e8le Juanole, Maire<\/p>\n<p>Jacky Pujol, premier adjoint<\/p>\n<p>Claude Font, conseiller<\/p>\n<p>Mme Pierrette Juanole-D\u00e9moulin, conseill\u00e8re<\/p>\n<p>Jean-Paul La\u00eflle, conseiller<\/p>\n<p>Absent excus\u00e9 (a donn\u00e9 procuration): M. G\u00e9rard Cuvilliez, second adjoint<\/p>\n<p style=\"text-align: center;\">La r\u00e9union est ouverte \u00e0 14h05<\/p>\n<ul>\n<li><strong>FINANCES :<\/strong><\/li>\n<li><strong>D\u00e9lib\u00e9ration pour D\u00e9cision Modificative n\u00b0 5 : ajustement de cr\u00e9dits chapitre 012\u00a0: Charges de personnel<\/strong><\/li>\n<\/ul>\n<p>Mme le Maire informe le Conseil Municipal qu\u2019il est n\u00e9cessaire de prendre une d\u00e9cision modificative pour 2024 (DM N\u00b05), pour ajuster les cr\u00e9dits d\u00e9volus aux charges de s\u00e9curit\u00e9 sociale et pr\u00e9voyance et autres charges ainsi qu\u2019aux salaires des agents communaux.<\/p>\n<p><strong>SECTION FONCTIONNEMENT<\/strong><\/p>\n<p>&nbsp;<\/p>\n<table>\n<tbody>\n<tr>\n<td width=\"167\">Diminution<\/td>\n<td width=\"120\">Montant<\/td>\n<td width=\"222\">Augmentation<\/td>\n<td width=\"164\">Montant<\/td>\n<\/tr>\n<tr>\n<td width=\"167\">613 Locations<\/td>\n<td width=\"120\">-2800 \u20ac<\/td>\n<td width=\"222\">6411 Personnel titulaire<\/p>\n<p>&nbsp;<\/p>\n<p>6450 Charges de s\u00e9curit\u00e9 sociale et de pr\u00e9voyance<\/p>\n<p>&nbsp;<\/p>\n<p>648 Autres charges de personnel<\/td>\n<td width=\"164\">+ 600 \u20ac<\/p>\n<p>&nbsp;<\/p>\n<p>+ 2\u00a0000 \u20ac<\/p>\n<p>&nbsp;<\/p>\n<p>&nbsp;<\/p>\n<p>+ 200 \u20ac<\/p>\n<p>&nbsp;<\/td>\n<\/tr>\n<tr>\n<td width=\"167\"><strong>Total<\/strong><\/td>\n<td width=\"120\">-2\u00a0800 \u20ac<\/td>\n<td width=\"222\"><strong>Total<\/strong><\/td>\n<td width=\"164\">+ 2\u00a0800 \u20ac<\/td>\n<\/tr>\n<\/tbody>\n<\/table>\n<p>&nbsp;<\/p>\n<p><strong>Le Conseil Municipal apr\u00e8s avoir d\u00e9lib\u00e9r\u00e9 et \u00e0 l\u2019unanimit\u00e9 des membres pr\u00e9sents\u00a0:<\/strong><\/p>\n<ul>\n<li><strong>Approuve <\/strong>cet ajustement de cr\u00e9dits chapitre 12 Charges de personnel<\/li>\n<li><strong>Autorise<\/strong> Mme le Maire \u00e0 signer toutes les pi\u00e8ces relatives \u00e0 ce dossier<\/li>\n<\/ul>\n<p>&nbsp;<\/p>\n<p>Une d\u00e9lib\u00e9ration sera r\u00e9dig\u00e9e en ce sens<\/p>\n<ul>\n<li><strong>D\u00e9lib\u00e9ration pour rattrapage des amortissements au budget 2025<\/strong><\/li>\n<\/ul>\n<p>Aux termes des dispositions de l\u2019article L2321 \u2013 2 du Code G\u00e9n\u00e9ral des Collectivit\u00e9s Territoriales: \u00ab\u00a0pour les communes de moins de 3500 habitants et les groupements de communes dont la population est inf\u00e9rieure \u00e0 3500 habitants, les dotations aux amortissements des subventions d\u2019\u00e9quipement vers\u00e9es constituent une d\u00e9pense obligatoire\u00a0\u00bb.<\/p>\n<p>A ce titre, des amortissements d\u00fbs \u00e0 une reprise de subvention obtenue en 2013 par le \u00a0SIVOM (Syndicat Intercommunal \u00e0 Vocations Multiples)\u00a0 dissous en 2016, amortissements de cette subvention qui n\u2019ont pas \u00e9t\u00e9 comptabilis\u00e9s depuis.( montant de la subvention amortissable sur 15 ans\u00a0: 19207,19 \u20ac)<\/p>\n<p>Consid\u00e9rant, par cons\u00e9quent, que dans le cadre de la n\u00e9cessaire fiabilisation des actifs et de l\u2019am\u00e9lioration de la qualit\u00e9 comptable, il est n\u00e9cessaire de corriger ces erreurs sur les exercices ant\u00e9rieurs. Ces corrections doivent \u00eatre neutres sur le r\u00e9sultat de l\u2019exercice. Il est obligatoire de corriger ces erreurs sur les exercices ant\u00e9rieurs par op\u00e9ration d\u2019ordre budg\u00e9taire en passant des \u00e9critures par mandat et titre.<\/p>\n<p><strong>Le Conseil Municipal apr\u00e8s avoir d\u00e9lib\u00e9r\u00e9 et \u00e0 l\u2019unanimit\u00e9 des membres pr\u00e9sents\u00a0:<\/strong><\/p>\n<ul>\n<li><strong>D\u00e9cide d\u2019autoriser Mme le Maire <\/strong>\u00e0 effectuer ce rattrapage d\u2019amortissement par op\u00e9ration d\u2019ordre budg\u00e9taire, par\u00a0: un d\u00e9dit de d\u00e9penses de fonctionnement au chapitre 042 au compte 681 et un cr\u00e9dit de recettes d\u2019investissement chapitre 040 au compte 2804182, d\u2019un montant de 15\u00a0497,06 \u20ac.<\/li>\n<\/ul>\n<p>Une d\u00e9lib\u00e9ration sera r\u00e9dig\u00e9e en ce sens<\/p>\n<ul>\n<li><strong>INVESTISSEMENT<\/strong> <strong>:<\/strong><\/li>\n<li><strong>D\u00e9lib\u00e9ration pour demande de subventions \u00e0 l&#8217;Etat, le D\u00e9partement, pour R\u00e9fection d&#8217;une portion de voirie communale dite \u00ab Cami del Coral\u00bb permettant l&#8217;acc\u00e8s au captage d&#8217;eau du village<\/strong><\/li>\n<\/ul>\n<p>Cette voirie goudronn\u00e9e qui conduit au captage d\u2019eau de la Commune et au-del\u00e0 vers la D115 sous forme de piste, apr\u00e8s le lieu du captage d\u2019eau, est en tr\u00e8s mauvais \u00e9tat, goudron arrach\u00e9, nids de poule qui la rendent accidentog\u00e8ne. C\u2019est la seule issue de sortie du village en cas de blocage de la D44 par \u00e9boulis ou incendie.<\/p>\n<p>De nombreuses plaintes des usagers qui l\u2019empruntent ont conduit la Commune a faire \u00e9valuer le co\u00fbt des travaux n\u00e9cessaires <strong>pour le d\u00e9but de la piste<\/strong> dite Cami del Coral <em>(car elle conduit \u00e0 l\u2019ermitage de ND Du Coral)<\/em> partie rev\u00eatue de goudron \u00e0 l\u2019origine, et qui permet d\u2019acc\u00e9der aux captages d\u2019eau du village.<\/p>\n<p>Deux devis ont \u00e9t\u00e9 re\u00e7us, de l\u2019entreprise Colas pour 69\u00a0540 \u20ac TTC et de la soci\u00e9t\u00e9 SPOR pour 39\u00a0240 \u20ac TTC.<\/p>\n<p>Le Conseil Municipal<\/p>\n<ul>\n<li>Propose de choisir les prestations de l\u2019entreprise SPOR,<\/li>\n<li>Propose d\u2019adresser une demande de subvention la plus \u00e9lev\u00e9e possible \u00e0 l\u2019Etat dans le cadre de la DETR (Dotation d\u2019\u00e9quipement Territoires Ruraux), et au D\u00e9partement dans le cadre de l\u2019AIT (Aide \u00e0 l\u2019investissement Territorial)<\/li>\n<li>Propose le plan de financement suivant pour cette op\u00e9ration\u00a0:<\/li>\n<\/ul>\n<p>1.Demande de subvention DETR \u2013 DSIL pour 60%,<\/p>\n<p>2.demande de subvention au d\u00e9partement pour 20%,<\/p>\n<p>3.les 20 % restants seront \u00e0 la charge de la Commune<\/p>\n<p>&nbsp;<\/p>\n<p><strong>Le Conseil Municipal apr\u00e8s avoir d\u00e9lib\u00e9r\u00e9 et \u00e0 l\u2019unanimit\u00e9 des membres pr\u00e9sents\u00a0:<\/strong><\/p>\n<ul>\n<li><strong>Approuve <\/strong>le choix de l\u2019Entreprise SPOR pour la r\u00e9alisation de l\u2019op\u00e9ration,<\/li>\n<li><strong>Approuve la demande de subventions aussi \u00e9lev\u00e9es que possible \u00e0 l\u2019Etat et au Conseil D\u00e9partemental<\/strong><\/li>\n<li><strong>Approuve <\/strong>le plan de financement propos\u00e9<\/li>\n<li><strong>Autorise<\/strong> Mme le Maire \u00e0 signer toutes les pi\u00e8ces relatives \u00e0 ce dossier<\/li>\n<\/ul>\n<p>Une d\u00e9lib\u00e9ration sera r\u00e9dig\u00e9e en ce sens<\/p>\n<ul>\n<li><strong>RESSOURCES<\/strong> <strong>HUMAINES<\/strong> <strong>:<\/strong><\/li>\n<li><strong>D\u00e9lib\u00e9ration pour la protection sociale compl\u00e9mentaire des agents communaux en mati\u00e8re de pr\u00e9voyance \u00ab maintien de salaire \u00bb.Obligation de participation pour les collectivit\u00e9s \u00e0 partir du 1<sup>er<\/sup>janvier (sous r\u00e9serve de la r\u00e9ponse CST du CDG 66)<\/strong><\/li>\n<\/ul>\n<p><strong>Rappel\u00a0:<\/strong><\/p>\n<p>Le 1<sup>er<\/sup> janvier 2025 chaque employeur territorial devra contribuer financi\u00e8rement \u00e0 la pr\u00e9voyance (maintien de salaire) de ses agents.<\/p>\n<p>Ces dispositifs concernent les deux agents communaux de la Mairie de Laman\u00e8re<\/p>\n<p>La Municipalit\u00e9 a transmis les candidatures des 2 agents pour <strong>adh\u00e9sion \u00e0 une convention de participation avec une mutuelle\u00a0 n\u00e9goci\u00e9e par le CDG66<\/strong>, afin d\u2019obtenir l\u2019avis du CST (Comit\u00e9 Social Territorial) (choix du proc\u00e9d\u00e9 et choix du montant de la participation avec un montant minimum de 7 \u20ac par agent et par mois). A cette date, le CST n\u2019a pas encore donn\u00e9 de r\u00e9ponse.<\/p>\n<p><strong>Le Conseil Municipal apr\u00e8s avoir d\u00e9lib\u00e9r\u00e9 et \u00e0 l\u2019unanimit\u00e9 des membres pr\u00e9sents\u00a0:<\/strong><\/p>\n<ul>\n<li><strong>S\u2019engage \u00e0 payer 7 \u20ac <\/strong>par mois \u00e0 chaque agent communal pour la pr\u00e9voyance \u00ab\u00a0maintien de salaire\u00a0\u00bb \u00e0 partir du 1<sup>er<\/sup> janvier 2025.<\/li>\n<li><strong>Autorise<\/strong> Mme le Maire \u00e0 signer toutes les pi\u00e8ces relatives \u00e0 ce dossier<\/li>\n<\/ul>\n<p>&nbsp;<\/p>\n<ul>\n<li><strong>TRANSFERT DE COMPETENCE A LA CCHV: Infrastructure de Recharge pour V\u00e9hicules Electriques (IRVE)<\/strong><\/li>\n<\/ul>\n<p>&nbsp;<\/p>\n<p>Le projet est \u00e0 replacer dans son contexte\u00a0: est-ce que la Commune est d\u2019accord pour charger la CCHV (Communaut\u00e9 de Communes du Haut-Vallespir) de l\u2019installation de bornes de recharges de v\u00e9hicules \u00e9lectriques\u00a0?<\/p>\n<p>Le Conseil Municipal se d\u00e9clare d\u2019accord, sous r\u00e9serve de conditions contractuelles et technico-\u00e9conomiques, sur l\u2019installation des bornes et leur exploitation.<\/p>\n<ul>\n<li><strong>INFORMATION: Trail Laman\u00e8re du 15 juin 2025 \/ATS Point Course<\/strong><\/li>\n<\/ul>\n<p>Le Trail de Laman\u00e8re aura lieu le 15 juin 2025. Trois courses sont pr\u00e9vues\u00a0:<\/p>\n<ul>\n<li>Le Trail\u00a0(La boucle du point le plus au Sud) que tout le monde conna\u00eet bien avec ses <strong>17 km et 950 m<\/strong> <strong>de d\u00e9nivel\u00e9 positif<\/strong>.<\/li>\n<li>La course pour les enfants (<strong>1,5 km<\/strong>).<\/li>\n<li>Et, nouveaut\u00e9, une course de <strong>8 km et 300 m de d\u00e9nivel\u00e9 positif<\/strong> selon le circuit des Mas du Taix\u00a0:\u00a0\u00ab\u00a0La Boucle des Mas du Taix\u00a0\u00bb.<\/li>\n<\/ul>\n<p>Le Trail\u00a0\u00ab\u00a0La boucle du Point le plus au Sud\u00bb co\u00fbtera 15 \u20ac, la course des \u00ab\u00a0Mas du Taix\u00a0\u00bb 8 \u20ac, celle pour les enfants est gratuite.<\/p>\n<p>Les d\u00e9parts se feront de fa\u00e7on \u00e9chelonn\u00e9e\u00a0: La Boucle du Point le plus au Sud \u00e0 9h, \u00ab\u00a0Mas du Taix\u00a0\u00bb \u00e0 9h30, les enfants s\u2019\u00e9lanceront \u00e0 10h.<\/p>\n<p>Nouveaut\u00e9\u00a0: un devis a \u00e9t\u00e9 demand\u00e9 \u00e0 ATS pour g\u00e9rer l\u2019organisation des courses , inscrire les coureurs en ligne, installer un syst\u00e8me de suivi des coureurs par \u00a0des puces \u00e9lectroniques, enregistrer les arriv\u00e9es des coureurs.<\/p>\n<ul>\n<li><strong>QUESTIONS DIVERSES:<\/strong><\/li>\n<li>Chemin\u00e9e et \u00e9viers de la Maison du Pla\u00e7ot (beau mat\u00e9riel en inox dont la valeur n\u2019est pas n\u00e9gligeable). Nous chercherons \u00e0 les vendre.<\/li>\n<\/ul>\n<p>&nbsp;<\/p>\n<p style=\"text-align: center;\">La s\u00e9ance a \u00e9t\u00e9 lev\u00e9e \u00e0 17h05<\/p>\n<p><\/p>","protected":false},"excerpt":{"rendered":"<p>Ho sentim, aquesta entrada es troba disponible \u00fanicament en Franc\u00e8s. Compte rendu de la r\u00e9union du Conseil Municipal de Laman\u00e8re du mardi 17 d\u00e9cembre 2024 Secr\u00e9taire de s\u00e9ance\u00a0: Jean Paul La\u00eflle Pr\u00e9sents\u00a0: Mme Gis\u00e8le Juanole, Maire Jacky Pujol, premier adjoint&hellip; <a href=\"https:\/\/lamanere.fr\/ca\/2024\/12\/24\/compte-rendu-du-conseil-municipal-tenu-a-lamanere-le-mardi-17-decembre-2024\/\" class=\"more-link\">Continue Reading <span class=\"meta-nav\">&rarr;<\/span><\/a><\/p>\n","protected":false},"author":2,"featured_media":0,"comment_status":"open","ping_status":"open","sticky":false,"template":"","format":"standard","meta":{"footnotes":""},"categories":[79,77,74],"tags":[],"yoast_head":"<!-- This site is optimized with the Yoast SEO plugin v27.4 - https:\/\/yoast.com\/product\/yoast-seo-wordpress\/ -->\n<title><\/title>\n<meta name=\"robots\" content=\"index, follow, max-snippet:-1, max-image-preview:large, max-video-preview:-1\" \/>\n<link rel=\"canonical\" href=\"https:\/\/lamanere.fr\/2024\/12\/24\/compte-rendu-du-conseil-municipal-tenu-a-lamanere-le-mardi-17-decembre-2024\/\" \/>\n<meta property=\"og:locale\" content=\"ca_ES\" \/>\n<meta property=\"og:type\" content=\"article\" \/>\n<meta property=\"og:title\" content=\"[:fr]COMPTE RENDU DU CONSEIL MUNICIPAL tenu \u00e0 Laman\u00e8re le mardi 17 d\u00e9cembre 2024[:] - Laman\u00e8re - Lloc oficial del municipi\" \/>\n<meta property=\"og:description\" content=\"Ho sentim, aquesta entrada es troba disponible \u00fanicament en Franc\u00e8s. Compte rendu de la r\u00e9union du Conseil Municipal de Laman\u00e8re du mardi 17 d\u00e9cembre 2024 Secr\u00e9taire de s\u00e9ance\u00a0: Jean Paul La\u00eflle Pr\u00e9sents\u00a0: Mme Gis\u00e8le Juanole, Maire Jacky Pujol, premier adjoint&hellip; Continue Reading &rarr;\" \/>\n<meta property=\"og:url\" content=\"https:\/\/lamanere.fr\/2024\/12\/24\/compte-rendu-du-conseil-municipal-tenu-a-lamanere-le-mardi-17-decembre-2024\/\" \/>\n<meta property=\"og:site_name\" content=\"Laman\u00e8re - Lloc oficial del municipi\" \/>\n<meta property=\"article:publisher\" content=\"https:\/\/www.facebook.com\/lamanere\" \/>\n<meta property=\"article:published_time\" content=\"2024-12-24T22:54:31+00:00\" \/>\n<meta name=\"author\" content=\"Mairie de Laman\u00e8re\" \/>\n<meta name=\"twitter:card\" content=\"summary_large_image\" \/>\n<meta name=\"twitter:label1\" content=\"Escrit per\" \/>\n\t<meta name=\"twitter:data1\" content=\"Mairie de Laman\u00e8re\" \/>\n\t<meta name=\"twitter:label2\" content=\"Temps estimat de lectura\" \/>\n\t<meta name=\"twitter:data2\" content=\"7 minuts\" \/>\n<script type=\"application\/ld+json\" class=\"yoast-schema-graph\">{\"@context\":\"https:\\\/\\\/schema.org\",\"@graph\":[{\"@type\":\"Article\",\"@id\":\"https:\\\/\\\/lamanere.fr\\\/2024\\\/12\\\/24\\\/compte-rendu-du-conseil-municipal-tenu-a-lamanere-le-mardi-17-decembre-2024\\\/#article\",\"isPartOf\":{\"@id\":\"https:\\\/\\\/lamanere.fr\\\/2024\\\/12\\\/24\\\/compte-rendu-du-conseil-municipal-tenu-a-lamanere-le-mardi-17-decembre-2024\\\/\"},\"author\":{\"name\":\"Mairie de Laman\u00e8re\",\"@id\":\"https:\\\/\\\/lamanere.fr\\\/#\\\/schema\\\/person\\\/b26317ee332d7f6bfb5bff1394da6e59\"},\"headline\":\"COMPTE RENDU DU CONSEIL MUNICIPAL tenu \u00e0 Laman\u00e8re le mardi 17 d\u00e9cembre 2024\",\"datePublished\":\"2024-12-24T22:54:31+00:00\",\"mainEntityOfPage\":{\"@id\":\"https:\\\/\\\/lamanere.fr\\\/2024\\\/12\\\/24\\\/compte-rendu-du-conseil-municipal-tenu-a-lamanere-le-mardi-17-decembre-2024\\\/\"},\"wordCount\":1292,\"commentCount\":0,\"publisher\":{\"@id\":\"https:\\\/\\\/lamanere.fr\\\/#organization\"},\"articleSection\":[\"Communication\",\"Comptes Rendus\",\"Municipalit\u00e9\"],\"inLanguage\":\"ca\",\"potentialAction\":[{\"@type\":\"CommentAction\",\"name\":\"Comment\",\"target\":[\"https:\\\/\\\/lamanere.fr\\\/2024\\\/12\\\/24\\\/compte-rendu-du-conseil-municipal-tenu-a-lamanere-le-mardi-17-decembre-2024\\\/#respond\"]}]},{\"@type\":\"WebPage\",\"@id\":\"https:\\\/\\\/lamanere.fr\\\/2024\\\/12\\\/24\\\/compte-rendu-du-conseil-municipal-tenu-a-lamanere-le-mardi-17-decembre-2024\\\/\",\"url\":\"https:\\\/\\\/lamanere.fr\\\/2024\\\/12\\\/24\\\/compte-rendu-du-conseil-municipal-tenu-a-lamanere-le-mardi-17-decembre-2024\\\/\",\"name\":\"[:fr]COMPTE RENDU DU CONSEIL MUNICIPAL tenu \u00e0 Laman\u00e8re le mardi 17 d\u00e9cembre 2024[:] - Laman\u00e8re - Lloc oficial del municipi\",\"isPartOf\":{\"@id\":\"https:\\\/\\\/lamanere.fr\\\/#website\"},\"datePublished\":\"2024-12-24T22:54:31+00:00\",\"breadcrumb\":{\"@id\":\"https:\\\/\\\/lamanere.fr\\\/2024\\\/12\\\/24\\\/compte-rendu-du-conseil-municipal-tenu-a-lamanere-le-mardi-17-decembre-2024\\\/#breadcrumb\"},\"inLanguage\":\"ca\",\"potentialAction\":[{\"@type\":\"ReadAction\",\"target\":[\"https:\\\/\\\/lamanere.fr\\\/2024\\\/12\\\/24\\\/compte-rendu-du-conseil-municipal-tenu-a-lamanere-le-mardi-17-decembre-2024\\\/\"]}]},{\"@type\":\"BreadcrumbList\",\"@id\":\"https:\\\/\\\/lamanere.fr\\\/2024\\\/12\\\/24\\\/compte-rendu-du-conseil-municipal-tenu-a-lamanere-le-mardi-17-decembre-2024\\\/#breadcrumb\",\"itemListElement\":[{\"@type\":\"ListItem\",\"position\":1,\"name\":\"Accueil\",\"item\":\"https:\\\/\\\/lamanere.fr\\\/\"},{\"@type\":\"ListItem\",\"position\":2,\"name\":\"COMPTE RENDU DU CONSEIL MUNICIPAL tenu \u00e0 Laman\u00e8re le mardi 17 d\u00e9cembre 2024\"}]},{\"@type\":\"WebSite\",\"@id\":\"https:\\\/\\\/lamanere.fr\\\/#website\",\"url\":\"https:\\\/\\\/lamanere.fr\\\/\",\"name\":\"Laman\u00e8re - Lloc oficial del municipi\",\"description\":\"Poble m\u00e9s al sud de la Fran\u00e7a continental\",\"publisher\":{\"@id\":\"https:\\\/\\\/lamanere.fr\\\/#organization\"},\"potentialAction\":[{\"@type\":\"SearchAction\",\"target\":{\"@type\":\"EntryPoint\",\"urlTemplate\":\"https:\\\/\\\/lamanere.fr\\\/?s={search_term_string}\"},\"query-input\":{\"@type\":\"PropertyValueSpecification\",\"valueRequired\":true,\"valueName\":\"search_term_string\"}}],\"inLanguage\":\"ca\"},{\"@type\":\"Organization\",\"@id\":\"https:\\\/\\\/lamanere.fr\\\/#organization\",\"name\":\"Commune de Laman\u00e8re\",\"url\":\"https:\\\/\\\/lamanere.fr\\\/\",\"logo\":{\"@type\":\"ImageObject\",\"inLanguage\":\"ca\",\"@id\":\"https:\\\/\\\/lamanere.fr\\\/#\\\/schema\\\/logo\\\/image\\\/\",\"url\":\"https:\\\/\\\/lamanere.fr\\\/wp-content\\\/uploads\\\/2020\\\/09\\\/logo2-149.jpg\",\"contentUrl\":\"https:\\\/\\\/lamanere.fr\\\/wp-content\\\/uploads\\\/2020\\\/09\\\/logo2-149.jpg\",\"width\":149,\"height\":146,\"caption\":\"Commune de Laman\u00e8re\"},\"image\":{\"@id\":\"https:\\\/\\\/lamanere.fr\\\/#\\\/schema\\\/logo\\\/image\\\/\"},\"sameAs\":[\"https:\\\/\\\/www.facebook.com\\\/lamanere\",\"https:\\\/\\\/fr.wikipedia.org\\\/wiki\\\/Laman\u00e8re\"]},{\"@type\":\"Person\",\"@id\":\"https:\\\/\\\/lamanere.fr\\\/#\\\/schema\\\/person\\\/b26317ee332d7f6bfb5bff1394da6e59\",\"name\":\"Mairie de Laman\u00e8re\",\"image\":{\"@type\":\"ImageObject\",\"inLanguage\":\"ca\",\"@id\":\"https:\\\/\\\/secure.gravatar.com\\\/avatar\\\/951e9da0a291f11d14b93bccd2d18cab?s=96&d=mm&r=g\",\"url\":\"https:\\\/\\\/secure.gravatar.com\\\/avatar\\\/951e9da0a291f11d14b93bccd2d18cab?s=96&d=mm&r=g\",\"contentUrl\":\"https:\\\/\\\/secure.gravatar.com\\\/avatar\\\/951e9da0a291f11d14b93bccd2d18cab?s=96&d=mm&r=g\",\"caption\":\"Mairie de Laman\u00e8re\"},\"url\":\"https:\\\/\\\/lamanere.fr\\\/ca\\\/author\\\/jean-paul\\\/\"}]}<\/script>\n<!-- \/ Yoast SEO plugin. -->","yoast_head_json":{"title":"[:fr]COMPTE RENDU DU CONSEIL MUNICIPAL tenu \u00e0 Laman\u00e8re le mardi 17 d\u00e9cembre 2024[:] - Laman\u00e8re - Lloc oficial del municipi","robots":{"index":"index","follow":"follow","max-snippet":"max-snippet:-1","max-image-preview":"max-image-preview:large","max-video-preview":"max-video-preview:-1"},"canonical":"https:\/\/lamanere.fr\/2024\/12\/24\/compte-rendu-du-conseil-municipal-tenu-a-lamanere-le-mardi-17-decembre-2024\/","og_locale":"ca_ES","og_type":"article","og_title":"[:fr]COMPTE RENDU DU CONSEIL MUNICIPAL tenu \u00e0 Laman\u00e8re le mardi 17 d\u00e9cembre 2024[:] - Laman\u00e8re - Lloc oficial del municipi","og_description":"Ho sentim, aquesta entrada es troba disponible \u00fanicament en Franc\u00e8s. Compte rendu de la r\u00e9union du Conseil Municipal de Laman\u00e8re du mardi 17 d\u00e9cembre 2024 Secr\u00e9taire de s\u00e9ance\u00a0: Jean Paul La\u00eflle Pr\u00e9sents\u00a0: Mme Gis\u00e8le Juanole, Maire Jacky Pujol, premier adjoint&hellip; Continue Reading &rarr;","og_url":"https:\/\/lamanere.fr\/2024\/12\/24\/compte-rendu-du-conseil-municipal-tenu-a-lamanere-le-mardi-17-decembre-2024\/","og_site_name":"Laman\u00e8re - Lloc oficial del municipi","article_publisher":"https:\/\/www.facebook.com\/lamanere","article_published_time":"2024-12-24T22:54:31+00:00","author":"Mairie de Laman\u00e8re","twitter_card":"summary_large_image","twitter_misc":{"Escrit per":"Mairie de Laman\u00e8re","Temps estimat de lectura":"7 minuts"},"schema":{"@context":"https:\/\/schema.org","@graph":[{"@type":"Article","@id":"https:\/\/lamanere.fr\/2024\/12\/24\/compte-rendu-du-conseil-municipal-tenu-a-lamanere-le-mardi-17-decembre-2024\/#article","isPartOf":{"@id":"https:\/\/lamanere.fr\/2024\/12\/24\/compte-rendu-du-conseil-municipal-tenu-a-lamanere-le-mardi-17-decembre-2024\/"},"author":{"name":"Mairie de Laman\u00e8re","@id":"https:\/\/lamanere.fr\/#\/schema\/person\/b26317ee332d7f6bfb5bff1394da6e59"},"headline":"COMPTE RENDU DU CONSEIL MUNICIPAL tenu \u00e0 Laman\u00e8re le mardi 17 d\u00e9cembre 2024","datePublished":"2024-12-24T22:54:31+00:00","mainEntityOfPage":{"@id":"https:\/\/lamanere.fr\/2024\/12\/24\/compte-rendu-du-conseil-municipal-tenu-a-lamanere-le-mardi-17-decembre-2024\/"},"wordCount":1292,"commentCount":0,"publisher":{"@id":"https:\/\/lamanere.fr\/#organization"},"articleSection":["Communication","Comptes Rendus","Municipalit\u00e9"],"inLanguage":"ca","potentialAction":[{"@type":"CommentAction","name":"Comment","target":["https:\/\/lamanere.fr\/2024\/12\/24\/compte-rendu-du-conseil-municipal-tenu-a-lamanere-le-mardi-17-decembre-2024\/#respond"]}]},{"@type":"WebPage","@id":"https:\/\/lamanere.fr\/2024\/12\/24\/compte-rendu-du-conseil-municipal-tenu-a-lamanere-le-mardi-17-decembre-2024\/","url":"https:\/\/lamanere.fr\/2024\/12\/24\/compte-rendu-du-conseil-municipal-tenu-a-lamanere-le-mardi-17-decembre-2024\/","name":"[:fr]COMPTE RENDU DU CONSEIL MUNICIPAL tenu \u00e0 Laman\u00e8re le mardi 17 d\u00e9cembre 2024[:] - Laman\u00e8re - Lloc oficial del municipi","isPartOf":{"@id":"https:\/\/lamanere.fr\/#website"},"datePublished":"2024-12-24T22:54:31+00:00","breadcrumb":{"@id":"https:\/\/lamanere.fr\/2024\/12\/24\/compte-rendu-du-conseil-municipal-tenu-a-lamanere-le-mardi-17-decembre-2024\/#breadcrumb"},"inLanguage":"ca","potentialAction":[{"@type":"ReadAction","target":["https:\/\/lamanere.fr\/2024\/12\/24\/compte-rendu-du-conseil-municipal-tenu-a-lamanere-le-mardi-17-decembre-2024\/"]}]},{"@type":"BreadcrumbList","@id":"https:\/\/lamanere.fr\/2024\/12\/24\/compte-rendu-du-conseil-municipal-tenu-a-lamanere-le-mardi-17-decembre-2024\/#breadcrumb","itemListElement":[{"@type":"ListItem","position":1,"name":"Accueil","item":"https:\/\/lamanere.fr\/"},{"@type":"ListItem","position":2,"name":"COMPTE RENDU DU CONSEIL MUNICIPAL tenu \u00e0 Laman\u00e8re le mardi 17 d\u00e9cembre 2024"}]},{"@type":"WebSite","@id":"https:\/\/lamanere.fr\/#website","url":"https:\/\/lamanere.fr\/","name":"Laman\u00e8re - Lloc oficial del municipi","description":"Poble m\u00e9s al sud de la Fran\u00e7a continental","publisher":{"@id":"https:\/\/lamanere.fr\/#organization"},"potentialAction":[{"@type":"SearchAction","target":{"@type":"EntryPoint","urlTemplate":"https:\/\/lamanere.fr\/?s={search_term_string}"},"query-input":{"@type":"PropertyValueSpecification","valueRequired":true,"valueName":"search_term_string"}}],"inLanguage":"ca"},{"@type":"Organization","@id":"https:\/\/lamanere.fr\/#organization","name":"Commune de Laman\u00e8re","url":"https:\/\/lamanere.fr\/","logo":{"@type":"ImageObject","inLanguage":"ca","@id":"https:\/\/lamanere.fr\/#\/schema\/logo\/image\/","url":"https:\/\/lamanere.fr\/wp-content\/uploads\/2020\/09\/logo2-149.jpg","contentUrl":"https:\/\/lamanere.fr\/wp-content\/uploads\/2020\/09\/logo2-149.jpg","width":149,"height":146,"caption":"Commune de Laman\u00e8re"},"image":{"@id":"https:\/\/lamanere.fr\/#\/schema\/logo\/image\/"},"sameAs":["https:\/\/www.facebook.com\/lamanere","https:\/\/fr.wikipedia.org\/wiki\/Laman\u00e8re"]},{"@type":"Person","@id":"https:\/\/lamanere.fr\/#\/schema\/person\/b26317ee332d7f6bfb5bff1394da6e59","name":"Mairie de Laman\u00e8re","image":{"@type":"ImageObject","inLanguage":"ca","@id":"https:\/\/secure.gravatar.com\/avatar\/951e9da0a291f11d14b93bccd2d18cab?s=96&d=mm&r=g","url":"https:\/\/secure.gravatar.com\/avatar\/951e9da0a291f11d14b93bccd2d18cab?s=96&d=mm&r=g","contentUrl":"https:\/\/secure.gravatar.com\/avatar\/951e9da0a291f11d14b93bccd2d18cab?s=96&d=mm&r=g","caption":"Mairie de Laman\u00e8re"},"url":"https:\/\/lamanere.fr\/ca\/author\/jean-paul\/"}]}},"_links":{"self":[{"href":"https:\/\/lamanere.fr\/ca\/wp-json\/wp\/v2\/posts\/3631"}],"collection":[{"href":"https:\/\/lamanere.fr\/ca\/wp-json\/wp\/v2\/posts"}],"about":[{"href":"https:\/\/lamanere.fr\/ca\/wp-json\/wp\/v2\/types\/post"}],"author":[{"embeddable":true,"href":"https:\/\/lamanere.fr\/ca\/wp-json\/wp\/v2\/users\/2"}],"replies":[{"embeddable":true,"href":"https:\/\/lamanere.fr\/ca\/wp-json\/wp\/v2\/comments?post=3631"}],"version-history":[{"count":1,"href":"https:\/\/lamanere.fr\/ca\/wp-json\/wp\/v2\/posts\/3631\/revisions"}],"predecessor-version":[{"id":3632,"href":"https:\/\/lamanere.fr\/ca\/wp-json\/wp\/v2\/posts\/3631\/revisions\/3632"}],"wp:attachment":[{"href":"https:\/\/lamanere.fr\/ca\/wp-json\/wp\/v2\/media?parent=3631"}],"wp:term":[{"taxonomy":"category","embeddable":true,"href":"https:\/\/lamanere.fr\/ca\/wp-json\/wp\/v2\/categories?post=3631"},{"taxonomy":"post_tag","embeddable":true,"href":"https:\/\/lamanere.fr\/ca\/wp-json\/wp\/v2\/tags?post=3631"}],"curies":[{"name":"wp","href":"https:\/\/api.w.org\/{rel}","templated":true}]}}