{"id":375,"date":"2019-07-21T00:00:03","date_gmt":"2019-07-21T00:00:03","guid":{"rendered":"https:\/\/lamanere.fr\/?p=375"},"modified":"2020-09-05T14:52:24","modified_gmt":"2020-09-05T14:52:24","slug":"trobada-del-coll-de-malrem-deuxieme-edition-20-juillet-2019","status":"publish","type":"post","link":"https:\/\/lamanere.fr\/ca\/2019\/07\/21\/trobada-del-coll-de-malrem-deuxieme-edition-20-juillet-2019\/","title":{"rendered":"Trobada del Coll de Malrem &#8211; Deuxi\u00e8me \u00e9dition &#8211; 20 juillet 2019"},"content":{"rendered":"<p class=\"qtranxs-available-languages-message qtranxs-available-languages-message-ca\">Ho sentim, aquesta entrada es troba disponible \u00fanicament en <a href=\"https:\/\/lamanere.fr\/fr\/wp-json\/wp\/v2\/posts\/375\" class=\"qtranxs-available-language-link qtranxs-available-language-link-fr\" title=\"Fran\u00e7ais\">Franc\u00e8s<\/a>.<\/p><p>Ce 20 juillet, nous \u00e9tions une bonne quarantaine \u00e0 nous retrouver pour la 2\u00e8me ann\u00e9e au Col de Malrem.<\/p>\n<p>Nous y avons partager un moment d&#8217;\u00e9motion unique avec nos &#8220;germans&#8221; de Rocabruna, Beget et la Vall de Camprodon. Un moment d&#8217;histoire, de souvenirs, d&#8217;amiti\u00e9 et de partage.<\/p>\n<p>Ferm\u00ed, de Rocabruna, a rappeler l&#8217;histoire de ce col embl\u00e9matique, son importance dans la vie des catalans du Sud et du Nord, depuis que le trait\u00e9 des Pyr\u00e9n\u00e9es a divis\u00e9 la Catalogne.<\/p>\n<p>Les mots grav\u00e9s sur la plaque inaugur\u00e9e t\u00e9moignent de ce pass\u00e9, mais aussi du pr\u00e9sent et de l&#8217;espoir qu&#8217;une journ\u00e9e comme celle-ci peut engendrer.<\/p>\n<p>Nous vous disons \u00e0 l&#8217;ann\u00e9e prochaine pour la 3\u00e8me Trobada qui se terminera \u00e0 Beget !<\/p>\n<p><div id=\"metaslider-id-376\" style=\"width: 100%;\" class=\"ml-slider-3-108-0 metaslider metaslider-flex metaslider-376 ml-slider ml-slider-lightbox-2-22-0 lightbox-disabled ms-theme-cubic nav-hidden\" role=\"region\" aria-label=\"trobada-2019\" data-height=\"500\" data-width=\"750\">\n    <div id=\"metaslider_container_376\">\n        <div id=\"metaslider_376\">\n            <ul class='slides'>\n                <li style=\"display: block; width: 100%;\" class=\"slide-380 ms-image \" aria-roledescription=\"slide\" data-date=\"2020-09-05 14:49:45\" data-filename=\"trobada-2019-1-750x500.jpg\" data-slide-type=\"image\"><img loading=\"lazy\" decoding=\"async\" src=\"https:\/\/lamanere.fr\/wp-content\/uploads\/2020\/09\/trobada-2019-1-750x500.jpg\" height=\"500\" width=\"750\" alt=\"\" class=\"slider-376 slide-380 msDefaultImage\" title=\"trobada-2019-1\" \/><\/li>\n                <li style=\"display: none; width: 100%;\" class=\"slide-381 ms-image \" aria-roledescription=\"slide\" data-date=\"2020-09-05 14:49:45\" data-filename=\"trobada-2019-2-750x500.jpg\" data-slide-type=\"image\"><img loading=\"lazy\" decoding=\"async\" src=\"https:\/\/lamanere.fr\/wp-content\/uploads\/2020\/09\/trobada-2019-2-750x500.jpg\" height=\"500\" width=\"750\" alt=\"\" class=\"slider-376 slide-381 msDefaultImage\" title=\"trobada-2019-2\" \/><\/li>\n                <li style=\"display: none; width: 100%;\" class=\"slide-382 ms-image \" aria-roledescription=\"slide\" data-date=\"2020-09-05 14:49:45\" data-filename=\"coll-de-malrem-stele-400x266.jpg\" data-slide-type=\"image\"><img loading=\"lazy\" decoding=\"async\" src=\"https:\/\/lamanere.fr\/wp-content\/uploads\/2020\/09\/coll-de-malrem-stele-400x266.jpg\" height=\"500\" width=\"750\" alt=\"\" class=\"slider-376 slide-382 msDefaultImage\" title=\"coll-de-malrem-stele\" \/><\/li>\n                <li style=\"display: none; width: 100%;\" class=\"slide-480 ms-image \" aria-roledescription=\"slide\" data-date=\"2020-09-07 11:36:20\" data-filename=\"col-malrem-IMG_2166-scaled-750x500.jpg\" data-slide-type=\"image\"><img loading=\"lazy\" decoding=\"async\" src=\"https:\/\/lamanere.fr\/wp-content\/uploads\/2020\/09\/col-malrem-IMG_2166-scaled-750x500.jpg\" height=\"500\" width=\"750\" alt=\"\" class=\"slider-376 slide-480 msDefaultImage\" title=\"col-malrem-IMG_2166\" \/><\/li>\n                <li style=\"display: none; width: 100%;\" class=\"slide-481 ms-image \" aria-roledescription=\"slide\" data-date=\"2020-09-07 11:36:20\" data-filename=\"col-malrem-IMG_2147-scaled-750x500.jpg\" data-slide-type=\"image\"><img loading=\"lazy\" decoding=\"async\" src=\"https:\/\/lamanere.fr\/wp-content\/uploads\/2020\/09\/col-malrem-IMG_2147-scaled-750x500.jpg\" height=\"500\" width=\"750\" alt=\"\" class=\"slider-376 slide-481 msDefaultImage\" title=\"col-malrem-IMG_2147\" \/><\/li>\n            <\/ul>\n        <\/div>\n        \n    <\/div>\n<\/div><\/p>","protected":false},"excerpt":{"rendered":"<p>Ho sentim, aquesta entrada es troba disponible \u00fanicament en Franc\u00e8s.Ce 20 juillet, nous \u00e9tions une bonne quarantaine \u00e0 nous retrouver pour la 2\u00e8me ann\u00e9e au Col de Malrem. Nous y avons partager un moment d&#8217;\u00e9motion unique avec nos &#8220;germans&#8221; de&hellip; <a href=\"https:\/\/lamanere.fr\/ca\/2019\/07\/21\/trobada-del-coll-de-malrem-deuxieme-edition-20-juillet-2019\/\" class=\"more-link\">Continue Reading <span class=\"meta-nav\">&rarr;<\/span><\/a><\/p>\n","protected":false},"author":1,"featured_media":0,"comment_status":"open","ping_status":"open","sticky":false,"template":"","format":"standard","meta":{"footnotes":""},"categories":[78,82],"tags":[],"yoast_head":"<!-- This site is optimized with the Yoast SEO plugin v27.4 - https:\/\/yoast.com\/product\/yoast-seo-wordpress\/ -->\n<title><\/title>\n<meta name=\"robots\" content=\"index, follow, max-snippet:-1, max-image-preview:large, max-video-preview:-1\" \/>\n<link rel=\"canonical\" href=\"https:\/\/lamanere.fr\/ca\/2019\/07\/21\/trobada-del-coll-de-malrem-deuxieme-edition-20-juillet-2019\/\" \/>\n<meta property=\"og:locale\" content=\"ca_ES\" \/>\n<meta property=\"og:type\" content=\"article\" \/>\n<meta property=\"og:title\" content=\"[:fr]Trobada del Coll de Malrem - Deuxi\u00e8me \u00e9dition - 20 juillet 2019[:] - Laman\u00e8re - Lloc oficial del municipi\" \/>\n<meta property=\"og:description\" content=\"Ho sentim, aquesta entrada es troba disponible \u00fanicament en Franc\u00e8s.Ce 20 juillet, nous \u00e9tions une bonne quarantaine \u00e0 nous retrouver pour la 2\u00e8me ann\u00e9e au Col de Malrem. Nous y avons partager un moment d&#8217;\u00e9motion unique avec nos &#8220;germans&#8221; de&hellip; Continue Reading &rarr;\" \/>\n<meta property=\"og:url\" content=\"https:\/\/lamanere.fr\/ca\/2019\/07\/21\/trobada-del-coll-de-malrem-deuxieme-edition-20-juillet-2019\/\" \/>\n<meta property=\"og:site_name\" content=\"Laman\u00e8re - Lloc oficial del municipi\" \/>\n<meta property=\"article:publisher\" content=\"https:\/\/www.facebook.com\/lamanere\" \/>\n<meta property=\"article:published_time\" content=\"2019-07-21T00:00:03+00:00\" \/>\n<meta property=\"article:modified_time\" content=\"2020-09-05T14:52:24+00:00\" \/>\n<meta name=\"author\" content=\"jo\" \/>\n<meta name=\"twitter:card\" content=\"summary_large_image\" \/>\n<meta name=\"twitter:label1\" content=\"Escrit per\" \/>\n\t<meta name=\"twitter:data1\" content=\"jo\" \/>\n\t<meta name=\"twitter:label2\" content=\"Temps estimat de lectura\" \/>\n\t<meta name=\"twitter:data2\" content=\"1 minut\" \/>\n<script type=\"application\/ld+json\" class=\"yoast-schema-graph\">{\"@context\":\"https:\\\/\\\/schema.org\",\"@graph\":[{\"@type\":\"Article\",\"@id\":\"https:\\\/\\\/lamanere.fr\\\/ca\\\/2019\\\/07\\\/21\\\/trobada-del-coll-de-malrem-deuxieme-edition-20-juillet-2019\\\/#article\",\"isPartOf\":{\"@id\":\"https:\\\/\\\/lamanere.fr\\\/ca\\\/2019\\\/07\\\/21\\\/trobada-del-coll-de-malrem-deuxieme-edition-20-juillet-2019\\\/\"},\"author\":{\"name\":\"jo\",\"@id\":\"https:\\\/\\\/lamanere.fr\\\/#\\\/schema\\\/person\\\/783de9e71699db598014fbf94bbeeb6e\"},\"headline\":\"Trobada del Coll de Malrem &#8211; Deuxi\u00e8me \u00e9dition &#8211; 20 juillet 2019\",\"datePublished\":\"2019-07-21T00:00:03+00:00\",\"dateModified\":\"2020-09-05T14:52:24+00:00\",\"mainEntityOfPage\":{\"@id\":\"https:\\\/\\\/lamanere.fr\\\/ca\\\/2019\\\/07\\\/21\\\/trobada-del-coll-de-malrem-deuxieme-edition-20-juillet-2019\\\/\"},\"wordCount\":140,\"commentCount\":0,\"publisher\":{\"@id\":\"https:\\\/\\\/lamanere.fr\\\/#organization\"},\"articleSection\":[\"\u00c9v\u00e8nements\",\"Trobada\"],\"inLanguage\":\"ca\",\"potentialAction\":[{\"@type\":\"CommentAction\",\"name\":\"Comment\",\"target\":[\"https:\\\/\\\/lamanere.fr\\\/ca\\\/2019\\\/07\\\/21\\\/trobada-del-coll-de-malrem-deuxieme-edition-20-juillet-2019\\\/#respond\"]}]},{\"@type\":\"WebPage\",\"@id\":\"https:\\\/\\\/lamanere.fr\\\/ca\\\/2019\\\/07\\\/21\\\/trobada-del-coll-de-malrem-deuxieme-edition-20-juillet-2019\\\/\",\"url\":\"https:\\\/\\\/lamanere.fr\\\/ca\\\/2019\\\/07\\\/21\\\/trobada-del-coll-de-malrem-deuxieme-edition-20-juillet-2019\\\/\",\"name\":\"[:fr]Trobada del Coll de Malrem - Deuxi\u00e8me \u00e9dition - 20 juillet 2019[:] - Laman\u00e8re - Lloc oficial del municipi\",\"isPartOf\":{\"@id\":\"https:\\\/\\\/lamanere.fr\\\/#website\"},\"datePublished\":\"2019-07-21T00:00:03+00:00\",\"dateModified\":\"2020-09-05T14:52:24+00:00\",\"breadcrumb\":{\"@id\":\"https:\\\/\\\/lamanere.fr\\\/ca\\\/2019\\\/07\\\/21\\\/trobada-del-coll-de-malrem-deuxieme-edition-20-juillet-2019\\\/#breadcrumb\"},\"inLanguage\":\"ca\",\"potentialAction\":[{\"@type\":\"ReadAction\",\"target\":[\"https:\\\/\\\/lamanere.fr\\\/ca\\\/2019\\\/07\\\/21\\\/trobada-del-coll-de-malrem-deuxieme-edition-20-juillet-2019\\\/\"]}]},{\"@type\":\"BreadcrumbList\",\"@id\":\"https:\\\/\\\/lamanere.fr\\\/ca\\\/2019\\\/07\\\/21\\\/trobada-del-coll-de-malrem-deuxieme-edition-20-juillet-2019\\\/#breadcrumb\",\"itemListElement\":[{\"@type\":\"ListItem\",\"position\":1,\"name\":\"Accueil\",\"item\":\"https:\\\/\\\/lamanere.fr\\\/\"},{\"@type\":\"ListItem\",\"position\":2,\"name\":\"Trobada del Coll de Malrem &#8211; Deuxi\u00e8me \u00e9dition &#8211; 20 juillet 2019\"}]},{\"@type\":\"WebSite\",\"@id\":\"https:\\\/\\\/lamanere.fr\\\/#website\",\"url\":\"https:\\\/\\\/lamanere.fr\\\/\",\"name\":\"Laman\u00e8re - Lloc oficial del municipi\",\"description\":\"Poble m\u00e9s al sud de la Fran\u00e7a continental\",\"publisher\":{\"@id\":\"https:\\\/\\\/lamanere.fr\\\/#organization\"},\"potentialAction\":[{\"@type\":\"SearchAction\",\"target\":{\"@type\":\"EntryPoint\",\"urlTemplate\":\"https:\\\/\\\/lamanere.fr\\\/?s={search_term_string}\"},\"query-input\":{\"@type\":\"PropertyValueSpecification\",\"valueRequired\":true,\"valueName\":\"search_term_string\"}}],\"inLanguage\":\"ca\"},{\"@type\":\"Organization\",\"@id\":\"https:\\\/\\\/lamanere.fr\\\/#organization\",\"name\":\"Commune de Laman\u00e8re\",\"url\":\"https:\\\/\\\/lamanere.fr\\\/\",\"logo\":{\"@type\":\"ImageObject\",\"inLanguage\":\"ca\",\"@id\":\"https:\\\/\\\/lamanere.fr\\\/#\\\/schema\\\/logo\\\/image\\\/\",\"url\":\"https:\\\/\\\/lamanere.fr\\\/wp-content\\\/uploads\\\/2020\\\/09\\\/logo2-149.jpg\",\"contentUrl\":\"https:\\\/\\\/lamanere.fr\\\/wp-content\\\/uploads\\\/2020\\\/09\\\/logo2-149.jpg\",\"width\":149,\"height\":146,\"caption\":\"Commune de Laman\u00e8re\"},\"image\":{\"@id\":\"https:\\\/\\\/lamanere.fr\\\/#\\\/schema\\\/logo\\\/image\\\/\"},\"sameAs\":[\"https:\\\/\\\/www.facebook.com\\\/lamanere\",\"https:\\\/\\\/fr.wikipedia.org\\\/wiki\\\/Laman\u00e8re\"]},{\"@type\":\"Person\",\"@id\":\"https:\\\/\\\/lamanere.fr\\\/#\\\/schema\\\/person\\\/783de9e71699db598014fbf94bbeeb6e\",\"name\":\"jo\",\"image\":{\"@type\":\"ImageObject\",\"inLanguage\":\"ca\",\"@id\":\"https:\\\/\\\/secure.gravatar.com\\\/avatar\\\/9d0a777e4bc76af263b8e5b6cf266859?s=96&d=mm&r=g\",\"url\":\"https:\\\/\\\/secure.gravatar.com\\\/avatar\\\/9d0a777e4bc76af263b8e5b6cf266859?s=96&d=mm&r=g\",\"contentUrl\":\"https:\\\/\\\/secure.gravatar.com\\\/avatar\\\/9d0a777e4bc76af263b8e5b6cf266859?s=96&d=mm&r=g\",\"caption\":\"jo\"},\"sameAs\":[\"https:\\\/\\\/lamanere.fr\"],\"url\":\"https:\\\/\\\/lamanere.fr\\\/ca\\\/author\\\/jo\\\/\"}]}<\/script>\n<!-- \/ Yoast SEO plugin. -->","yoast_head_json":{"title":"[:fr]Trobada del Coll de Malrem - Deuxi\u00e8me \u00e9dition - 20 juillet 2019[:] - Laman\u00e8re - Lloc oficial del municipi","robots":{"index":"index","follow":"follow","max-snippet":"max-snippet:-1","max-image-preview":"max-image-preview:large","max-video-preview":"max-video-preview:-1"},"canonical":"https:\/\/lamanere.fr\/ca\/2019\/07\/21\/trobada-del-coll-de-malrem-deuxieme-edition-20-juillet-2019\/","og_locale":"ca_ES","og_type":"article","og_title":"[:fr]Trobada del Coll de Malrem - Deuxi\u00e8me \u00e9dition - 20 juillet 2019[:] - Laman\u00e8re - Lloc oficial del municipi","og_description":"Ho sentim, aquesta entrada es troba disponible \u00fanicament en Franc\u00e8s.Ce 20 juillet, nous \u00e9tions une bonne quarantaine \u00e0 nous retrouver pour la 2\u00e8me ann\u00e9e au Col de Malrem. Nous y avons partager un moment d&#8217;\u00e9motion unique avec nos &#8220;germans&#8221; de&hellip; Continue Reading &rarr;","og_url":"https:\/\/lamanere.fr\/ca\/2019\/07\/21\/trobada-del-coll-de-malrem-deuxieme-edition-20-juillet-2019\/","og_site_name":"Laman\u00e8re - Lloc oficial del municipi","article_publisher":"https:\/\/www.facebook.com\/lamanere","article_published_time":"2019-07-21T00:00:03+00:00","article_modified_time":"2020-09-05T14:52:24+00:00","author":"jo","twitter_card":"summary_large_image","twitter_misc":{"Escrit per":"jo","Temps estimat de lectura":"1 minut"},"schema":{"@context":"https:\/\/schema.org","@graph":[{"@type":"Article","@id":"https:\/\/lamanere.fr\/ca\/2019\/07\/21\/trobada-del-coll-de-malrem-deuxieme-edition-20-juillet-2019\/#article","isPartOf":{"@id":"https:\/\/lamanere.fr\/ca\/2019\/07\/21\/trobada-del-coll-de-malrem-deuxieme-edition-20-juillet-2019\/"},"author":{"name":"jo","@id":"https:\/\/lamanere.fr\/#\/schema\/person\/783de9e71699db598014fbf94bbeeb6e"},"headline":"Trobada del Coll de Malrem &#8211; Deuxi\u00e8me \u00e9dition &#8211; 20 juillet 2019","datePublished":"2019-07-21T00:00:03+00:00","dateModified":"2020-09-05T14:52:24+00:00","mainEntityOfPage":{"@id":"https:\/\/lamanere.fr\/ca\/2019\/07\/21\/trobada-del-coll-de-malrem-deuxieme-edition-20-juillet-2019\/"},"wordCount":140,"commentCount":0,"publisher":{"@id":"https:\/\/lamanere.fr\/#organization"},"articleSection":["\u00c9v\u00e8nements","Trobada"],"inLanguage":"ca","potentialAction":[{"@type":"CommentAction","name":"Comment","target":["https:\/\/lamanere.fr\/ca\/2019\/07\/21\/trobada-del-coll-de-malrem-deuxieme-edition-20-juillet-2019\/#respond"]}]},{"@type":"WebPage","@id":"https:\/\/lamanere.fr\/ca\/2019\/07\/21\/trobada-del-coll-de-malrem-deuxieme-edition-20-juillet-2019\/","url":"https:\/\/lamanere.fr\/ca\/2019\/07\/21\/trobada-del-coll-de-malrem-deuxieme-edition-20-juillet-2019\/","name":"[:fr]Trobada del Coll de Malrem - Deuxi\u00e8me \u00e9dition - 20 juillet 2019[:] - Laman\u00e8re - Lloc oficial del municipi","isPartOf":{"@id":"https:\/\/lamanere.fr\/#website"},"datePublished":"2019-07-21T00:00:03+00:00","dateModified":"2020-09-05T14:52:24+00:00","breadcrumb":{"@id":"https:\/\/lamanere.fr\/ca\/2019\/07\/21\/trobada-del-coll-de-malrem-deuxieme-edition-20-juillet-2019\/#breadcrumb"},"inLanguage":"ca","potentialAction":[{"@type":"ReadAction","target":["https:\/\/lamanere.fr\/ca\/2019\/07\/21\/trobada-del-coll-de-malrem-deuxieme-edition-20-juillet-2019\/"]}]},{"@type":"BreadcrumbList","@id":"https:\/\/lamanere.fr\/ca\/2019\/07\/21\/trobada-del-coll-de-malrem-deuxieme-edition-20-juillet-2019\/#breadcrumb","itemListElement":[{"@type":"ListItem","position":1,"name":"Accueil","item":"https:\/\/lamanere.fr\/"},{"@type":"ListItem","position":2,"name":"Trobada del Coll de Malrem &#8211; Deuxi\u00e8me \u00e9dition &#8211; 20 juillet 2019"}]},{"@type":"WebSite","@id":"https:\/\/lamanere.fr\/#website","url":"https:\/\/lamanere.fr\/","name":"Laman\u00e8re - Lloc oficial del municipi","description":"Poble m\u00e9s al sud de la Fran\u00e7a continental","publisher":{"@id":"https:\/\/lamanere.fr\/#organization"},"potentialAction":[{"@type":"SearchAction","target":{"@type":"EntryPoint","urlTemplate":"https:\/\/lamanere.fr\/?s={search_term_string}"},"query-input":{"@type":"PropertyValueSpecification","valueRequired":true,"valueName":"search_term_string"}}],"inLanguage":"ca"},{"@type":"Organization","@id":"https:\/\/lamanere.fr\/#organization","name":"Commune de Laman\u00e8re","url":"https:\/\/lamanere.fr\/","logo":{"@type":"ImageObject","inLanguage":"ca","@id":"https:\/\/lamanere.fr\/#\/schema\/logo\/image\/","url":"https:\/\/lamanere.fr\/wp-content\/uploads\/2020\/09\/logo2-149.jpg","contentUrl":"https:\/\/lamanere.fr\/wp-content\/uploads\/2020\/09\/logo2-149.jpg","width":149,"height":146,"caption":"Commune de Laman\u00e8re"},"image":{"@id":"https:\/\/lamanere.fr\/#\/schema\/logo\/image\/"},"sameAs":["https:\/\/www.facebook.com\/lamanere","https:\/\/fr.wikipedia.org\/wiki\/Laman\u00e8re"]},{"@type":"Person","@id":"https:\/\/lamanere.fr\/#\/schema\/person\/783de9e71699db598014fbf94bbeeb6e","name":"jo","image":{"@type":"ImageObject","inLanguage":"ca","@id":"https:\/\/secure.gravatar.com\/avatar\/9d0a777e4bc76af263b8e5b6cf266859?s=96&d=mm&r=g","url":"https:\/\/secure.gravatar.com\/avatar\/9d0a777e4bc76af263b8e5b6cf266859?s=96&d=mm&r=g","contentUrl":"https:\/\/secure.gravatar.com\/avatar\/9d0a777e4bc76af263b8e5b6cf266859?s=96&d=mm&r=g","caption":"jo"},"sameAs":["https:\/\/lamanere.fr"],"url":"https:\/\/lamanere.fr\/ca\/author\/jo\/"}]}},"_links":{"self":[{"href":"https:\/\/lamanere.fr\/ca\/wp-json\/wp\/v2\/posts\/375"}],"collection":[{"href":"https:\/\/lamanere.fr\/ca\/wp-json\/wp\/v2\/posts"}],"about":[{"href":"https:\/\/lamanere.fr\/ca\/wp-json\/wp\/v2\/types\/post"}],"author":[{"embeddable":true,"href":"https:\/\/lamanere.fr\/ca\/wp-json\/wp\/v2\/users\/1"}],"replies":[{"embeddable":true,"href":"https:\/\/lamanere.fr\/ca\/wp-json\/wp\/v2\/comments?post=375"}],"version-history":[{"count":3,"href":"https:\/\/lamanere.fr\/ca\/wp-json\/wp\/v2\/posts\/375\/revisions"}],"predecessor-version":[{"id":385,"href":"https:\/\/lamanere.fr\/ca\/wp-json\/wp\/v2\/posts\/375\/revisions\/385"}],"wp:attachment":[{"href":"https:\/\/lamanere.fr\/ca\/wp-json\/wp\/v2\/media?parent=375"}],"wp:term":[{"taxonomy":"category","embeddable":true,"href":"https:\/\/lamanere.fr\/ca\/wp-json\/wp\/v2\/categories?post=375"},{"taxonomy":"post_tag","embeddable":true,"href":"https:\/\/lamanere.fr\/ca\/wp-json\/wp\/v2\/tags?post=375"}],"curies":[{"name":"wp","href":"https:\/\/api.w.org\/{rel}","templated":true}]}}