{"id":395,"date":"2019-05-01T00:00:40","date_gmt":"2019-05-01T00:00:40","guid":{"rendered":"https:\/\/lamanere.fr\/?p=395"},"modified":"2020-09-05T15:34:36","modified_gmt":"2020-09-05T15:34:36","slug":"a-vos-agendas-pour-la-boucle-del-cami-ramader-2019","status":"publish","type":"post","link":"https:\/\/lamanere.fr\/ca\/2019\/05\/01\/a-vos-agendas-pour-la-boucle-del-cami-ramader-2019\/","title":{"rendered":"\u00c0 vos agendas pour la boucle del cami ramader 2019 !"},"content":{"rendered":"<p class=\"qtranxs-available-languages-message qtranxs-available-languages-message-ca\">Ho sentim, aquesta entrada es troba disponible \u00fanicament en <a href=\"https:\/\/lamanere.fr\/fr\/wp-json\/wp\/v2\/posts\/395\" class=\"qtranxs-available-language-link qtranxs-available-language-link-fr\" title=\"Fran\u00e7ais\">Franc\u00e8s<\/a>.<\/p><p><\/p>\n<h2 class=\"titre2 couleur_font\">\u00c0 VOS AGENDAS POUR LA BOUCLE DEL CAM\u00cd RAMADER 2019 !<\/h2>\n<div class=\"content\">\n<div class=\"text\">\n<p>Elle arrive ! La prochaine \u00e9dition de la BOUCLE DEL CAMI RAMADER se d\u00e9roulera le Dimanche 09 juin 2019.<\/p>\n<p>D\u00e9part \u00e0 9h00 sur la place Philippe CASSU pour 17 km avec un d\u00e9nivel\u00e9 positif de 697 m..<\/p>\n<p>Direction Notre Dame du Coral puis Coll Roig, Cal Pubill, Collada Bernadell, Pla del Voltor, Coll de Malrems et arriv\u00e9e \u00e0 la place.<\/p>\n<p>Les inscriptions peuvent se faire en ligne via le lien ci-dessous :<\/p>\n<p><a href=\"https:\/\/www.ats-sport.com\/inscriptions.php?id_epreuve=5757&amp;panel=iframe\">https:\/\/www.ats-sport.com\/inscriptions.php?id_epreuve=5757&amp;panel=iframe<\/a><\/p>\n<p>par courrier : Mairie de Lamanere &#8211; 9 Carrer del Cingle &#8211; 6230 LAMANERE<\/p>\n<p>de 7h30 \u00e0 8h45 sur place le jour de la course.<\/p>\n<p>Pour ceux qui le souhaitent et les familles, une randonn\u00e9e sera organis\u00e9e (nous en d\u00e9finissons le parcours dans les prochains jours)<\/p>\n<p><strong>Comme chaque ann\u00e9e un cadeau offert aux 150 premiers inscrits !<\/strong><\/p>\n<p>Pour tout renseignement vous pouvez contacter la mairie au 04 68 39 62 52 ou le 06 83 08 25 13.<\/p>\n<p>La remise des prix se fera \u00e0 12h00, elle sera suivie d&#8217;un ap\u00e9ritif offert par la municipalit\u00e9 et d&#8217;un repas au restaurant du village &#8220;El Nostre Rac\u00f3&#8221;.<\/p>\n<p>Nous vous attendons nombreux pour cette nouvelle \u00e9dition 2019 !<\/p>\n<p>&nbsp;<\/p>\n<div id=\"attachment_398\" style=\"width: 435px\" class=\"wp-caption alignnone\"><img loading=\"lazy\" decoding=\"async\" aria-describedby=\"caption-attachment-398\" class=\"img-shadow wp-image-398 size-full\" src=\"https:\/\/lamanere.fr\/wp-content\/uploads\/2019\/05\/course-2013.jpg\" alt=\"\" width=\"425\" height=\"283\" srcset=\"https:\/\/lamanere.fr\/wp-content\/uploads\/2019\/05\/course-2013.jpg 425w, https:\/\/lamanere.fr\/wp-content\/uploads\/2019\/05\/course-2013-300x200.jpg 300w\" sizes=\"(max-width: 425px) 100vw, 425px\" \/><p id=\"caption-attachment-398\" class=\"wp-caption-text\">D\u00e9part de la course de montagne de Laman\u00e8re en 2013<\/p><\/div>\n<p>&nbsp;<\/p>\n<div id=\"attachment_399\" style=\"width: 860px\" class=\"wp-caption alignnone\"><img loading=\"lazy\" decoding=\"async\" aria-describedby=\"caption-attachment-399\" class=\"img-shadow wp-image-399 size-full\" src=\"https:\/\/lamanere.fr\/wp-content\/uploads\/2019\/05\/course-2018.jpg\" alt=\"\" width=\"850\" height=\"478\" srcset=\"https:\/\/lamanere.fr\/wp-content\/uploads\/2019\/05\/course-2018.jpg 850w, https:\/\/lamanere.fr\/wp-content\/uploads\/2019\/05\/course-2018-300x169.jpg 300w, https:\/\/lamanere.fr\/wp-content\/uploads\/2019\/05\/course-2018-768x432.jpg 768w\" sizes=\"(max-width: 850px) 100vw, 850px\" \/><p id=\"caption-attachment-399\" class=\"wp-caption-text\">D\u00e9part de la course de montagne de Laman\u00e8re en 2018<\/p><\/div>\n<\/div>\n<\/div>\n<p><\/p>","protected":false},"excerpt":{"rendered":"<p>Ho sentim, aquesta entrada es troba disponible \u00fanicament en Franc\u00e8s. \u00c0 VOS AGENDAS POUR LA BOUCLE DEL CAM\u00cd RAMADER 2019 ! Elle arrive ! La prochaine \u00e9dition de la BOUCLE DEL CAMI RAMADER se d\u00e9roulera le Dimanche 09 juin 2019.&hellip; <a href=\"https:\/\/lamanere.fr\/ca\/2019\/05\/01\/a-vos-agendas-pour-la-boucle-del-cami-ramader-2019\/\" class=\"more-link\">Continue Reading <span class=\"meta-nav\">&rarr;<\/span><\/a><\/p>\n","protected":false},"author":1,"featured_media":0,"comment_status":"open","ping_status":"open","sticky":false,"template":"","format":"standard","meta":{"footnotes":""},"categories":[75,78],"tags":[],"yoast_head":"<!-- This site is optimized with the Yoast SEO plugin v27.4 - https:\/\/yoast.com\/product\/yoast-seo-wordpress\/ -->\n<title><\/title>\n<meta name=\"robots\" content=\"index, follow, max-snippet:-1, max-image-preview:large, max-video-preview:-1\" \/>\n<link rel=\"canonical\" href=\"https:\/\/lamanere.fr\/ca\/2019\/05\/01\/a-vos-agendas-pour-la-boucle-del-cami-ramader-2019\/\" \/>\n<meta property=\"og:locale\" content=\"ca_ES\" \/>\n<meta property=\"og:type\" content=\"article\" \/>\n<meta property=\"og:title\" content=\"[:fr]\u00c0 vos agendas pour la boucle del cami ramader 2019 ![:] - Laman\u00e8re - Lloc oficial del municipi\" \/>\n<meta property=\"og:description\" content=\"Ho sentim, aquesta entrada es troba disponible \u00fanicament en Franc\u00e8s. \u00c0 VOS AGENDAS POUR LA BOUCLE DEL CAM\u00cd RAMADER 2019 ! Elle arrive ! La prochaine \u00e9dition de la BOUCLE DEL CAMI RAMADER se d\u00e9roulera le Dimanche 09 juin 2019.&hellip; Continue Reading &rarr;\" \/>\n<meta property=\"og:url\" content=\"https:\/\/lamanere.fr\/ca\/2019\/05\/01\/a-vos-agendas-pour-la-boucle-del-cami-ramader-2019\/\" \/>\n<meta property=\"og:site_name\" content=\"Laman\u00e8re - Lloc oficial del municipi\" \/>\n<meta property=\"article:publisher\" content=\"https:\/\/www.facebook.com\/lamanere\" \/>\n<meta property=\"article:published_time\" content=\"2019-05-01T00:00:40+00:00\" \/>\n<meta property=\"article:modified_time\" content=\"2020-09-05T15:34:36+00:00\" \/>\n<meta property=\"og:image\" content=\"https:\/\/lamanere.fr\/wp-content\/uploads\/2019\/05\/course-2013.jpg\" \/>\n<meta name=\"author\" content=\"jo\" \/>\n<meta name=\"twitter:card\" content=\"summary_large_image\" \/>\n<meta name=\"twitter:label1\" content=\"Escrit per\" \/>\n\t<meta name=\"twitter:data1\" content=\"jo\" \/>\n\t<meta name=\"twitter:label2\" content=\"Temps estimat de lectura\" \/>\n\t<meta name=\"twitter:data2\" content=\"1 minut\" \/>\n<script type=\"application\/ld+json\" class=\"yoast-schema-graph\">{\"@context\":\"https:\\\/\\\/schema.org\",\"@graph\":[{\"@type\":\"Article\",\"@id\":\"https:\\\/\\\/lamanere.fr\\\/ca\\\/2019\\\/05\\\/01\\\/a-vos-agendas-pour-la-boucle-del-cami-ramader-2019\\\/#article\",\"isPartOf\":{\"@id\":\"https:\\\/\\\/lamanere.fr\\\/ca\\\/2019\\\/05\\\/01\\\/a-vos-agendas-pour-la-boucle-del-cami-ramader-2019\\\/\"},\"author\":{\"name\":\"jo\",\"@id\":\"https:\\\/\\\/lamanere.fr\\\/#\\\/schema\\\/person\\\/783de9e71699db598014fbf94bbeeb6e\"},\"headline\":\"\u00c0 vos agendas pour la boucle del cami ramader 2019 !\",\"datePublished\":\"2019-05-01T00:00:40+00:00\",\"dateModified\":\"2020-09-05T15:34:36+00:00\",\"mainEntityOfPage\":{\"@id\":\"https:\\\/\\\/lamanere.fr\\\/ca\\\/2019\\\/05\\\/01\\\/a-vos-agendas-pour-la-boucle-del-cami-ramader-2019\\\/\"},\"wordCount\":236,\"commentCount\":0,\"publisher\":{\"@id\":\"https:\\\/\\\/lamanere.fr\\\/#organization\"},\"image\":{\"@id\":\"https:\\\/\\\/lamanere.fr\\\/ca\\\/2019\\\/05\\\/01\\\/a-vos-agendas-pour-la-boucle-del-cami-ramader-2019\\\/#primaryimage\"},\"thumbnailUrl\":\"https:\\\/\\\/lamanere.fr\\\/wp-content\\\/uploads\\\/2019\\\/05\\\/course-2013.jpg\",\"articleSection\":[\"Course de Montagne\",\"\u00c9v\u00e8nements\"],\"inLanguage\":\"ca\",\"potentialAction\":[{\"@type\":\"CommentAction\",\"name\":\"Comment\",\"target\":[\"https:\\\/\\\/lamanere.fr\\\/ca\\\/2019\\\/05\\\/01\\\/a-vos-agendas-pour-la-boucle-del-cami-ramader-2019\\\/#respond\"]}]},{\"@type\":\"WebPage\",\"@id\":\"https:\\\/\\\/lamanere.fr\\\/ca\\\/2019\\\/05\\\/01\\\/a-vos-agendas-pour-la-boucle-del-cami-ramader-2019\\\/\",\"url\":\"https:\\\/\\\/lamanere.fr\\\/ca\\\/2019\\\/05\\\/01\\\/a-vos-agendas-pour-la-boucle-del-cami-ramader-2019\\\/\",\"name\":\"[:fr]\u00c0 vos agendas pour la boucle del cami ramader 2019 ![:] - Laman\u00e8re - Lloc oficial del municipi\",\"isPartOf\":{\"@id\":\"https:\\\/\\\/lamanere.fr\\\/#website\"},\"primaryImageOfPage\":{\"@id\":\"https:\\\/\\\/lamanere.fr\\\/ca\\\/2019\\\/05\\\/01\\\/a-vos-agendas-pour-la-boucle-del-cami-ramader-2019\\\/#primaryimage\"},\"image\":{\"@id\":\"https:\\\/\\\/lamanere.fr\\\/ca\\\/2019\\\/05\\\/01\\\/a-vos-agendas-pour-la-boucle-del-cami-ramader-2019\\\/#primaryimage\"},\"thumbnailUrl\":\"https:\\\/\\\/lamanere.fr\\\/wp-content\\\/uploads\\\/2019\\\/05\\\/course-2013.jpg\",\"datePublished\":\"2019-05-01T00:00:40+00:00\",\"dateModified\":\"2020-09-05T15:34:36+00:00\",\"breadcrumb\":{\"@id\":\"https:\\\/\\\/lamanere.fr\\\/ca\\\/2019\\\/05\\\/01\\\/a-vos-agendas-pour-la-boucle-del-cami-ramader-2019\\\/#breadcrumb\"},\"inLanguage\":\"ca\",\"potentialAction\":[{\"@type\":\"ReadAction\",\"target\":[\"https:\\\/\\\/lamanere.fr\\\/ca\\\/2019\\\/05\\\/01\\\/a-vos-agendas-pour-la-boucle-del-cami-ramader-2019\\\/\"]}]},{\"@type\":\"ImageObject\",\"inLanguage\":\"ca\",\"@id\":\"https:\\\/\\\/lamanere.fr\\\/ca\\\/2019\\\/05\\\/01\\\/a-vos-agendas-pour-la-boucle-del-cami-ramader-2019\\\/#primaryimage\",\"url\":\"https:\\\/\\\/lamanere.fr\\\/wp-content\\\/uploads\\\/2019\\\/05\\\/course-2013.jpg\",\"contentUrl\":\"https:\\\/\\\/lamanere.fr\\\/wp-content\\\/uploads\\\/2019\\\/05\\\/course-2013.jpg\"},{\"@type\":\"BreadcrumbList\",\"@id\":\"https:\\\/\\\/lamanere.fr\\\/ca\\\/2019\\\/05\\\/01\\\/a-vos-agendas-pour-la-boucle-del-cami-ramader-2019\\\/#breadcrumb\",\"itemListElement\":[{\"@type\":\"ListItem\",\"position\":1,\"name\":\"Accueil\",\"item\":\"https:\\\/\\\/lamanere.fr\\\/\"},{\"@type\":\"ListItem\",\"position\":2,\"name\":\"\u00c0 vos agendas pour la boucle del cami ramader 2019 !\"}]},{\"@type\":\"WebSite\",\"@id\":\"https:\\\/\\\/lamanere.fr\\\/#website\",\"url\":\"https:\\\/\\\/lamanere.fr\\\/\",\"name\":\"Laman\u00e8re - Lloc oficial del municipi\",\"description\":\"Poble m\u00e9s al sud de la Fran\u00e7a continental\",\"publisher\":{\"@id\":\"https:\\\/\\\/lamanere.fr\\\/#organization\"},\"potentialAction\":[{\"@type\":\"SearchAction\",\"target\":{\"@type\":\"EntryPoint\",\"urlTemplate\":\"https:\\\/\\\/lamanere.fr\\\/?s={search_term_string}\"},\"query-input\":{\"@type\":\"PropertyValueSpecification\",\"valueRequired\":true,\"valueName\":\"search_term_string\"}}],\"inLanguage\":\"ca\"},{\"@type\":\"Organization\",\"@id\":\"https:\\\/\\\/lamanere.fr\\\/#organization\",\"name\":\"Commune de Laman\u00e8re\",\"url\":\"https:\\\/\\\/lamanere.fr\\\/\",\"logo\":{\"@type\":\"ImageObject\",\"inLanguage\":\"ca\",\"@id\":\"https:\\\/\\\/lamanere.fr\\\/#\\\/schema\\\/logo\\\/image\\\/\",\"url\":\"https:\\\/\\\/lamanere.fr\\\/wp-content\\\/uploads\\\/2020\\\/09\\\/logo2-149.jpg\",\"contentUrl\":\"https:\\\/\\\/lamanere.fr\\\/wp-content\\\/uploads\\\/2020\\\/09\\\/logo2-149.jpg\",\"width\":149,\"height\":146,\"caption\":\"Commune de Laman\u00e8re\"},\"image\":{\"@id\":\"https:\\\/\\\/lamanere.fr\\\/#\\\/schema\\\/logo\\\/image\\\/\"},\"sameAs\":[\"https:\\\/\\\/www.facebook.com\\\/lamanere\",\"https:\\\/\\\/fr.wikipedia.org\\\/wiki\\\/Laman\u00e8re\"]},{\"@type\":\"Person\",\"@id\":\"https:\\\/\\\/lamanere.fr\\\/#\\\/schema\\\/person\\\/783de9e71699db598014fbf94bbeeb6e\",\"name\":\"jo\",\"image\":{\"@type\":\"ImageObject\",\"inLanguage\":\"ca\",\"@id\":\"https:\\\/\\\/secure.gravatar.com\\\/avatar\\\/9d0a777e4bc76af263b8e5b6cf266859?s=96&d=mm&r=g\",\"url\":\"https:\\\/\\\/secure.gravatar.com\\\/avatar\\\/9d0a777e4bc76af263b8e5b6cf266859?s=96&d=mm&r=g\",\"contentUrl\":\"https:\\\/\\\/secure.gravatar.com\\\/avatar\\\/9d0a777e4bc76af263b8e5b6cf266859?s=96&d=mm&r=g\",\"caption\":\"jo\"},\"sameAs\":[\"https:\\\/\\\/lamanere.fr\"],\"url\":\"https:\\\/\\\/lamanere.fr\\\/ca\\\/author\\\/jo\\\/\"}]}<\/script>\n<!-- \/ Yoast SEO plugin. -->","yoast_head_json":{"title":"[:fr]\u00c0 vos agendas pour la boucle del cami ramader 2019 ![:] - Laman\u00e8re - Lloc oficial del municipi","robots":{"index":"index","follow":"follow","max-snippet":"max-snippet:-1","max-image-preview":"max-image-preview:large","max-video-preview":"max-video-preview:-1"},"canonical":"https:\/\/lamanere.fr\/ca\/2019\/05\/01\/a-vos-agendas-pour-la-boucle-del-cami-ramader-2019\/","og_locale":"ca_ES","og_type":"article","og_title":"[:fr]\u00c0 vos agendas pour la boucle del cami ramader 2019 ![:] - Laman\u00e8re - Lloc oficial del municipi","og_description":"Ho sentim, aquesta entrada es troba disponible \u00fanicament en Franc\u00e8s. \u00c0 VOS AGENDAS POUR LA BOUCLE DEL CAM\u00cd RAMADER 2019 ! Elle arrive ! La prochaine \u00e9dition de la BOUCLE DEL CAMI RAMADER se d\u00e9roulera le Dimanche 09 juin 2019.&hellip; Continue Reading &rarr;","og_url":"https:\/\/lamanere.fr\/ca\/2019\/05\/01\/a-vos-agendas-pour-la-boucle-del-cami-ramader-2019\/","og_site_name":"Laman\u00e8re - Lloc oficial del municipi","article_publisher":"https:\/\/www.facebook.com\/lamanere","article_published_time":"2019-05-01T00:00:40+00:00","article_modified_time":"2020-09-05T15:34:36+00:00","og_image":[{"url":"https:\/\/lamanere.fr\/wp-content\/uploads\/2019\/05\/course-2013.jpg","type":"","width":"","height":""}],"author":"jo","twitter_card":"summary_large_image","twitter_misc":{"Escrit per":"jo","Temps estimat de lectura":"1 minut"},"schema":{"@context":"https:\/\/schema.org","@graph":[{"@type":"Article","@id":"https:\/\/lamanere.fr\/ca\/2019\/05\/01\/a-vos-agendas-pour-la-boucle-del-cami-ramader-2019\/#article","isPartOf":{"@id":"https:\/\/lamanere.fr\/ca\/2019\/05\/01\/a-vos-agendas-pour-la-boucle-del-cami-ramader-2019\/"},"author":{"name":"jo","@id":"https:\/\/lamanere.fr\/#\/schema\/person\/783de9e71699db598014fbf94bbeeb6e"},"headline":"\u00c0 vos agendas pour la boucle del cami ramader 2019 !","datePublished":"2019-05-01T00:00:40+00:00","dateModified":"2020-09-05T15:34:36+00:00","mainEntityOfPage":{"@id":"https:\/\/lamanere.fr\/ca\/2019\/05\/01\/a-vos-agendas-pour-la-boucle-del-cami-ramader-2019\/"},"wordCount":236,"commentCount":0,"publisher":{"@id":"https:\/\/lamanere.fr\/#organization"},"image":{"@id":"https:\/\/lamanere.fr\/ca\/2019\/05\/01\/a-vos-agendas-pour-la-boucle-del-cami-ramader-2019\/#primaryimage"},"thumbnailUrl":"https:\/\/lamanere.fr\/wp-content\/uploads\/2019\/05\/course-2013.jpg","articleSection":["Course de Montagne","\u00c9v\u00e8nements"],"inLanguage":"ca","potentialAction":[{"@type":"CommentAction","name":"Comment","target":["https:\/\/lamanere.fr\/ca\/2019\/05\/01\/a-vos-agendas-pour-la-boucle-del-cami-ramader-2019\/#respond"]}]},{"@type":"WebPage","@id":"https:\/\/lamanere.fr\/ca\/2019\/05\/01\/a-vos-agendas-pour-la-boucle-del-cami-ramader-2019\/","url":"https:\/\/lamanere.fr\/ca\/2019\/05\/01\/a-vos-agendas-pour-la-boucle-del-cami-ramader-2019\/","name":"[:fr]\u00c0 vos agendas pour la boucle del cami ramader 2019 ![:] - Laman\u00e8re - Lloc oficial del municipi","isPartOf":{"@id":"https:\/\/lamanere.fr\/#website"},"primaryImageOfPage":{"@id":"https:\/\/lamanere.fr\/ca\/2019\/05\/01\/a-vos-agendas-pour-la-boucle-del-cami-ramader-2019\/#primaryimage"},"image":{"@id":"https:\/\/lamanere.fr\/ca\/2019\/05\/01\/a-vos-agendas-pour-la-boucle-del-cami-ramader-2019\/#primaryimage"},"thumbnailUrl":"https:\/\/lamanere.fr\/wp-content\/uploads\/2019\/05\/course-2013.jpg","datePublished":"2019-05-01T00:00:40+00:00","dateModified":"2020-09-05T15:34:36+00:00","breadcrumb":{"@id":"https:\/\/lamanere.fr\/ca\/2019\/05\/01\/a-vos-agendas-pour-la-boucle-del-cami-ramader-2019\/#breadcrumb"},"inLanguage":"ca","potentialAction":[{"@type":"ReadAction","target":["https:\/\/lamanere.fr\/ca\/2019\/05\/01\/a-vos-agendas-pour-la-boucle-del-cami-ramader-2019\/"]}]},{"@type":"ImageObject","inLanguage":"ca","@id":"https:\/\/lamanere.fr\/ca\/2019\/05\/01\/a-vos-agendas-pour-la-boucle-del-cami-ramader-2019\/#primaryimage","url":"https:\/\/lamanere.fr\/wp-content\/uploads\/2019\/05\/course-2013.jpg","contentUrl":"https:\/\/lamanere.fr\/wp-content\/uploads\/2019\/05\/course-2013.jpg"},{"@type":"BreadcrumbList","@id":"https:\/\/lamanere.fr\/ca\/2019\/05\/01\/a-vos-agendas-pour-la-boucle-del-cami-ramader-2019\/#breadcrumb","itemListElement":[{"@type":"ListItem","position":1,"name":"Accueil","item":"https:\/\/lamanere.fr\/"},{"@type":"ListItem","position":2,"name":"\u00c0 vos agendas pour la boucle del cami ramader 2019 !"}]},{"@type":"WebSite","@id":"https:\/\/lamanere.fr\/#website","url":"https:\/\/lamanere.fr\/","name":"Laman\u00e8re - Lloc oficial del municipi","description":"Poble m\u00e9s al sud de la Fran\u00e7a continental","publisher":{"@id":"https:\/\/lamanere.fr\/#organization"},"potentialAction":[{"@type":"SearchAction","target":{"@type":"EntryPoint","urlTemplate":"https:\/\/lamanere.fr\/?s={search_term_string}"},"query-input":{"@type":"PropertyValueSpecification","valueRequired":true,"valueName":"search_term_string"}}],"inLanguage":"ca"},{"@type":"Organization","@id":"https:\/\/lamanere.fr\/#organization","name":"Commune de Laman\u00e8re","url":"https:\/\/lamanere.fr\/","logo":{"@type":"ImageObject","inLanguage":"ca","@id":"https:\/\/lamanere.fr\/#\/schema\/logo\/image\/","url":"https:\/\/lamanere.fr\/wp-content\/uploads\/2020\/09\/logo2-149.jpg","contentUrl":"https:\/\/lamanere.fr\/wp-content\/uploads\/2020\/09\/logo2-149.jpg","width":149,"height":146,"caption":"Commune de Laman\u00e8re"},"image":{"@id":"https:\/\/lamanere.fr\/#\/schema\/logo\/image\/"},"sameAs":["https:\/\/www.facebook.com\/lamanere","https:\/\/fr.wikipedia.org\/wiki\/Laman\u00e8re"]},{"@type":"Person","@id":"https:\/\/lamanere.fr\/#\/schema\/person\/783de9e71699db598014fbf94bbeeb6e","name":"jo","image":{"@type":"ImageObject","inLanguage":"ca","@id":"https:\/\/secure.gravatar.com\/avatar\/9d0a777e4bc76af263b8e5b6cf266859?s=96&d=mm&r=g","url":"https:\/\/secure.gravatar.com\/avatar\/9d0a777e4bc76af263b8e5b6cf266859?s=96&d=mm&r=g","contentUrl":"https:\/\/secure.gravatar.com\/avatar\/9d0a777e4bc76af263b8e5b6cf266859?s=96&d=mm&r=g","caption":"jo"},"sameAs":["https:\/\/lamanere.fr"],"url":"https:\/\/lamanere.fr\/ca\/author\/jo\/"}]}},"_links":{"self":[{"href":"https:\/\/lamanere.fr\/ca\/wp-json\/wp\/v2\/posts\/395"}],"collection":[{"href":"https:\/\/lamanere.fr\/ca\/wp-json\/wp\/v2\/posts"}],"about":[{"href":"https:\/\/lamanere.fr\/ca\/wp-json\/wp\/v2\/types\/post"}],"author":[{"embeddable":true,"href":"https:\/\/lamanere.fr\/ca\/wp-json\/wp\/v2\/users\/1"}],"replies":[{"embeddable":true,"href":"https:\/\/lamanere.fr\/ca\/wp-json\/wp\/v2\/comments?post=395"}],"version-history":[{"count":2,"href":"https:\/\/lamanere.fr\/ca\/wp-json\/wp\/v2\/posts\/395\/revisions"}],"predecessor-version":[{"id":400,"href":"https:\/\/lamanere.fr\/ca\/wp-json\/wp\/v2\/posts\/395\/revisions\/400"}],"wp:attachment":[{"href":"https:\/\/lamanere.fr\/ca\/wp-json\/wp\/v2\/media?parent=395"}],"wp:term":[{"taxonomy":"category","embeddable":true,"href":"https:\/\/lamanere.fr\/ca\/wp-json\/wp\/v2\/categories?post=395"},{"taxonomy":"post_tag","embeddable":true,"href":"https:\/\/lamanere.fr\/ca\/wp-json\/wp\/v2\/tags?post=395"}],"curies":[{"name":"wp","href":"https:\/\/api.w.org\/{rel}","templated":true}]}}