{"id":397,"date":"2018-06-11T00:00:59","date_gmt":"2018-06-11T00:00:59","guid":{"rendered":"https:\/\/lamanere.fr\/?p=397"},"modified":"2020-09-05T15:39:16","modified_gmt":"2020-09-05T15:39:16","slug":"une-nouvelle-edition-de-la-boucle-del-cami-ramader-sest-deroulee-ce-matin","status":"publish","type":"post","link":"https:\/\/lamanere.fr\/ca\/2018\/06\/11\/une-nouvelle-edition-de-la-boucle-del-cami-ramader-sest-deroulee-ce-matin\/","title":{"rendered":"une nouvelle \u00e9dition de la Boucle del Cam\u00ed Ramader s&#8217;est d\u00e9roul\u00e9e ce matin"},"content":{"rendered":"<p class=\"qtranxs-available-languages-message qtranxs-available-languages-message-ca\">Ho sentim, aquesta entrada es troba disponible \u00fanicament en <a href=\"https:\/\/lamanere.fr\/fr\/wp-json\/wp\/v2\/posts\/397\" class=\"qtranxs-available-language-link qtranxs-available-language-link-fr\" title=\"Fran\u00e7ais\">Franc\u00e8s<\/a>.<\/p><p><\/p>\n<h2 class=\"titre2 couleur_font\">C&#8217;est fait !!!!<\/h2>\n<div class=\"content\">\n<div class=\"text\">\n<p>Et voil\u00e0, une nouvelle \u00e9dition de la Boucle del Cam\u00ed Ramader s&#8217;est d\u00e9roul\u00e9e ce matin !<\/p>\n<p>Nous sommes pass\u00e9s au travers des gouttes mais pas de la boue !!!!<\/p>\n<p>149 coureurs ont pris le d\u00e9part, 147 sont arriv\u00e9s ; les 2 malheureux ont abandonn\u00e9 sur chute (sans gravit\u00e9). F\u00e9licitations \u00e0 tous pour leurs performances !<\/p>\n<p>Un grand merci \u00e0 tous les b\u00e9n\u00e9voles qui ont permis la r\u00e9alisation de cette course, les chasseurs de Lamanere et de Serralongue, le Comit\u00e9 des F\u00eates, le Docteur GLEIZES et tous les b\u00e9n\u00e9voles du village.<\/p>\n<p>Merci aux pompiers de St Laurent de Cerdans qui sont l\u00e0 tous les ans pour la s\u00e9curit\u00e9 de tous.<\/p>\n<p>Merci \u00e0 tous les sponsors : Ets Corcoy, Entreprise MARTELO, Charcuterie NOU \u00e0 Prats, La Fontaine FLeurie, Fafan&#8217;s Bar, El Nostre Rac\u00f3, Tramuntana66, Can Bertran, Station Total \u00e0 Arles sur Tech et GO SPORT.<\/p>\n<p>Vous pouvez consulter les r\u00e9sultats ci-dessous.<\/p>\n<p>Nous vous disons Fins a l&#8217;any que v\u00e9 ! Et encore un grand merci \u00e0 tous pour cette magnifique journ\u00e9e !!!<\/p>\n<p><a href=\"https:\/\/lamanere.fr\/wp-content\/uploads\/2020\/09\/Resultats-Course-La-Boucle-del-Cami-Ramader-2018.pdf\">R\u00e9sultats Course La Boucle del Cam\u00ed Ramader 2018<\/a><\/p>\n<div id=\"attachment_399\" style=\"width: 860px\" class=\"wp-caption alignnone\"><img loading=\"lazy\" decoding=\"async\" aria-describedby=\"caption-attachment-399\" class=\"img-shadow wp-image-399 size-full\" src=\"https:\/\/lamanere.fr\/wp-content\/uploads\/2019\/05\/course-2018.jpg\" alt=\"\" width=\"850\" height=\"478\" srcset=\"https:\/\/lamanere.fr\/wp-content\/uploads\/2019\/05\/course-2018.jpg 850w, https:\/\/lamanere.fr\/wp-content\/uploads\/2019\/05\/course-2018-300x169.jpg 300w, https:\/\/lamanere.fr\/wp-content\/uploads\/2019\/05\/course-2018-768x432.jpg 768w\" sizes=\"(max-width: 850px) 100vw, 850px\" \/><p id=\"caption-attachment-399\" class=\"wp-caption-text\">D\u00e9part de la Course La Boucle del Cam\u00ed Ramader 2018<\/p><\/div>\n<\/div>\n<\/div>\n<p><\/p>","protected":false},"excerpt":{"rendered":"<p>Ho sentim, aquesta entrada es troba disponible \u00fanicament en Franc\u00e8s. C&#8217;est fait !!!! Et voil\u00e0, une nouvelle \u00e9dition de la Boucle del Cam\u00ed Ramader s&#8217;est d\u00e9roul\u00e9e ce matin ! Nous sommes pass\u00e9s au travers des gouttes mais pas de la&hellip; <a href=\"https:\/\/lamanere.fr\/ca\/2018\/06\/11\/une-nouvelle-edition-de-la-boucle-del-cami-ramader-sest-deroulee-ce-matin\/\" class=\"more-link\">Continue Reading <span class=\"meta-nav\">&rarr;<\/span><\/a><\/p>\n","protected":false},"author":1,"featured_media":0,"comment_status":"open","ping_status":"open","sticky":false,"template":"","format":"standard","meta":{"footnotes":""},"categories":[75,78],"tags":[],"yoast_head":"<!-- This site is optimized with the Yoast SEO plugin v27.4 - https:\/\/yoast.com\/product\/yoast-seo-wordpress\/ -->\n<title><\/title>\n<meta name=\"robots\" content=\"index, follow, max-snippet:-1, max-image-preview:large, max-video-preview:-1\" \/>\n<link rel=\"canonical\" href=\"https:\/\/lamanere.fr\/ca\/2018\/06\/11\/une-nouvelle-edition-de-la-boucle-del-cami-ramader-sest-deroulee-ce-matin\/\" \/>\n<meta property=\"og:locale\" content=\"ca_ES\" \/>\n<meta property=\"og:type\" content=\"article\" \/>\n<meta property=\"og:title\" content=\"[:fr]une nouvelle \u00e9dition de la Boucle del Cam\u00ed Ramader s&#039;est d\u00e9roul\u00e9e ce matin[:] - Laman\u00e8re - Lloc oficial del municipi\" \/>\n<meta property=\"og:description\" content=\"Ho sentim, aquesta entrada es troba disponible \u00fanicament en Franc\u00e8s. C&#8217;est fait !!!! Et voil\u00e0, une nouvelle \u00e9dition de la Boucle del Cam\u00ed Ramader s&#8217;est d\u00e9roul\u00e9e ce matin ! Nous sommes pass\u00e9s au travers des gouttes mais pas de la&hellip; Continue Reading &rarr;\" \/>\n<meta property=\"og:url\" content=\"https:\/\/lamanere.fr\/ca\/2018\/06\/11\/une-nouvelle-edition-de-la-boucle-del-cami-ramader-sest-deroulee-ce-matin\/\" \/>\n<meta property=\"og:site_name\" content=\"Laman\u00e8re - Lloc oficial del municipi\" \/>\n<meta property=\"article:publisher\" content=\"https:\/\/www.facebook.com\/lamanere\" \/>\n<meta property=\"article:published_time\" content=\"2018-06-11T00:00:59+00:00\" \/>\n<meta property=\"article:modified_time\" content=\"2020-09-05T15:39:16+00:00\" \/>\n<meta property=\"og:image\" content=\"https:\/\/lamanere.fr\/wp-content\/uploads\/2019\/05\/course-2018.jpg\" \/>\n<meta name=\"author\" content=\"jo\" \/>\n<meta name=\"twitter:card\" content=\"summary_large_image\" \/>\n<meta name=\"twitter:label1\" content=\"Escrit per\" \/>\n\t<meta name=\"twitter:data1\" content=\"jo\" \/>\n\t<meta name=\"twitter:label2\" content=\"Temps estimat de lectura\" \/>\n\t<meta name=\"twitter:data2\" content=\"1 minut\" \/>\n<script type=\"application\/ld+json\" class=\"yoast-schema-graph\">{\"@context\":\"https:\\\/\\\/schema.org\",\"@graph\":[{\"@type\":\"Article\",\"@id\":\"https:\\\/\\\/lamanere.fr\\\/ca\\\/2018\\\/06\\\/11\\\/une-nouvelle-edition-de-la-boucle-del-cami-ramader-sest-deroulee-ce-matin\\\/#article\",\"isPartOf\":{\"@id\":\"https:\\\/\\\/lamanere.fr\\\/ca\\\/2018\\\/06\\\/11\\\/une-nouvelle-edition-de-la-boucle-del-cami-ramader-sest-deroulee-ce-matin\\\/\"},\"author\":{\"name\":\"jo\",\"@id\":\"https:\\\/\\\/lamanere.fr\\\/#\\\/schema\\\/person\\\/783de9e71699db598014fbf94bbeeb6e\"},\"headline\":\"une nouvelle \u00e9dition de la Boucle del Cam\u00ed Ramader s&#8217;est d\u00e9roul\u00e9e ce matin\",\"datePublished\":\"2018-06-11T00:00:59+00:00\",\"dateModified\":\"2020-09-05T15:39:16+00:00\",\"mainEntityOfPage\":{\"@id\":\"https:\\\/\\\/lamanere.fr\\\/ca\\\/2018\\\/06\\\/11\\\/une-nouvelle-edition-de-la-boucle-del-cami-ramader-sest-deroulee-ce-matin\\\/\"},\"wordCount\":213,\"commentCount\":0,\"publisher\":{\"@id\":\"https:\\\/\\\/lamanere.fr\\\/#organization\"},\"image\":{\"@id\":\"https:\\\/\\\/lamanere.fr\\\/ca\\\/2018\\\/06\\\/11\\\/une-nouvelle-edition-de-la-boucle-del-cami-ramader-sest-deroulee-ce-matin\\\/#primaryimage\"},\"thumbnailUrl\":\"https:\\\/\\\/lamanere.fr\\\/wp-content\\\/uploads\\\/2019\\\/05\\\/course-2018.jpg\",\"articleSection\":[\"Course de Montagne\",\"\u00c9v\u00e8nements\"],\"inLanguage\":\"ca\",\"potentialAction\":[{\"@type\":\"CommentAction\",\"name\":\"Comment\",\"target\":[\"https:\\\/\\\/lamanere.fr\\\/ca\\\/2018\\\/06\\\/11\\\/une-nouvelle-edition-de-la-boucle-del-cami-ramader-sest-deroulee-ce-matin\\\/#respond\"]}]},{\"@type\":\"WebPage\",\"@id\":\"https:\\\/\\\/lamanere.fr\\\/ca\\\/2018\\\/06\\\/11\\\/une-nouvelle-edition-de-la-boucle-del-cami-ramader-sest-deroulee-ce-matin\\\/\",\"url\":\"https:\\\/\\\/lamanere.fr\\\/ca\\\/2018\\\/06\\\/11\\\/une-nouvelle-edition-de-la-boucle-del-cami-ramader-sest-deroulee-ce-matin\\\/\",\"name\":\"[:fr]une nouvelle \u00e9dition de la Boucle del Cam\u00ed Ramader s'est d\u00e9roul\u00e9e ce matin[:] - Laman\u00e8re - Lloc oficial del municipi\",\"isPartOf\":{\"@id\":\"https:\\\/\\\/lamanere.fr\\\/#website\"},\"primaryImageOfPage\":{\"@id\":\"https:\\\/\\\/lamanere.fr\\\/ca\\\/2018\\\/06\\\/11\\\/une-nouvelle-edition-de-la-boucle-del-cami-ramader-sest-deroulee-ce-matin\\\/#primaryimage\"},\"image\":{\"@id\":\"https:\\\/\\\/lamanere.fr\\\/ca\\\/2018\\\/06\\\/11\\\/une-nouvelle-edition-de-la-boucle-del-cami-ramader-sest-deroulee-ce-matin\\\/#primaryimage\"},\"thumbnailUrl\":\"https:\\\/\\\/lamanere.fr\\\/wp-content\\\/uploads\\\/2019\\\/05\\\/course-2018.jpg\",\"datePublished\":\"2018-06-11T00:00:59+00:00\",\"dateModified\":\"2020-09-05T15:39:16+00:00\",\"breadcrumb\":{\"@id\":\"https:\\\/\\\/lamanere.fr\\\/ca\\\/2018\\\/06\\\/11\\\/une-nouvelle-edition-de-la-boucle-del-cami-ramader-sest-deroulee-ce-matin\\\/#breadcrumb\"},\"inLanguage\":\"ca\",\"potentialAction\":[{\"@type\":\"ReadAction\",\"target\":[\"https:\\\/\\\/lamanere.fr\\\/ca\\\/2018\\\/06\\\/11\\\/une-nouvelle-edition-de-la-boucle-del-cami-ramader-sest-deroulee-ce-matin\\\/\"]}]},{\"@type\":\"ImageObject\",\"inLanguage\":\"ca\",\"@id\":\"https:\\\/\\\/lamanere.fr\\\/ca\\\/2018\\\/06\\\/11\\\/une-nouvelle-edition-de-la-boucle-del-cami-ramader-sest-deroulee-ce-matin\\\/#primaryimage\",\"url\":\"https:\\\/\\\/lamanere.fr\\\/wp-content\\\/uploads\\\/2019\\\/05\\\/course-2018.jpg\",\"contentUrl\":\"https:\\\/\\\/lamanere.fr\\\/wp-content\\\/uploads\\\/2019\\\/05\\\/course-2018.jpg\"},{\"@type\":\"BreadcrumbList\",\"@id\":\"https:\\\/\\\/lamanere.fr\\\/ca\\\/2018\\\/06\\\/11\\\/une-nouvelle-edition-de-la-boucle-del-cami-ramader-sest-deroulee-ce-matin\\\/#breadcrumb\",\"itemListElement\":[{\"@type\":\"ListItem\",\"position\":1,\"name\":\"Accueil\",\"item\":\"https:\\\/\\\/lamanere.fr\\\/\"},{\"@type\":\"ListItem\",\"position\":2,\"name\":\"une nouvelle \u00e9dition de la Boucle del Cam\u00ed Ramader s&#8217;est d\u00e9roul\u00e9e ce matin\"}]},{\"@type\":\"WebSite\",\"@id\":\"https:\\\/\\\/lamanere.fr\\\/#website\",\"url\":\"https:\\\/\\\/lamanere.fr\\\/\",\"name\":\"Laman\u00e8re - Lloc oficial del municipi\",\"description\":\"Poble m\u00e9s al sud de la Fran\u00e7a continental\",\"publisher\":{\"@id\":\"https:\\\/\\\/lamanere.fr\\\/#organization\"},\"potentialAction\":[{\"@type\":\"SearchAction\",\"target\":{\"@type\":\"EntryPoint\",\"urlTemplate\":\"https:\\\/\\\/lamanere.fr\\\/?s={search_term_string}\"},\"query-input\":{\"@type\":\"PropertyValueSpecification\",\"valueRequired\":true,\"valueName\":\"search_term_string\"}}],\"inLanguage\":\"ca\"},{\"@type\":\"Organization\",\"@id\":\"https:\\\/\\\/lamanere.fr\\\/#organization\",\"name\":\"Commune de Laman\u00e8re\",\"url\":\"https:\\\/\\\/lamanere.fr\\\/\",\"logo\":{\"@type\":\"ImageObject\",\"inLanguage\":\"ca\",\"@id\":\"https:\\\/\\\/lamanere.fr\\\/#\\\/schema\\\/logo\\\/image\\\/\",\"url\":\"https:\\\/\\\/lamanere.fr\\\/wp-content\\\/uploads\\\/2020\\\/09\\\/logo2-149.jpg\",\"contentUrl\":\"https:\\\/\\\/lamanere.fr\\\/wp-content\\\/uploads\\\/2020\\\/09\\\/logo2-149.jpg\",\"width\":149,\"height\":146,\"caption\":\"Commune de Laman\u00e8re\"},\"image\":{\"@id\":\"https:\\\/\\\/lamanere.fr\\\/#\\\/schema\\\/logo\\\/image\\\/\"},\"sameAs\":[\"https:\\\/\\\/www.facebook.com\\\/lamanere\",\"https:\\\/\\\/fr.wikipedia.org\\\/wiki\\\/Laman\u00e8re\"]},{\"@type\":\"Person\",\"@id\":\"https:\\\/\\\/lamanere.fr\\\/#\\\/schema\\\/person\\\/783de9e71699db598014fbf94bbeeb6e\",\"name\":\"jo\",\"image\":{\"@type\":\"ImageObject\",\"inLanguage\":\"ca\",\"@id\":\"https:\\\/\\\/secure.gravatar.com\\\/avatar\\\/9d0a777e4bc76af263b8e5b6cf266859?s=96&d=mm&r=g\",\"url\":\"https:\\\/\\\/secure.gravatar.com\\\/avatar\\\/9d0a777e4bc76af263b8e5b6cf266859?s=96&d=mm&r=g\",\"contentUrl\":\"https:\\\/\\\/secure.gravatar.com\\\/avatar\\\/9d0a777e4bc76af263b8e5b6cf266859?s=96&d=mm&r=g\",\"caption\":\"jo\"},\"sameAs\":[\"https:\\\/\\\/lamanere.fr\"],\"url\":\"https:\\\/\\\/lamanere.fr\\\/ca\\\/author\\\/jo\\\/\"}]}<\/script>\n<!-- \/ Yoast SEO plugin. -->","yoast_head_json":{"title":"[:fr]une nouvelle \u00e9dition de la Boucle del Cam\u00ed Ramader s'est d\u00e9roul\u00e9e ce matin[:] - Laman\u00e8re - Lloc oficial del municipi","robots":{"index":"index","follow":"follow","max-snippet":"max-snippet:-1","max-image-preview":"max-image-preview:large","max-video-preview":"max-video-preview:-1"},"canonical":"https:\/\/lamanere.fr\/ca\/2018\/06\/11\/une-nouvelle-edition-de-la-boucle-del-cami-ramader-sest-deroulee-ce-matin\/","og_locale":"ca_ES","og_type":"article","og_title":"[:fr]une nouvelle \u00e9dition de la Boucle del Cam\u00ed Ramader s'est d\u00e9roul\u00e9e ce matin[:] - Laman\u00e8re - Lloc oficial del municipi","og_description":"Ho sentim, aquesta entrada es troba disponible \u00fanicament en Franc\u00e8s. C&#8217;est fait !!!! Et voil\u00e0, une nouvelle \u00e9dition de la Boucle del Cam\u00ed Ramader s&#8217;est d\u00e9roul\u00e9e ce matin ! Nous sommes pass\u00e9s au travers des gouttes mais pas de la&hellip; Continue Reading &rarr;","og_url":"https:\/\/lamanere.fr\/ca\/2018\/06\/11\/une-nouvelle-edition-de-la-boucle-del-cami-ramader-sest-deroulee-ce-matin\/","og_site_name":"Laman\u00e8re - Lloc oficial del municipi","article_publisher":"https:\/\/www.facebook.com\/lamanere","article_published_time":"2018-06-11T00:00:59+00:00","article_modified_time":"2020-09-05T15:39:16+00:00","og_image":[{"url":"https:\/\/lamanere.fr\/wp-content\/uploads\/2019\/05\/course-2018.jpg","type":"","width":"","height":""}],"author":"jo","twitter_card":"summary_large_image","twitter_misc":{"Escrit per":"jo","Temps estimat de lectura":"1 minut"},"schema":{"@context":"https:\/\/schema.org","@graph":[{"@type":"Article","@id":"https:\/\/lamanere.fr\/ca\/2018\/06\/11\/une-nouvelle-edition-de-la-boucle-del-cami-ramader-sest-deroulee-ce-matin\/#article","isPartOf":{"@id":"https:\/\/lamanere.fr\/ca\/2018\/06\/11\/une-nouvelle-edition-de-la-boucle-del-cami-ramader-sest-deroulee-ce-matin\/"},"author":{"name":"jo","@id":"https:\/\/lamanere.fr\/#\/schema\/person\/783de9e71699db598014fbf94bbeeb6e"},"headline":"une nouvelle \u00e9dition de la Boucle del Cam\u00ed Ramader s&#8217;est d\u00e9roul\u00e9e ce matin","datePublished":"2018-06-11T00:00:59+00:00","dateModified":"2020-09-05T15:39:16+00:00","mainEntityOfPage":{"@id":"https:\/\/lamanere.fr\/ca\/2018\/06\/11\/une-nouvelle-edition-de-la-boucle-del-cami-ramader-sest-deroulee-ce-matin\/"},"wordCount":213,"commentCount":0,"publisher":{"@id":"https:\/\/lamanere.fr\/#organization"},"image":{"@id":"https:\/\/lamanere.fr\/ca\/2018\/06\/11\/une-nouvelle-edition-de-la-boucle-del-cami-ramader-sest-deroulee-ce-matin\/#primaryimage"},"thumbnailUrl":"https:\/\/lamanere.fr\/wp-content\/uploads\/2019\/05\/course-2018.jpg","articleSection":["Course de Montagne","\u00c9v\u00e8nements"],"inLanguage":"ca","potentialAction":[{"@type":"CommentAction","name":"Comment","target":["https:\/\/lamanere.fr\/ca\/2018\/06\/11\/une-nouvelle-edition-de-la-boucle-del-cami-ramader-sest-deroulee-ce-matin\/#respond"]}]},{"@type":"WebPage","@id":"https:\/\/lamanere.fr\/ca\/2018\/06\/11\/une-nouvelle-edition-de-la-boucle-del-cami-ramader-sest-deroulee-ce-matin\/","url":"https:\/\/lamanere.fr\/ca\/2018\/06\/11\/une-nouvelle-edition-de-la-boucle-del-cami-ramader-sest-deroulee-ce-matin\/","name":"[:fr]une nouvelle \u00e9dition de la Boucle del Cam\u00ed Ramader s'est d\u00e9roul\u00e9e ce matin[:] - Laman\u00e8re - Lloc oficial del municipi","isPartOf":{"@id":"https:\/\/lamanere.fr\/#website"},"primaryImageOfPage":{"@id":"https:\/\/lamanere.fr\/ca\/2018\/06\/11\/une-nouvelle-edition-de-la-boucle-del-cami-ramader-sest-deroulee-ce-matin\/#primaryimage"},"image":{"@id":"https:\/\/lamanere.fr\/ca\/2018\/06\/11\/une-nouvelle-edition-de-la-boucle-del-cami-ramader-sest-deroulee-ce-matin\/#primaryimage"},"thumbnailUrl":"https:\/\/lamanere.fr\/wp-content\/uploads\/2019\/05\/course-2018.jpg","datePublished":"2018-06-11T00:00:59+00:00","dateModified":"2020-09-05T15:39:16+00:00","breadcrumb":{"@id":"https:\/\/lamanere.fr\/ca\/2018\/06\/11\/une-nouvelle-edition-de-la-boucle-del-cami-ramader-sest-deroulee-ce-matin\/#breadcrumb"},"inLanguage":"ca","potentialAction":[{"@type":"ReadAction","target":["https:\/\/lamanere.fr\/ca\/2018\/06\/11\/une-nouvelle-edition-de-la-boucle-del-cami-ramader-sest-deroulee-ce-matin\/"]}]},{"@type":"ImageObject","inLanguage":"ca","@id":"https:\/\/lamanere.fr\/ca\/2018\/06\/11\/une-nouvelle-edition-de-la-boucle-del-cami-ramader-sest-deroulee-ce-matin\/#primaryimage","url":"https:\/\/lamanere.fr\/wp-content\/uploads\/2019\/05\/course-2018.jpg","contentUrl":"https:\/\/lamanere.fr\/wp-content\/uploads\/2019\/05\/course-2018.jpg"},{"@type":"BreadcrumbList","@id":"https:\/\/lamanere.fr\/ca\/2018\/06\/11\/une-nouvelle-edition-de-la-boucle-del-cami-ramader-sest-deroulee-ce-matin\/#breadcrumb","itemListElement":[{"@type":"ListItem","position":1,"name":"Accueil","item":"https:\/\/lamanere.fr\/"},{"@type":"ListItem","position":2,"name":"une nouvelle \u00e9dition de la Boucle del Cam\u00ed Ramader s&#8217;est d\u00e9roul\u00e9e ce matin"}]},{"@type":"WebSite","@id":"https:\/\/lamanere.fr\/#website","url":"https:\/\/lamanere.fr\/","name":"Laman\u00e8re - Lloc oficial del municipi","description":"Poble m\u00e9s al sud de la Fran\u00e7a continental","publisher":{"@id":"https:\/\/lamanere.fr\/#organization"},"potentialAction":[{"@type":"SearchAction","target":{"@type":"EntryPoint","urlTemplate":"https:\/\/lamanere.fr\/?s={search_term_string}"},"query-input":{"@type":"PropertyValueSpecification","valueRequired":true,"valueName":"search_term_string"}}],"inLanguage":"ca"},{"@type":"Organization","@id":"https:\/\/lamanere.fr\/#organization","name":"Commune de Laman\u00e8re","url":"https:\/\/lamanere.fr\/","logo":{"@type":"ImageObject","inLanguage":"ca","@id":"https:\/\/lamanere.fr\/#\/schema\/logo\/image\/","url":"https:\/\/lamanere.fr\/wp-content\/uploads\/2020\/09\/logo2-149.jpg","contentUrl":"https:\/\/lamanere.fr\/wp-content\/uploads\/2020\/09\/logo2-149.jpg","width":149,"height":146,"caption":"Commune de Laman\u00e8re"},"image":{"@id":"https:\/\/lamanere.fr\/#\/schema\/logo\/image\/"},"sameAs":["https:\/\/www.facebook.com\/lamanere","https:\/\/fr.wikipedia.org\/wiki\/Laman\u00e8re"]},{"@type":"Person","@id":"https:\/\/lamanere.fr\/#\/schema\/person\/783de9e71699db598014fbf94bbeeb6e","name":"jo","image":{"@type":"ImageObject","inLanguage":"ca","@id":"https:\/\/secure.gravatar.com\/avatar\/9d0a777e4bc76af263b8e5b6cf266859?s=96&d=mm&r=g","url":"https:\/\/secure.gravatar.com\/avatar\/9d0a777e4bc76af263b8e5b6cf266859?s=96&d=mm&r=g","contentUrl":"https:\/\/secure.gravatar.com\/avatar\/9d0a777e4bc76af263b8e5b6cf266859?s=96&d=mm&r=g","caption":"jo"},"sameAs":["https:\/\/lamanere.fr"],"url":"https:\/\/lamanere.fr\/ca\/author\/jo\/"}]}},"_links":{"self":[{"href":"https:\/\/lamanere.fr\/ca\/wp-json\/wp\/v2\/posts\/397"}],"collection":[{"href":"https:\/\/lamanere.fr\/ca\/wp-json\/wp\/v2\/posts"}],"about":[{"href":"https:\/\/lamanere.fr\/ca\/wp-json\/wp\/v2\/types\/post"}],"author":[{"embeddable":true,"href":"https:\/\/lamanere.fr\/ca\/wp-json\/wp\/v2\/users\/1"}],"replies":[{"embeddable":true,"href":"https:\/\/lamanere.fr\/ca\/wp-json\/wp\/v2\/comments?post=397"}],"version-history":[{"count":1,"href":"https:\/\/lamanere.fr\/ca\/wp-json\/wp\/v2\/posts\/397\/revisions"}],"predecessor-version":[{"id":402,"href":"https:\/\/lamanere.fr\/ca\/wp-json\/wp\/v2\/posts\/397\/revisions\/402"}],"wp:attachment":[{"href":"https:\/\/lamanere.fr\/ca\/wp-json\/wp\/v2\/media?parent=397"}],"wp:term":[{"taxonomy":"category","embeddable":true,"href":"https:\/\/lamanere.fr\/ca\/wp-json\/wp\/v2\/categories?post=397"},{"taxonomy":"post_tag","embeddable":true,"href":"https:\/\/lamanere.fr\/ca\/wp-json\/wp\/v2\/tags?post=397"}],"curies":[{"name":"wp","href":"https:\/\/api.w.org\/{rel}","templated":true}]}}