{"id":739,"date":"2020-09-20T15:27:43","date_gmt":"2020-09-20T14:27:43","guid":{"rendered":"https:\/\/lamanere.fr\/?p=739"},"modified":"2020-09-20T15:27:43","modified_gmt":"2020-09-20T14:27:43","slug":"nouveau-site-internet-premiere-mouture-enfin-realisee","status":"publish","type":"post","link":"https:\/\/lamanere.fr\/ca\/2020\/09\/20\/nouveau-site-internet-premiere-mouture-enfin-realisee\/","title":{"rendered":"Nouveau Site Internet &#8211; Premi\u00e8re mouture enfin r\u00e9alis\u00e9e"},"content":{"rendered":"<p class=\"qtranxs-available-languages-message qtranxs-available-languages-message-ca\">Ho sentim, aquesta entrada es troba disponible \u00fanicament en <a href=\"https:\/\/lamanere.fr\/fr\/wp-json\/wp\/v2\/posts\/739\" class=\"qtranxs-available-language-link qtranxs-available-language-link-fr\" title=\"Fran\u00e7ais\">Franc\u00e8s<\/a>.<\/p><p>Bonjour \u00e0 tous,<\/p>\n<p>Apr\u00e8s quelques semaines de travail et de pr\u00e9paration,<br \/>\nla premi\u00e8re mouture du nouveau site internet de la commune est enfin r\u00e9alis\u00e9e et disponible sur <a href=\"https:\/\/lamanere.fr\">https:\/\/lamanere.fr<\/a>,<br \/>\nvous y trouverez les \u00e9v\u00e8nements \u00e0 venir, ainsi que des articles, des compte-rendus et tous les contenus publi\u00e9s concernant la vie du village.<br \/>\nIl manque encore quelques \u00e9l\u00e9ments qui seront ajout\u00e9s au fur et \u00e0 mesure mais l&#8217;essentiel est l\u00e0.<\/p>\n<p>Vous pouvez d\u00e8s \u00e0 pr\u00e9sent vous abonner \u00e0 la newsletter pour recevoir par email un message pour chaque publication.<\/p>\n<p>N&#8217;h\u00e9sitez pas \u00e0 me contacter si vous souhaitez pouvoir publier du contenu sur ce site, vous \u00eates tous bienvenus, que ce soit en me transmettant ce que vous souhaitez publier ou en demandant un compte pour pouvoir publier vous m\u00eame sur le site.<br \/>\nJe n&#8217;ai pas tous les emails de la commune, donc n&#8217;h\u00e9sitez pas non plus \u00e0 transf\u00e9rer ce message autour de vous \u00e0 toutes les personnes que vous connaissez et qui sont concern\u00e9es par notre charmante localit\u00e9. Merci d&#8217;avance.<\/p>\n<p>Communalement,<\/p>\n<p>Jo<\/p>","protected":false},"excerpt":{"rendered":"<p>Ho sentim, aquesta entrada es troba disponible \u00fanicament en Franc\u00e8s.Bonjour \u00e0 tous, Apr\u00e8s quelques semaines de travail et de pr\u00e9paration, la premi\u00e8re mouture du nouveau site internet de la commune est enfin r\u00e9alis\u00e9e et disponible sur https:\/\/lamanere.fr, vous y trouverez&hellip; <a href=\"https:\/\/lamanere.fr\/ca\/2020\/09\/20\/nouveau-site-internet-premiere-mouture-enfin-realisee\/\" class=\"more-link\">Continue Reading <span class=\"meta-nav\">&rarr;<\/span><\/a><\/p>\n","protected":false},"author":1,"featured_media":0,"comment_status":"open","ping_status":"open","sticky":false,"template":"","format":"standard","meta":{"footnotes":""},"categories":[79,73],"tags":[],"yoast_head":"<!-- This site is optimized with the Yoast SEO plugin v27.4 - https:\/\/yoast.com\/product\/yoast-seo-wordpress\/ -->\n<title><\/title>\n<meta name=\"robots\" content=\"index, follow, max-snippet:-1, max-image-preview:large, max-video-preview:-1\" \/>\n<link rel=\"canonical\" href=\"https:\/\/lamanere.fr\/ca\/2020\/09\/20\/nouveau-site-internet-premiere-mouture-enfin-realisee\/\" \/>\n<meta property=\"og:locale\" content=\"ca_ES\" \/>\n<meta property=\"og:type\" content=\"article\" \/>\n<meta property=\"og:title\" content=\"[:fr]Nouveau Site Internet - Premi\u00e8re mouture enfin r\u00e9alis\u00e9e[:] - Laman\u00e8re - Lloc oficial del municipi\" \/>\n<meta property=\"og:description\" content=\"Ho sentim, aquesta entrada es troba disponible \u00fanicament en Franc\u00e8s.Bonjour \u00e0 tous, Apr\u00e8s quelques semaines de travail et de pr\u00e9paration, la premi\u00e8re mouture du nouveau site internet de la commune est enfin r\u00e9alis\u00e9e et disponible sur https:\/\/lamanere.fr, vous y trouverez&hellip; Continue Reading &rarr;\" \/>\n<meta property=\"og:url\" content=\"https:\/\/lamanere.fr\/ca\/2020\/09\/20\/nouveau-site-internet-premiere-mouture-enfin-realisee\/\" \/>\n<meta property=\"og:site_name\" content=\"Laman\u00e8re - Lloc oficial del municipi\" \/>\n<meta property=\"article:publisher\" content=\"https:\/\/www.facebook.com\/lamanere\" \/>\n<meta property=\"article:published_time\" content=\"2020-09-20T14:27:43+00:00\" \/>\n<meta name=\"author\" content=\"jo\" \/>\n<meta name=\"twitter:card\" content=\"summary_large_image\" \/>\n<meta name=\"twitter:label1\" content=\"Escrit per\" \/>\n\t<meta name=\"twitter:data1\" content=\"jo\" \/>\n\t<meta name=\"twitter:label2\" content=\"Temps estimat de lectura\" \/>\n\t<meta name=\"twitter:data2\" content=\"1 minut\" \/>\n<script type=\"application\/ld+json\" class=\"yoast-schema-graph\">{\"@context\":\"https:\\\/\\\/schema.org\",\"@graph\":[{\"@type\":\"Article\",\"@id\":\"https:\\\/\\\/lamanere.fr\\\/ca\\\/2020\\\/09\\\/20\\\/nouveau-site-internet-premiere-mouture-enfin-realisee\\\/#article\",\"isPartOf\":{\"@id\":\"https:\\\/\\\/lamanere.fr\\\/ca\\\/2020\\\/09\\\/20\\\/nouveau-site-internet-premiere-mouture-enfin-realisee\\\/\"},\"author\":{\"name\":\"jo\",\"@id\":\"https:\\\/\\\/lamanere.fr\\\/#\\\/schema\\\/person\\\/783de9e71699db598014fbf94bbeeb6e\"},\"headline\":\"Nouveau Site Internet &#8211; Premi\u00e8re mouture enfin r\u00e9alis\u00e9e\",\"datePublished\":\"2020-09-20T14:27:43+00:00\",\"mainEntityOfPage\":{\"@id\":\"https:\\\/\\\/lamanere.fr\\\/ca\\\/2020\\\/09\\\/20\\\/nouveau-site-internet-premiere-mouture-enfin-realisee\\\/\"},\"wordCount\":193,\"commentCount\":0,\"publisher\":{\"@id\":\"https:\\\/\\\/lamanere.fr\\\/#organization\"},\"articleSection\":[\"Communication\",\"Site Internet\"],\"inLanguage\":\"ca\",\"potentialAction\":[{\"@type\":\"CommentAction\",\"name\":\"Comment\",\"target\":[\"https:\\\/\\\/lamanere.fr\\\/ca\\\/2020\\\/09\\\/20\\\/nouveau-site-internet-premiere-mouture-enfin-realisee\\\/#respond\"]}]},{\"@type\":\"WebPage\",\"@id\":\"https:\\\/\\\/lamanere.fr\\\/ca\\\/2020\\\/09\\\/20\\\/nouveau-site-internet-premiere-mouture-enfin-realisee\\\/\",\"url\":\"https:\\\/\\\/lamanere.fr\\\/ca\\\/2020\\\/09\\\/20\\\/nouveau-site-internet-premiere-mouture-enfin-realisee\\\/\",\"name\":\"[:fr]Nouveau Site Internet - Premi\u00e8re mouture enfin r\u00e9alis\u00e9e[:] - Laman\u00e8re - Lloc oficial del municipi\",\"isPartOf\":{\"@id\":\"https:\\\/\\\/lamanere.fr\\\/#website\"},\"datePublished\":\"2020-09-20T14:27:43+00:00\",\"breadcrumb\":{\"@id\":\"https:\\\/\\\/lamanere.fr\\\/ca\\\/2020\\\/09\\\/20\\\/nouveau-site-internet-premiere-mouture-enfin-realisee\\\/#breadcrumb\"},\"inLanguage\":\"ca\",\"potentialAction\":[{\"@type\":\"ReadAction\",\"target\":[\"https:\\\/\\\/lamanere.fr\\\/ca\\\/2020\\\/09\\\/20\\\/nouveau-site-internet-premiere-mouture-enfin-realisee\\\/\"]}]},{\"@type\":\"BreadcrumbList\",\"@id\":\"https:\\\/\\\/lamanere.fr\\\/ca\\\/2020\\\/09\\\/20\\\/nouveau-site-internet-premiere-mouture-enfin-realisee\\\/#breadcrumb\",\"itemListElement\":[{\"@type\":\"ListItem\",\"position\":1,\"name\":\"Accueil\",\"item\":\"https:\\\/\\\/lamanere.fr\\\/\"},{\"@type\":\"ListItem\",\"position\":2,\"name\":\"Nouveau Site Internet &#8211; Premi\u00e8re mouture enfin r\u00e9alis\u00e9e\"}]},{\"@type\":\"WebSite\",\"@id\":\"https:\\\/\\\/lamanere.fr\\\/#website\",\"url\":\"https:\\\/\\\/lamanere.fr\\\/\",\"name\":\"Laman\u00e8re - Lloc oficial del municipi\",\"description\":\"Poble m\u00e9s al sud de la Fran\u00e7a continental\",\"publisher\":{\"@id\":\"https:\\\/\\\/lamanere.fr\\\/#organization\"},\"potentialAction\":[{\"@type\":\"SearchAction\",\"target\":{\"@type\":\"EntryPoint\",\"urlTemplate\":\"https:\\\/\\\/lamanere.fr\\\/?s={search_term_string}\"},\"query-input\":{\"@type\":\"PropertyValueSpecification\",\"valueRequired\":true,\"valueName\":\"search_term_string\"}}],\"inLanguage\":\"ca\"},{\"@type\":\"Organization\",\"@id\":\"https:\\\/\\\/lamanere.fr\\\/#organization\",\"name\":\"Commune de Laman\u00e8re\",\"url\":\"https:\\\/\\\/lamanere.fr\\\/\",\"logo\":{\"@type\":\"ImageObject\",\"inLanguage\":\"ca\",\"@id\":\"https:\\\/\\\/lamanere.fr\\\/#\\\/schema\\\/logo\\\/image\\\/\",\"url\":\"https:\\\/\\\/lamanere.fr\\\/wp-content\\\/uploads\\\/2020\\\/09\\\/logo2-149.jpg\",\"contentUrl\":\"https:\\\/\\\/lamanere.fr\\\/wp-content\\\/uploads\\\/2020\\\/09\\\/logo2-149.jpg\",\"width\":149,\"height\":146,\"caption\":\"Commune de Laman\u00e8re\"},\"image\":{\"@id\":\"https:\\\/\\\/lamanere.fr\\\/#\\\/schema\\\/logo\\\/image\\\/\"},\"sameAs\":[\"https:\\\/\\\/www.facebook.com\\\/lamanere\",\"https:\\\/\\\/fr.wikipedia.org\\\/wiki\\\/Laman\u00e8re\"]},{\"@type\":\"Person\",\"@id\":\"https:\\\/\\\/lamanere.fr\\\/#\\\/schema\\\/person\\\/783de9e71699db598014fbf94bbeeb6e\",\"name\":\"jo\",\"image\":{\"@type\":\"ImageObject\",\"inLanguage\":\"ca\",\"@id\":\"https:\\\/\\\/secure.gravatar.com\\\/avatar\\\/9d0a777e4bc76af263b8e5b6cf266859?s=96&d=mm&r=g\",\"url\":\"https:\\\/\\\/secure.gravatar.com\\\/avatar\\\/9d0a777e4bc76af263b8e5b6cf266859?s=96&d=mm&r=g\",\"contentUrl\":\"https:\\\/\\\/secure.gravatar.com\\\/avatar\\\/9d0a777e4bc76af263b8e5b6cf266859?s=96&d=mm&r=g\",\"caption\":\"jo\"},\"sameAs\":[\"https:\\\/\\\/lamanere.fr\"],\"url\":\"https:\\\/\\\/lamanere.fr\\\/ca\\\/author\\\/jo\\\/\"}]}<\/script>\n<!-- \/ Yoast SEO plugin. -->","yoast_head_json":{"title":"[:fr]Nouveau Site Internet - Premi\u00e8re mouture enfin r\u00e9alis\u00e9e[:] - Laman\u00e8re - Lloc oficial del municipi","robots":{"index":"index","follow":"follow","max-snippet":"max-snippet:-1","max-image-preview":"max-image-preview:large","max-video-preview":"max-video-preview:-1"},"canonical":"https:\/\/lamanere.fr\/ca\/2020\/09\/20\/nouveau-site-internet-premiere-mouture-enfin-realisee\/","og_locale":"ca_ES","og_type":"article","og_title":"[:fr]Nouveau Site Internet - Premi\u00e8re mouture enfin r\u00e9alis\u00e9e[:] - Laman\u00e8re - Lloc oficial del municipi","og_description":"Ho sentim, aquesta entrada es troba disponible \u00fanicament en Franc\u00e8s.Bonjour \u00e0 tous, Apr\u00e8s quelques semaines de travail et de pr\u00e9paration, la premi\u00e8re mouture du nouveau site internet de la commune est enfin r\u00e9alis\u00e9e et disponible sur https:\/\/lamanere.fr, vous y trouverez&hellip; Continue Reading &rarr;","og_url":"https:\/\/lamanere.fr\/ca\/2020\/09\/20\/nouveau-site-internet-premiere-mouture-enfin-realisee\/","og_site_name":"Laman\u00e8re - Lloc oficial del municipi","article_publisher":"https:\/\/www.facebook.com\/lamanere","article_published_time":"2020-09-20T14:27:43+00:00","author":"jo","twitter_card":"summary_large_image","twitter_misc":{"Escrit per":"jo","Temps estimat de lectura":"1 minut"},"schema":{"@context":"https:\/\/schema.org","@graph":[{"@type":"Article","@id":"https:\/\/lamanere.fr\/ca\/2020\/09\/20\/nouveau-site-internet-premiere-mouture-enfin-realisee\/#article","isPartOf":{"@id":"https:\/\/lamanere.fr\/ca\/2020\/09\/20\/nouveau-site-internet-premiere-mouture-enfin-realisee\/"},"author":{"name":"jo","@id":"https:\/\/lamanere.fr\/#\/schema\/person\/783de9e71699db598014fbf94bbeeb6e"},"headline":"Nouveau Site Internet &#8211; Premi\u00e8re mouture enfin r\u00e9alis\u00e9e","datePublished":"2020-09-20T14:27:43+00:00","mainEntityOfPage":{"@id":"https:\/\/lamanere.fr\/ca\/2020\/09\/20\/nouveau-site-internet-premiere-mouture-enfin-realisee\/"},"wordCount":193,"commentCount":0,"publisher":{"@id":"https:\/\/lamanere.fr\/#organization"},"articleSection":["Communication","Site Internet"],"inLanguage":"ca","potentialAction":[{"@type":"CommentAction","name":"Comment","target":["https:\/\/lamanere.fr\/ca\/2020\/09\/20\/nouveau-site-internet-premiere-mouture-enfin-realisee\/#respond"]}]},{"@type":"WebPage","@id":"https:\/\/lamanere.fr\/ca\/2020\/09\/20\/nouveau-site-internet-premiere-mouture-enfin-realisee\/","url":"https:\/\/lamanere.fr\/ca\/2020\/09\/20\/nouveau-site-internet-premiere-mouture-enfin-realisee\/","name":"[:fr]Nouveau Site Internet - Premi\u00e8re mouture enfin r\u00e9alis\u00e9e[:] - Laman\u00e8re - Lloc oficial del municipi","isPartOf":{"@id":"https:\/\/lamanere.fr\/#website"},"datePublished":"2020-09-20T14:27:43+00:00","breadcrumb":{"@id":"https:\/\/lamanere.fr\/ca\/2020\/09\/20\/nouveau-site-internet-premiere-mouture-enfin-realisee\/#breadcrumb"},"inLanguage":"ca","potentialAction":[{"@type":"ReadAction","target":["https:\/\/lamanere.fr\/ca\/2020\/09\/20\/nouveau-site-internet-premiere-mouture-enfin-realisee\/"]}]},{"@type":"BreadcrumbList","@id":"https:\/\/lamanere.fr\/ca\/2020\/09\/20\/nouveau-site-internet-premiere-mouture-enfin-realisee\/#breadcrumb","itemListElement":[{"@type":"ListItem","position":1,"name":"Accueil","item":"https:\/\/lamanere.fr\/"},{"@type":"ListItem","position":2,"name":"Nouveau Site Internet &#8211; Premi\u00e8re mouture enfin r\u00e9alis\u00e9e"}]},{"@type":"WebSite","@id":"https:\/\/lamanere.fr\/#website","url":"https:\/\/lamanere.fr\/","name":"Laman\u00e8re - Lloc oficial del municipi","description":"Poble m\u00e9s al sud de la Fran\u00e7a continental","publisher":{"@id":"https:\/\/lamanere.fr\/#organization"},"potentialAction":[{"@type":"SearchAction","target":{"@type":"EntryPoint","urlTemplate":"https:\/\/lamanere.fr\/?s={search_term_string}"},"query-input":{"@type":"PropertyValueSpecification","valueRequired":true,"valueName":"search_term_string"}}],"inLanguage":"ca"},{"@type":"Organization","@id":"https:\/\/lamanere.fr\/#organization","name":"Commune de Laman\u00e8re","url":"https:\/\/lamanere.fr\/","logo":{"@type":"ImageObject","inLanguage":"ca","@id":"https:\/\/lamanere.fr\/#\/schema\/logo\/image\/","url":"https:\/\/lamanere.fr\/wp-content\/uploads\/2020\/09\/logo2-149.jpg","contentUrl":"https:\/\/lamanere.fr\/wp-content\/uploads\/2020\/09\/logo2-149.jpg","width":149,"height":146,"caption":"Commune de Laman\u00e8re"},"image":{"@id":"https:\/\/lamanere.fr\/#\/schema\/logo\/image\/"},"sameAs":["https:\/\/www.facebook.com\/lamanere","https:\/\/fr.wikipedia.org\/wiki\/Laman\u00e8re"]},{"@type":"Person","@id":"https:\/\/lamanere.fr\/#\/schema\/person\/783de9e71699db598014fbf94bbeeb6e","name":"jo","image":{"@type":"ImageObject","inLanguage":"ca","@id":"https:\/\/secure.gravatar.com\/avatar\/9d0a777e4bc76af263b8e5b6cf266859?s=96&d=mm&r=g","url":"https:\/\/secure.gravatar.com\/avatar\/9d0a777e4bc76af263b8e5b6cf266859?s=96&d=mm&r=g","contentUrl":"https:\/\/secure.gravatar.com\/avatar\/9d0a777e4bc76af263b8e5b6cf266859?s=96&d=mm&r=g","caption":"jo"},"sameAs":["https:\/\/lamanere.fr"],"url":"https:\/\/lamanere.fr\/ca\/author\/jo\/"}]}},"_links":{"self":[{"href":"https:\/\/lamanere.fr\/ca\/wp-json\/wp\/v2\/posts\/739"}],"collection":[{"href":"https:\/\/lamanere.fr\/ca\/wp-json\/wp\/v2\/posts"}],"about":[{"href":"https:\/\/lamanere.fr\/ca\/wp-json\/wp\/v2\/types\/post"}],"author":[{"embeddable":true,"href":"https:\/\/lamanere.fr\/ca\/wp-json\/wp\/v2\/users\/1"}],"replies":[{"embeddable":true,"href":"https:\/\/lamanere.fr\/ca\/wp-json\/wp\/v2\/comments?post=739"}],"version-history":[{"count":1,"href":"https:\/\/lamanere.fr\/ca\/wp-json\/wp\/v2\/posts\/739\/revisions"}],"predecessor-version":[{"id":740,"href":"https:\/\/lamanere.fr\/ca\/wp-json\/wp\/v2\/posts\/739\/revisions\/740"}],"wp:attachment":[{"href":"https:\/\/lamanere.fr\/ca\/wp-json\/wp\/v2\/media?parent=739"}],"wp:term":[{"taxonomy":"category","embeddable":true,"href":"https:\/\/lamanere.fr\/ca\/wp-json\/wp\/v2\/categories?post=739"},{"taxonomy":"post_tag","embeddable":true,"href":"https:\/\/lamanere.fr\/ca\/wp-json\/wp\/v2\/tags?post=739"}],"curies":[{"name":"wp","href":"https:\/\/api.w.org\/{rel}","templated":true}]}}