{"id":1357,"global_id":"lamanere.fr\/en?id=1357","global_id_lineage":["lamanere.fr\/en?id=1357"],"author":"2","status":"publish","date":"2021-02-08 23:10:15","date_utc":"2021-02-08 22:10:15","modified":"2021-02-08 23:12:12","modified_utc":"2021-02-08 22:12:12","url":"https:\/\/lamanere.fr\/en\/evenement\/retirada\/","rest_url":"https:\/\/lamanere.fr\/en\/wp-json\/tribe\/events\/v1\/events\/1357","title":"RETIRADA","description":"<p class=\"qtranxs-available-languages-message qtranxs-available-languages-message-en\">Sorry, this entry is only available in <a href=\"https:\/\/lamanere.fr\/fr\/wp-json\/tribe\/events\/v1\/events\/1357\" class=\"qtranxs-available-language-link qtranxs-available-language-link-fr\" title=\"Fran\u00e7ais\">French<\/a>.<\/p><p>Bonjour \u00e0 toutes et \u00e0 tous,<\/p>\n<p>La comm\u00e9moration de la <strong>Retirada<\/strong>, qui devait se d\u00e9rouler le 20 f\u00e9vrier 2021, est avanc\u00e9e au dimanche 14 f\u00e9vrier 2021. Les conditions sanitaires et les mesures qui en d\u00e9coulent ne nous donnent pas la possibilit\u00e9 de nous rassembler.<\/p>\n<p>Le 14 f\u00e9vrier \u00e0 10 h l\u2019inauguration de la plaque rappelant le passage \u00e0 Laman\u00e8re de milliers de r\u00e9fugi\u00e9s se fera en petit comit\u00e9. Une d\u00e9l\u00e9gation de nos amis de FFREEE (Fils et Filles de R\u00e9publicains Espagnols et Enfants de l\u2019Exode) nous rejoindra, ainsi que George Bartoli (neveu de Josep Bartoli).<\/p>\n<p>La c\u00e9r\u00e9monie sera film\u00e9e et ins\u00e9r\u00e9e dans un film regroupant les diff\u00e9rentes comm\u00e9morations du 82<sup>\u00e8me<\/sup> anniversaire de la Retirada. Le film sera disponible sur Youtube et sur les diff\u00e9rents sites de la FFREEE et de Laman\u00e8re, \u00e0 partir du 20 f\u00e9vrier 2021.<\/p>\n<p>Nous aurions aim\u00e9 que cette c\u00e9r\u00e9monie qui rendra justice aux R\u00e9publicains Espagnols qui pass\u00e8rent par notre village en 1939 soit une manifestation populaire. La situation sanitaire ne nous laisse pas le choix. Mais ce n\u2019est que partie remise puisque nous avons convenu avec nos amis de la FFREEE de consacrer une journ\u00e9e enti\u00e8re \u00e0 l\u2019\u00e9vocation de la <strong>Retirada<\/strong> lorsque la situation nous le permettra.<\/p>\n<p>Nous vous tiendrons inform\u00e9s de la teneur de cette journ\u00e9e.<\/p>\n<p>&nbsp;<\/p>","excerpt":"","slug":"retirada","image":false,"all_day":false,"start_date":"2021-02-08 08:00:00","start_date_details":{"year":"2021","month":"02","day":"08","hour":"08","minutes":"00","seconds":"00"},"end_date":"2021-02-08 17:00:00","end_date_details":{"year":"2021","month":"02","day":"08","hour":"17","minutes":"00","seconds":"00"},"utc_start_date":"2021-02-08 07:00:00","utc_start_date_details":{"year":"2021","month":"02","day":"08","hour":"07","minutes":"00","seconds":"00"},"utc_end_date":"2021-02-08 16:00:00","utc_end_date_details":{"year":"2021","month":"02","day":"08","hour":"16","minutes":"00","seconds":"00"},"timezone":"UTC+1","timezone_abbr":"UTC+1","cost":"","cost_details":{"currency_symbol":"","currency_code":"","currency_position":"suffix","values":[]},"website":"","show_map":true,"show_map_link":true,"hide_from_listings":false,"sticky":false,"featured":false,"categories":[],"tags":[],"venue":[],"organizer":[],"custom_fields":[],"json_ld":{"@context":"http:\/\/schema.org","@type":"Event","name":"RETIRADA","description":"&lt;p&gt;Bonjour \u00e0 toutes et \u00e0 tous, La comm\u00e9moration de la Retirada, qui devait se d\u00e9rouler le 20 f\u00e9vrier 2021, est avanc\u00e9e au dimanche 14 f\u00e9vrier 2021. Les conditions sanitaires et les mesures qui en d\u00e9coulent ne nous donnent pas la&hellip; &lt;a href=&quot;https:\/\/lamanere.fr\/en\/evenement\/retirada\/&quot; class=&quot;more-link&quot;&gt;Continue Reading &lt;span class=&quot;meta-nav&quot;&gt;&rarr;&lt;\/span&gt;&lt;\/a&gt;&lt;\/p&gt;\\n","url":"https:\/\/lamanere.fr\/en\/evenement\/retirada\/","eventAttendanceMode":"https:\/\/schema.org\/OfflineEventAttendanceMode","eventStatus":"https:\/\/schema.org\/EventScheduled","startDate":"2021-02-08T08:00:00+01:00","endDate":"2021-02-08T17:00:00+01:00","performer":"Organization"}}