{"id":1121,"date":"2020-11-20T21:04:03","date_gmt":"2020-11-20T20:04:03","guid":{"rendered":"https:\/\/lamanere.fr\/?p=1121"},"modified":"2020-11-20T21:15:48","modified_gmt":"2020-11-20T20:15:48","slug":"compte-rendu-du-conseil-municipal-du-11-novembre-2020","status":"publish","type":"post","link":"https:\/\/lamanere.fr\/en\/2020\/11\/20\/compte-rendu-du-conseil-municipal-du-11-novembre-2020\/","title":{"rendered":"COMPTE RENDU DU CONSEIL MUNICIPAL du 11 novembre 2020"},"content":{"rendered":"<p class=\"qtranxs-available-languages-message qtranxs-available-languages-message-en\">Sorry, this entry is only available in <a href=\"https:\/\/lamanere.fr\/fr\/wp-json\/wp\/v2\/posts\/1121\" class=\"qtranxs-available-language-link qtranxs-available-language-link-fr\" title=\"Fran\u00e7ais\">French<\/a>.<\/p><p><\/p>\n<p style=\"text-align: center;\"><strong>\u00a0<\/strong><strong>Compte rendu de la r\u00e9union du Conseil Municipal de Laman\u00e8re <\/strong><\/p>\n<p style=\"text-align: center;\"><strong>du mercredi 11 novembre 2020 \u00e0 14h30<\/strong><\/p>\n<p><strong>\u00a0<\/strong><\/p>\n<p><strong>\u00a0<\/strong><\/p>\n<p>Secr\u00e9taire de s\u00e9ance\u00a0: Jean Paul La\u00eflle<\/p>\n<p><strong>Pr\u00e9sents<\/strong>\u00a0:<\/p>\n<p>Mme Gis\u00e8le Juanole, Maire<\/p>\n<p>Jacky Pujol, premier adjoint<\/p>\n<p>G\u00e9rard Cuvilliez, second adjoint<\/p>\n<p>Mme Pierrette Juanole-D\u00e9moulin, conseill\u00e8re<\/p>\n<p>Mme S\u00e9verine Margalef, conseill\u00e8re<\/p>\n<p>Claude Font, conseiller<\/p>\n<p>Jean-Paul La\u00eflle, conseiller<\/p>\n<p style=\"text-align: center;\">La r\u00e9union est ouverte \u00e0 14h40<\/p>\n<p><strong>\u00a0<\/strong><\/p>\n<ul>\n<li><strong>Pr\u00e9ambule\u00a0: minute de silence en l\u2019honneur de Samuel Paty<\/strong><\/li>\n<\/ul>\n<p>Une minute de silence a \u00e9t\u00e9 observ\u00e9e en l\u2019honneur de M. Samuel Paty, enseignant sauvagement assassin\u00e9 le 16 octobre 2020 \u00e0 Conflans-Sainte Honorine. Gardons toujours en m\u00e9moire qu\u2019\u00e0 travers lui, par cet acte barbare que rien ne peut justifier, ce sont tous les enseignants qui ont \u00e9t\u00e9 atteints, et au-del\u00e0 les valeurs et les principes fondateurs de la R\u00e9publique. Par ce moment de recueillement, chaque commune de France a pu rappeler son attachement \u00e0 ces principes et l\u2019immense respect d\u00fb \u00e0 celles et \u00e0 ceux qui ont pour mission de former les citoyens de demain.<\/p>\n<ul>\n<li><strong>Discussion crise sanitaire<\/strong><\/li>\n<\/ul>\n<p>La Mairie est ouverte aux heures habituelles. Le public doit porter le masque et appliquer les gestes barri\u00e8res en vigueur.<\/p>\n<ul>\n<li>Des attestations de d\u00e9placement d\u00e9rogatoire sont \u00e0 disposition des r\u00e9sidents du village dans le hall d\u2019entr\u00e9e de la Mairie.<\/li>\n<li>2 masques lavables par personne peuvent \u00eatre retir\u00e9s \u00e0 la Mairie par les habitants en r\u00e9sidence principale. Il est aussi envisag\u00e9 d\u2019apporter ces masques aux personnes qui ont des difficult\u00e9s \u00e0 se d\u00e9placer. Une liste des r\u00e9sidents permanents sera \u00e9tablie sur la base du dernier recensement (S\u00e9verine Margalef et Claude Font).<\/li>\n<\/ul>\n<p>La municipalit\u00e9 activera le service SMS mis en place pour en informer les habitants.<\/p>\n<p>R\u00e9solution approuv\u00e9e \u00e0 l\u2019unanimit\u00e9<\/p>\n<ul>\n<li><strong>Discussion et d\u00e9lib\u00e9ration sur les 3 r\u00e9gies communales<\/strong><\/li>\n<\/ul>\n<p>Il existe trois r\u00e9gies communales\u00a0: locations, photocopies, manifestations diverses<\/p>\n<p>&nbsp;<\/p>\n<ul>\n<li>Locations\u00a0: Prix de location de la salle polyvalente\u00a0: 20\u20ac pour la D\u00e9l\u00e9gation de Service Public du restaurant et pour les habitants du village\u00a0; gratuit pour les associations (ex. Comit\u00e9 des F\u00eates), 60\u20ac pour les personnes externes au village.<\/li>\n<li>R\u00e9vision des prix des photocopies\u00a0\u00e0 la baisse:<\/li>\n<\/ul>\n<p>&nbsp;<\/p>\n<table>\n<tbody>\n<tr>\n<td width=\"327\">Format A4 noir et blanc<\/td>\n<td width=\"196\">0.20\u20ac<\/td>\n<\/tr>\n<tr>\n<td width=\"327\">Format A4 noir et blanc recto-verso<\/td>\n<td width=\"196\">0.30\u20ac<\/td>\n<\/tr>\n<tr>\n<td width=\"327\">Format A4 couleur<\/td>\n<td width=\"196\">0.35\u20ac<\/td>\n<\/tr>\n<tr>\n<td width=\"327\">Format A4 couleur recto-verso<\/td>\n<td width=\"196\">0.60\u20ac<\/td>\n<\/tr>\n<tr>\n<td width=\"327\">Format A3 noir et blanc<\/td>\n<td width=\"196\">0.30\u20ac<\/td>\n<\/tr>\n<tr>\n<td width=\"327\">Format A3 noir et blanc recto-verso<\/td>\n<td width=\"196\">0.60\u20ac<\/td>\n<\/tr>\n<tr>\n<td width=\"327\">Format A3 couleur<\/td>\n<td width=\"196\">0.70\u20ac<\/td>\n<\/tr>\n<tr>\n<td width=\"327\">Format A3 couleur recto-verso<\/td>\n<td width=\"196\">0.90\u20ac<\/td>\n<\/tr>\n<\/tbody>\n<\/table>\n<ul>\n<li>Manifestation diverses\u00a0:<\/li>\n<\/ul>\n<p>Ex\u00a0: Course Hors Stade du 13 juin 2021<\/p>\n<p>R\u00e9solution approuv\u00e9e \u00e0 l\u2019unanimit\u00e9<\/p>\n<p><strong>\u00a0<\/strong><strong>Discussion et d\u00e9lib\u00e9ration pour exploiter l\u2019aubier de tilleul sur les parcelles communales<\/strong><\/p>\n<p>M. T\u00e9nas exploitant forestier de la Commune voisine de Serralongue se propose d\u2019effectuer cette op\u00e9ration au prix\u00a0de 160 \u20ac la tonne d\u2019\u00e9corce. Une convention sera pr\u00e9par\u00e9e entre M. T\u00e9nas et la Mairie.<\/p>\n<p>Conditions\u00a0: pr\u00e9l\u00e8vement de l\u2019\u00e9corce seulement. La coupe sera r\u00e9alis\u00e9e entre fin Mai et d\u00e9but Juillet. Les troncs d\u2019arbre seront laiss\u00e9s sur place pour du bois de chauffage. L\u2019agent municipal pourra le d\u00e9couper et le r\u00e9server pour les locataires des g\u00eetes de la commune et les r\u00e9sidents du village selon la quantit\u00e9 ramass\u00e9e. Les pieds des arbres coup\u00e9s repartiront en taillis.<\/p>\n<p>Information des propri\u00e9taires forestiers du village de cette campagne de pr\u00e9l\u00e8vement de tilleuls\u00a0: ceux qui seront int\u00e9ress\u00e9s pourront se faire conna\u00eetre \u00e0 la Mairie ou entrer en contact directement avec Mr T\u00e9nas.<\/p>\n<p>L\u2019information sera assur\u00e9e par affichage\u00a0en Mairie et sur la place du village.<\/p>\n<p>R\u00e9solution approuv\u00e9e \u00e0 l\u2019unanimit\u00e9<\/p>\n<ul>\n<li><strong>Discussion et d\u00e9lib\u00e9ration pour une commande \u00e0 la p\u00e9pini\u00e8re d\u00e9partementale<\/strong><\/li>\n<\/ul>\n<p><strong>\u00a0<\/strong>Le dossier de commande de plants gratuits \u00e0 la p\u00e9pini\u00e8re d\u00e9partementale doit comprendre\u00a0:<\/p>\n<ul>\n<li>Une lettre de demande \u00e0 Mme la Pr\u00e9sidente du D\u00e9partement<\/li>\n<li>Un calendrier de r\u00e9alisation de l\u2019op\u00e9ration<\/li>\n<li>Un projet d\u2019embellissement pr\u00e9cisant les zonages des terrains de destination<\/li>\n<li>Une d\u00e9lib\u00e9ration du Conseil Municipal l\u00e9galis\u00e9 par les services de la pr\u00e9fecture<\/li>\n<\/ul>\n<p>&nbsp;<\/p>\n<p>Apr\u00e8s discussion, le choix des essences arbustives et arbor\u00e9es a \u00e9t\u00e9 effectu\u00e9 sur la liste fournie par le Conseil D\u00e9partemental 66.<\/p>\n<p>R\u00e9solution approuv\u00e9e \u00e0 l\u2019unanimit\u00e9<\/p>\n<p>&nbsp;<\/p>\n<ul>\n<li><strong>Discussion et d\u00e9lib\u00e9ration pour le Pla\u00e7ot (\u00e9tanch\u00e9it\u00e9 du toit)<\/strong><\/li>\n<\/ul>\n<p><strong>\u00a0<\/strong><\/p>\n<p>Mme le Maire et les adjoints ont re\u00e7u le CAUE (Conseil d\u2019Architecture, d\u2019Urbanisme et de l\u2019environnement) pour des conseils sur la r\u00e9habilitation du Pla\u00e7ot et les projets d\u2019am\u00e9nagement du village.<\/p>\n<p>Un rapport de cette visite sera adress\u00e9 \u00e0 la municipalit\u00e9.<\/p>\n<p>Il est apparu qu\u2019une op\u00e9ration primordiale est \u00e0 mettre en \u0153uvre rapidement\u00a0: <u>l\u2019\u00e9tanch\u00e9it\u00e9 du toit, \u00e0 confier \u00e0 un professionnel sp\u00e9cialiste<\/u>.<\/p>\n<p>La municipalit\u00e9 contactera des professionnels dans ce domaine pour avis technique et devis.<\/p>\n<p>R\u00e9solution approuv\u00e9e \u00e0 l\u2019unanimit\u00e9<\/p>\n<ul>\n<li><strong>Information et discussion des subventions temp\u00eate Gloria<\/strong><\/li>\n<\/ul>\n<p><strong>\u00a0<\/strong><\/p>\n<p>Cette information portait sur les subventions demand\u00e9es pour des travaux sur les pistes communales du village, \u00e0 la suite de la temp\u00eate GLORIA. Pour rappel la somme totale pr\u00e9vue des travaux \u00e9tait de 50000\u20ac.<\/p>\n<ul>\n<li>Notification d\u2019une subvention de l\u2019\u00e9tat de 22500\u20ac soit 45% des travaux.<\/li>\n<li>D\u2019autres subventions du d\u00e9partement et de la R\u00e9gion sont en attente<\/li>\n<\/ul>\n<p>La municipalit\u00e9 ne peut pas s\u2019engager sur ces travaux sans conna\u00eetre la totalit\u00e9 des subventions qui vont \u00eatre attribu\u00e9es par le d\u00e9partement et la R\u00e9gion.<\/p>\n<ul>\n<li><strong>D\u00e9nomination du sentier du point le plus au Sud de France<\/strong><\/li>\n<\/ul>\n<p>Le sentier qui part du village passe par le Col de las Falgu\u00e8res, puis le point le plus au Sud de France, le Col de Malrems et retour au village vient d\u2019\u00eatre consid\u00e9r\u00e9 d\u2019int\u00e9r\u00eat communautaire et sera int\u00e9gr\u00e9 au Plan D\u00e9partemental des Itin\u00e9raires, promenades et Randonn\u00e9es (PDIPR) d\u00e8s que son conventionnement sera termin\u00e9 (il ne manque \u00e0 cette date qu\u2019une seule signature, le propri\u00e9taire contact\u00e9 par la Mairie a promis d\u2019envoyer sa signature).<\/p>\n<p><em>\u00a0<\/em>Choix du nom:<em>\u00a0\u00ab\u00a0La boucle du Point le plus au sud de France Continentale\u00a0\u00bb<\/em><\/p>\n<p>R\u00e9solution approuv\u00e9e \u00e0 l\u2019unanimit\u00e9<\/p>\n<ul>\n<li><strong>Elagage des platanes, ch\u00e2taigniers\u2026<\/strong><\/li>\n<\/ul>\n<p>Cet \u00e9lagage concerne les platanes de la Place et de la Font de Dalt et les branches mortes du grand ch\u00e2taignier pr\u00e8s du terrain de jeu face au village. Un professionnel sera contact\u00e9 pour r\u00e9aliser ce travail.<\/p>\n<p>R\u00e9solution approuv\u00e9e \u00e0 l\u2019unanimit\u00e9<\/p>\n<ul>\n<li><strong>Pr\u00e9paration du 1<sup>er<\/sup> bulletin municipal pour distribution en d\u00e9cembre<\/strong><\/li>\n<\/ul>\n<p><strong>\u00a0<\/strong>Jean Paul La\u00eflle pr\u00e9sente une premi\u00e8re mouture sur un format de 2 feuilles A4 recto-verso. Cette premi\u00e8re version devra \u00eatre compl\u00e9t\u00e9e, toute suggestion de modification et d\u2019am\u00e9lioration de ce document sera bienvenue.<\/p>\n<ul>\n<li><strong>Site internet\u00a0: rubrique petites annonces.<\/strong><\/li>\n<\/ul>\n<p><strong>\u00a0<\/strong>Si cette rubrique pr\u00e9sente de l\u2019int\u00e9r\u00eat et est utilis\u00e9e, elle pourra \u00eatre conserv\u00e9e. Cette exp\u00e9rience sera poursuivie quelques mois.<\/p>\n<p>R\u00e9solution approuv\u00e9e \u00e0 l\u2019unanimit\u00e9<\/p>\n<ul>\n<li><strong>Information Parcelle B 91 appartenant \u00e0 Mme Poyatos et ses enfants<\/strong><\/li>\n<\/ul>\n<p>\u00c0 la suite de l\u2019accord pass\u00e9 entre les acqu\u00e9reurs et les propri\u00e9taires, le g\u00e9om\u00e8tre a proc\u00e9d\u00e9 \u00e0 la division de la parcelle ce 5 \/11\/2020.<\/p>\n<ul>\n<li>La Municipalit\u00e9 au nom de la Commune a accept\u00e9 de partager cette parcelle avec M. Benjamin Margalef.<\/li>\n<li>Elle a convenu que le mur de sout\u00e8nement de la limite de parcelle de M. Margalef serait en propri\u00e9t\u00e9 mitoyenne avec la Commune. En cons\u00e9quence, l\u2019entretien de ce mur incombera pour moiti\u00e9 \u00e0 la Commune et \u00e0 M. Margalef.<\/li>\n<li>La Municipalit\u00e9 a accept\u00e9 de prendre en charge la totalit\u00e9 des frais de g\u00e9om\u00e8tre.<\/li>\n<\/ul>\n<p>&nbsp;<\/p>\n<ul>\n<li><strong>Questions diverses<\/strong><\/li>\n<\/ul>\n<p>&nbsp;<\/p>\n<ul>\n<li>Les frelons\u00a0: demande de r\u00e9sidents des \u00e9carts du village d\u2019intervenir sur 2 nids de frelons qui exterminent des ruches. Apr\u00e8s information il s\u2019av\u00e8re que les pompiers n\u2019interviennent plus sur cette mission. Il faut s\u2019adresser \u00e0 des professionnels sp\u00e9cialis\u00e9s qu\u2019il faut r\u00e9mun\u00e9rer (120 \u20ac sur le premier nid, 80 \u00e0 90\u20ac sur les nids suivants).<\/li>\n<\/ul>\n<p>Cette question est \u00e0 l\u2019\u00e9tude au niveau de la CCHV. Apr\u00e8s discussion en bureau des Maires, la CCHV propose d\u2019\u00e9tudier un budget \u00e0 ce sujet l\u2019ann\u00e9e prochaine.<\/p>\n<p>La municipalit\u00e9 propose de prendre en charge la moiti\u00e9 des frais avec les propri\u00e9taires concern\u00e9s cette ann\u00e9e.<\/p>\n<p>R\u00e9solution approuv\u00e9e \u00e0 l\u2019unanimit\u00e9<\/p>\n<ul>\n<li>Compte rendu de la commission culture, catalanit\u00e9, patrimoine.<\/li>\n<\/ul>\n<p>La municipalit\u00e9 doit r\u00e9pondre au questionnaire propos\u00e9 afin de d\u00e9clarer nos int\u00e9r\u00eats culturels ainsi que les patrimoines immobilier et mobilier que nous voulons restaurer. Des Tiers Lieux devront \u00eatre identifi\u00e9s.<\/p>\n<ul>\n<li>Prochaine r\u00e9union du Conseil Municipal<\/li>\n<\/ul>\n<p style=\"text-align: center;\"><strong>Elle a \u00e9t\u00e9 fix\u00e9e le Jeudi 17 d\u00e9cembre 2020 \u00e0 14h30<\/strong><\/p>\n<p>&nbsp;<\/p>\n<p style=\"text-align: center;\">La s\u00e9ance a \u00e9t\u00e9 lev\u00e9e \u00e0 17h43<\/p>\n<p><a href=\"https:\/\/lamanere.fr\/wp-content\/uploads\/2020\/11\/Compte-rendu-CM-11-novembre-2020_v1.docx\">Compte rendu CM 11 novembre 2020_v1<\/a><\/p>","protected":false},"excerpt":{"rendered":"<p>Sorry, this entry is only available in French. \u00a0Compte rendu de la r\u00e9union du Conseil Municipal de Laman\u00e8re du mercredi 11 novembre 2020 \u00e0 14h30 \u00a0 \u00a0 Secr\u00e9taire de s\u00e9ance\u00a0: Jean Paul La\u00eflle Pr\u00e9sents\u00a0: Mme Gis\u00e8le Juanole, Maire Jacky Pujol,&hellip; <a href=\"https:\/\/lamanere.fr\/en\/2020\/11\/20\/compte-rendu-du-conseil-municipal-du-11-novembre-2020\/\" class=\"more-link\">Continue Reading <span class=\"meta-nav\">&rarr;<\/span><\/a><\/p>\n","protected":false},"author":2,"featured_media":0,"comment_status":"open","ping_status":"open","sticky":false,"template":"","format":"standard","meta":{"footnotes":""},"categories":[77,74],"tags":[],"yoast_head":"<!-- This site is optimized with the Yoast SEO plugin v27.4 - https:\/\/yoast.com\/product\/yoast-seo-wordpress\/ -->\n<title><\/title>\n<meta name=\"robots\" content=\"index, follow, max-snippet:-1, max-image-preview:large, max-video-preview:-1\" \/>\n<link rel=\"canonical\" href=\"https:\/\/lamanere.fr\/2020\/11\/20\/compte-rendu-du-conseil-municipal-du-11-novembre-2020\/\" \/>\n<meta property=\"og:locale\" content=\"en_US\" \/>\n<meta property=\"og:type\" content=\"article\" \/>\n<meta property=\"og:title\" content=\"[:fr]COMPTE RENDU DU CONSEIL MUNICIPAL du 11 novembre 2020[:] - Laman\u00e8re - Official Site of the Municipality\" \/>\n<meta property=\"og:description\" content=\"Sorry, this entry is only available in French. \u00a0Compte rendu de la r\u00e9union du Conseil Municipal de Laman\u00e8re du mercredi 11 novembre 2020 \u00e0 14h30 \u00a0 \u00a0 Secr\u00e9taire de s\u00e9ance\u00a0: Jean Paul La\u00eflle Pr\u00e9sents\u00a0: Mme Gis\u00e8le Juanole, Maire Jacky Pujol,&hellip; Continue Reading &rarr;\" \/>\n<meta property=\"og:url\" content=\"https:\/\/lamanere.fr\/2020\/11\/20\/compte-rendu-du-conseil-municipal-du-11-novembre-2020\/\" \/>\n<meta property=\"og:site_name\" content=\"Laman\u00e8re - Official Site of the Municipality\" \/>\n<meta property=\"article:publisher\" content=\"https:\/\/www.facebook.com\/lamanere\" \/>\n<meta property=\"article:published_time\" content=\"2020-11-20T20:04:03+00:00\" \/>\n<meta property=\"article:modified_time\" content=\"2020-11-20T20:15:48+00:00\" \/>\n<meta name=\"author\" content=\"Mairie de Laman\u00e8re\" \/>\n<meta name=\"twitter:card\" content=\"summary_large_image\" \/>\n<meta name=\"twitter:label1\" content=\"Written by\" \/>\n\t<meta name=\"twitter:data1\" content=\"Mairie de Laman\u00e8re\" \/>\n\t<meta name=\"twitter:label2\" content=\"Est. reading time\" \/>\n\t<meta name=\"twitter:data2\" content=\"7 minutes\" \/>\n<script type=\"application\/ld+json\" class=\"yoast-schema-graph\">{\"@context\":\"https:\\\/\\\/schema.org\",\"@graph\":[{\"@type\":\"Article\",\"@id\":\"https:\\\/\\\/lamanere.fr\\\/2020\\\/11\\\/20\\\/compte-rendu-du-conseil-municipal-du-11-novembre-2020\\\/#article\",\"isPartOf\":{\"@id\":\"https:\\\/\\\/lamanere.fr\\\/2020\\\/11\\\/20\\\/compte-rendu-du-conseil-municipal-du-11-novembre-2020\\\/\"},\"author\":{\"name\":\"Mairie de Laman\u00e8re\",\"@id\":\"https:\\\/\\\/lamanere.fr\\\/#\\\/schema\\\/person\\\/b26317ee332d7f6bfb5bff1394da6e59\"},\"headline\":\"COMPTE RENDU DU CONSEIL MUNICIPAL du 11 novembre 2020\",\"datePublished\":\"2020-11-20T20:04:03+00:00\",\"dateModified\":\"2020-11-20T20:15:48+00:00\",\"mainEntityOfPage\":{\"@id\":\"https:\\\/\\\/lamanere.fr\\\/2020\\\/11\\\/20\\\/compte-rendu-du-conseil-municipal-du-11-novembre-2020\\\/\"},\"wordCount\":1474,\"commentCount\":1,\"publisher\":{\"@id\":\"https:\\\/\\\/lamanere.fr\\\/#organization\"},\"articleSection\":[\"Comptes Rendus\",\"Municipalit\u00e9\"],\"inLanguage\":\"en-US\",\"potentialAction\":[{\"@type\":\"CommentAction\",\"name\":\"Comment\",\"target\":[\"https:\\\/\\\/lamanere.fr\\\/2020\\\/11\\\/20\\\/compte-rendu-du-conseil-municipal-du-11-novembre-2020\\\/#respond\"]}]},{\"@type\":\"WebPage\",\"@id\":\"https:\\\/\\\/lamanere.fr\\\/2020\\\/11\\\/20\\\/compte-rendu-du-conseil-municipal-du-11-novembre-2020\\\/\",\"url\":\"https:\\\/\\\/lamanere.fr\\\/2020\\\/11\\\/20\\\/compte-rendu-du-conseil-municipal-du-11-novembre-2020\\\/\",\"name\":\"[:fr]COMPTE RENDU DU CONSEIL MUNICIPAL du 11 novembre 2020[:] - Laman\u00e8re - Official Site of the Municipality\",\"isPartOf\":{\"@id\":\"https:\\\/\\\/lamanere.fr\\\/#website\"},\"datePublished\":\"2020-11-20T20:04:03+00:00\",\"dateModified\":\"2020-11-20T20:15:48+00:00\",\"breadcrumb\":{\"@id\":\"https:\\\/\\\/lamanere.fr\\\/2020\\\/11\\\/20\\\/compte-rendu-du-conseil-municipal-du-11-novembre-2020\\\/#breadcrumb\"},\"inLanguage\":\"en-US\",\"potentialAction\":[{\"@type\":\"ReadAction\",\"target\":[\"https:\\\/\\\/lamanere.fr\\\/2020\\\/11\\\/20\\\/compte-rendu-du-conseil-municipal-du-11-novembre-2020\\\/\"]}]},{\"@type\":\"BreadcrumbList\",\"@id\":\"https:\\\/\\\/lamanere.fr\\\/2020\\\/11\\\/20\\\/compte-rendu-du-conseil-municipal-du-11-novembre-2020\\\/#breadcrumb\",\"itemListElement\":[{\"@type\":\"ListItem\",\"position\":1,\"name\":\"Accueil\",\"item\":\"https:\\\/\\\/lamanere.fr\\\/\"},{\"@type\":\"ListItem\",\"position\":2,\"name\":\"COMPTE RENDU DU CONSEIL MUNICIPAL du 11 novembre 2020\"}]},{\"@type\":\"WebSite\",\"@id\":\"https:\\\/\\\/lamanere.fr\\\/#website\",\"url\":\"https:\\\/\\\/lamanere.fr\\\/\",\"name\":\"Laman\u00e8re - Official Site of the Municipality\",\"description\":\"Southernmost village in mainland France\",\"publisher\":{\"@id\":\"https:\\\/\\\/lamanere.fr\\\/#organization\"},\"potentialAction\":[{\"@type\":\"SearchAction\",\"target\":{\"@type\":\"EntryPoint\",\"urlTemplate\":\"https:\\\/\\\/lamanere.fr\\\/?s={search_term_string}\"},\"query-input\":{\"@type\":\"PropertyValueSpecification\",\"valueRequired\":true,\"valueName\":\"search_term_string\"}}],\"inLanguage\":\"en-US\"},{\"@type\":\"Organization\",\"@id\":\"https:\\\/\\\/lamanere.fr\\\/#organization\",\"name\":\"Commune de Laman\u00e8re\",\"url\":\"https:\\\/\\\/lamanere.fr\\\/\",\"logo\":{\"@type\":\"ImageObject\",\"inLanguage\":\"en-US\",\"@id\":\"https:\\\/\\\/lamanere.fr\\\/#\\\/schema\\\/logo\\\/image\\\/\",\"url\":\"https:\\\/\\\/lamanere.fr\\\/wp-content\\\/uploads\\\/2020\\\/09\\\/logo2-149.jpg\",\"contentUrl\":\"https:\\\/\\\/lamanere.fr\\\/wp-content\\\/uploads\\\/2020\\\/09\\\/logo2-149.jpg\",\"width\":149,\"height\":146,\"caption\":\"Commune de Laman\u00e8re\"},\"image\":{\"@id\":\"https:\\\/\\\/lamanere.fr\\\/#\\\/schema\\\/logo\\\/image\\\/\"},\"sameAs\":[\"https:\\\/\\\/www.facebook.com\\\/lamanere\",\"https:\\\/\\\/fr.wikipedia.org\\\/wiki\\\/Laman\u00e8re\"]},{\"@type\":\"Person\",\"@id\":\"https:\\\/\\\/lamanere.fr\\\/#\\\/schema\\\/person\\\/b26317ee332d7f6bfb5bff1394da6e59\",\"name\":\"Mairie de Laman\u00e8re\",\"image\":{\"@type\":\"ImageObject\",\"inLanguage\":\"en-US\",\"@id\":\"https:\\\/\\\/secure.gravatar.com\\\/avatar\\\/951e9da0a291f11d14b93bccd2d18cab?s=96&d=mm&r=g\",\"url\":\"https:\\\/\\\/secure.gravatar.com\\\/avatar\\\/951e9da0a291f11d14b93bccd2d18cab?s=96&d=mm&r=g\",\"contentUrl\":\"https:\\\/\\\/secure.gravatar.com\\\/avatar\\\/951e9da0a291f11d14b93bccd2d18cab?s=96&d=mm&r=g\",\"caption\":\"Mairie de Laman\u00e8re\"},\"url\":\"https:\\\/\\\/lamanere.fr\\\/en\\\/author\\\/jean-paul\\\/\"}]}<\/script>\n<!-- \/ Yoast SEO plugin. -->","yoast_head_json":{"title":"[:fr]COMPTE RENDU DU CONSEIL MUNICIPAL du 11 novembre 2020[:] - Laman\u00e8re - Official Site of the Municipality","robots":{"index":"index","follow":"follow","max-snippet":"max-snippet:-1","max-image-preview":"max-image-preview:large","max-video-preview":"max-video-preview:-1"},"canonical":"https:\/\/lamanere.fr\/2020\/11\/20\/compte-rendu-du-conseil-municipal-du-11-novembre-2020\/","og_locale":"en_US","og_type":"article","og_title":"[:fr]COMPTE RENDU DU CONSEIL MUNICIPAL du 11 novembre 2020[:] - Laman\u00e8re - Official Site of the Municipality","og_description":"Sorry, this entry is only available in French. \u00a0Compte rendu de la r\u00e9union du Conseil Municipal de Laman\u00e8re du mercredi 11 novembre 2020 \u00e0 14h30 \u00a0 \u00a0 Secr\u00e9taire de s\u00e9ance\u00a0: Jean Paul La\u00eflle Pr\u00e9sents\u00a0: Mme Gis\u00e8le Juanole, Maire Jacky Pujol,&hellip; Continue Reading &rarr;","og_url":"https:\/\/lamanere.fr\/2020\/11\/20\/compte-rendu-du-conseil-municipal-du-11-novembre-2020\/","og_site_name":"Laman\u00e8re - Official Site of the Municipality","article_publisher":"https:\/\/www.facebook.com\/lamanere","article_published_time":"2020-11-20T20:04:03+00:00","article_modified_time":"2020-11-20T20:15:48+00:00","author":"Mairie de Laman\u00e8re","twitter_card":"summary_large_image","twitter_misc":{"Written by":"Mairie de Laman\u00e8re","Est. reading time":"7 minutes"},"schema":{"@context":"https:\/\/schema.org","@graph":[{"@type":"Article","@id":"https:\/\/lamanere.fr\/2020\/11\/20\/compte-rendu-du-conseil-municipal-du-11-novembre-2020\/#article","isPartOf":{"@id":"https:\/\/lamanere.fr\/2020\/11\/20\/compte-rendu-du-conseil-municipal-du-11-novembre-2020\/"},"author":{"name":"Mairie de Laman\u00e8re","@id":"https:\/\/lamanere.fr\/#\/schema\/person\/b26317ee332d7f6bfb5bff1394da6e59"},"headline":"COMPTE RENDU DU CONSEIL MUNICIPAL du 11 novembre 2020","datePublished":"2020-11-20T20:04:03+00:00","dateModified":"2020-11-20T20:15:48+00:00","mainEntityOfPage":{"@id":"https:\/\/lamanere.fr\/2020\/11\/20\/compte-rendu-du-conseil-municipal-du-11-novembre-2020\/"},"wordCount":1474,"commentCount":1,"publisher":{"@id":"https:\/\/lamanere.fr\/#organization"},"articleSection":["Comptes Rendus","Municipalit\u00e9"],"inLanguage":"en-US","potentialAction":[{"@type":"CommentAction","name":"Comment","target":["https:\/\/lamanere.fr\/2020\/11\/20\/compte-rendu-du-conseil-municipal-du-11-novembre-2020\/#respond"]}]},{"@type":"WebPage","@id":"https:\/\/lamanere.fr\/2020\/11\/20\/compte-rendu-du-conseil-municipal-du-11-novembre-2020\/","url":"https:\/\/lamanere.fr\/2020\/11\/20\/compte-rendu-du-conseil-municipal-du-11-novembre-2020\/","name":"[:fr]COMPTE RENDU DU CONSEIL MUNICIPAL du 11 novembre 2020[:] - Laman\u00e8re - Official Site of the Municipality","isPartOf":{"@id":"https:\/\/lamanere.fr\/#website"},"datePublished":"2020-11-20T20:04:03+00:00","dateModified":"2020-11-20T20:15:48+00:00","breadcrumb":{"@id":"https:\/\/lamanere.fr\/2020\/11\/20\/compte-rendu-du-conseil-municipal-du-11-novembre-2020\/#breadcrumb"},"inLanguage":"en-US","potentialAction":[{"@type":"ReadAction","target":["https:\/\/lamanere.fr\/2020\/11\/20\/compte-rendu-du-conseil-municipal-du-11-novembre-2020\/"]}]},{"@type":"BreadcrumbList","@id":"https:\/\/lamanere.fr\/2020\/11\/20\/compte-rendu-du-conseil-municipal-du-11-novembre-2020\/#breadcrumb","itemListElement":[{"@type":"ListItem","position":1,"name":"Accueil","item":"https:\/\/lamanere.fr\/"},{"@type":"ListItem","position":2,"name":"COMPTE RENDU DU CONSEIL MUNICIPAL du 11 novembre 2020"}]},{"@type":"WebSite","@id":"https:\/\/lamanere.fr\/#website","url":"https:\/\/lamanere.fr\/","name":"Laman\u00e8re - Official Site of the Municipality","description":"Southernmost village in mainland France","publisher":{"@id":"https:\/\/lamanere.fr\/#organization"},"potentialAction":[{"@type":"SearchAction","target":{"@type":"EntryPoint","urlTemplate":"https:\/\/lamanere.fr\/?s={search_term_string}"},"query-input":{"@type":"PropertyValueSpecification","valueRequired":true,"valueName":"search_term_string"}}],"inLanguage":"en-US"},{"@type":"Organization","@id":"https:\/\/lamanere.fr\/#organization","name":"Commune de Laman\u00e8re","url":"https:\/\/lamanere.fr\/","logo":{"@type":"ImageObject","inLanguage":"en-US","@id":"https:\/\/lamanere.fr\/#\/schema\/logo\/image\/","url":"https:\/\/lamanere.fr\/wp-content\/uploads\/2020\/09\/logo2-149.jpg","contentUrl":"https:\/\/lamanere.fr\/wp-content\/uploads\/2020\/09\/logo2-149.jpg","width":149,"height":146,"caption":"Commune de Laman\u00e8re"},"image":{"@id":"https:\/\/lamanere.fr\/#\/schema\/logo\/image\/"},"sameAs":["https:\/\/www.facebook.com\/lamanere","https:\/\/fr.wikipedia.org\/wiki\/Laman\u00e8re"]},{"@type":"Person","@id":"https:\/\/lamanere.fr\/#\/schema\/person\/b26317ee332d7f6bfb5bff1394da6e59","name":"Mairie de Laman\u00e8re","image":{"@type":"ImageObject","inLanguage":"en-US","@id":"https:\/\/secure.gravatar.com\/avatar\/951e9da0a291f11d14b93bccd2d18cab?s=96&d=mm&r=g","url":"https:\/\/secure.gravatar.com\/avatar\/951e9da0a291f11d14b93bccd2d18cab?s=96&d=mm&r=g","contentUrl":"https:\/\/secure.gravatar.com\/avatar\/951e9da0a291f11d14b93bccd2d18cab?s=96&d=mm&r=g","caption":"Mairie de Laman\u00e8re"},"url":"https:\/\/lamanere.fr\/en\/author\/jean-paul\/"}]}},"_links":{"self":[{"href":"https:\/\/lamanere.fr\/en\/wp-json\/wp\/v2\/posts\/1121"}],"collection":[{"href":"https:\/\/lamanere.fr\/en\/wp-json\/wp\/v2\/posts"}],"about":[{"href":"https:\/\/lamanere.fr\/en\/wp-json\/wp\/v2\/types\/post"}],"author":[{"embeddable":true,"href":"https:\/\/lamanere.fr\/en\/wp-json\/wp\/v2\/users\/2"}],"replies":[{"embeddable":true,"href":"https:\/\/lamanere.fr\/en\/wp-json\/wp\/v2\/comments?post=1121"}],"version-history":[{"count":3,"href":"https:\/\/lamanere.fr\/en\/wp-json\/wp\/v2\/posts\/1121\/revisions"}],"predecessor-version":[{"id":1125,"href":"https:\/\/lamanere.fr\/en\/wp-json\/wp\/v2\/posts\/1121\/revisions\/1125"}],"wp:attachment":[{"href":"https:\/\/lamanere.fr\/en\/wp-json\/wp\/v2\/media?parent=1121"}],"wp:term":[{"taxonomy":"category","embeddable":true,"href":"https:\/\/lamanere.fr\/en\/wp-json\/wp\/v2\/categories?post=1121"},{"taxonomy":"post_tag","embeddable":true,"href":"https:\/\/lamanere.fr\/en\/wp-json\/wp\/v2\/tags?post=1121"}],"curies":[{"name":"wp","href":"https:\/\/api.w.org\/{rel}","templated":true}]}}