{"id":1418,"date":"2021-03-02T21:08:00","date_gmt":"2021-03-02T20:08:00","guid":{"rendered":"https:\/\/lamanere.fr\/?p=1418"},"modified":"2021-03-02T21:08:00","modified_gmt":"2021-03-02T20:08:00","slug":"compte-rendu-de-la-reunion-de-la-commission-tourisme-vert-sentiers-course-du-25-fevrier-2021","status":"publish","type":"post","link":"https:\/\/lamanere.fr\/en\/2021\/03\/02\/compte-rendu-de-la-reunion-de-la-commission-tourisme-vert-sentiers-course-du-25-fevrier-2021\/","title":{"rendered":"Compte rendu de la r\u00e9union de la commission Tourisme vert, Sentiers, Course du 25 f\u00e9vrier 2021"},"content":{"rendered":"<p class=\"qtranxs-available-languages-message qtranxs-available-languages-message-en\">Sorry, this entry is only available in <a href=\"https:\/\/lamanere.fr\/fr\/wp-json\/wp\/v2\/posts\/1418\" class=\"qtranxs-available-language-link qtranxs-available-language-link-fr\" title=\"Fran\u00e7ais\">French<\/a>.<\/p><p><strong>R\u00e9union Commission Tourisme vert, Sentiers, Course<\/strong><\/p>\n<p>Jeudi 25 f\u00e9vrier 17h15<\/p>\n<p>Pr\u00e9sents\u00a0: Gis\u00e8le Juanole (maire), G\u00e9rard Gourbal, Francis Arnal, Jean Fourcade, Jean Pierre Cruzet<\/p>\n<p><strong><u>Course du 13 juin<\/u><\/strong><\/p>\n<p>En raison de la programmation des \u00e9lections r\u00e9gionales et d\u00e9partementales le 13 juin et apr\u00e8s avoir fait le constat que de nombreux organisateurs de cette course seraient occup\u00e9s par les \u00e9lections, il a \u00e9t\u00e9 d\u00e9cid\u00e9 de demander un report de la course.<\/p>\n<p>Apr\u00e8s une analyse du calendrier, il nous a sembl\u00e9 que d\u00e9placer la course le dimanche 29 ao\u00fbt serait la meilleure solution.<\/p>\n<p>En effet, aucune course de montagne programm\u00e9e ce jour , et un d\u00e9lai plus long pour voir l\u2019\u00e9volution de la situation sanitaire.<\/p>\n<p>Une demande a \u00e9t\u00e9 faite en ce sens au responsable des courses d\u00e9partementales (Comit\u00e9 D\u00e9partemental Running 66)<\/p>\n<p><strong>Le lendemain, nous avons appris par le Comit\u00e9 D\u00e9partemental Running 66, que notre demande a \u00e9t\u00e9 accept\u00e9e, la date de la course \u00e0 retenir est donc le dimanche 29 ao\u00fbt 2021.<\/strong><\/p>\n<p><strong><u>Randonn\u00e9e point le plus au sud<\/u><\/strong><\/p>\n<p>Nous pouvons nous r\u00e9jouir que tous les propri\u00e9taires concern\u00e9s ont sign\u00e9 la convention de passage.<\/p>\n<p>Avec ces conventions, l\u2019inscription de cette randonn\u00e9e au PDIPR a \u00e9t\u00e9 valid\u00e9e par la ComCom du haut Vallespir.<\/p>\n<p>Cela signifie que la ComCom va baliser cette randonn\u00e9e et entretenir le chemin.<\/p>\n<p>Plusieurs relances ont \u00e9t\u00e9 faites \u00e0 ce sujet par Gis\u00e9le et Jean Pierre pour conna\u00eetre la date du d\u00e9but des travaux.<\/p>\n<p>Une nouvelle relance par Jean Pierre a \u00e9t\u00e9 programm\u00e9e pour la mi mars, l\u2019objectif restant que cette rando symbolique pour notre commune soit balis\u00e9e et propos\u00e9e officiellement pour ce printemps.<\/p>\n<p><strong>Le lendemain, un mail du technicien de la ComCom nous annon\u00e7ait le d\u00e9but des travaux de balisage, lundi 1 mars<\/strong><\/p>\n<p>Premier tron\u00e7on, Laman\u00e8re, St Christine, col de la Falgu\u00e9res.<\/p>\n<p>Des b\u00e9n\u00e9voles accompagnateurs seront n\u00e9cessaires pour le tron\u00e7on du ComaN\u00e9gra (voir la date avec le technicien)<\/p>\n<p><strong><u>Circuit VTT Boucle du Pla de Castell<\/u><\/strong><\/p>\n<p>Cette boucle a aussi \u00e9t\u00e9 retenue par la ComCom.<\/p>\n<p>Pour qu\u2019elle soit inscrite au PDIPR, il va falloir faire signer la convention par les propri\u00e9taires concern\u00e9s par le trac\u00e9.<\/p>\n<p>Apr\u00e8s recensement il y a 5 propri\u00e9taires<\/p>\n<p>De la m\u00eame fa\u00e7on, la ComCom balisera et entretiendra ce circuit.<\/p>\n<p>Jean Pierre \u00e9ditera le circuit sur la carte IGN pour pr\u00e9senter aux propri\u00e9taires le circuit au moment de la signature de la convention.<\/p>\n<p><strong><u>Autres randonn\u00e9es<\/u><\/strong><\/p>\n<p>Se pose la question de la promotion et de la mise en valeur de nos autres randonn\u00e9es d\u00e9j\u00e0 pr\u00e9sentes sur la commune, les itin\u00e9raires de promenade et de randonn\u00e9e\u201cPR\u201d balis\u00e9es par un rectangle jaune et les autres.<\/p>\n<p>St Christine, Nd du Coral, Les tours de Cabrens, les cols frontaliers etc.<\/p>\n<p>&#8211; Il a \u00e9t\u00e9 propos\u00e9 d\u2019am\u00e9liorer le panneau \u00e0 cot\u00e9 du totem au niveau du parking.<\/p>\n<p>Mettre sur le toit en bois une indication\u00a0:<\/p>\n<p><strong><em>\u00ab\u00a0 Vous \u00eates au village le plus au sud de la France continentale\u00a0\u00bb<\/em><\/strong><\/p>\n<p>En effet beaucoup de randonneurs se posent la question\u00a0: pourquoi ce totem\u00a0?<\/p>\n<p>&#8211; Sur le panneau l\u2019id\u00e9e serait de faire une carte reprenant toutes les randos pr\u00e9sentent sur le village.<\/p>\n<p>Avec des indications pour chaque randonn\u00e9e\u00a0: kilom\u00e9trage, temps, d\u00e9nivel\u00e9, difficult\u00e9 etc..<\/p>\n<p>Il faut r\u00e9fl\u00e9chir \u00e0 cette carte, voir avec la ComCom si elle peut l\u2019imprimer. Gis\u00e9le doit se renseigner aupr\u00e8s du service SIG.<\/p>\n<p>&#8211; A c\u00f4t\u00e9 de chaque randonn\u00e9e, un flash code pourrait \u00eatre ajout\u00e9, chaque randonneur pourra \u00e0 partir de ce flash code t\u00e9l\u00e9charger sur son t\u00e9l\u00e9phone, le descriptif de l\u2019itin\u00e9raire et le fichier GPX pour suivre les points du circuit.<\/p>\n<p>Un test a \u00e9t\u00e9 r\u00e9alis\u00e9 avec la cr\u00e9ation d\u2019un flash code et cela fonctionne parfaitement.<\/p>\n<p>&#8211; d\u2019autres circuits sont en r\u00e9flexion, notamment celui qui pourrait amener \u00e0 un puits \u00e0 glace d\u00e9couvert par Jean Fourcade sur le chemin du Pla de Castell. Cette originalit\u00e9 pourrait \u00eatre mise en valeur et propos\u00e9e avec des \u00e9l\u00e9ments historiques \u00e0 rechercher.<\/p>\n<p>&#8211; Gis\u00e9le propose aussi la r\u00e9alisation sur un circuit d\u00e9j\u00e0 pr\u00e9sent d\u2019un sentier botanique. R\u00e9flexion avec la ComCom<\/p>\n<p>&#8211; Enfin Gis\u00e9le projette la cr\u00e9ation avec la commission culture locale et celle de la ComCom, d\u2019un sentier sculptural.<\/p>\n<p>Des artistes r\u00e9alisent leur sculpture sur place avec de la mati\u00e8re propos\u00e9e par les organisateurs et s\u2019engagent \u00e0 laisser leur \u0153uvre sur place.<\/p>\n<p>L\u2019id\u00e9e serait d\u2019utiliser le tour du village pour pr\u00e9senter ces \u0153uvres.<\/p>\n<p>Des projets en gestation, d\u2019autres bien avanc\u00e9s\u2026<\/p>\n<p>A votre \u00e9coute pour des r\u00e9flexions et id\u00e9es suppl\u00e9mentaires ..<\/p>\n<p>Merci<\/p>\n<p>Fin de la r\u00e9union \u00e0 19h30.<\/p>","protected":false},"excerpt":{"rendered":"<p>Sorry, this entry is only available in French.R\u00e9union Commission Tourisme vert, Sentiers, Course Jeudi 25 f\u00e9vrier 17h15 Pr\u00e9sents\u00a0: Gis\u00e8le Juanole (maire), G\u00e9rard Gourbal, Francis Arnal, Jean Fourcade, Jean Pierre Cruzet Course du 13 juin En raison de la programmation des&hellip; <a href=\"https:\/\/lamanere.fr\/en\/2021\/03\/02\/compte-rendu-de-la-reunion-de-la-commission-tourisme-vert-sentiers-course-du-25-fevrier-2021\/\" class=\"more-link\">Continue Reading <span class=\"meta-nav\">&rarr;<\/span><\/a><\/p>\n","protected":false},"author":2,"featured_media":0,"comment_status":"open","ping_status":"open","sticky":false,"template":"","format":"standard","meta":{"footnotes":""},"categories":[87,103,102,101],"tags":[],"yoast_head":"<!-- This site is optimized with the Yoast SEO plugin v27.4 - https:\/\/yoast.com\/product\/yoast-seo-wordpress\/ -->\n<title><\/title>\n<meta name=\"robots\" content=\"index, follow, max-snippet:-1, max-image-preview:large, max-video-preview:-1\" \/>\n<link rel=\"canonical\" href=\"https:\/\/lamanere.fr\/2021\/03\/02\/compte-rendu-de-la-reunion-de-la-commission-tourisme-vert-sentiers-course-du-25-fevrier-2021\/\" \/>\n<meta property=\"og:locale\" content=\"en_US\" \/>\n<meta property=\"og:type\" content=\"article\" \/>\n<meta property=\"og:title\" content=\"[:fr]Compte rendu de la r\u00e9union de la commission Tourisme vert, Sentiers, Course du 25 f\u00e9vrier 2021[:] - Laman\u00e8re - Official Site of the Municipality\" \/>\n<meta property=\"og:description\" content=\"Sorry, this entry is only available in French.R\u00e9union Commission Tourisme vert, Sentiers, Course Jeudi 25 f\u00e9vrier 17h15 Pr\u00e9sents\u00a0: Gis\u00e8le Juanole (maire), G\u00e9rard Gourbal, Francis Arnal, Jean Fourcade, Jean Pierre Cruzet Course du 13 juin En raison de la programmation des&hellip; Continue Reading &rarr;\" \/>\n<meta property=\"og:url\" content=\"https:\/\/lamanere.fr\/2021\/03\/02\/compte-rendu-de-la-reunion-de-la-commission-tourisme-vert-sentiers-course-du-25-fevrier-2021\/\" \/>\n<meta property=\"og:site_name\" content=\"Laman\u00e8re - Official Site of the Municipality\" \/>\n<meta property=\"article:publisher\" content=\"https:\/\/www.facebook.com\/lamanere\" \/>\n<meta property=\"article:published_time\" content=\"2021-03-02T20:08:00+00:00\" \/>\n<meta name=\"author\" content=\"Mairie de Laman\u00e8re\" \/>\n<meta name=\"twitter:card\" content=\"summary_large_image\" \/>\n<meta name=\"twitter:label1\" content=\"Written by\" \/>\n\t<meta name=\"twitter:data1\" content=\"Mairie de Laman\u00e8re\" \/>\n\t<meta name=\"twitter:label2\" content=\"Est. reading time\" \/>\n\t<meta name=\"twitter:data2\" content=\"4 minutes\" \/>\n<script type=\"application\/ld+json\" class=\"yoast-schema-graph\">{\"@context\":\"https:\\\/\\\/schema.org\",\"@graph\":[{\"@type\":\"Article\",\"@id\":\"https:\\\/\\\/lamanere.fr\\\/2021\\\/03\\\/02\\\/compte-rendu-de-la-reunion-de-la-commission-tourisme-vert-sentiers-course-du-25-fevrier-2021\\\/#article\",\"isPartOf\":{\"@id\":\"https:\\\/\\\/lamanere.fr\\\/2021\\\/03\\\/02\\\/compte-rendu-de-la-reunion-de-la-commission-tourisme-vert-sentiers-course-du-25-fevrier-2021\\\/\"},\"author\":{\"name\":\"Mairie de Laman\u00e8re\",\"@id\":\"https:\\\/\\\/lamanere.fr\\\/#\\\/schema\\\/person\\\/b26317ee332d7f6bfb5bff1394da6e59\"},\"headline\":\"Compte rendu de la r\u00e9union de la commission Tourisme vert, Sentiers, Course du 25 f\u00e9vrier 2021\",\"datePublished\":\"2021-03-02T20:08:00+00:00\",\"mainEntityOfPage\":{\"@id\":\"https:\\\/\\\/lamanere.fr\\\/2021\\\/03\\\/02\\\/compte-rendu-de-la-reunion-de-la-commission-tourisme-vert-sentiers-course-du-25-fevrier-2021\\\/\"},\"wordCount\":838,\"commentCount\":4,\"publisher\":{\"@id\":\"https:\\\/\\\/lamanere.fr\\\/#organization\"},\"articleSection\":[\"Commissions Municipales\",\"Course\",\"Sentiers\",\"Tourisme vert\"],\"inLanguage\":\"en-US\",\"potentialAction\":[{\"@type\":\"CommentAction\",\"name\":\"Comment\",\"target\":[\"https:\\\/\\\/lamanere.fr\\\/2021\\\/03\\\/02\\\/compte-rendu-de-la-reunion-de-la-commission-tourisme-vert-sentiers-course-du-25-fevrier-2021\\\/#respond\"]}]},{\"@type\":\"WebPage\",\"@id\":\"https:\\\/\\\/lamanere.fr\\\/2021\\\/03\\\/02\\\/compte-rendu-de-la-reunion-de-la-commission-tourisme-vert-sentiers-course-du-25-fevrier-2021\\\/\",\"url\":\"https:\\\/\\\/lamanere.fr\\\/2021\\\/03\\\/02\\\/compte-rendu-de-la-reunion-de-la-commission-tourisme-vert-sentiers-course-du-25-fevrier-2021\\\/\",\"name\":\"[:fr]Compte rendu de la r\u00e9union de la commission Tourisme vert, Sentiers, Course du 25 f\u00e9vrier 2021[:] - Laman\u00e8re - Official Site of the Municipality\",\"isPartOf\":{\"@id\":\"https:\\\/\\\/lamanere.fr\\\/#website\"},\"datePublished\":\"2021-03-02T20:08:00+00:00\",\"breadcrumb\":{\"@id\":\"https:\\\/\\\/lamanere.fr\\\/2021\\\/03\\\/02\\\/compte-rendu-de-la-reunion-de-la-commission-tourisme-vert-sentiers-course-du-25-fevrier-2021\\\/#breadcrumb\"},\"inLanguage\":\"en-US\",\"potentialAction\":[{\"@type\":\"ReadAction\",\"target\":[\"https:\\\/\\\/lamanere.fr\\\/2021\\\/03\\\/02\\\/compte-rendu-de-la-reunion-de-la-commission-tourisme-vert-sentiers-course-du-25-fevrier-2021\\\/\"]}]},{\"@type\":\"BreadcrumbList\",\"@id\":\"https:\\\/\\\/lamanere.fr\\\/2021\\\/03\\\/02\\\/compte-rendu-de-la-reunion-de-la-commission-tourisme-vert-sentiers-course-du-25-fevrier-2021\\\/#breadcrumb\",\"itemListElement\":[{\"@type\":\"ListItem\",\"position\":1,\"name\":\"Accueil\",\"item\":\"https:\\\/\\\/lamanere.fr\\\/\"},{\"@type\":\"ListItem\",\"position\":2,\"name\":\"Compte rendu de la r\u00e9union de la commission Tourisme vert, Sentiers, Course du 25 f\u00e9vrier 2021\"}]},{\"@type\":\"WebSite\",\"@id\":\"https:\\\/\\\/lamanere.fr\\\/#website\",\"url\":\"https:\\\/\\\/lamanere.fr\\\/\",\"name\":\"Laman\u00e8re - Official Site of the Municipality\",\"description\":\"Southernmost village in mainland France\",\"publisher\":{\"@id\":\"https:\\\/\\\/lamanere.fr\\\/#organization\"},\"potentialAction\":[{\"@type\":\"SearchAction\",\"target\":{\"@type\":\"EntryPoint\",\"urlTemplate\":\"https:\\\/\\\/lamanere.fr\\\/?s={search_term_string}\"},\"query-input\":{\"@type\":\"PropertyValueSpecification\",\"valueRequired\":true,\"valueName\":\"search_term_string\"}}],\"inLanguage\":\"en-US\"},{\"@type\":\"Organization\",\"@id\":\"https:\\\/\\\/lamanere.fr\\\/#organization\",\"name\":\"Commune de Laman\u00e8re\",\"url\":\"https:\\\/\\\/lamanere.fr\\\/\",\"logo\":{\"@type\":\"ImageObject\",\"inLanguage\":\"en-US\",\"@id\":\"https:\\\/\\\/lamanere.fr\\\/#\\\/schema\\\/logo\\\/image\\\/\",\"url\":\"https:\\\/\\\/lamanere.fr\\\/wp-content\\\/uploads\\\/2020\\\/09\\\/logo2-149.jpg\",\"contentUrl\":\"https:\\\/\\\/lamanere.fr\\\/wp-content\\\/uploads\\\/2020\\\/09\\\/logo2-149.jpg\",\"width\":149,\"height\":146,\"caption\":\"Commune de Laman\u00e8re\"},\"image\":{\"@id\":\"https:\\\/\\\/lamanere.fr\\\/#\\\/schema\\\/logo\\\/image\\\/\"},\"sameAs\":[\"https:\\\/\\\/www.facebook.com\\\/lamanere\",\"https:\\\/\\\/fr.wikipedia.org\\\/wiki\\\/Laman\u00e8re\"]},{\"@type\":\"Person\",\"@id\":\"https:\\\/\\\/lamanere.fr\\\/#\\\/schema\\\/person\\\/b26317ee332d7f6bfb5bff1394da6e59\",\"name\":\"Mairie de Laman\u00e8re\",\"image\":{\"@type\":\"ImageObject\",\"inLanguage\":\"en-US\",\"@id\":\"https:\\\/\\\/secure.gravatar.com\\\/avatar\\\/951e9da0a291f11d14b93bccd2d18cab?s=96&d=mm&r=g\",\"url\":\"https:\\\/\\\/secure.gravatar.com\\\/avatar\\\/951e9da0a291f11d14b93bccd2d18cab?s=96&d=mm&r=g\",\"contentUrl\":\"https:\\\/\\\/secure.gravatar.com\\\/avatar\\\/951e9da0a291f11d14b93bccd2d18cab?s=96&d=mm&r=g\",\"caption\":\"Mairie de Laman\u00e8re\"},\"url\":\"https:\\\/\\\/lamanere.fr\\\/en\\\/author\\\/jean-paul\\\/\"}]}<\/script>\n<!-- \/ Yoast SEO plugin. -->","yoast_head_json":{"title":"[:fr]Compte rendu de la r\u00e9union de la commission Tourisme vert, Sentiers, Course du 25 f\u00e9vrier 2021[:] - Laman\u00e8re - Official Site of the Municipality","robots":{"index":"index","follow":"follow","max-snippet":"max-snippet:-1","max-image-preview":"max-image-preview:large","max-video-preview":"max-video-preview:-1"},"canonical":"https:\/\/lamanere.fr\/2021\/03\/02\/compte-rendu-de-la-reunion-de-la-commission-tourisme-vert-sentiers-course-du-25-fevrier-2021\/","og_locale":"en_US","og_type":"article","og_title":"[:fr]Compte rendu de la r\u00e9union de la commission Tourisme vert, Sentiers, Course du 25 f\u00e9vrier 2021[:] - Laman\u00e8re - Official Site of the Municipality","og_description":"Sorry, this entry is only available in French.R\u00e9union Commission Tourisme vert, Sentiers, Course Jeudi 25 f\u00e9vrier 17h15 Pr\u00e9sents\u00a0: Gis\u00e8le Juanole (maire), G\u00e9rard Gourbal, Francis Arnal, Jean Fourcade, Jean Pierre Cruzet Course du 13 juin En raison de la programmation des&hellip; Continue Reading &rarr;","og_url":"https:\/\/lamanere.fr\/2021\/03\/02\/compte-rendu-de-la-reunion-de-la-commission-tourisme-vert-sentiers-course-du-25-fevrier-2021\/","og_site_name":"Laman\u00e8re - Official Site of the Municipality","article_publisher":"https:\/\/www.facebook.com\/lamanere","article_published_time":"2021-03-02T20:08:00+00:00","author":"Mairie de Laman\u00e8re","twitter_card":"summary_large_image","twitter_misc":{"Written by":"Mairie de Laman\u00e8re","Est. reading time":"4 minutes"},"schema":{"@context":"https:\/\/schema.org","@graph":[{"@type":"Article","@id":"https:\/\/lamanere.fr\/2021\/03\/02\/compte-rendu-de-la-reunion-de-la-commission-tourisme-vert-sentiers-course-du-25-fevrier-2021\/#article","isPartOf":{"@id":"https:\/\/lamanere.fr\/2021\/03\/02\/compte-rendu-de-la-reunion-de-la-commission-tourisme-vert-sentiers-course-du-25-fevrier-2021\/"},"author":{"name":"Mairie de Laman\u00e8re","@id":"https:\/\/lamanere.fr\/#\/schema\/person\/b26317ee332d7f6bfb5bff1394da6e59"},"headline":"Compte rendu de la r\u00e9union de la commission Tourisme vert, Sentiers, Course du 25 f\u00e9vrier 2021","datePublished":"2021-03-02T20:08:00+00:00","mainEntityOfPage":{"@id":"https:\/\/lamanere.fr\/2021\/03\/02\/compte-rendu-de-la-reunion-de-la-commission-tourisme-vert-sentiers-course-du-25-fevrier-2021\/"},"wordCount":838,"commentCount":4,"publisher":{"@id":"https:\/\/lamanere.fr\/#organization"},"articleSection":["Commissions Municipales","Course","Sentiers","Tourisme vert"],"inLanguage":"en-US","potentialAction":[{"@type":"CommentAction","name":"Comment","target":["https:\/\/lamanere.fr\/2021\/03\/02\/compte-rendu-de-la-reunion-de-la-commission-tourisme-vert-sentiers-course-du-25-fevrier-2021\/#respond"]}]},{"@type":"WebPage","@id":"https:\/\/lamanere.fr\/2021\/03\/02\/compte-rendu-de-la-reunion-de-la-commission-tourisme-vert-sentiers-course-du-25-fevrier-2021\/","url":"https:\/\/lamanere.fr\/2021\/03\/02\/compte-rendu-de-la-reunion-de-la-commission-tourisme-vert-sentiers-course-du-25-fevrier-2021\/","name":"[:fr]Compte rendu de la r\u00e9union de la commission Tourisme vert, Sentiers, Course du 25 f\u00e9vrier 2021[:] - Laman\u00e8re - Official Site of the Municipality","isPartOf":{"@id":"https:\/\/lamanere.fr\/#website"},"datePublished":"2021-03-02T20:08:00+00:00","breadcrumb":{"@id":"https:\/\/lamanere.fr\/2021\/03\/02\/compte-rendu-de-la-reunion-de-la-commission-tourisme-vert-sentiers-course-du-25-fevrier-2021\/#breadcrumb"},"inLanguage":"en-US","potentialAction":[{"@type":"ReadAction","target":["https:\/\/lamanere.fr\/2021\/03\/02\/compte-rendu-de-la-reunion-de-la-commission-tourisme-vert-sentiers-course-du-25-fevrier-2021\/"]}]},{"@type":"BreadcrumbList","@id":"https:\/\/lamanere.fr\/2021\/03\/02\/compte-rendu-de-la-reunion-de-la-commission-tourisme-vert-sentiers-course-du-25-fevrier-2021\/#breadcrumb","itemListElement":[{"@type":"ListItem","position":1,"name":"Accueil","item":"https:\/\/lamanere.fr\/"},{"@type":"ListItem","position":2,"name":"Compte rendu de la r\u00e9union de la commission Tourisme vert, Sentiers, Course du 25 f\u00e9vrier 2021"}]},{"@type":"WebSite","@id":"https:\/\/lamanere.fr\/#website","url":"https:\/\/lamanere.fr\/","name":"Laman\u00e8re - Official Site of the Municipality","description":"Southernmost village in mainland France","publisher":{"@id":"https:\/\/lamanere.fr\/#organization"},"potentialAction":[{"@type":"SearchAction","target":{"@type":"EntryPoint","urlTemplate":"https:\/\/lamanere.fr\/?s={search_term_string}"},"query-input":{"@type":"PropertyValueSpecification","valueRequired":true,"valueName":"search_term_string"}}],"inLanguage":"en-US"},{"@type":"Organization","@id":"https:\/\/lamanere.fr\/#organization","name":"Commune de Laman\u00e8re","url":"https:\/\/lamanere.fr\/","logo":{"@type":"ImageObject","inLanguage":"en-US","@id":"https:\/\/lamanere.fr\/#\/schema\/logo\/image\/","url":"https:\/\/lamanere.fr\/wp-content\/uploads\/2020\/09\/logo2-149.jpg","contentUrl":"https:\/\/lamanere.fr\/wp-content\/uploads\/2020\/09\/logo2-149.jpg","width":149,"height":146,"caption":"Commune de Laman\u00e8re"},"image":{"@id":"https:\/\/lamanere.fr\/#\/schema\/logo\/image\/"},"sameAs":["https:\/\/www.facebook.com\/lamanere","https:\/\/fr.wikipedia.org\/wiki\/Laman\u00e8re"]},{"@type":"Person","@id":"https:\/\/lamanere.fr\/#\/schema\/person\/b26317ee332d7f6bfb5bff1394da6e59","name":"Mairie de Laman\u00e8re","image":{"@type":"ImageObject","inLanguage":"en-US","@id":"https:\/\/secure.gravatar.com\/avatar\/951e9da0a291f11d14b93bccd2d18cab?s=96&d=mm&r=g","url":"https:\/\/secure.gravatar.com\/avatar\/951e9da0a291f11d14b93bccd2d18cab?s=96&d=mm&r=g","contentUrl":"https:\/\/secure.gravatar.com\/avatar\/951e9da0a291f11d14b93bccd2d18cab?s=96&d=mm&r=g","caption":"Mairie de Laman\u00e8re"},"url":"https:\/\/lamanere.fr\/en\/author\/jean-paul\/"}]}},"_links":{"self":[{"href":"https:\/\/lamanere.fr\/en\/wp-json\/wp\/v2\/posts\/1418"}],"collection":[{"href":"https:\/\/lamanere.fr\/en\/wp-json\/wp\/v2\/posts"}],"about":[{"href":"https:\/\/lamanere.fr\/en\/wp-json\/wp\/v2\/types\/post"}],"author":[{"embeddable":true,"href":"https:\/\/lamanere.fr\/en\/wp-json\/wp\/v2\/users\/2"}],"replies":[{"embeddable":true,"href":"https:\/\/lamanere.fr\/en\/wp-json\/wp\/v2\/comments?post=1418"}],"version-history":[{"count":1,"href":"https:\/\/lamanere.fr\/en\/wp-json\/wp\/v2\/posts\/1418\/revisions"}],"predecessor-version":[{"id":1419,"href":"https:\/\/lamanere.fr\/en\/wp-json\/wp\/v2\/posts\/1418\/revisions\/1419"}],"wp:attachment":[{"href":"https:\/\/lamanere.fr\/en\/wp-json\/wp\/v2\/media?parent=1418"}],"wp:term":[{"taxonomy":"category","embeddable":true,"href":"https:\/\/lamanere.fr\/en\/wp-json\/wp\/v2\/categories?post=1418"},{"taxonomy":"post_tag","embeddable":true,"href":"https:\/\/lamanere.fr\/en\/wp-json\/wp\/v2\/tags?post=1418"}],"curies":[{"name":"wp","href":"https:\/\/api.w.org\/{rel}","templated":true}]}}