{"id":2118,"date":"2022-01-27T21:02:16","date_gmt":"2022-01-27T20:02:16","guid":{"rendered":"https:\/\/lamanere.fr\/?p=2118"},"modified":"2022-01-31T09:38:26","modified_gmt":"2022-01-31T08:38:26","slug":"compte-rendu-du-conseil-municipal-du-19-janvier-2022","status":"publish","type":"post","link":"https:\/\/lamanere.fr\/en\/2022\/01\/27\/compte-rendu-du-conseil-municipal-du-19-janvier-2022\/","title":{"rendered":"COMPTE RENDU DU CONSEIL MUNICIPAL du 19 janvier 2022"},"content":{"rendered":"<p class=\"qtranxs-available-languages-message qtranxs-available-languages-message-en\">Sorry, this entry is only available in <a href=\"https:\/\/lamanere.fr\/fr\/wp-json\/wp\/v2\/posts\/2118\" class=\"qtranxs-available-language-link qtranxs-available-language-link-fr\" title=\"Fran\u00e7ais\">French<\/a>.<\/p><p><\/p>\n<p style=\"text-align: center;\"><strong>Compte rendu de la r\u00e9union du Conseil Municipal de Laman\u00e8re <\/strong><\/p>\n<p style=\"text-align: center;\"><strong>du mercredi 19 janvier 2022 \u00e0 14h30<\/strong><\/p>\n<p><strong>\u00a0<\/strong><\/p>\n<p>Secr\u00e9taire de s\u00e9ance\u00a0: Jean Paul La\u00eflle<\/p>\n<p><strong>Pr\u00e9sents<\/strong>\u00a0:<\/p>\n<p>Mme Gis\u00e8le Juanole, Maire<\/p>\n<p>M. Jacky Pujol, premier adjoint<\/p>\n<p>M. G\u00e9rard Cuvilliez, second adjoint<\/p>\n<p>M. Claude Font, conseiller<\/p>\n<p>M. Jean-Paul La\u00eflle, conseiller<\/p>\n<p>&nbsp;<\/p>\n<p>Absentes : Mme Pierrette Juanole-D\u00e9moulin, conseill\u00e8re et Mme S\u00e9verine Margalef, conseill\u00e8re (pas de procurations)<\/p>\n<p>&nbsp;<\/p>\n<p style=\"text-align: center;\">La r\u00e9union est ouverte \u00e0 14h30<\/p>\n<ul>\n<li><strong>D\u00e9lib\u00e9ration d\u2019acceptation de la votation citoyenne pour le projet de nouvelle desserte du Vallespir des 29 et 30 janvier 2022.<\/strong><\/li>\n<\/ul>\n<p>Le D\u00e9partement en liaison avec les communes du Vallespir et du Haut Vallespir a d\u00e9cid\u00e9 d\u2019organiser une votation citoyenne qui consiste \u00e0 r\u00e9pondre par Oui ou Non \u00e0 la question \u00ab\u00a0\u00eates-vous favorable au projet de nouvelle desserte du Haut Vallespir\u00a0?\u00a0\u00bb. Ce projet pr\u00e9voit des am\u00e9nagements entre la RD 115 et la RD 68, dont un pont sur le Tech, ce qui permettra en particulier de fluidifier la travers\u00e9e de C\u00e9ret. Cette votation se d\u00e9roulera les 29 et 30 janvier de 9h \u00e0 17h dans les bureaux de vote pr\u00e9vus \u00e0 cet effet.<\/p>\n<p>Pour Laman\u00e8re, une d\u00e9rogation sera demand\u00e9e au D\u00e9partement pour organiser la votation uniquement sur un jour, le dimanche 30 janvier. Toute l\u2019information n\u00e9cessaire au projet est disponible en Mairie.<\/p>\n<p>Une d\u00e9lib\u00e9ration sera r\u00e9dig\u00e9e dans ce sens.<\/p>\n<p><strong>Le Conseil Municipal apr\u00e8s avoir d\u00e9lib\u00e9r\u00e9 et \u00e0 l\u2019unanimit\u00e9 des pr\u00e9sents\u00a0:<\/strong><\/p>\n<ul>\n<li><strong>Approuve<\/strong> la tenue de cette votation et les modalit\u00e9s de sa mise en \u0153uvre.<\/li>\n<li><strong>Autorise<\/strong> Mme le Maire \u00e0 signer toutes les pi\u00e8ces relatives \u00e0 ce dossier.<\/li>\n<\/ul>\n<p>&nbsp;<\/p>\n<ul>\n<li><strong>D\u00e9lib\u00e9ration pour la d\u00e9signation de repr\u00e9sentants titulaire et suppl\u00e9ant au sein du Contrat Local de Sant\u00e9 (CLS) du Vallespir et Haut \u2013 Vallespir. <\/strong><\/li>\n<\/ul>\n<p><strong>\u00a0<\/strong><\/p>\n<p>Les <strong>Contrats Locaux de Sant\u00e9<\/strong> sont des outils de territorialisation de la politique de Sant\u00e9 qui d\u00e9clinent les priorit\u00e9s du projet r\u00e9gional de sant\u00e9 au niveau local, en tenant compte des besoins identifi\u00e9s sur leur p\u00e9rim\u00e8tre d\u2019intervention. Ils sont l\u2019aboutissement d\u2019une d\u00e9marche territoriale partag\u00e9e entre \u00e9lus, institutionnels et acteurs du territoire afin d\u2019aboutir \u00e0 une programmation d\u2019actions co-financ\u00e9es et co-port\u00e9es par les diverses parties prenantes.<\/p>\n<p>En r\u00e9ponse aux directives de l\u2019Agence R\u00e9gionale de Sant\u00e9 (ARS) il s\u2019agit d\u2019instaurer un comit\u00e9 de Pilotage pour r\u00e9soudre les questions de sant\u00e9 des territoires du Vallespir et Haut-Vallespir.<\/p>\n<p>Chaque Commune doit d\u00e9signer un repr\u00e9sentant pour si\u00e9ger \u00e0 ce Comit\u00e9 de Pilotage.<\/p>\n<p>Le Conseil Municipal proposera Mme S\u00e9verine Margalef comme titulaire et Mme Gis\u00e8le Juanole comme suppl\u00e9ante.<\/p>\n<p>Une d\u00e9lib\u00e9ration sera r\u00e9dig\u00e9e en ce sens.<\/p>\n<p><strong>\u00a0<\/strong><strong>Le Conseil Municipal apr\u00e8s avoir d\u00e9lib\u00e9r\u00e9 et \u00e0 l\u2019unanimit\u00e9 des pr\u00e9sents\u00a0:<\/strong><\/p>\n<ul>\n<li><strong>Approuve<\/strong> cette proposition.<\/li>\n<li><strong>Autorise<\/strong> Mme le Maire \u00e0 signer toutes les pi\u00e8ces relatives \u00e0 ce dossier.<\/li>\n<\/ul>\n<p>&nbsp;<\/p>\n<ul>\n<li><strong>D\u00e9lib\u00e9ration de remboursement \u00e0 un \u00e9lu pour l\u2019achat de fournitures pour travaux sur g\u00eete N\u00b04.<\/strong><\/li>\n<\/ul>\n<p>Un \u00e9lu a avanc\u00e9 l\u2019achat de mat\u00e9riel pour l\u2019achat de fournitures pour des travaux sur le g\u00eete N\u00b04 (182,5 \u20ac TTC).<\/p>\n<p>Le Conseil Municipal donne son accord sur le remboursement de cette somme \u00e0 l\u2019\u00e9lu.<\/p>\n<p>Une d\u00e9lib\u00e9ration sera r\u00e9dig\u00e9e en ce sens.<\/p>\n<p><strong>Le Conseil Municipal apr\u00e8s avoir d\u00e9lib\u00e9r\u00e9 et \u00e0 l\u2019unanimit\u00e9 des pr\u00e9sents\u00a0:<\/strong><\/p>\n<ul>\n<li><strong>Approuve<\/strong> le remboursement de ces fournitures \u00e0 l\u2019\u00e9lu concern\u00e9<\/li>\n<li><strong>Autorise<\/strong> Mme le Maire \u00e0 signer toutes les pi\u00e8ces relatives \u00e0 ce dossier<\/li>\n<\/ul>\n<p>&nbsp;<\/p>\n<ul>\n<li><strong>D\u00e9lib\u00e9ration sur la r\u00e9siliation du contrat d\u2019exploitation et de gestion du Multiple Rural \u00ab\u00a0El Nostre Raco\u00a0\u00bb par D\u00e9l\u00e9gation de Service Public par la d\u00e9l\u00e9gataire de cet \u00e9tablissement.<\/strong><\/li>\n<\/ul>\n<p>&nbsp;<\/p>\n<p>Par lettre recommand\u00e9e avec AR re\u00e7u le 13 janvier \u00e0 la Mairie, la d\u00e9l\u00e9gataire de l\u2019\u00e9tablissement par D\u00e9l\u00e9gation de Service Public, signifie la r\u00e9siliation du contrat d\u2019exploitation et de gestion du Multiple Rural \u00ab\u00a0El Nostre Raco\u00a0\u00bb. Le d\u00e9part de la d\u00e9l\u00e9gataire est pr\u00e9vu fin mars 2022. D\u2019ici l\u00e0, les activit\u00e9s de restauration devront \u00eatre imp\u00e9rativement maintenues et l\u2019inventaire du mat\u00e9riel du bar et du restaurant devront \u00eatre r\u00e9alis\u00e9s.<\/p>\n<p>&nbsp;<\/p>\n<p>La Mairie adressera une r\u00e9ponse \u00e0 la d\u00e9l\u00e9gataire par lettre recommand\u00e9e, prenant acte de la r\u00e9siliation du contrat.<\/p>\n<p>Une d\u00e9lib\u00e9ration sera r\u00e9dig\u00e9e en ce sens.<\/p>\n<ul>\n<li><strong>Le Conseil Municipal apr\u00e8s avoir d\u00e9lib\u00e9r\u00e9 et \u00e0 l\u2019unanimit\u00e9 des pr\u00e9sents\u00a0:<\/strong>\n<ul>\n<li><strong>Prend acte de cette rupture de contrat.<\/strong><\/li>\n<li><strong>Autorise<\/strong> Mme le Maire \u00e0 signer toutes les pi\u00e8ces relatives \u00e0 ce dossier.<\/li>\n<\/ul>\n<\/li>\n<\/ul>\n<p>&nbsp;<\/p>\n<ul>\n<li><strong>Discussion de la location du g\u00eete communal N\u00b02.<\/strong><\/li>\n<\/ul>\n<p>La personne qui occupe le g\u00eete N\u00b0 3, souhaite d\u00e9m\u00e9nager au g\u00eete N\u00b02.<\/p>\n<p>Le Conseil Municipal adressera une proposition \u00e0 cette personne concernant la location du g\u00eete N\u00b0 2, pr\u00e9voyant:<\/p>\n<ul>\n<li>une augmentation du loyer mensuel de 25 \u20ac (le portant ainsi \u00e0 375 \u20ac)<\/li>\n<li>l\u2019achat d\u2019une machine \u00e0 laver le linge qui pourra \u00eatre install\u00e9e derri\u00e8re la cuisine.<\/li>\n<\/ul>\n<p>&nbsp;<\/p>\n<ul>\n<li><strong>Information sur le Pays d\u2019Art et d\u2019Histoire Transfrontalier (PAHT) apr\u00e8s le vote des d\u00e9l\u00e9gu\u00e9s des communes adh\u00e9rentes.<\/strong><\/li>\n<\/ul>\n<p>&nbsp;<\/p>\n<p>Cette question avait fait l\u2019objet d\u2019une information lors du dernier Conseil Municipal du 9 d\u00e9cembre 2021.<\/p>\n<p>Un Comit\u00e9 Syndical extraordinaire s\u2019est tenu le vendredi 17 d\u00e9cembre 2021, les \u00e9lus repr\u00e9sentants les communes adh\u00e9rentes ont vot\u00e9 pour deux options concernant la cotisation exceptionnelle : (choix entre l\u2019option A et l\u2019option B).<\/p>\n<p>Dans les deux cas, la commune de Laman\u00e8re qui n\u2019a b\u00e9n\u00e9fici\u00e9 d\u2019aucune subvention dans le pass\u00e9 ne devait payer que la partie commune de 475,6 \u20ac.<\/p>\n<p>La Communaut\u00e9 de Communes du Haut \u2013 Vallespir ayant d\u00e9cid\u00e9 de prendre en charge cette cotisation exceptionnelle pour chacune de ses Communes , nous exon\u00e8re de cette cotisation.<\/p>\n<p>&nbsp;<\/p>\n<ul>\n<li><strong>Journ\u00e9e Retirada \u00e0 Laman\u00e8re\u00a0: date du 18 avril 2022 confirm\u00e9e et programme de la journ\u00e9e.<\/strong><\/li>\n<\/ul>\n<p>&nbsp;<\/p>\n<p>La date de cet \u00e9v\u00e8nement est confirm\u00e9e pour le 18 avril 2022. Le programme de cette journ\u00e9e est le suivant\u00a0:<\/p>\n<ul>\n<li>une marche du village de Laman\u00e8re au col de Malrems,<\/li>\n<li>un d\u00e9jeuner tir\u00e9 du sac au col de Malrems,<\/li>\n<li>l\u2019inauguration d\u2019une plaque comm\u00e9morative au Pla de la Coma, o\u00f9 les r\u00e9fugi\u00e9s et leur cheptel se sont arr\u00eat\u00e9s pour trouver quelque repos avant d\u2019arriver \u00e0 Laman\u00e8re,<\/li>\n<li>de retour au village, un rassemblement aura lieu \u00e0 la salle polyvalente, o\u00f9 seront expos\u00e9s diff\u00e9rentes \u0153uvres de jeunes lyc\u00e9ens de C\u00e9ret, suivi de la projection du film \u00ab\u00a0Josep\u00a0\u00bb.<\/li>\n<\/ul>\n<p>&nbsp;<\/p>\n<p>Mme Jacqueline Payrot, pr\u00e9sidente de L\u2019Association FFREEE (Fils et Filles de R\u00e9publicains Espagnols et Enfants de l\u2019Exode) et Georges Bartoli, neveu de Josep Bartoli, ont confirm\u00e9 leur pr\u00e9sence.<\/p>\n<p>&nbsp;<\/p>\n<ul>\n<li><strong>Information sur les travaux du micro-mus\u00e9e de la Mine, sur les devis et les subventions octroy\u00e9es.<\/strong><\/li>\n<\/ul>\n<p>&nbsp;<\/p>\n<ul>\n<li>Le ferronnier d\u2019art (cr\u00e9ateur de l\u2019abribus de Laman\u00e8re) a transmis \u00e0 la municipalit\u00e9 la derni\u00e8re version du projet d\u2019am\u00e9nagement de l\u2019entr\u00e9e de la Mine, comprenant une passerelle couverte \u00e0 caillebottis avec une rambarde d\u00e9montable.<\/li>\n<li>Le devis de l\u2019\u00e9lectricien pour l\u2019installation d\u2019\u00e9clairage directionnel pour l\u2019entr\u00e9e des galeries et des panneaux muraux de la passerelle est en attente.<\/li>\n<li>Le total des subventions octroy\u00e9es (Etat, R\u00e9gion, D\u00e9partement) s\u2019\u00e9l\u00e8ve \u00e0 <strong>32639,50 \u20ac.<\/strong><\/li>\n<li>La municipalit\u00e9 a obtenu l\u2019accord verbal des propri\u00e9taires de la Mine du Brouss\u00e9 pour disposer de mat\u00e9riel (chaudi\u00e8re, wagonnet de mine) qui figurera dans le micro-mus\u00e9e de la Mine.<\/li>\n<\/ul>\n<ul>\n<li><strong>Questions diverses\u00a0:<\/strong>\n<ul>\n<li>La Mairie poss\u00e8de \u00e0 pr\u00e9sent tous les papiers et enveloppes avec les nouveaux logos.<\/li>\n<li>Proposition de Mme Montexier, qui pr\u00e9sente une liste de paniers de produits frais (l\u00e9gumes, fruits, fromages) qui sont \u00e0 commander. Cette proposition a \u00e9t\u00e9 favorablement accueillie par la Conseil Municipal, une large diffusion sera faite pour information.<\/li>\n<li>Subvention de l\u2019Association des Amics de St Aniol d\u2019Aguja, par la vente d\u2019un livre: le Conseil Municipal r\u00e9serve sa r\u00e9ponse et consultera les autres localit\u00e9s concern\u00e9es.<\/li>\n<\/ul>\n<\/li>\n<\/ul>\n<p style=\"text-align: center;\">La s\u00e9ance a \u00e9t\u00e9 lev\u00e9e \u00e0 17h40<\/p>\n<p><\/p>","protected":false},"excerpt":{"rendered":"<p>Sorry, this entry is only available in French. Compte rendu de la r\u00e9union du Conseil Municipal de Laman\u00e8re du mercredi 19 janvier 2022 \u00e0 14h30 \u00a0 Secr\u00e9taire de s\u00e9ance\u00a0: Jean Paul La\u00eflle Pr\u00e9sents\u00a0: Mme Gis\u00e8le Juanole, Maire M. Jacky Pujol,&hellip; <a href=\"https:\/\/lamanere.fr\/en\/2022\/01\/27\/compte-rendu-du-conseil-municipal-du-19-janvier-2022\/\" class=\"more-link\">Continue Reading <span class=\"meta-nav\">&rarr;<\/span><\/a><\/p>\n","protected":false},"author":2,"featured_media":0,"comment_status":"open","ping_status":"open","sticky":false,"template":"","format":"standard","meta":{"footnotes":""},"categories":[1],"tags":[],"yoast_head":"<!-- This site is optimized with the Yoast SEO plugin v27.4 - https:\/\/yoast.com\/product\/yoast-seo-wordpress\/ -->\n<title><\/title>\n<meta name=\"robots\" content=\"index, follow, max-snippet:-1, max-image-preview:large, max-video-preview:-1\" \/>\n<link rel=\"canonical\" href=\"https:\/\/lamanere.fr\/2022\/01\/27\/compte-rendu-du-conseil-municipal-du-19-janvier-2022\/\" \/>\n<meta property=\"og:locale\" content=\"en_US\" \/>\n<meta property=\"og:type\" content=\"article\" \/>\n<meta property=\"og:title\" content=\"[:fr]COMPTE RENDU DU CONSEIL MUNICIPAL du 19 janvier 2022[:] - Laman\u00e8re - Official Site of the Municipality\" \/>\n<meta property=\"og:description\" content=\"Sorry, this entry is only available in French. Compte rendu de la r\u00e9union du Conseil Municipal de Laman\u00e8re du mercredi 19 janvier 2022 \u00e0 14h30 \u00a0 Secr\u00e9taire de s\u00e9ance\u00a0: Jean Paul La\u00eflle Pr\u00e9sents\u00a0: Mme Gis\u00e8le Juanole, Maire M. Jacky Pujol,&hellip; Continue Reading &rarr;\" \/>\n<meta property=\"og:url\" content=\"https:\/\/lamanere.fr\/2022\/01\/27\/compte-rendu-du-conseil-municipal-du-19-janvier-2022\/\" \/>\n<meta property=\"og:site_name\" content=\"Laman\u00e8re - Official Site of the Municipality\" \/>\n<meta property=\"article:publisher\" content=\"https:\/\/www.facebook.com\/lamanere\" \/>\n<meta property=\"article:published_time\" content=\"2022-01-27T20:02:16+00:00\" \/>\n<meta property=\"article:modified_time\" content=\"2022-01-31T08:38:26+00:00\" \/>\n<meta name=\"author\" content=\"Mairie de Laman\u00e8re\" \/>\n<meta name=\"twitter:card\" content=\"summary_large_image\" \/>\n<meta name=\"twitter:label1\" content=\"Written by\" \/>\n\t<meta name=\"twitter:data1\" content=\"Mairie de Laman\u00e8re\" \/>\n\t<meta name=\"twitter:label2\" content=\"Est. reading time\" \/>\n\t<meta name=\"twitter:data2\" content=\"7 minutes\" \/>\n<script type=\"application\/ld+json\" class=\"yoast-schema-graph\">{\"@context\":\"https:\\\/\\\/schema.org\",\"@graph\":[{\"@type\":\"Article\",\"@id\":\"https:\\\/\\\/lamanere.fr\\\/2022\\\/01\\\/27\\\/compte-rendu-du-conseil-municipal-du-19-janvier-2022\\\/#article\",\"isPartOf\":{\"@id\":\"https:\\\/\\\/lamanere.fr\\\/2022\\\/01\\\/27\\\/compte-rendu-du-conseil-municipal-du-19-janvier-2022\\\/\"},\"author\":{\"name\":\"Mairie de Laman\u00e8re\",\"@id\":\"https:\\\/\\\/lamanere.fr\\\/#\\\/schema\\\/person\\\/b26317ee332d7f6bfb5bff1394da6e59\"},\"headline\":\"COMPTE RENDU DU CONSEIL MUNICIPAL du 19 janvier 2022\",\"datePublished\":\"2022-01-27T20:02:16+00:00\",\"dateModified\":\"2022-01-31T08:38:26+00:00\",\"mainEntityOfPage\":{\"@id\":\"https:\\\/\\\/lamanere.fr\\\/2022\\\/01\\\/27\\\/compte-rendu-du-conseil-municipal-du-19-janvier-2022\\\/\"},\"wordCount\":1395,\"commentCount\":0,\"publisher\":{\"@id\":\"https:\\\/\\\/lamanere.fr\\\/#organization\"},\"articleSection\":[\"Divers\"],\"inLanguage\":\"en-US\",\"potentialAction\":[{\"@type\":\"CommentAction\",\"name\":\"Comment\",\"target\":[\"https:\\\/\\\/lamanere.fr\\\/2022\\\/01\\\/27\\\/compte-rendu-du-conseil-municipal-du-19-janvier-2022\\\/#respond\"]}]},{\"@type\":\"WebPage\",\"@id\":\"https:\\\/\\\/lamanere.fr\\\/2022\\\/01\\\/27\\\/compte-rendu-du-conseil-municipal-du-19-janvier-2022\\\/\",\"url\":\"https:\\\/\\\/lamanere.fr\\\/2022\\\/01\\\/27\\\/compte-rendu-du-conseil-municipal-du-19-janvier-2022\\\/\",\"name\":\"[:fr]COMPTE RENDU DU CONSEIL MUNICIPAL du 19 janvier 2022[:] - Laman\u00e8re - Official Site of the Municipality\",\"isPartOf\":{\"@id\":\"https:\\\/\\\/lamanere.fr\\\/#website\"},\"datePublished\":\"2022-01-27T20:02:16+00:00\",\"dateModified\":\"2022-01-31T08:38:26+00:00\",\"breadcrumb\":{\"@id\":\"https:\\\/\\\/lamanere.fr\\\/2022\\\/01\\\/27\\\/compte-rendu-du-conseil-municipal-du-19-janvier-2022\\\/#breadcrumb\"},\"inLanguage\":\"en-US\",\"potentialAction\":[{\"@type\":\"ReadAction\",\"target\":[\"https:\\\/\\\/lamanere.fr\\\/2022\\\/01\\\/27\\\/compte-rendu-du-conseil-municipal-du-19-janvier-2022\\\/\"]}]},{\"@type\":\"BreadcrumbList\",\"@id\":\"https:\\\/\\\/lamanere.fr\\\/2022\\\/01\\\/27\\\/compte-rendu-du-conseil-municipal-du-19-janvier-2022\\\/#breadcrumb\",\"itemListElement\":[{\"@type\":\"ListItem\",\"position\":1,\"name\":\"Accueil\",\"item\":\"https:\\\/\\\/lamanere.fr\\\/\"},{\"@type\":\"ListItem\",\"position\":2,\"name\":\"COMPTE RENDU DU CONSEIL MUNICIPAL du 19 janvier 2022\"}]},{\"@type\":\"WebSite\",\"@id\":\"https:\\\/\\\/lamanere.fr\\\/#website\",\"url\":\"https:\\\/\\\/lamanere.fr\\\/\",\"name\":\"Laman\u00e8re - Official Site of the Municipality\",\"description\":\"Southernmost village in mainland France\",\"publisher\":{\"@id\":\"https:\\\/\\\/lamanere.fr\\\/#organization\"},\"potentialAction\":[{\"@type\":\"SearchAction\",\"target\":{\"@type\":\"EntryPoint\",\"urlTemplate\":\"https:\\\/\\\/lamanere.fr\\\/?s={search_term_string}\"},\"query-input\":{\"@type\":\"PropertyValueSpecification\",\"valueRequired\":true,\"valueName\":\"search_term_string\"}}],\"inLanguage\":\"en-US\"},{\"@type\":\"Organization\",\"@id\":\"https:\\\/\\\/lamanere.fr\\\/#organization\",\"name\":\"Commune de Laman\u00e8re\",\"url\":\"https:\\\/\\\/lamanere.fr\\\/\",\"logo\":{\"@type\":\"ImageObject\",\"inLanguage\":\"en-US\",\"@id\":\"https:\\\/\\\/lamanere.fr\\\/#\\\/schema\\\/logo\\\/image\\\/\",\"url\":\"https:\\\/\\\/lamanere.fr\\\/wp-content\\\/uploads\\\/2020\\\/09\\\/logo2-149.jpg\",\"contentUrl\":\"https:\\\/\\\/lamanere.fr\\\/wp-content\\\/uploads\\\/2020\\\/09\\\/logo2-149.jpg\",\"width\":149,\"height\":146,\"caption\":\"Commune de Laman\u00e8re\"},\"image\":{\"@id\":\"https:\\\/\\\/lamanere.fr\\\/#\\\/schema\\\/logo\\\/image\\\/\"},\"sameAs\":[\"https:\\\/\\\/www.facebook.com\\\/lamanere\",\"https:\\\/\\\/fr.wikipedia.org\\\/wiki\\\/Laman\u00e8re\"]},{\"@type\":\"Person\",\"@id\":\"https:\\\/\\\/lamanere.fr\\\/#\\\/schema\\\/person\\\/b26317ee332d7f6bfb5bff1394da6e59\",\"name\":\"Mairie de Laman\u00e8re\",\"image\":{\"@type\":\"ImageObject\",\"inLanguage\":\"en-US\",\"@id\":\"https:\\\/\\\/secure.gravatar.com\\\/avatar\\\/951e9da0a291f11d14b93bccd2d18cab?s=96&d=mm&r=g\",\"url\":\"https:\\\/\\\/secure.gravatar.com\\\/avatar\\\/951e9da0a291f11d14b93bccd2d18cab?s=96&d=mm&r=g\",\"contentUrl\":\"https:\\\/\\\/secure.gravatar.com\\\/avatar\\\/951e9da0a291f11d14b93bccd2d18cab?s=96&d=mm&r=g\",\"caption\":\"Mairie de Laman\u00e8re\"},\"url\":\"https:\\\/\\\/lamanere.fr\\\/en\\\/author\\\/jean-paul\\\/\"}]}<\/script>\n<!-- \/ Yoast SEO plugin. -->","yoast_head_json":{"title":"[:fr]COMPTE RENDU DU CONSEIL MUNICIPAL du 19 janvier 2022[:] - Laman\u00e8re - Official Site of the Municipality","robots":{"index":"index","follow":"follow","max-snippet":"max-snippet:-1","max-image-preview":"max-image-preview:large","max-video-preview":"max-video-preview:-1"},"canonical":"https:\/\/lamanere.fr\/2022\/01\/27\/compte-rendu-du-conseil-municipal-du-19-janvier-2022\/","og_locale":"en_US","og_type":"article","og_title":"[:fr]COMPTE RENDU DU CONSEIL MUNICIPAL du 19 janvier 2022[:] - Laman\u00e8re - Official Site of the Municipality","og_description":"Sorry, this entry is only available in French. Compte rendu de la r\u00e9union du Conseil Municipal de Laman\u00e8re du mercredi 19 janvier 2022 \u00e0 14h30 \u00a0 Secr\u00e9taire de s\u00e9ance\u00a0: Jean Paul La\u00eflle Pr\u00e9sents\u00a0: Mme Gis\u00e8le Juanole, Maire M. Jacky Pujol,&hellip; Continue Reading &rarr;","og_url":"https:\/\/lamanere.fr\/2022\/01\/27\/compte-rendu-du-conseil-municipal-du-19-janvier-2022\/","og_site_name":"Laman\u00e8re - Official Site of the Municipality","article_publisher":"https:\/\/www.facebook.com\/lamanere","article_published_time":"2022-01-27T20:02:16+00:00","article_modified_time":"2022-01-31T08:38:26+00:00","author":"Mairie de Laman\u00e8re","twitter_card":"summary_large_image","twitter_misc":{"Written by":"Mairie de Laman\u00e8re","Est. reading time":"7 minutes"},"schema":{"@context":"https:\/\/schema.org","@graph":[{"@type":"Article","@id":"https:\/\/lamanere.fr\/2022\/01\/27\/compte-rendu-du-conseil-municipal-du-19-janvier-2022\/#article","isPartOf":{"@id":"https:\/\/lamanere.fr\/2022\/01\/27\/compte-rendu-du-conseil-municipal-du-19-janvier-2022\/"},"author":{"name":"Mairie de Laman\u00e8re","@id":"https:\/\/lamanere.fr\/#\/schema\/person\/b26317ee332d7f6bfb5bff1394da6e59"},"headline":"COMPTE RENDU DU CONSEIL MUNICIPAL du 19 janvier 2022","datePublished":"2022-01-27T20:02:16+00:00","dateModified":"2022-01-31T08:38:26+00:00","mainEntityOfPage":{"@id":"https:\/\/lamanere.fr\/2022\/01\/27\/compte-rendu-du-conseil-municipal-du-19-janvier-2022\/"},"wordCount":1395,"commentCount":0,"publisher":{"@id":"https:\/\/lamanere.fr\/#organization"},"articleSection":["Divers"],"inLanguage":"en-US","potentialAction":[{"@type":"CommentAction","name":"Comment","target":["https:\/\/lamanere.fr\/2022\/01\/27\/compte-rendu-du-conseil-municipal-du-19-janvier-2022\/#respond"]}]},{"@type":"WebPage","@id":"https:\/\/lamanere.fr\/2022\/01\/27\/compte-rendu-du-conseil-municipal-du-19-janvier-2022\/","url":"https:\/\/lamanere.fr\/2022\/01\/27\/compte-rendu-du-conseil-municipal-du-19-janvier-2022\/","name":"[:fr]COMPTE RENDU DU CONSEIL MUNICIPAL du 19 janvier 2022[:] - Laman\u00e8re - Official Site of the Municipality","isPartOf":{"@id":"https:\/\/lamanere.fr\/#website"},"datePublished":"2022-01-27T20:02:16+00:00","dateModified":"2022-01-31T08:38:26+00:00","breadcrumb":{"@id":"https:\/\/lamanere.fr\/2022\/01\/27\/compte-rendu-du-conseil-municipal-du-19-janvier-2022\/#breadcrumb"},"inLanguage":"en-US","potentialAction":[{"@type":"ReadAction","target":["https:\/\/lamanere.fr\/2022\/01\/27\/compte-rendu-du-conseil-municipal-du-19-janvier-2022\/"]}]},{"@type":"BreadcrumbList","@id":"https:\/\/lamanere.fr\/2022\/01\/27\/compte-rendu-du-conseil-municipal-du-19-janvier-2022\/#breadcrumb","itemListElement":[{"@type":"ListItem","position":1,"name":"Accueil","item":"https:\/\/lamanere.fr\/"},{"@type":"ListItem","position":2,"name":"COMPTE RENDU DU CONSEIL MUNICIPAL du 19 janvier 2022"}]},{"@type":"WebSite","@id":"https:\/\/lamanere.fr\/#website","url":"https:\/\/lamanere.fr\/","name":"Laman\u00e8re - Official Site of the Municipality","description":"Southernmost village in mainland France","publisher":{"@id":"https:\/\/lamanere.fr\/#organization"},"potentialAction":[{"@type":"SearchAction","target":{"@type":"EntryPoint","urlTemplate":"https:\/\/lamanere.fr\/?s={search_term_string}"},"query-input":{"@type":"PropertyValueSpecification","valueRequired":true,"valueName":"search_term_string"}}],"inLanguage":"en-US"},{"@type":"Organization","@id":"https:\/\/lamanere.fr\/#organization","name":"Commune de Laman\u00e8re","url":"https:\/\/lamanere.fr\/","logo":{"@type":"ImageObject","inLanguage":"en-US","@id":"https:\/\/lamanere.fr\/#\/schema\/logo\/image\/","url":"https:\/\/lamanere.fr\/wp-content\/uploads\/2020\/09\/logo2-149.jpg","contentUrl":"https:\/\/lamanere.fr\/wp-content\/uploads\/2020\/09\/logo2-149.jpg","width":149,"height":146,"caption":"Commune de Laman\u00e8re"},"image":{"@id":"https:\/\/lamanere.fr\/#\/schema\/logo\/image\/"},"sameAs":["https:\/\/www.facebook.com\/lamanere","https:\/\/fr.wikipedia.org\/wiki\/Laman\u00e8re"]},{"@type":"Person","@id":"https:\/\/lamanere.fr\/#\/schema\/person\/b26317ee332d7f6bfb5bff1394da6e59","name":"Mairie de Laman\u00e8re","image":{"@type":"ImageObject","inLanguage":"en-US","@id":"https:\/\/secure.gravatar.com\/avatar\/951e9da0a291f11d14b93bccd2d18cab?s=96&d=mm&r=g","url":"https:\/\/secure.gravatar.com\/avatar\/951e9da0a291f11d14b93bccd2d18cab?s=96&d=mm&r=g","contentUrl":"https:\/\/secure.gravatar.com\/avatar\/951e9da0a291f11d14b93bccd2d18cab?s=96&d=mm&r=g","caption":"Mairie de Laman\u00e8re"},"url":"https:\/\/lamanere.fr\/en\/author\/jean-paul\/"}]}},"_links":{"self":[{"href":"https:\/\/lamanere.fr\/en\/wp-json\/wp\/v2\/posts\/2118"}],"collection":[{"href":"https:\/\/lamanere.fr\/en\/wp-json\/wp\/v2\/posts"}],"about":[{"href":"https:\/\/lamanere.fr\/en\/wp-json\/wp\/v2\/types\/post"}],"author":[{"embeddable":true,"href":"https:\/\/lamanere.fr\/en\/wp-json\/wp\/v2\/users\/2"}],"replies":[{"embeddable":true,"href":"https:\/\/lamanere.fr\/en\/wp-json\/wp\/v2\/comments?post=2118"}],"version-history":[{"count":2,"href":"https:\/\/lamanere.fr\/en\/wp-json\/wp\/v2\/posts\/2118\/revisions"}],"predecessor-version":[{"id":2122,"href":"https:\/\/lamanere.fr\/en\/wp-json\/wp\/v2\/posts\/2118\/revisions\/2122"}],"wp:attachment":[{"href":"https:\/\/lamanere.fr\/en\/wp-json\/wp\/v2\/media?parent=2118"}],"wp:term":[{"taxonomy":"category","embeddable":true,"href":"https:\/\/lamanere.fr\/en\/wp-json\/wp\/v2\/categories?post=2118"},{"taxonomy":"post_tag","embeddable":true,"href":"https:\/\/lamanere.fr\/en\/wp-json\/wp\/v2\/tags?post=2118"}],"curies":[{"name":"wp","href":"https:\/\/api.w.org\/{rel}","templated":true}]}}