{"id":2176,"date":"2022-03-02T13:44:14","date_gmt":"2022-03-02T12:44:14","guid":{"rendered":"https:\/\/lamanere.fr\/?p=2176"},"modified":"2022-03-02T13:46:35","modified_gmt":"2022-03-02T12:46:35","slug":"compte-rendu-de-la-reunion-du-conseil-municipal-du-26-fevrier-2022","status":"publish","type":"post","link":"https:\/\/lamanere.fr\/en\/2022\/03\/02\/compte-rendu-de-la-reunion-du-conseil-municipal-du-26-fevrier-2022\/","title":{"rendered":"COMPTE RENDU DU CONSEIL MUNICIPAL du 26 f\u00e9vrier 2022"},"content":{"rendered":"<p class=\"qtranxs-available-languages-message qtranxs-available-languages-message-en\">Sorry, this entry is only available in <a href=\"https:\/\/lamanere.fr\/fr\/wp-json\/wp\/v2\/posts\/2176\" class=\"qtranxs-available-language-link qtranxs-available-language-link-fr\" title=\"Fran\u00e7ais\">French<\/a>.<\/p><p><\/p>\n<p style=\"text-align: center;\"><strong>Compte rendu de la r\u00e9union du Conseil Municipal de Laman\u00e8re <\/strong><\/p>\n<p style=\"text-align: center;\"><strong>du samedi 26 f\u00e9vrier 2022 \u00e0 14h30<\/strong><\/p>\n<p><strong>\u00a0<\/strong><\/p>\n<p>Secr\u00e9taire de s\u00e9ance\u00a0: Jean Paul La\u00eflle<\/p>\n<p><strong>Pr\u00e9sents<\/strong>\u00a0:<\/p>\n<p>Mme Gis\u00e8le Juanole, Maire<\/p>\n<p>M. Jacky Pujol, premier adjoint<\/p>\n<p>M. G\u00e9rard Cuvilliez, second adjoint<\/p>\n<p>Mme Pierrette Juanole-D\u00e9moulin, conseill\u00e8re<\/p>\n<p>M. Claude Font, conseiller<\/p>\n<p>M. Jean-Paul La\u00eflle, conseiller<\/p>\n<p>Absente excus\u00e9e : Mme S\u00e9verine Margalef, conseill\u00e8re (a donn\u00e9 procuration \u00e0 Mme Pierrette Juanole-D\u00e9moulin)<\/p>\n<p style=\"text-align: center;\">La r\u00e9union est ouverte \u00e0 14h35<\/p>\n<ul>\n<li><strong>Ajout \u00e0 l\u2019ordre du jour : D\u00e9lib\u00e9ration sur les frais d\u2019acc\u00e8s au service d\u2019abonnement de l\u2019eau et de l\u2019assainissement, pour les g\u00eetes ruraux de la Commune pendant leur location<\/strong><\/li>\n<\/ul>\n<p>Mme le Maire a propos\u00e9 d\u2019ajouter cette question \u00e0 l\u2019ordre du jour, la transcription de la d\u00e9lib\u00e9ration, prise lors du Conseil Municipal du 9 d\u00e9cembre 2021, n\u2019ayant pas \u00e9t\u00e9 faite.<\/p>\n<p>La Communaut\u00e9 des Communes du Haut Vallespir a d\u00e9cid\u00e9 en date du 03 f\u00e9vrier 2022\u00a0:<\/p>\n<ul>\n<li>D\u2019appliquer un Droit d\u2019Acc\u00e8s au Service aux 12 communes de la r\u00e9gie de l\u2019eau du Haut Vallespir,<\/li>\n<li>De fixer les modalit\u00e9s d\u2019application du Droit d\u2019Acc\u00e8s au Service pour l\u2019ouverture et la cl\u00f4ture de l\u2019abonnement. Ce Droit d\u2019Acc\u00e8s au Service est fix\u00e9 \u00e0\u00a0:\n<ul>\n<li>60 \u20ac TTC \u00e0 compter du 1<sup>er<\/sup> janvier 2022 \u00e0 l\u2019ouverture d\u2019un contrat d\u2019abonnement,<\/li>\n<li>40 \u20ac TTC \u00e0 compter du 1<sup>er<\/sup> janvier 2022 \u00e0 la cl\u00f4ture d\u2019un contrat d\u2019abonnement.<\/li>\n<\/ul>\n<\/li>\n<\/ul>\n<p>Pour ce qui concerne les g\u00eetes municipaux, il faudra que les abonnements pour l\u2019eau et l\u2019assainissement ne soient plus libell\u00e9s aux noms des locataires, mais au nom de la commune.<\/p>\n<p>Une d\u00e9lib\u00e9ration va \u00eatre r\u00e9dig\u00e9e en ce sens.<\/p>\n<p><strong>\u00a0<\/strong><strong>Le Conseil Municipal apr\u00e8s avoir d\u00e9lib\u00e9r\u00e9 et \u00e0 l\u2019unanimit\u00e9 des pr\u00e9sents\u00a0:<\/strong><\/p>\n<ul>\n<li><strong>Approuve<\/strong> cette d\u00e9lib\u00e9ration<\/li>\n<li><strong>Autorise<\/strong> Mme le Maire \u00e0 signer toutes les pi\u00e8ces relatives \u00e0 ce dossier<\/li>\n<\/ul>\n<p>&nbsp;<\/p>\n<ul>\n<li><strong>D\u00e9lib\u00e9ration pour le renouvellement d\u2019un CUI (agent)<\/strong><\/li>\n<\/ul>\n<p>Le contrat CUI\/PEC (Contrat Unique d\u2019Insertion \/ Parcours emploi Comp\u00e9tences) de l\u2019agent technique contractuel suppl\u00e9mentaire embauch\u00e9 le 8 f\u00e9vrier 2021 pour 20h par semaine est arriv\u00e9 \u00e0 son terme le 7 f\u00e9vrier 2022.<\/p>\n<p>Un nouveau contrat a \u00e9t\u00e9 sign\u00e9 avec P\u00f4le Emploi selon les modalit\u00e9s suivantes\u00a0:<\/p>\n<ul>\n<li>Dur\u00e9e de 9 mois, du 8 f\u00e9vrier 2022 au 7 novembre 2022,<\/li>\n<li>24h par semaine, (soit 3 jours),<\/li>\n<li>Contrat aid\u00e9 selon les m\u00eames conditions \u00e0 savoir remboursement par P\u00f4le Emploi de 80% du salaire, les charges patronales restant \u00e0 la charge de la commune,<\/li>\n<li>Formation CNPTF\u00a0: suivre deux stages (\u00e9lectricit\u00e9 et b\u00e2timent).<\/li>\n<\/ul>\n<p>Une d\u00e9lib\u00e9ration sera r\u00e9dig\u00e9e en ce sens.<\/p>\n<p><strong>Le Conseil Municipal apr\u00e8s avoir d\u00e9lib\u00e9r\u00e9 et \u00e0 l\u2019unanimit\u00e9 des pr\u00e9sents\u00a0:<\/strong><\/p>\n<ul>\n<li><strong>Approuve<\/strong> cette proposition.<\/li>\n<li><strong>Autorise<\/strong> Mme le Maire \u00e0 signer toutes les pi\u00e8ces relatives \u00e0 ce dossier.<\/li>\n<\/ul>\n<p>&nbsp;<\/p>\n<ul>\n<li><strong>D\u00e9lib\u00e9ration sur le montant du loyer du g\u00eete N\u00b0 2 (bail d\u2019un an)<\/strong><\/li>\n<\/ul>\n<p>Le locataire du g\u00eete rural N\u00b0 3 souhaite d\u00e9m\u00e9nager au g\u00eete N\u00b0 2 qui poss\u00e8de une terrasse<\/p>\n<ul>\n<li>Le bail est consenti pour une dur\u00e9e d\u2019un an \u00e0 compter du 1<sup>er<\/sup> mars 2022<\/li>\n<li>Le montant du loyer est fix\u00e9 \u00e0 370 \u20ac<\/li>\n<li>Les charges d\u2019ordures m\u00e9nag\u00e8res sont redevables en fin d\u2019ann\u00e9e, dress\u00e9es par la Commune<\/li>\n<li>Les factures d\u2019\u00e9lectricit\u00e9, d\u2019eau et d\u2019assainissement seront dress\u00e9es par la Commune,<\/li>\n<li>Les chiens appartenant au locataire devront rester sous le contr\u00f4le de celui-ci, afin de ne pas occasionner des nuisances.<\/li>\n<\/ul>\n<p>Une d\u00e9lib\u00e9ration sera r\u00e9dig\u00e9e en ce sens.<\/p>\n<p><strong>Le Conseil Municipal apr\u00e8s avoir d\u00e9lib\u00e9r\u00e9 et \u00e0 l\u2019unanimit\u00e9 des pr\u00e9sents\u00a0:<\/strong><\/p>\n<ul>\n<li><strong>Approuve<\/strong> le principe de cette location et son tarif<\/li>\n<li><strong>Autorise<\/strong> Mme le Maire \u00e0 signer toutes les pi\u00e8ces relatives \u00e0 ce dossier<\/li>\n<\/ul>\n<p>&nbsp;<\/p>\n<ul>\n<li><strong>D\u00e9lib\u00e9ration pour l\u2019inscription de \u00ab\u00a0La boucle du point le plus au sud de France\u00a0\u00bb au Plan D\u00e9partemental des Itin\u00e9raires de Promenade et de Randonn\u00e9es (PDIPR)<\/strong><\/li>\n<\/ul>\n<p>Actuellement, toutes les conventions de passage ont \u00e9t\u00e9 sign\u00e9es par les propri\u00e9taires concern\u00e9s.<\/p>\n<ul>\n<li><strong>Le Conseil Municipal apr\u00e8s avoir d\u00e9lib\u00e9r\u00e9 et \u00e0 l\u2019unanimit\u00e9 des pr\u00e9sents\u00a0:<\/strong>\n<ul>\n<li><strong>Accepte <\/strong>le trac\u00e9 des itin\u00e9raires p\u00e9destres traversant la Commune\u00a0: Laman\u00e8re \u2013 Col de las Falgueres \u2013 Point le plus au Sud de France \u2013 Coma Negra \u2013 Col de Malrems \u2013 Laman\u00e8re\u00a0: \u00ab\u00a0la boucle du point le plus au sud de France\u00a0\u00bb<\/li>\n<li><strong>Autorise <\/strong>leur balisage et leur signalisation selon les normes de la F\u00e9d\u00e9ration Fran\u00e7aise de Randonn\u00e9e P\u00e9destre ainsi que les travaux d\u2019am\u00e9nagement, de s\u00e9curisation et d\u2019entretien n\u00e9cessit\u00e9s par la cr\u00e9ation et la p\u00e9rennisation des itin\u00e9raires sur les voies et chemins relevant du domaine public et priv\u00e9 de la commune,<\/li>\n<li><strong>Autorise <\/strong>le passage des itin\u00e9raires sur les chemins ruraux travers\u00e9s,<\/li>\n<li><strong>S\u2019engage<\/strong> \u00e0 garantir au public le libre passage sur les chemins ruraux emprunt\u00e9s par les itin\u00e9raires, \u00e0 ne pas en ali\u00e9ner tout ou partie et \u00e0 proposer le cas \u00e9ch\u00e9ant un itin\u00e9raire de substitution pour garantir la continuit\u00e9 de l\u2019itin\u00e9raire,<\/li>\n<li><strong>S\u2019engage<\/strong> \u00e0 fournir les conventions de passage entre le propri\u00e9taire et la commune pour les tron\u00e7ons d\u2019itin\u00e9raire traversant des propri\u00e9t\u00e9s priv\u00e9es,<\/li>\n<li><strong>Accepte<\/strong> leur inscription de \u00ab\u00a0La boucle du point le plus au sud de France\u00a0\u00bb au PDIPR.<\/li>\n<li><strong>Donne <\/strong>tout pouvoir \u00e0 Mme le Maire \u00e0 signer toutes les pi\u00e8ces relatives \u00e0 ce dossier.<\/li>\n<\/ul>\n<\/li>\n<\/ul>\n<p>&nbsp;<\/p>\n<p>Une d\u00e9lib\u00e9ration sera r\u00e9dig\u00e9e en ce sens.<\/p>\n<ul>\n<li><strong>D\u00e9lib\u00e9ration pour la prise de participation de la Commune de Laman\u00e8re \u00e0 la SPL PYRENEES ORIENTALES AMENAGEMENT. Discussion sur la convention de mandat avec cette Soci\u00e9t\u00e9<\/strong><\/li>\n<\/ul>\n<p>Les dossiers de demandes de subventions pour la r\u00e9novation du Pla\u00e7ot \u00ab\u00a0H\u00f4tel Rural de Laman\u00e8re\u00a0\u00bb, en tant que projet global, a \u00e9t\u00e9 adress\u00e9e \u00e0 l\u2019Etat (Fonds National d\u2019Am\u00e9nagement et de D\u00e9veloppement du Territoire FNADT \u2013 Massif) le 18 janvier, \u00e0 la R\u00e9gion et au d\u00e9partement le 3 f\u00e9vrier.<\/p>\n<p>La Communaut\u00e9 des Communes du Haut \u2013 Vallespir a pr\u00e9sent\u00e9 \u00e0 la Commune de Laman\u00e8re la SPL (Soci\u00e9t\u00e9 Publique Locale) PYRENEES ORIENTALES AMENAGEMENT. Cette Soci\u00e9t\u00e9, dans laquelle les collectivit\u00e9s territoriales sont les uniques actionnaires, intervient dans le domaine de l\u2019am\u00e9nagement et de la construction de superstructures et peut travailler avec ses actionnaires, c\u2019est-\u00e0-dire sans devoir \u00eatre mis en concurrence. Le Conseil D\u00e9partemental des Pyr\u00e9n\u00e9es Orientales a cr\u00e9\u00e9 en 2010 cette SPL et d\u00e9tient 41,75% du capital. Sa Pr\u00e9sidente est Mme Hermeline Malherbe.<\/p>\n<p>Un des int\u00e9r\u00eats de l\u2019adh\u00e9sion de la Commune \u00e0 cette SPL est qu\u2019il ne serait plus n\u00e9cessaire d\u2019organiser des appels d\u2019offres pour l\u2019architecte et les diff\u00e9rents corps de m\u00e9tier. La SPL peut organiser le montage du projet et l\u2019organisation de l\u2019APS (avant-projet sommaire) et de l\u2019APD (avant-projet d\u00e9taill\u00e9).<\/p>\n<p>Il est propos\u00e9 \u00e0 la commune\u00a0:<\/p>\n<ul>\n<li>d\u2019adh\u00e9rer \u00e0 la SPL par l\u2019achat de 10 actions (montant total 100 \u20ac)<\/li>\n<li>de signer la convention de mandat, qui permettra de r\u00e9aliser l\u2019APD<\/li>\n<\/ul>\n<p>Une d\u00e9lib\u00e9ration sera r\u00e9dig\u00e9e en ce sens.<\/p>\n<ul>\n<li><strong>Le Conseil Municipal apr\u00e8s avoir d\u00e9lib\u00e9r\u00e9 et \u00e0 l\u2019unanimit\u00e9 des pr\u00e9sents\u00a0:<\/strong>\n<ul>\n<li><strong>Approuve\u00a0:<\/strong>\n<ul>\n<li>l\u2019adh\u00e9sion \u00e0 la SPL PYRENEES ORIENTALE DEVELOPPEMENT<\/li>\n<li>la signature de la convention de mandat.<\/li>\n<\/ul>\n<\/li>\n<li><strong>Autorise<\/strong> Mme le Maire \u00e0 signer toutes les pi\u00e8ces relatives \u00e0 ce dossier.<\/li>\n<\/ul>\n<\/li>\n<\/ul>\n<p>&nbsp;<\/p>\n<ul>\n<li><strong>Discussion et d\u00e9lib\u00e9ration des devis Berger Levrault et A.GE.D.I.<\/strong><\/li>\n<\/ul>\n<p>Berger \u2013 Levrault et A.GE.D.I. (Agence de Gestion et de D\u00e9veloppement Informatique, syndicat intercommunal national) ont propos\u00e9 \u00e0 la Municipalit\u00e9 des devis pour l\u2019installation (migration) sur l\u2019ordinateur de la Mairie de logiciels de gestion administrative (comptabilit\u00e9, gestion du budget, gestion des traitements et indemnit\u00e9s).<\/p>\n<p>Le Conseil Municipal a examin\u00e9 la migration propos\u00e9e par Berger \u2013 Levrault pour faciliter la pr\u00e9paration du budget 2022, pour un co\u00fbt de 423 \u20ac TTC. La proposition transmise par A\u00a0.GE.D.I pourra \u00eatre examin\u00e9e ult\u00e9rieurement.<\/p>\n<p>Une d\u00e9lib\u00e9ration sera r\u00e9dig\u00e9e en ce sens.<\/p>\n<ul>\n<li><strong>Le Conseil Municipal apr\u00e8s avoir d\u00e9lib\u00e9r\u00e9 et \u00e0 l\u2019unanimit\u00e9 des pr\u00e9sents\u00a0:<\/strong>\n<ul>\n<li><strong>Approuve <\/strong>la migration propos\u00e9e par Berger \u2013 Levrault.<\/li>\n<li><strong>Autorise<\/strong> Mme le Maire \u00e0 signer toutes les pi\u00e8ces relatives \u00e0 ce dossier.<\/li>\n<\/ul>\n<\/li>\n<\/ul>\n<p>&nbsp;<\/p>\n<ul>\n<li><strong>Questions diverses\u00a0:<\/strong><\/li>\n<\/ul>\n<p><strong>\u00a0Journ\u00e9e de la Retirada\u00a0:<\/strong><\/p>\n<p>Cette manifestation est pr\u00e9vue le 18 avril 2022 (Lundi de P\u00e2ques). Il est n\u00e9cessaire d\u2019\u00e9tablir une liste des invitations aux repr\u00e9sentants des diff\u00e9rentes administrations et corps de l\u2019Etat, de la R\u00e9gion et du D\u00e9partement, la CCHV et les maires des communes, les maires de Camprodon et de Mollo (liste non exhaustive)<\/p>\n<p><strong>Proposition d\u2019animation des Feux de la Saint-Jean par un groupe de sardanistes<\/strong><\/p>\n<p>Les sardanistes du groupe \u00ab\u00a0Cireres de Ceret\u00a0\u00bb animeront les feux de la Saint Jean. La manifestation d\u00e9buterait par une d\u00e9monstration de l\u2019histoire de la Sardane depuis le 16\u00b0 si\u00e8cle \u00e0 nos jours, suivi de Sardanes, de 17h \u00e0 19h, le samedi suivant la Saint-Jean, soit le 25 juin 2022. Le tarif de la prestation sera de 200 \u20ac.<\/p>\n<p><strong>R\u00e9union publique pour le devenir du Multiple Rural<\/strong><\/p>\n<p>Cette r\u00e9union se tiendra le 27 f\u00e9vrier \u00e0 10h30 \u00e0 la Salle Polyvalente. Il sera question du contrat de d\u00e9l\u00e9gation de service public (DSP), de l\u2019avenir du restaurant et de questions diverses. Tous les participants seront libres d\u2019exprimer leurs id\u00e9es.<\/p>\n<p>&nbsp;<\/p>\n<p style=\"text-align: center;\">La s\u00e9ance a \u00e9t\u00e9 lev\u00e9e \u00e0 18h40<\/p>\n<p><\/p>","protected":false},"excerpt":{"rendered":"<p>Sorry, this entry is only available in French. Compte rendu de la r\u00e9union du Conseil Municipal de Laman\u00e8re du samedi 26 f\u00e9vrier 2022 \u00e0 14h30 \u00a0 Secr\u00e9taire de s\u00e9ance\u00a0: Jean Paul La\u00eflle Pr\u00e9sents\u00a0: Mme Gis\u00e8le Juanole, Maire M. Jacky Pujol,&hellip; <a href=\"https:\/\/lamanere.fr\/en\/2022\/03\/02\/compte-rendu-de-la-reunion-du-conseil-municipal-du-26-fevrier-2022\/\" class=\"more-link\">Continue Reading <span class=\"meta-nav\">&rarr;<\/span><\/a><\/p>\n","protected":false},"author":2,"featured_media":0,"comment_status":"open","ping_status":"open","sticky":false,"template":"","format":"standard","meta":{"footnotes":""},"categories":[77,74],"tags":[],"yoast_head":"<!-- This site is optimized with the Yoast SEO plugin v27.4 - https:\/\/yoast.com\/product\/yoast-seo-wordpress\/ -->\n<title><\/title>\n<meta name=\"robots\" content=\"index, follow, max-snippet:-1, max-image-preview:large, max-video-preview:-1\" \/>\n<link rel=\"canonical\" href=\"https:\/\/lamanere.fr\/2022\/03\/02\/compte-rendu-de-la-reunion-du-conseil-municipal-du-26-fevrier-2022\/\" \/>\n<meta property=\"og:locale\" content=\"en_US\" \/>\n<meta property=\"og:type\" content=\"article\" \/>\n<meta property=\"og:title\" content=\"[:fr]COMPTE RENDU DU CONSEIL MUNICIPAL du 26 f\u00e9vrier 2022[:] - Laman\u00e8re - Official Site of the Municipality\" \/>\n<meta property=\"og:description\" content=\"Sorry, this entry is only available in French. Compte rendu de la r\u00e9union du Conseil Municipal de Laman\u00e8re du samedi 26 f\u00e9vrier 2022 \u00e0 14h30 \u00a0 Secr\u00e9taire de s\u00e9ance\u00a0: Jean Paul La\u00eflle Pr\u00e9sents\u00a0: Mme Gis\u00e8le Juanole, Maire M. Jacky Pujol,&hellip; Continue Reading &rarr;\" \/>\n<meta property=\"og:url\" content=\"https:\/\/lamanere.fr\/2022\/03\/02\/compte-rendu-de-la-reunion-du-conseil-municipal-du-26-fevrier-2022\/\" \/>\n<meta property=\"og:site_name\" content=\"Laman\u00e8re - Official Site of the Municipality\" \/>\n<meta property=\"article:publisher\" content=\"https:\/\/www.facebook.com\/lamanere\" \/>\n<meta property=\"article:published_time\" content=\"2022-03-02T12:44:14+00:00\" \/>\n<meta property=\"article:modified_time\" content=\"2022-03-02T12:46:35+00:00\" \/>\n<meta name=\"author\" content=\"Mairie de Laman\u00e8re\" \/>\n<meta name=\"twitter:card\" content=\"summary_large_image\" \/>\n<meta name=\"twitter:label1\" content=\"Written by\" \/>\n\t<meta name=\"twitter:data1\" content=\"Mairie de Laman\u00e8re\" \/>\n\t<meta name=\"twitter:label2\" content=\"Est. reading time\" \/>\n\t<meta name=\"twitter:data2\" content=\"8 minutes\" \/>\n<script type=\"application\/ld+json\" class=\"yoast-schema-graph\">{\"@context\":\"https:\\\/\\\/schema.org\",\"@graph\":[{\"@type\":\"Article\",\"@id\":\"https:\\\/\\\/lamanere.fr\\\/2022\\\/03\\\/02\\\/compte-rendu-de-la-reunion-du-conseil-municipal-du-26-fevrier-2022\\\/#article\",\"isPartOf\":{\"@id\":\"https:\\\/\\\/lamanere.fr\\\/2022\\\/03\\\/02\\\/compte-rendu-de-la-reunion-du-conseil-municipal-du-26-fevrier-2022\\\/\"},\"author\":{\"name\":\"Mairie de Laman\u00e8re\",\"@id\":\"https:\\\/\\\/lamanere.fr\\\/#\\\/schema\\\/person\\\/b26317ee332d7f6bfb5bff1394da6e59\"},\"headline\":\"COMPTE RENDU DU CONSEIL MUNICIPAL du 26 f\u00e9vrier 2022\",\"datePublished\":\"2022-03-02T12:44:14+00:00\",\"dateModified\":\"2022-03-02T12:46:35+00:00\",\"mainEntityOfPage\":{\"@id\":\"https:\\\/\\\/lamanere.fr\\\/2022\\\/03\\\/02\\\/compte-rendu-de-la-reunion-du-conseil-municipal-du-26-fevrier-2022\\\/\"},\"wordCount\":1600,\"commentCount\":0,\"publisher\":{\"@id\":\"https:\\\/\\\/lamanere.fr\\\/#organization\"},\"articleSection\":[\"Comptes Rendus\",\"Municipalit\u00e9\"],\"inLanguage\":\"en-US\",\"potentialAction\":[{\"@type\":\"CommentAction\",\"name\":\"Comment\",\"target\":[\"https:\\\/\\\/lamanere.fr\\\/2022\\\/03\\\/02\\\/compte-rendu-de-la-reunion-du-conseil-municipal-du-26-fevrier-2022\\\/#respond\"]}]},{\"@type\":\"WebPage\",\"@id\":\"https:\\\/\\\/lamanere.fr\\\/2022\\\/03\\\/02\\\/compte-rendu-de-la-reunion-du-conseil-municipal-du-26-fevrier-2022\\\/\",\"url\":\"https:\\\/\\\/lamanere.fr\\\/2022\\\/03\\\/02\\\/compte-rendu-de-la-reunion-du-conseil-municipal-du-26-fevrier-2022\\\/\",\"name\":\"[:fr]COMPTE RENDU DU CONSEIL MUNICIPAL du 26 f\u00e9vrier 2022[:] - Laman\u00e8re - Official Site of the Municipality\",\"isPartOf\":{\"@id\":\"https:\\\/\\\/lamanere.fr\\\/#website\"},\"datePublished\":\"2022-03-02T12:44:14+00:00\",\"dateModified\":\"2022-03-02T12:46:35+00:00\",\"breadcrumb\":{\"@id\":\"https:\\\/\\\/lamanere.fr\\\/2022\\\/03\\\/02\\\/compte-rendu-de-la-reunion-du-conseil-municipal-du-26-fevrier-2022\\\/#breadcrumb\"},\"inLanguage\":\"en-US\",\"potentialAction\":[{\"@type\":\"ReadAction\",\"target\":[\"https:\\\/\\\/lamanere.fr\\\/2022\\\/03\\\/02\\\/compte-rendu-de-la-reunion-du-conseil-municipal-du-26-fevrier-2022\\\/\"]}]},{\"@type\":\"BreadcrumbList\",\"@id\":\"https:\\\/\\\/lamanere.fr\\\/2022\\\/03\\\/02\\\/compte-rendu-de-la-reunion-du-conseil-municipal-du-26-fevrier-2022\\\/#breadcrumb\",\"itemListElement\":[{\"@type\":\"ListItem\",\"position\":1,\"name\":\"Accueil\",\"item\":\"https:\\\/\\\/lamanere.fr\\\/\"},{\"@type\":\"ListItem\",\"position\":2,\"name\":\"COMPTE RENDU DU CONSEIL MUNICIPAL du 26 f\u00e9vrier 2022\"}]},{\"@type\":\"WebSite\",\"@id\":\"https:\\\/\\\/lamanere.fr\\\/#website\",\"url\":\"https:\\\/\\\/lamanere.fr\\\/\",\"name\":\"Laman\u00e8re - Official Site of the Municipality\",\"description\":\"Southernmost village in mainland France\",\"publisher\":{\"@id\":\"https:\\\/\\\/lamanere.fr\\\/#organization\"},\"potentialAction\":[{\"@type\":\"SearchAction\",\"target\":{\"@type\":\"EntryPoint\",\"urlTemplate\":\"https:\\\/\\\/lamanere.fr\\\/?s={search_term_string}\"},\"query-input\":{\"@type\":\"PropertyValueSpecification\",\"valueRequired\":true,\"valueName\":\"search_term_string\"}}],\"inLanguage\":\"en-US\"},{\"@type\":\"Organization\",\"@id\":\"https:\\\/\\\/lamanere.fr\\\/#organization\",\"name\":\"Commune de Laman\u00e8re\",\"url\":\"https:\\\/\\\/lamanere.fr\\\/\",\"logo\":{\"@type\":\"ImageObject\",\"inLanguage\":\"en-US\",\"@id\":\"https:\\\/\\\/lamanere.fr\\\/#\\\/schema\\\/logo\\\/image\\\/\",\"url\":\"https:\\\/\\\/lamanere.fr\\\/wp-content\\\/uploads\\\/2020\\\/09\\\/logo2-149.jpg\",\"contentUrl\":\"https:\\\/\\\/lamanere.fr\\\/wp-content\\\/uploads\\\/2020\\\/09\\\/logo2-149.jpg\",\"width\":149,\"height\":146,\"caption\":\"Commune de Laman\u00e8re\"},\"image\":{\"@id\":\"https:\\\/\\\/lamanere.fr\\\/#\\\/schema\\\/logo\\\/image\\\/\"},\"sameAs\":[\"https:\\\/\\\/www.facebook.com\\\/lamanere\",\"https:\\\/\\\/fr.wikipedia.org\\\/wiki\\\/Laman\u00e8re\"]},{\"@type\":\"Person\",\"@id\":\"https:\\\/\\\/lamanere.fr\\\/#\\\/schema\\\/person\\\/b26317ee332d7f6bfb5bff1394da6e59\",\"name\":\"Mairie de Laman\u00e8re\",\"image\":{\"@type\":\"ImageObject\",\"inLanguage\":\"en-US\",\"@id\":\"https:\\\/\\\/secure.gravatar.com\\\/avatar\\\/951e9da0a291f11d14b93bccd2d18cab?s=96&d=mm&r=g\",\"url\":\"https:\\\/\\\/secure.gravatar.com\\\/avatar\\\/951e9da0a291f11d14b93bccd2d18cab?s=96&d=mm&r=g\",\"contentUrl\":\"https:\\\/\\\/secure.gravatar.com\\\/avatar\\\/951e9da0a291f11d14b93bccd2d18cab?s=96&d=mm&r=g\",\"caption\":\"Mairie de Laman\u00e8re\"},\"url\":\"https:\\\/\\\/lamanere.fr\\\/en\\\/author\\\/jean-paul\\\/\"}]}<\/script>\n<!-- \/ Yoast SEO plugin. -->","yoast_head_json":{"title":"[:fr]COMPTE RENDU DU CONSEIL MUNICIPAL du 26 f\u00e9vrier 2022[:] - Laman\u00e8re - Official Site of the Municipality","robots":{"index":"index","follow":"follow","max-snippet":"max-snippet:-1","max-image-preview":"max-image-preview:large","max-video-preview":"max-video-preview:-1"},"canonical":"https:\/\/lamanere.fr\/2022\/03\/02\/compte-rendu-de-la-reunion-du-conseil-municipal-du-26-fevrier-2022\/","og_locale":"en_US","og_type":"article","og_title":"[:fr]COMPTE RENDU DU CONSEIL MUNICIPAL du 26 f\u00e9vrier 2022[:] - Laman\u00e8re - Official Site of the Municipality","og_description":"Sorry, this entry is only available in French. Compte rendu de la r\u00e9union du Conseil Municipal de Laman\u00e8re du samedi 26 f\u00e9vrier 2022 \u00e0 14h30 \u00a0 Secr\u00e9taire de s\u00e9ance\u00a0: Jean Paul La\u00eflle Pr\u00e9sents\u00a0: Mme Gis\u00e8le Juanole, Maire M. Jacky Pujol,&hellip; Continue Reading &rarr;","og_url":"https:\/\/lamanere.fr\/2022\/03\/02\/compte-rendu-de-la-reunion-du-conseil-municipal-du-26-fevrier-2022\/","og_site_name":"Laman\u00e8re - Official Site of the Municipality","article_publisher":"https:\/\/www.facebook.com\/lamanere","article_published_time":"2022-03-02T12:44:14+00:00","article_modified_time":"2022-03-02T12:46:35+00:00","author":"Mairie de Laman\u00e8re","twitter_card":"summary_large_image","twitter_misc":{"Written by":"Mairie de Laman\u00e8re","Est. reading time":"8 minutes"},"schema":{"@context":"https:\/\/schema.org","@graph":[{"@type":"Article","@id":"https:\/\/lamanere.fr\/2022\/03\/02\/compte-rendu-de-la-reunion-du-conseil-municipal-du-26-fevrier-2022\/#article","isPartOf":{"@id":"https:\/\/lamanere.fr\/2022\/03\/02\/compte-rendu-de-la-reunion-du-conseil-municipal-du-26-fevrier-2022\/"},"author":{"name":"Mairie de Laman\u00e8re","@id":"https:\/\/lamanere.fr\/#\/schema\/person\/b26317ee332d7f6bfb5bff1394da6e59"},"headline":"COMPTE RENDU DU CONSEIL MUNICIPAL du 26 f\u00e9vrier 2022","datePublished":"2022-03-02T12:44:14+00:00","dateModified":"2022-03-02T12:46:35+00:00","mainEntityOfPage":{"@id":"https:\/\/lamanere.fr\/2022\/03\/02\/compte-rendu-de-la-reunion-du-conseil-municipal-du-26-fevrier-2022\/"},"wordCount":1600,"commentCount":0,"publisher":{"@id":"https:\/\/lamanere.fr\/#organization"},"articleSection":["Comptes Rendus","Municipalit\u00e9"],"inLanguage":"en-US","potentialAction":[{"@type":"CommentAction","name":"Comment","target":["https:\/\/lamanere.fr\/2022\/03\/02\/compte-rendu-de-la-reunion-du-conseil-municipal-du-26-fevrier-2022\/#respond"]}]},{"@type":"WebPage","@id":"https:\/\/lamanere.fr\/2022\/03\/02\/compte-rendu-de-la-reunion-du-conseil-municipal-du-26-fevrier-2022\/","url":"https:\/\/lamanere.fr\/2022\/03\/02\/compte-rendu-de-la-reunion-du-conseil-municipal-du-26-fevrier-2022\/","name":"[:fr]COMPTE RENDU DU CONSEIL MUNICIPAL du 26 f\u00e9vrier 2022[:] - Laman\u00e8re - Official Site of the Municipality","isPartOf":{"@id":"https:\/\/lamanere.fr\/#website"},"datePublished":"2022-03-02T12:44:14+00:00","dateModified":"2022-03-02T12:46:35+00:00","breadcrumb":{"@id":"https:\/\/lamanere.fr\/2022\/03\/02\/compte-rendu-de-la-reunion-du-conseil-municipal-du-26-fevrier-2022\/#breadcrumb"},"inLanguage":"en-US","potentialAction":[{"@type":"ReadAction","target":["https:\/\/lamanere.fr\/2022\/03\/02\/compte-rendu-de-la-reunion-du-conseil-municipal-du-26-fevrier-2022\/"]}]},{"@type":"BreadcrumbList","@id":"https:\/\/lamanere.fr\/2022\/03\/02\/compte-rendu-de-la-reunion-du-conseil-municipal-du-26-fevrier-2022\/#breadcrumb","itemListElement":[{"@type":"ListItem","position":1,"name":"Accueil","item":"https:\/\/lamanere.fr\/"},{"@type":"ListItem","position":2,"name":"COMPTE RENDU DU CONSEIL MUNICIPAL du 26 f\u00e9vrier 2022"}]},{"@type":"WebSite","@id":"https:\/\/lamanere.fr\/#website","url":"https:\/\/lamanere.fr\/","name":"Laman\u00e8re - Official Site of the Municipality","description":"Southernmost village in mainland France","publisher":{"@id":"https:\/\/lamanere.fr\/#organization"},"potentialAction":[{"@type":"SearchAction","target":{"@type":"EntryPoint","urlTemplate":"https:\/\/lamanere.fr\/?s={search_term_string}"},"query-input":{"@type":"PropertyValueSpecification","valueRequired":true,"valueName":"search_term_string"}}],"inLanguage":"en-US"},{"@type":"Organization","@id":"https:\/\/lamanere.fr\/#organization","name":"Commune de Laman\u00e8re","url":"https:\/\/lamanere.fr\/","logo":{"@type":"ImageObject","inLanguage":"en-US","@id":"https:\/\/lamanere.fr\/#\/schema\/logo\/image\/","url":"https:\/\/lamanere.fr\/wp-content\/uploads\/2020\/09\/logo2-149.jpg","contentUrl":"https:\/\/lamanere.fr\/wp-content\/uploads\/2020\/09\/logo2-149.jpg","width":149,"height":146,"caption":"Commune de Laman\u00e8re"},"image":{"@id":"https:\/\/lamanere.fr\/#\/schema\/logo\/image\/"},"sameAs":["https:\/\/www.facebook.com\/lamanere","https:\/\/fr.wikipedia.org\/wiki\/Laman\u00e8re"]},{"@type":"Person","@id":"https:\/\/lamanere.fr\/#\/schema\/person\/b26317ee332d7f6bfb5bff1394da6e59","name":"Mairie de Laman\u00e8re","image":{"@type":"ImageObject","inLanguage":"en-US","@id":"https:\/\/secure.gravatar.com\/avatar\/951e9da0a291f11d14b93bccd2d18cab?s=96&d=mm&r=g","url":"https:\/\/secure.gravatar.com\/avatar\/951e9da0a291f11d14b93bccd2d18cab?s=96&d=mm&r=g","contentUrl":"https:\/\/secure.gravatar.com\/avatar\/951e9da0a291f11d14b93bccd2d18cab?s=96&d=mm&r=g","caption":"Mairie de Laman\u00e8re"},"url":"https:\/\/lamanere.fr\/en\/author\/jean-paul\/"}]}},"_links":{"self":[{"href":"https:\/\/lamanere.fr\/en\/wp-json\/wp\/v2\/posts\/2176"}],"collection":[{"href":"https:\/\/lamanere.fr\/en\/wp-json\/wp\/v2\/posts"}],"about":[{"href":"https:\/\/lamanere.fr\/en\/wp-json\/wp\/v2\/types\/post"}],"author":[{"embeddable":true,"href":"https:\/\/lamanere.fr\/en\/wp-json\/wp\/v2\/users\/2"}],"replies":[{"embeddable":true,"href":"https:\/\/lamanere.fr\/en\/wp-json\/wp\/v2\/comments?post=2176"}],"version-history":[{"count":2,"href":"https:\/\/lamanere.fr\/en\/wp-json\/wp\/v2\/posts\/2176\/revisions"}],"predecessor-version":[{"id":2178,"href":"https:\/\/lamanere.fr\/en\/wp-json\/wp\/v2\/posts\/2176\/revisions\/2178"}],"wp:attachment":[{"href":"https:\/\/lamanere.fr\/en\/wp-json\/wp\/v2\/media?parent=2176"}],"wp:term":[{"taxonomy":"category","embeddable":true,"href":"https:\/\/lamanere.fr\/en\/wp-json\/wp\/v2\/categories?post=2176"},{"taxonomy":"post_tag","embeddable":true,"href":"https:\/\/lamanere.fr\/en\/wp-json\/wp\/v2\/tags?post=2176"}],"curies":[{"name":"wp","href":"https:\/\/api.w.org\/{rel}","templated":true}]}}