{"id":2588,"date":"2023-02-09T09:49:22","date_gmt":"2023-02-09T08:49:22","guid":{"rendered":"https:\/\/lamanere.fr\/?p=2588"},"modified":"2023-02-09T09:49:22","modified_gmt":"2023-02-09T08:49:22","slug":"compte-rendu-du-conseil-municipal-tenu-le-7-fevrier-2023","status":"publish","type":"post","link":"https:\/\/lamanere.fr\/en\/2023\/02\/09\/compte-rendu-du-conseil-municipal-tenu-le-7-fevrier-2023\/","title":{"rendered":"COMPTE RENDU DU CONSEIL MUNICIPAL TENU LE 7 f\u00e9vrier 2023"},"content":{"rendered":"<p class=\"qtranxs-available-languages-message qtranxs-available-languages-message-en\">Sorry, this entry is only available in <a href=\"https:\/\/lamanere.fr\/fr\/wp-json\/wp\/v2\/posts\/2588\" class=\"qtranxs-available-language-link qtranxs-available-language-link-fr\" title=\"Fran\u00e7ais\">French<\/a>.<\/p><p><\/p>\n<p style=\"text-align: center;\"><strong>Compte rendu de la r\u00e9union extraordinaire du Conseil Municipal de Laman\u00e8re <\/strong><\/p>\n<p style=\"text-align: center;\"><strong>du mardi 7 f\u00e9vrier 2023 \u00e0 10h30<\/strong><\/p>\n<p>Secr\u00e9taire de s\u00e9ance\u00a0: Jean Paul La\u00eflle<\/p>\n<p><strong>Pr\u00e9sents<\/strong>\u00a0:<\/p>\n<p>Mme Gis\u00e8le Juanole, Maire<\/p>\n<p>Jacky Pujol, premier adjoint<\/p>\n<p>G\u00e9rard Cuvilliez, second adjoint<\/p>\n<p>Jean-Paul La\u00eflle, conseiller<\/p>\n<p>Absents excus\u00e9s: Mme Pierrette Juanole-D\u00e9moulin, conseill\u00e8re et M. Claude Font, conseiller (ont donn\u00e9 procuration)<\/p>\n<p style=\"text-align: center;\">La r\u00e9union est ouverte \u00e0 10h30<\/p>\n<p><strong>\u00a0<\/strong><\/p>\n<ul>\n<li><strong>Pr\u00e9ambule<\/strong><\/li>\n<\/ul>\n<p>La nouvelle ann\u00e9e a commenc\u00e9 tristement, marqu\u00e9e par trois disparitions\u00a0: celles de Mesdames Marguerite Capallera et Annie Capallera, m\u00e8re et fille, toutes deux respectivement m\u00e8re et s\u0153ur de nos amis Jean Paul et Pierre Capallera, celle de Madame Val\u00e9rie Marchand fille de nos amis Nicole et Michel Marchand et maman de Chlo\u00e9 et Charles. A ces familles, toutes tr\u00e8s attach\u00e9es \u00e0 notre village, \u00e0 tous leurs proches, nous pr\u00e9sentons nos sinc\u00e8res condol\u00e9ances et les assurons de notre profonde sympathie.<\/p>\n<ul>\n<li><strong>D\u00e9lib\u00e9ration sur le contrat de concession de service du Multiple Rural (d\u00e9l\u00e9gation de service Public)<\/strong><\/li>\n<\/ul>\n<p>Le Conseil Municipal a examin\u00e9 la derni\u00e8re mise \u00e0 jour du contrat de D\u00e9l\u00e9gation de Service Public pour l\u2019exploitation du Multiple Rural de Laman\u00e8re (bar, restaurant, commerce de premi\u00e8re n\u00e9cessit\u00e9)<\/p>\n<p><strong>Le Conseil Municipal apr\u00e8s avoir d\u00e9lib\u00e9r\u00e9 et \u00e0 l\u2019unanimit\u00e9 des pr\u00e9sents:<\/strong><\/p>\n<ul>\n<li><strong>Approuve <\/strong>la derni\u00e8re version du contrat de D\u00e9l\u00e9gation de Service Public pour l\u2019exploitation du Multiple Rural de Laman\u00e8re,<\/li>\n<li><strong>Autorise <\/strong>Mme le Maire \u00e0 signer toutes les pi\u00e8ces relatives \u00e0 ce dossier<\/li>\n<\/ul>\n<p>&nbsp;<\/p>\n<ul>\n<li><strong>D\u00e9lib\u00e9ration pour la publication de cet avis de concession sur le journal des Annonces L\u00e9gales permettant la publication de plusieurs offres concurrentes<\/strong><\/li>\n<\/ul>\n<p>&nbsp;<\/p>\n<p>Le Conseil Municipal a examin\u00e9 le texte de l\u2019avis d&#8217;appel public \u00e0 la concurrence pour une D\u00e9l\u00e9gation de Service Public concernant l&#8217;exploitation du Multiple Rural de Laman\u00e8re. Cet avis devra para\u00eetre dans les principaux journaux de la R\u00e9gion (l\u2019Ind\u00e9pendant et Midi Libre).<\/p>\n<p><strong>Le Conseil Municipal apr\u00e8s avoir d\u00e9lib\u00e9r\u00e9 et \u00e0 l\u2019unanimit\u00e9 des pr\u00e9sents:<\/strong><\/p>\n<ul>\n<li><strong>Approuve <\/strong>la publication de l\u2019avis d&#8217;appel public \u00e0 la concurrence pour une D\u00e9l\u00e9gation de Service Public concernant l&#8217;exploitation du Multiple Rural de Laman\u00e8re,<\/li>\n<li><strong>Autorise <\/strong>Mme le Maire \u00e0 signer toutes les pi\u00e8ces relatives \u00e0 ce dossier<\/li>\n<\/ul>\n<p style=\"text-align: center;\">La s\u00e9ance a \u00e9t\u00e9 lev\u00e9e \u00e0 12h25<\/p>\n<p>&nbsp;<\/p>","protected":false},"excerpt":{"rendered":"<p>Sorry, this entry is only available in French. Compte rendu de la r\u00e9union extraordinaire du Conseil Municipal de Laman\u00e8re du mardi 7 f\u00e9vrier 2023 \u00e0 10h30 Secr\u00e9taire de s\u00e9ance\u00a0: Jean Paul La\u00eflle Pr\u00e9sents\u00a0: Mme Gis\u00e8le Juanole, Maire Jacky Pujol, premier&hellip; <a href=\"https:\/\/lamanere.fr\/en\/2023\/02\/09\/compte-rendu-du-conseil-municipal-tenu-le-7-fevrier-2023\/\" class=\"more-link\">Continue Reading <span class=\"meta-nav\">&rarr;<\/span><\/a><\/p>\n","protected":false},"author":2,"featured_media":0,"comment_status":"open","ping_status":"open","sticky":false,"template":"","format":"standard","meta":{"footnotes":""},"categories":[77,74],"tags":[],"yoast_head":"<!-- This site is optimized with the Yoast SEO plugin v27.4 - https:\/\/yoast.com\/product\/yoast-seo-wordpress\/ -->\n<title><\/title>\n<meta name=\"robots\" content=\"index, follow, max-snippet:-1, max-image-preview:large, max-video-preview:-1\" \/>\n<link rel=\"canonical\" href=\"https:\/\/lamanere.fr\/2023\/02\/09\/compte-rendu-du-conseil-municipal-tenu-le-7-fevrier-2023\/\" \/>\n<meta property=\"og:locale\" content=\"en_US\" \/>\n<meta property=\"og:type\" content=\"article\" \/>\n<meta property=\"og:title\" content=\"[:fr]COMPTE RENDU DU CONSEIL MUNICIPAL TENU LE 7 f\u00e9vrier 2023[:] - Laman\u00e8re - Official Site of the Municipality\" \/>\n<meta property=\"og:description\" content=\"Sorry, this entry is only available in French. Compte rendu de la r\u00e9union extraordinaire du Conseil Municipal de Laman\u00e8re du mardi 7 f\u00e9vrier 2023 \u00e0 10h30 Secr\u00e9taire de s\u00e9ance\u00a0: Jean Paul La\u00eflle Pr\u00e9sents\u00a0: Mme Gis\u00e8le Juanole, Maire Jacky Pujol, premier&hellip; Continue Reading &rarr;\" \/>\n<meta property=\"og:url\" content=\"https:\/\/lamanere.fr\/2023\/02\/09\/compte-rendu-du-conseil-municipal-tenu-le-7-fevrier-2023\/\" \/>\n<meta property=\"og:site_name\" content=\"Laman\u00e8re - Official Site of the Municipality\" \/>\n<meta property=\"article:publisher\" content=\"https:\/\/www.facebook.com\/lamanere\" \/>\n<meta property=\"article:published_time\" content=\"2023-02-09T08:49:22+00:00\" \/>\n<meta name=\"author\" content=\"Mairie de Laman\u00e8re\" \/>\n<meta name=\"twitter:card\" content=\"summary_large_image\" \/>\n<meta name=\"twitter:label1\" content=\"Written by\" \/>\n\t<meta name=\"twitter:data1\" content=\"Mairie de Laman\u00e8re\" \/>\n\t<meta name=\"twitter:label2\" content=\"Est. reading time\" \/>\n\t<meta name=\"twitter:data2\" content=\"2 minutes\" \/>\n<script type=\"application\/ld+json\" class=\"yoast-schema-graph\">{\"@context\":\"https:\\\/\\\/schema.org\",\"@graph\":[{\"@type\":\"Article\",\"@id\":\"https:\\\/\\\/lamanere.fr\\\/2023\\\/02\\\/09\\\/compte-rendu-du-conseil-municipal-tenu-le-7-fevrier-2023\\\/#article\",\"isPartOf\":{\"@id\":\"https:\\\/\\\/lamanere.fr\\\/2023\\\/02\\\/09\\\/compte-rendu-du-conseil-municipal-tenu-le-7-fevrier-2023\\\/\"},\"author\":{\"name\":\"Mairie de Laman\u00e8re\",\"@id\":\"https:\\\/\\\/lamanere.fr\\\/#\\\/schema\\\/person\\\/b26317ee332d7f6bfb5bff1394da6e59\"},\"headline\":\"COMPTE RENDU DU CONSEIL MUNICIPAL TENU LE 7 f\u00e9vrier 2023\",\"datePublished\":\"2023-02-09T08:49:22+00:00\",\"mainEntityOfPage\":{\"@id\":\"https:\\\/\\\/lamanere.fr\\\/2023\\\/02\\\/09\\\/compte-rendu-du-conseil-municipal-tenu-le-7-fevrier-2023\\\/\"},\"wordCount\":414,\"commentCount\":0,\"publisher\":{\"@id\":\"https:\\\/\\\/lamanere.fr\\\/#organization\"},\"articleSection\":[\"Comptes Rendus\",\"Municipalit\u00e9\"],\"inLanguage\":\"en-US\",\"potentialAction\":[{\"@type\":\"CommentAction\",\"name\":\"Comment\",\"target\":[\"https:\\\/\\\/lamanere.fr\\\/2023\\\/02\\\/09\\\/compte-rendu-du-conseil-municipal-tenu-le-7-fevrier-2023\\\/#respond\"]}]},{\"@type\":\"WebPage\",\"@id\":\"https:\\\/\\\/lamanere.fr\\\/2023\\\/02\\\/09\\\/compte-rendu-du-conseil-municipal-tenu-le-7-fevrier-2023\\\/\",\"url\":\"https:\\\/\\\/lamanere.fr\\\/2023\\\/02\\\/09\\\/compte-rendu-du-conseil-municipal-tenu-le-7-fevrier-2023\\\/\",\"name\":\"[:fr]COMPTE RENDU DU CONSEIL MUNICIPAL TENU LE 7 f\u00e9vrier 2023[:] - Laman\u00e8re - Official Site of the Municipality\",\"isPartOf\":{\"@id\":\"https:\\\/\\\/lamanere.fr\\\/#website\"},\"datePublished\":\"2023-02-09T08:49:22+00:00\",\"breadcrumb\":{\"@id\":\"https:\\\/\\\/lamanere.fr\\\/2023\\\/02\\\/09\\\/compte-rendu-du-conseil-municipal-tenu-le-7-fevrier-2023\\\/#breadcrumb\"},\"inLanguage\":\"en-US\",\"potentialAction\":[{\"@type\":\"ReadAction\",\"target\":[\"https:\\\/\\\/lamanere.fr\\\/2023\\\/02\\\/09\\\/compte-rendu-du-conseil-municipal-tenu-le-7-fevrier-2023\\\/\"]}]},{\"@type\":\"BreadcrumbList\",\"@id\":\"https:\\\/\\\/lamanere.fr\\\/2023\\\/02\\\/09\\\/compte-rendu-du-conseil-municipal-tenu-le-7-fevrier-2023\\\/#breadcrumb\",\"itemListElement\":[{\"@type\":\"ListItem\",\"position\":1,\"name\":\"Accueil\",\"item\":\"https:\\\/\\\/lamanere.fr\\\/\"},{\"@type\":\"ListItem\",\"position\":2,\"name\":\"COMPTE RENDU DU CONSEIL MUNICIPAL TENU LE 7 f\u00e9vrier 2023\"}]},{\"@type\":\"WebSite\",\"@id\":\"https:\\\/\\\/lamanere.fr\\\/#website\",\"url\":\"https:\\\/\\\/lamanere.fr\\\/\",\"name\":\"Laman\u00e8re - Official Site of the Municipality\",\"description\":\"Southernmost village in mainland France\",\"publisher\":{\"@id\":\"https:\\\/\\\/lamanere.fr\\\/#organization\"},\"potentialAction\":[{\"@type\":\"SearchAction\",\"target\":{\"@type\":\"EntryPoint\",\"urlTemplate\":\"https:\\\/\\\/lamanere.fr\\\/?s={search_term_string}\"},\"query-input\":{\"@type\":\"PropertyValueSpecification\",\"valueRequired\":true,\"valueName\":\"search_term_string\"}}],\"inLanguage\":\"en-US\"},{\"@type\":\"Organization\",\"@id\":\"https:\\\/\\\/lamanere.fr\\\/#organization\",\"name\":\"Commune de Laman\u00e8re\",\"url\":\"https:\\\/\\\/lamanere.fr\\\/\",\"logo\":{\"@type\":\"ImageObject\",\"inLanguage\":\"en-US\",\"@id\":\"https:\\\/\\\/lamanere.fr\\\/#\\\/schema\\\/logo\\\/image\\\/\",\"url\":\"https:\\\/\\\/lamanere.fr\\\/wp-content\\\/uploads\\\/2020\\\/09\\\/logo2-149.jpg\",\"contentUrl\":\"https:\\\/\\\/lamanere.fr\\\/wp-content\\\/uploads\\\/2020\\\/09\\\/logo2-149.jpg\",\"width\":149,\"height\":146,\"caption\":\"Commune de Laman\u00e8re\"},\"image\":{\"@id\":\"https:\\\/\\\/lamanere.fr\\\/#\\\/schema\\\/logo\\\/image\\\/\"},\"sameAs\":[\"https:\\\/\\\/www.facebook.com\\\/lamanere\",\"https:\\\/\\\/fr.wikipedia.org\\\/wiki\\\/Laman\u00e8re\"]},{\"@type\":\"Person\",\"@id\":\"https:\\\/\\\/lamanere.fr\\\/#\\\/schema\\\/person\\\/b26317ee332d7f6bfb5bff1394da6e59\",\"name\":\"Mairie de Laman\u00e8re\",\"image\":{\"@type\":\"ImageObject\",\"inLanguage\":\"en-US\",\"@id\":\"https:\\\/\\\/secure.gravatar.com\\\/avatar\\\/951e9da0a291f11d14b93bccd2d18cab?s=96&d=mm&r=g\",\"url\":\"https:\\\/\\\/secure.gravatar.com\\\/avatar\\\/951e9da0a291f11d14b93bccd2d18cab?s=96&d=mm&r=g\",\"contentUrl\":\"https:\\\/\\\/secure.gravatar.com\\\/avatar\\\/951e9da0a291f11d14b93bccd2d18cab?s=96&d=mm&r=g\",\"caption\":\"Mairie de Laman\u00e8re\"},\"url\":\"https:\\\/\\\/lamanere.fr\\\/en\\\/author\\\/jean-paul\\\/\"}]}<\/script>\n<!-- \/ Yoast SEO plugin. -->","yoast_head_json":{"title":"[:fr]COMPTE RENDU DU CONSEIL MUNICIPAL TENU LE 7 f\u00e9vrier 2023[:] - Laman\u00e8re - Official Site of the Municipality","robots":{"index":"index","follow":"follow","max-snippet":"max-snippet:-1","max-image-preview":"max-image-preview:large","max-video-preview":"max-video-preview:-1"},"canonical":"https:\/\/lamanere.fr\/2023\/02\/09\/compte-rendu-du-conseil-municipal-tenu-le-7-fevrier-2023\/","og_locale":"en_US","og_type":"article","og_title":"[:fr]COMPTE RENDU DU CONSEIL MUNICIPAL TENU LE 7 f\u00e9vrier 2023[:] - Laman\u00e8re - Official Site of the Municipality","og_description":"Sorry, this entry is only available in French. Compte rendu de la r\u00e9union extraordinaire du Conseil Municipal de Laman\u00e8re du mardi 7 f\u00e9vrier 2023 \u00e0 10h30 Secr\u00e9taire de s\u00e9ance\u00a0: Jean Paul La\u00eflle Pr\u00e9sents\u00a0: Mme Gis\u00e8le Juanole, Maire Jacky Pujol, premier&hellip; Continue Reading &rarr;","og_url":"https:\/\/lamanere.fr\/2023\/02\/09\/compte-rendu-du-conseil-municipal-tenu-le-7-fevrier-2023\/","og_site_name":"Laman\u00e8re - Official Site of the Municipality","article_publisher":"https:\/\/www.facebook.com\/lamanere","article_published_time":"2023-02-09T08:49:22+00:00","author":"Mairie de Laman\u00e8re","twitter_card":"summary_large_image","twitter_misc":{"Written by":"Mairie de Laman\u00e8re","Est. reading time":"2 minutes"},"schema":{"@context":"https:\/\/schema.org","@graph":[{"@type":"Article","@id":"https:\/\/lamanere.fr\/2023\/02\/09\/compte-rendu-du-conseil-municipal-tenu-le-7-fevrier-2023\/#article","isPartOf":{"@id":"https:\/\/lamanere.fr\/2023\/02\/09\/compte-rendu-du-conseil-municipal-tenu-le-7-fevrier-2023\/"},"author":{"name":"Mairie de Laman\u00e8re","@id":"https:\/\/lamanere.fr\/#\/schema\/person\/b26317ee332d7f6bfb5bff1394da6e59"},"headline":"COMPTE RENDU DU CONSEIL MUNICIPAL TENU LE 7 f\u00e9vrier 2023","datePublished":"2023-02-09T08:49:22+00:00","mainEntityOfPage":{"@id":"https:\/\/lamanere.fr\/2023\/02\/09\/compte-rendu-du-conseil-municipal-tenu-le-7-fevrier-2023\/"},"wordCount":414,"commentCount":0,"publisher":{"@id":"https:\/\/lamanere.fr\/#organization"},"articleSection":["Comptes Rendus","Municipalit\u00e9"],"inLanguage":"en-US","potentialAction":[{"@type":"CommentAction","name":"Comment","target":["https:\/\/lamanere.fr\/2023\/02\/09\/compte-rendu-du-conseil-municipal-tenu-le-7-fevrier-2023\/#respond"]}]},{"@type":"WebPage","@id":"https:\/\/lamanere.fr\/2023\/02\/09\/compte-rendu-du-conseil-municipal-tenu-le-7-fevrier-2023\/","url":"https:\/\/lamanere.fr\/2023\/02\/09\/compte-rendu-du-conseil-municipal-tenu-le-7-fevrier-2023\/","name":"[:fr]COMPTE RENDU DU CONSEIL MUNICIPAL TENU LE 7 f\u00e9vrier 2023[:] - Laman\u00e8re - Official Site of the Municipality","isPartOf":{"@id":"https:\/\/lamanere.fr\/#website"},"datePublished":"2023-02-09T08:49:22+00:00","breadcrumb":{"@id":"https:\/\/lamanere.fr\/2023\/02\/09\/compte-rendu-du-conseil-municipal-tenu-le-7-fevrier-2023\/#breadcrumb"},"inLanguage":"en-US","potentialAction":[{"@type":"ReadAction","target":["https:\/\/lamanere.fr\/2023\/02\/09\/compte-rendu-du-conseil-municipal-tenu-le-7-fevrier-2023\/"]}]},{"@type":"BreadcrumbList","@id":"https:\/\/lamanere.fr\/2023\/02\/09\/compte-rendu-du-conseil-municipal-tenu-le-7-fevrier-2023\/#breadcrumb","itemListElement":[{"@type":"ListItem","position":1,"name":"Accueil","item":"https:\/\/lamanere.fr\/"},{"@type":"ListItem","position":2,"name":"COMPTE RENDU DU CONSEIL MUNICIPAL TENU LE 7 f\u00e9vrier 2023"}]},{"@type":"WebSite","@id":"https:\/\/lamanere.fr\/#website","url":"https:\/\/lamanere.fr\/","name":"Laman\u00e8re - Official Site of the Municipality","description":"Southernmost village in mainland France","publisher":{"@id":"https:\/\/lamanere.fr\/#organization"},"potentialAction":[{"@type":"SearchAction","target":{"@type":"EntryPoint","urlTemplate":"https:\/\/lamanere.fr\/?s={search_term_string}"},"query-input":{"@type":"PropertyValueSpecification","valueRequired":true,"valueName":"search_term_string"}}],"inLanguage":"en-US"},{"@type":"Organization","@id":"https:\/\/lamanere.fr\/#organization","name":"Commune de Laman\u00e8re","url":"https:\/\/lamanere.fr\/","logo":{"@type":"ImageObject","inLanguage":"en-US","@id":"https:\/\/lamanere.fr\/#\/schema\/logo\/image\/","url":"https:\/\/lamanere.fr\/wp-content\/uploads\/2020\/09\/logo2-149.jpg","contentUrl":"https:\/\/lamanere.fr\/wp-content\/uploads\/2020\/09\/logo2-149.jpg","width":149,"height":146,"caption":"Commune de Laman\u00e8re"},"image":{"@id":"https:\/\/lamanere.fr\/#\/schema\/logo\/image\/"},"sameAs":["https:\/\/www.facebook.com\/lamanere","https:\/\/fr.wikipedia.org\/wiki\/Laman\u00e8re"]},{"@type":"Person","@id":"https:\/\/lamanere.fr\/#\/schema\/person\/b26317ee332d7f6bfb5bff1394da6e59","name":"Mairie de Laman\u00e8re","image":{"@type":"ImageObject","inLanguage":"en-US","@id":"https:\/\/secure.gravatar.com\/avatar\/951e9da0a291f11d14b93bccd2d18cab?s=96&d=mm&r=g","url":"https:\/\/secure.gravatar.com\/avatar\/951e9da0a291f11d14b93bccd2d18cab?s=96&d=mm&r=g","contentUrl":"https:\/\/secure.gravatar.com\/avatar\/951e9da0a291f11d14b93bccd2d18cab?s=96&d=mm&r=g","caption":"Mairie de Laman\u00e8re"},"url":"https:\/\/lamanere.fr\/en\/author\/jean-paul\/"}]}},"_links":{"self":[{"href":"https:\/\/lamanere.fr\/en\/wp-json\/wp\/v2\/posts\/2588"}],"collection":[{"href":"https:\/\/lamanere.fr\/en\/wp-json\/wp\/v2\/posts"}],"about":[{"href":"https:\/\/lamanere.fr\/en\/wp-json\/wp\/v2\/types\/post"}],"author":[{"embeddable":true,"href":"https:\/\/lamanere.fr\/en\/wp-json\/wp\/v2\/users\/2"}],"replies":[{"embeddable":true,"href":"https:\/\/lamanere.fr\/en\/wp-json\/wp\/v2\/comments?post=2588"}],"version-history":[{"count":1,"href":"https:\/\/lamanere.fr\/en\/wp-json\/wp\/v2\/posts\/2588\/revisions"}],"predecessor-version":[{"id":2589,"href":"https:\/\/lamanere.fr\/en\/wp-json\/wp\/v2\/posts\/2588\/revisions\/2589"}],"wp:attachment":[{"href":"https:\/\/lamanere.fr\/en\/wp-json\/wp\/v2\/media?parent=2588"}],"wp:term":[{"taxonomy":"category","embeddable":true,"href":"https:\/\/lamanere.fr\/en\/wp-json\/wp\/v2\/categories?post=2588"},{"taxonomy":"post_tag","embeddable":true,"href":"https:\/\/lamanere.fr\/en\/wp-json\/wp\/v2\/tags?post=2588"}],"curies":[{"name":"wp","href":"https:\/\/api.w.org\/{rel}","templated":true}]}}