{"id":2693,"date":"2023-04-12T11:33:32","date_gmt":"2023-04-12T10:33:32","guid":{"rendered":"https:\/\/lamanere.fr\/?p=2693"},"modified":"2023-04-12T11:33:32","modified_gmt":"2023-04-12T10:33:32","slug":"trail-lamanere-11-juin-2023","status":"publish","type":"post","link":"https:\/\/lamanere.fr\/en\/2023\/04\/12\/trail-lamanere-11-juin-2023\/","title":{"rendered":"Trail Laman\u00e8re &#8211; 11 juin 2023"},"content":{"rendered":"<p class=\"qtranxs-available-languages-message qtranxs-available-languages-message-en\">Sorry, this entry is only available in <a href=\"https:\/\/lamanere.fr\/fr\/wp-json\/wp\/v2\/posts\/2693\" class=\"qtranxs-available-language-link qtranxs-available-language-link-fr\" title=\"Fran\u00e7ais\">French<\/a>.<\/p><p><img loading=\"lazy\" decoding=\"async\" class=\"alignnone  wp-image-2692 aligncenter\" src=\"https:\/\/lamanere.fr\/wp-content\/uploads\/2023\/04\/Valls-Catalanes-Trail-running-challenge-Trail-Lamanere-11-06-2023-300x67.jpg\" alt=\"\" width=\"439\" height=\"98\" srcset=\"https:\/\/lamanere.fr\/wp-content\/uploads\/2023\/04\/Valls-Catalanes-Trail-running-challenge-Trail-Lamanere-11-06-2023-300x67.jpg 300w, https:\/\/lamanere.fr\/wp-content\/uploads\/2023\/04\/Valls-Catalanes-Trail-running-challenge-Trail-Lamanere-11-06-2023-768x172.jpg 768w, https:\/\/lamanere.fr\/wp-content\/uploads\/2023\/04\/Valls-Catalanes-Trail-running-challenge-Trail-Lamanere-11-06-2023-640x143.jpg 640w, https:\/\/lamanere.fr\/wp-content\/uploads\/2023\/04\/Valls-Catalanes-Trail-running-challenge-Trail-Lamanere-11-06-2023.jpg 826w\" sizes=\"(max-width: 439px) 100vw, 439px\" \/><\/p>\n<p>&nbsp;<\/p>\n<p>Le Trail &#8220;la Boucle la plus au Sud de France Continentale&#8221; se pr\u00e9pare d\u00e8s maintenant!<\/p>\n<p>Des amis sportifs : Isabelle Su\u00f1\u00e9, Michel Guitard et d&#8217;autres sportifs de haut niveau vont organiser une reconnaissance de cette course dimanche prochain 16 avril.<\/p>\n<p>Rendez-vous aux int\u00e9ress\u00e9s devant la mairie \u00e0 9h, d\u00e9part \u00e0 9h 10<\/p>\n<p>Tous les niveaux sont les bienvenus (mais c&#8217;est un peu cardio quand m\u00eame)<\/p>\n<p>&nbsp;<\/p>","protected":false},"excerpt":{"rendered":"<p>Sorry, this entry is only available in French. &nbsp; Le Trail &#8220;la Boucle la plus au Sud de France Continentale&#8221; se pr\u00e9pare d\u00e8s maintenant! Des amis sportifs : Isabelle Su\u00f1\u00e9, Michel Guitard et d&#8217;autres sportifs de haut niveau vont organiser&hellip; <a href=\"https:\/\/lamanere.fr\/en\/2023\/04\/12\/trail-lamanere-11-juin-2023\/\" class=\"more-link\">Continue Reading <span class=\"meta-nav\">&rarr;<\/span><\/a><\/p>\n","protected":false},"author":2,"featured_media":0,"comment_status":"open","ping_status":"open","sticky":false,"template":"","format":"standard","meta":{"footnotes":""},"categories":[87,103],"tags":[],"yoast_head":"<!-- This site is optimized with the Yoast SEO plugin v27.4 - https:\/\/yoast.com\/product\/yoast-seo-wordpress\/ -->\n<title><\/title>\n<meta name=\"robots\" content=\"index, follow, max-snippet:-1, max-image-preview:large, max-video-preview:-1\" \/>\n<link rel=\"canonical\" href=\"https:\/\/lamanere.fr\/2023\/04\/12\/trail-lamanere-11-juin-2023\/\" \/>\n<meta property=\"og:locale\" content=\"en_US\" \/>\n<meta property=\"og:type\" content=\"article\" \/>\n<meta property=\"og:title\" content=\"[:fr]Trail Laman\u00e8re - 11 juin 2023[:] - Laman\u00e8re - Official Site of the Municipality\" \/>\n<meta property=\"og:description\" content=\"Sorry, this entry is only available in French. &nbsp; Le Trail &#8220;la Boucle la plus au Sud de France Continentale&#8221; se pr\u00e9pare d\u00e8s maintenant! Des amis sportifs : Isabelle Su\u00f1\u00e9, Michel Guitard et d&#8217;autres sportifs de haut niveau vont organiser&hellip; Continue Reading &rarr;\" \/>\n<meta property=\"og:url\" content=\"https:\/\/lamanere.fr\/2023\/04\/12\/trail-lamanere-11-juin-2023\/\" \/>\n<meta property=\"og:site_name\" content=\"Laman\u00e8re - Official Site of the Municipality\" \/>\n<meta property=\"article:publisher\" content=\"https:\/\/www.facebook.com\/lamanere\" \/>\n<meta property=\"article:published_time\" content=\"2023-04-12T10:33:32+00:00\" \/>\n<meta property=\"og:image\" content=\"https:\/\/lamanere.fr\/wp-content\/uploads\/2023\/04\/Valls-Catalanes-Trail-running-challenge-Trail-Lamanere-11-06-2023-300x67.jpg\" \/>\n<meta name=\"author\" content=\"Mairie de Laman\u00e8re\" \/>\n<meta name=\"twitter:card\" content=\"summary_large_image\" \/>\n<meta name=\"twitter:label1\" content=\"Written by\" \/>\n\t<meta name=\"twitter:data1\" content=\"Mairie de Laman\u00e8re\" \/>\n\t<meta name=\"twitter:label2\" content=\"Est. reading time\" \/>\n\t<meta name=\"twitter:data2\" content=\"1 minute\" \/>\n<script type=\"application\/ld+json\" class=\"yoast-schema-graph\">{\"@context\":\"https:\\\/\\\/schema.org\",\"@graph\":[{\"@type\":\"Article\",\"@id\":\"https:\\\/\\\/lamanere.fr\\\/2023\\\/04\\\/12\\\/trail-lamanere-11-juin-2023\\\/#article\",\"isPartOf\":{\"@id\":\"https:\\\/\\\/lamanere.fr\\\/2023\\\/04\\\/12\\\/trail-lamanere-11-juin-2023\\\/\"},\"author\":{\"name\":\"Mairie de Laman\u00e8re\",\"@id\":\"https:\\\/\\\/lamanere.fr\\\/#\\\/schema\\\/person\\\/b26317ee332d7f6bfb5bff1394da6e59\"},\"headline\":\"Trail Laman\u00e8re &#8211; 11 juin 2023\",\"datePublished\":\"2023-04-12T10:33:32+00:00\",\"mainEntityOfPage\":{\"@id\":\"https:\\\/\\\/lamanere.fr\\\/2023\\\/04\\\/12\\\/trail-lamanere-11-juin-2023\\\/\"},\"wordCount\":75,\"commentCount\":2,\"publisher\":{\"@id\":\"https:\\\/\\\/lamanere.fr\\\/#organization\"},\"image\":{\"@id\":\"https:\\\/\\\/lamanere.fr\\\/2023\\\/04\\\/12\\\/trail-lamanere-11-juin-2023\\\/#primaryimage\"},\"thumbnailUrl\":\"https:\\\/\\\/lamanere.fr\\\/wp-content\\\/uploads\\\/2023\\\/04\\\/Valls-Catalanes-Trail-running-challenge-Trail-Lamanere-11-06-2023-300x67.jpg\",\"articleSection\":[\"Commissions Municipales\",\"Course\"],\"inLanguage\":\"en-US\",\"potentialAction\":[{\"@type\":\"CommentAction\",\"name\":\"Comment\",\"target\":[\"https:\\\/\\\/lamanere.fr\\\/2023\\\/04\\\/12\\\/trail-lamanere-11-juin-2023\\\/#respond\"]}]},{\"@type\":\"WebPage\",\"@id\":\"https:\\\/\\\/lamanere.fr\\\/2023\\\/04\\\/12\\\/trail-lamanere-11-juin-2023\\\/\",\"url\":\"https:\\\/\\\/lamanere.fr\\\/2023\\\/04\\\/12\\\/trail-lamanere-11-juin-2023\\\/\",\"name\":\"[:fr]Trail Laman\u00e8re - 11 juin 2023[:] - Laman\u00e8re - Official Site of the Municipality\",\"isPartOf\":{\"@id\":\"https:\\\/\\\/lamanere.fr\\\/#website\"},\"primaryImageOfPage\":{\"@id\":\"https:\\\/\\\/lamanere.fr\\\/2023\\\/04\\\/12\\\/trail-lamanere-11-juin-2023\\\/#primaryimage\"},\"image\":{\"@id\":\"https:\\\/\\\/lamanere.fr\\\/2023\\\/04\\\/12\\\/trail-lamanere-11-juin-2023\\\/#primaryimage\"},\"thumbnailUrl\":\"https:\\\/\\\/lamanere.fr\\\/wp-content\\\/uploads\\\/2023\\\/04\\\/Valls-Catalanes-Trail-running-challenge-Trail-Lamanere-11-06-2023-300x67.jpg\",\"datePublished\":\"2023-04-12T10:33:32+00:00\",\"breadcrumb\":{\"@id\":\"https:\\\/\\\/lamanere.fr\\\/2023\\\/04\\\/12\\\/trail-lamanere-11-juin-2023\\\/#breadcrumb\"},\"inLanguage\":\"en-US\",\"potentialAction\":[{\"@type\":\"ReadAction\",\"target\":[\"https:\\\/\\\/lamanere.fr\\\/2023\\\/04\\\/12\\\/trail-lamanere-11-juin-2023\\\/\"]}]},{\"@type\":\"ImageObject\",\"inLanguage\":\"en-US\",\"@id\":\"https:\\\/\\\/lamanere.fr\\\/2023\\\/04\\\/12\\\/trail-lamanere-11-juin-2023\\\/#primaryimage\",\"url\":\"https:\\\/\\\/lamanere.fr\\\/wp-content\\\/uploads\\\/2023\\\/04\\\/Valls-Catalanes-Trail-running-challenge-Trail-Lamanere-11-06-2023-300x67.jpg\",\"contentUrl\":\"https:\\\/\\\/lamanere.fr\\\/wp-content\\\/uploads\\\/2023\\\/04\\\/Valls-Catalanes-Trail-running-challenge-Trail-Lamanere-11-06-2023-300x67.jpg\"},{\"@type\":\"BreadcrumbList\",\"@id\":\"https:\\\/\\\/lamanere.fr\\\/2023\\\/04\\\/12\\\/trail-lamanere-11-juin-2023\\\/#breadcrumb\",\"itemListElement\":[{\"@type\":\"ListItem\",\"position\":1,\"name\":\"Accueil\",\"item\":\"https:\\\/\\\/lamanere.fr\\\/\"},{\"@type\":\"ListItem\",\"position\":2,\"name\":\"Trail Laman\u00e8re &#8211; 11 juin 2023\"}]},{\"@type\":\"WebSite\",\"@id\":\"https:\\\/\\\/lamanere.fr\\\/#website\",\"url\":\"https:\\\/\\\/lamanere.fr\\\/\",\"name\":\"Laman\u00e8re - Official Site of the Municipality\",\"description\":\"Southernmost village in mainland France\",\"publisher\":{\"@id\":\"https:\\\/\\\/lamanere.fr\\\/#organization\"},\"potentialAction\":[{\"@type\":\"SearchAction\",\"target\":{\"@type\":\"EntryPoint\",\"urlTemplate\":\"https:\\\/\\\/lamanere.fr\\\/?s={search_term_string}\"},\"query-input\":{\"@type\":\"PropertyValueSpecification\",\"valueRequired\":true,\"valueName\":\"search_term_string\"}}],\"inLanguage\":\"en-US\"},{\"@type\":\"Organization\",\"@id\":\"https:\\\/\\\/lamanere.fr\\\/#organization\",\"name\":\"Commune de Laman\u00e8re\",\"url\":\"https:\\\/\\\/lamanere.fr\\\/\",\"logo\":{\"@type\":\"ImageObject\",\"inLanguage\":\"en-US\",\"@id\":\"https:\\\/\\\/lamanere.fr\\\/#\\\/schema\\\/logo\\\/image\\\/\",\"url\":\"https:\\\/\\\/lamanere.fr\\\/wp-content\\\/uploads\\\/2020\\\/09\\\/logo2-149.jpg\",\"contentUrl\":\"https:\\\/\\\/lamanere.fr\\\/wp-content\\\/uploads\\\/2020\\\/09\\\/logo2-149.jpg\",\"width\":149,\"height\":146,\"caption\":\"Commune de Laman\u00e8re\"},\"image\":{\"@id\":\"https:\\\/\\\/lamanere.fr\\\/#\\\/schema\\\/logo\\\/image\\\/\"},\"sameAs\":[\"https:\\\/\\\/www.facebook.com\\\/lamanere\",\"https:\\\/\\\/fr.wikipedia.org\\\/wiki\\\/Laman\u00e8re\"]},{\"@type\":\"Person\",\"@id\":\"https:\\\/\\\/lamanere.fr\\\/#\\\/schema\\\/person\\\/b26317ee332d7f6bfb5bff1394da6e59\",\"name\":\"Mairie de Laman\u00e8re\",\"image\":{\"@type\":\"ImageObject\",\"inLanguage\":\"en-US\",\"@id\":\"https:\\\/\\\/secure.gravatar.com\\\/avatar\\\/951e9da0a291f11d14b93bccd2d18cab?s=96&d=mm&r=g\",\"url\":\"https:\\\/\\\/secure.gravatar.com\\\/avatar\\\/951e9da0a291f11d14b93bccd2d18cab?s=96&d=mm&r=g\",\"contentUrl\":\"https:\\\/\\\/secure.gravatar.com\\\/avatar\\\/951e9da0a291f11d14b93bccd2d18cab?s=96&d=mm&r=g\",\"caption\":\"Mairie de Laman\u00e8re\"},\"url\":\"https:\\\/\\\/lamanere.fr\\\/en\\\/author\\\/jean-paul\\\/\"}]}<\/script>\n<!-- \/ Yoast SEO plugin. -->","yoast_head_json":{"title":"[:fr]Trail Laman\u00e8re - 11 juin 2023[:] - Laman\u00e8re - Official Site of the Municipality","robots":{"index":"index","follow":"follow","max-snippet":"max-snippet:-1","max-image-preview":"max-image-preview:large","max-video-preview":"max-video-preview:-1"},"canonical":"https:\/\/lamanere.fr\/2023\/04\/12\/trail-lamanere-11-juin-2023\/","og_locale":"en_US","og_type":"article","og_title":"[:fr]Trail Laman\u00e8re - 11 juin 2023[:] - Laman\u00e8re - Official Site of the Municipality","og_description":"Sorry, this entry is only available in French. &nbsp; Le Trail &#8220;la Boucle la plus au Sud de France Continentale&#8221; se pr\u00e9pare d\u00e8s maintenant! Des amis sportifs : Isabelle Su\u00f1\u00e9, Michel Guitard et d&#8217;autres sportifs de haut niveau vont organiser&hellip; Continue Reading &rarr;","og_url":"https:\/\/lamanere.fr\/2023\/04\/12\/trail-lamanere-11-juin-2023\/","og_site_name":"Laman\u00e8re - Official Site of the Municipality","article_publisher":"https:\/\/www.facebook.com\/lamanere","article_published_time":"2023-04-12T10:33:32+00:00","og_image":[{"url":"https:\/\/lamanere.fr\/wp-content\/uploads\/2023\/04\/Valls-Catalanes-Trail-running-challenge-Trail-Lamanere-11-06-2023-300x67.jpg","type":"","width":"","height":""}],"author":"Mairie de Laman\u00e8re","twitter_card":"summary_large_image","twitter_misc":{"Written by":"Mairie de Laman\u00e8re","Est. reading time":"1 minute"},"schema":{"@context":"https:\/\/schema.org","@graph":[{"@type":"Article","@id":"https:\/\/lamanere.fr\/2023\/04\/12\/trail-lamanere-11-juin-2023\/#article","isPartOf":{"@id":"https:\/\/lamanere.fr\/2023\/04\/12\/trail-lamanere-11-juin-2023\/"},"author":{"name":"Mairie de Laman\u00e8re","@id":"https:\/\/lamanere.fr\/#\/schema\/person\/b26317ee332d7f6bfb5bff1394da6e59"},"headline":"Trail Laman\u00e8re &#8211; 11 juin 2023","datePublished":"2023-04-12T10:33:32+00:00","mainEntityOfPage":{"@id":"https:\/\/lamanere.fr\/2023\/04\/12\/trail-lamanere-11-juin-2023\/"},"wordCount":75,"commentCount":2,"publisher":{"@id":"https:\/\/lamanere.fr\/#organization"},"image":{"@id":"https:\/\/lamanere.fr\/2023\/04\/12\/trail-lamanere-11-juin-2023\/#primaryimage"},"thumbnailUrl":"https:\/\/lamanere.fr\/wp-content\/uploads\/2023\/04\/Valls-Catalanes-Trail-running-challenge-Trail-Lamanere-11-06-2023-300x67.jpg","articleSection":["Commissions Municipales","Course"],"inLanguage":"en-US","potentialAction":[{"@type":"CommentAction","name":"Comment","target":["https:\/\/lamanere.fr\/2023\/04\/12\/trail-lamanere-11-juin-2023\/#respond"]}]},{"@type":"WebPage","@id":"https:\/\/lamanere.fr\/2023\/04\/12\/trail-lamanere-11-juin-2023\/","url":"https:\/\/lamanere.fr\/2023\/04\/12\/trail-lamanere-11-juin-2023\/","name":"[:fr]Trail Laman\u00e8re - 11 juin 2023[:] - Laman\u00e8re - Official Site of the Municipality","isPartOf":{"@id":"https:\/\/lamanere.fr\/#website"},"primaryImageOfPage":{"@id":"https:\/\/lamanere.fr\/2023\/04\/12\/trail-lamanere-11-juin-2023\/#primaryimage"},"image":{"@id":"https:\/\/lamanere.fr\/2023\/04\/12\/trail-lamanere-11-juin-2023\/#primaryimage"},"thumbnailUrl":"https:\/\/lamanere.fr\/wp-content\/uploads\/2023\/04\/Valls-Catalanes-Trail-running-challenge-Trail-Lamanere-11-06-2023-300x67.jpg","datePublished":"2023-04-12T10:33:32+00:00","breadcrumb":{"@id":"https:\/\/lamanere.fr\/2023\/04\/12\/trail-lamanere-11-juin-2023\/#breadcrumb"},"inLanguage":"en-US","potentialAction":[{"@type":"ReadAction","target":["https:\/\/lamanere.fr\/2023\/04\/12\/trail-lamanere-11-juin-2023\/"]}]},{"@type":"ImageObject","inLanguage":"en-US","@id":"https:\/\/lamanere.fr\/2023\/04\/12\/trail-lamanere-11-juin-2023\/#primaryimage","url":"https:\/\/lamanere.fr\/wp-content\/uploads\/2023\/04\/Valls-Catalanes-Trail-running-challenge-Trail-Lamanere-11-06-2023-300x67.jpg","contentUrl":"https:\/\/lamanere.fr\/wp-content\/uploads\/2023\/04\/Valls-Catalanes-Trail-running-challenge-Trail-Lamanere-11-06-2023-300x67.jpg"},{"@type":"BreadcrumbList","@id":"https:\/\/lamanere.fr\/2023\/04\/12\/trail-lamanere-11-juin-2023\/#breadcrumb","itemListElement":[{"@type":"ListItem","position":1,"name":"Accueil","item":"https:\/\/lamanere.fr\/"},{"@type":"ListItem","position":2,"name":"Trail Laman\u00e8re &#8211; 11 juin 2023"}]},{"@type":"WebSite","@id":"https:\/\/lamanere.fr\/#website","url":"https:\/\/lamanere.fr\/","name":"Laman\u00e8re - Official Site of the Municipality","description":"Southernmost village in mainland France","publisher":{"@id":"https:\/\/lamanere.fr\/#organization"},"potentialAction":[{"@type":"SearchAction","target":{"@type":"EntryPoint","urlTemplate":"https:\/\/lamanere.fr\/?s={search_term_string}"},"query-input":{"@type":"PropertyValueSpecification","valueRequired":true,"valueName":"search_term_string"}}],"inLanguage":"en-US"},{"@type":"Organization","@id":"https:\/\/lamanere.fr\/#organization","name":"Commune de Laman\u00e8re","url":"https:\/\/lamanere.fr\/","logo":{"@type":"ImageObject","inLanguage":"en-US","@id":"https:\/\/lamanere.fr\/#\/schema\/logo\/image\/","url":"https:\/\/lamanere.fr\/wp-content\/uploads\/2020\/09\/logo2-149.jpg","contentUrl":"https:\/\/lamanere.fr\/wp-content\/uploads\/2020\/09\/logo2-149.jpg","width":149,"height":146,"caption":"Commune de Laman\u00e8re"},"image":{"@id":"https:\/\/lamanere.fr\/#\/schema\/logo\/image\/"},"sameAs":["https:\/\/www.facebook.com\/lamanere","https:\/\/fr.wikipedia.org\/wiki\/Laman\u00e8re"]},{"@type":"Person","@id":"https:\/\/lamanere.fr\/#\/schema\/person\/b26317ee332d7f6bfb5bff1394da6e59","name":"Mairie de Laman\u00e8re","image":{"@type":"ImageObject","inLanguage":"en-US","@id":"https:\/\/secure.gravatar.com\/avatar\/951e9da0a291f11d14b93bccd2d18cab?s=96&d=mm&r=g","url":"https:\/\/secure.gravatar.com\/avatar\/951e9da0a291f11d14b93bccd2d18cab?s=96&d=mm&r=g","contentUrl":"https:\/\/secure.gravatar.com\/avatar\/951e9da0a291f11d14b93bccd2d18cab?s=96&d=mm&r=g","caption":"Mairie de Laman\u00e8re"},"url":"https:\/\/lamanere.fr\/en\/author\/jean-paul\/"}]}},"_links":{"self":[{"href":"https:\/\/lamanere.fr\/en\/wp-json\/wp\/v2\/posts\/2693"}],"collection":[{"href":"https:\/\/lamanere.fr\/en\/wp-json\/wp\/v2\/posts"}],"about":[{"href":"https:\/\/lamanere.fr\/en\/wp-json\/wp\/v2\/types\/post"}],"author":[{"embeddable":true,"href":"https:\/\/lamanere.fr\/en\/wp-json\/wp\/v2\/users\/2"}],"replies":[{"embeddable":true,"href":"https:\/\/lamanere.fr\/en\/wp-json\/wp\/v2\/comments?post=2693"}],"version-history":[{"count":1,"href":"https:\/\/lamanere.fr\/en\/wp-json\/wp\/v2\/posts\/2693\/revisions"}],"predecessor-version":[{"id":2694,"href":"https:\/\/lamanere.fr\/en\/wp-json\/wp\/v2\/posts\/2693\/revisions\/2694"}],"wp:attachment":[{"href":"https:\/\/lamanere.fr\/en\/wp-json\/wp\/v2\/media?parent=2693"}],"wp:term":[{"taxonomy":"category","embeddable":true,"href":"https:\/\/lamanere.fr\/en\/wp-json\/wp\/v2\/categories?post=2693"},{"taxonomy":"post_tag","embeddable":true,"href":"https:\/\/lamanere.fr\/en\/wp-json\/wp\/v2\/tags?post=2693"}],"curies":[{"name":"wp","href":"https:\/\/api.w.org\/{rel}","templated":true}]}}