{"id":3412,"date":"2024-09-26T09:43:06","date_gmt":"2024-09-26T08:43:06","guid":{"rendered":"https:\/\/lamanere.fr\/?p=3412"},"modified":"2024-09-26T09:43:06","modified_gmt":"2024-09-26T08:43:06","slug":"compte-rendu-du-conseil-municipal-tenu-a-lamanere-le-19-septembre-2024","status":"publish","type":"post","link":"https:\/\/lamanere.fr\/en\/2024\/09\/26\/compte-rendu-du-conseil-municipal-tenu-a-lamanere-le-19-septembre-2024\/","title":{"rendered":"COMPTE RENDU DU CONSEIL MUNICIPAL tenu \u00e0 Laman\u00e8re le 19 septembre 2024"},"content":{"rendered":"<p class=\"qtranxs-available-languages-message qtranxs-available-languages-message-en\">Sorry, this entry is only available in <a href=\"https:\/\/lamanere.fr\/fr\/wp-json\/wp\/v2\/posts\/3412\" class=\"qtranxs-available-language-link qtranxs-available-language-link-fr\" title=\"Fran\u00e7ais\">French<\/a>.<\/p><p><strong>\u00a0<\/strong><\/p>\n<p><strong>\u00a0<\/strong><\/p>\n<p style=\"text-align: center;\"><strong>Compte rendu de la r\u00e9union du Conseil Municipal de Laman\u00e8re <\/strong><\/p>\n<p style=\"text-align: center;\"><strong>du jeudi 19 septembre 2024<\/strong><\/p>\n<p><strong>\u00a0<\/strong><\/p>\n<p><strong>\u00a0<\/strong><\/p>\n<p>Secr\u00e9taire de s\u00e9ance\u00a0: Jean Paul La\u00eflle<\/p>\n<p><strong>Pr\u00e9sents<\/strong>\u00a0:<\/p>\n<p>Mme Gis\u00e8le Juanole, Maire<\/p>\n<p>Jacky Pujol, premier adjoint<\/p>\n<p>G\u00e9rard Cuvilliez, second adjoint<\/p>\n<p>Claude Font, conseiller<\/p>\n<p>Mme Pierrette Juanole-D\u00e9moulin, conseill\u00e8re<\/p>\n<p>Jean-Paul La\u00eflle, conseiller<\/p>\n<p style=\"text-align: center;\">La r\u00e9union est ouverte \u00e0 9h21<\/p>\n<p>&nbsp;<\/p>\n<ul>\n<li><strong>Pr\u00e9ambule\u00a0: modification de l\u2019ordre du jour initial<\/strong><\/li>\n<\/ul>\n<p>&nbsp;<\/p>\n<p>Mme le Maire propose au Conseil Municipal de modifier le point 7 de l\u2019ordre du jour initial \u00ab\u00a0<strong>Voies Communales :D\u00e9lib\u00e9ration pour d\u00e9nomination et tableau de classement\u00a0\u00bb\u00a0. <\/strong>Nouvelle r\u00e9daction de ce point\u00a0:<\/p>\n<p>\u00ab\u00a07. Voies communales\u00a0:<\/p>\n<ul>\n<li>D\u00e9lib\u00e9ration pour le classement en domaine public d\u2019une section de voie de la route du Coral<\/li>\n<li>D\u00e9lib\u00e9ration pour la mise \u00e0 jour de la nouvelle longueur de voirie en m\u00e8tres lin\u00e9aires sur le tableau de classement\u00a0\u00bb<\/li>\n<\/ul>\n<p>Le Conseil Municipal approuve ces modifications \u00e0 l\u2019unanimit\u00e9 des membres pr\u00e9sents.<\/p>\n<ul>\n<li><strong>D\u00e9lib\u00e9ration pour la r\u00e9gularisation acquisition de la parcelle WC Publics \/ Douarche.<\/strong><\/li>\n<\/ul>\n<p><strong><em>Rappel\u00a0:<\/em><\/strong><\/p>\n<p>La Mairie de Laman\u00e8re a re\u00e7u le 2 mai 2024 une lettre recommand\u00e9e avec accus\u00e9 de r\u00e9ception concernant l\u2019achat de la parcelle B 285, indiquant qu\u2019une partie de cette parcelle \u00e9tait occup\u00e9e sans droits ni titres, par des toilettes municipales. Ce courrier demandait une mise en conformit\u00e9, dans les plus brefs d\u00e9lais.<\/p>\n<p>Apr\u00e8s recherche, des documents datant de 1989 \u00e0 1992, qui retracent l\u2019historique du projet, ont \u00e9t\u00e9 retrouv\u00e9s. En particulier, un document, sign\u00e9 le 2 avril 1992 par le propri\u00e9taire, le g\u00e9om\u00e8tre et le Maire en exercice, fait \u00e9tat d\u2019une division de la parcelle B 285 en deux parties, une de 3m2 (sur laquelle porte le litige) et une autre de 48 m2. Cet accord montre que la parcelle de 3m2 avait \u00e9t\u00e9 c\u00e9d\u00e9e \u00e0 la Mairie.<\/p>\n<p>Cependant, le notaire n\u2019a pas re\u00e7u cet accord de cession. Une r\u00e9gularisation n\u2019a pas \u00e9t\u00e9 faite non plus lors de la construction de la terrasse du restaurant.<\/p>\n<p>En conclusion, en Conseil en date du 17 mai 2024, le Conseil Municipal a d\u00e9cid\u00e9 de mandater g\u00e9om\u00e8tre et notaire afin qu\u2019ils mettent en ordre cette situation.<\/p>\n<p>Le g\u00e9om\u00e8tre a r\u00e9alis\u00e9 ses mesures le 25 juin 2024 (total de sa prestation 796,51 \u20ac TTC). Il reste \u00e0 voir le notaire, qui demande une d\u00e9lib\u00e9ration de r\u00e9gularisation (modification du parcellaire cadastral).<\/p>\n<p><strong>Le Conseil Municipal apr\u00e8s avoir d\u00e9lib\u00e9r\u00e9 et \u00e0 l\u2019unanimit\u00e9 des membres pr\u00e9sents\u00a0:<\/strong><\/p>\n<ul>\n<li><strong>Approuve <\/strong>la modification du parcellaire cadastral ,<\/li>\n<li><strong>Autorise<\/strong> Mme le Maire \u00e0 signer toutes les pi\u00e8ces relatives \u00e0 ce dossier<\/li>\n<\/ul>\n<p>Une d\u00e9lib\u00e9ration sera r\u00e9dig\u00e9e en ce sens<\/p>\n<ul>\n<li><strong>D\u00e9lib\u00e9ration pour l&#8217;Adh\u00e9sion de la Commune de Laman\u00e8re au Groupe Agence France Locale, (GAFL) par une prise de participation en capital.<\/strong><\/li>\n<\/ul>\n<p>La municipalit\u00e9 a pris connaissance de l\u2019existence du Groupe Agence France Locale (GAFL), par l\u2019interm\u00e9diaire de Mme Moorghen, cheffe de projets Villages d\u2019Avenir.<\/p>\n<p>Institu\u00e9 par les dispositions de l\u2019article L.1611-3-2 du Code g\u00e9n\u00e9ral des collectivit\u00e9s territoriales (le <strong><em>CGCT<\/em><\/strong>) et cr\u00e9\u00e9 en 2013, le Groupe Agence France Locale est compos\u00e9 de deux entit\u00e9s juridiques distinctes\u00a0:<\/p>\n<ul>\n<li>l\u2019Agence France Locale &#8211; Soci\u00e9t\u00e9 Territoriale, soci\u00e9t\u00e9 anonyme \u00e0 conseil d\u2019administration, dont le si\u00e8ge social est situ\u00e9 41 quai d\u2019Orsay, 75007 Paris, immatricul\u00e9e au Registre du commerce et des soci\u00e9t\u00e9s de Paris sous le num\u00e9ro 799 055 629 (la <strong><em>Soci\u00e9t\u00e9 Territoriale<\/em><\/strong>)\u00a0; et<\/li>\n<li>l\u2019Agence France Locale, soci\u00e9t\u00e9 anonyme \u00e0 directoire et conseil de surveillance, dont le si\u00e8ge social est situ\u00e9 112 rue Garibaldi, 69006 Lyon, immatricul\u00e9e au Registre du commerce et des soci\u00e9t\u00e9s de Lyon sous le num\u00e9ro 799 379 649 (<strong>l\u2019<em>Agence France Locale<\/em><\/strong>).<\/li>\n<\/ul>\n<p>la Soci\u00e9t\u00e9 Territoriale est la soci\u00e9t\u00e9 dont les collectivit\u00e9s territoriales, leurs groupements et les \u00e9tablissements publics locaux (EPL) sont actionnaires (les <strong><em>Membres<\/em><\/strong>). Soci\u00e9t\u00e9-m\u00e8re de l\u2019Agence France Locale, elle est en charge des d\u00e9cisions institutionnelles et strat\u00e9giques du Groupe.<\/p>\n<p>L\u2019Agence France Locale est la filiale de la Soci\u00e9t\u00e9 Territoriale. Etablissement de cr\u00e9dit sp\u00e9cialis\u00e9, l\u2019Agence France Locale assure l\u2019activit\u00e9 op\u00e9rationnelle du Groupe.<\/p>\n<p>L\u2019agence France Locale peut accorder des cr\u00e9dits aux collectivit\u00e9s territoriales, sous la forme d\u2019emprunts \u00e0 long terme ou de pr\u00eats \u2013 relais<\/p>\n<p>La commune de Laman\u00e8re envisage d\u2019adh\u00e9rer \u00e0 l\u2019Agence France Locale \u2013 Soci\u00e9t\u00e9 Territoriale. Apr\u00e8s v\u00e9rification, la situation financi\u00e8re de la commune permet cette adh\u00e9sion.<\/p>\n<p>La souscription d\u2019une participation au capital de l\u2019Agence France Locale \u2013 Soci\u00e9t\u00e9 Territoriale de la commune de Laman\u00e8re, \u00e9tablie sur la base des Comptes de l\u2019exercice (2022), s\u2019\u00e9tablit \u00e0 d\u2019un montant global de<strong> 500 \u20ac (l\u2019ACI)<\/strong>.<\/p>\n<p><strong><em>NB\u00a0: ACI = Apport en Capital Initial<\/em><\/strong><\/p>\n<p>La commune de Laman\u00e8re doit aussi d\u00e9signer un repr\u00e9sentant titulaire et un repr\u00e9sentant suppl\u00e9ant \u00e0 l\u2019Assembl\u00e9e G\u00e9n\u00e9rale de l\u2019Agence France Locale \u2013 territoriale. Mme Gis\u00e8le Juanole, Maire de la Commune et M. G\u00e9rard Cuvilliez adjoint au Maire, ont \u00e9t\u00e9 respectivement d\u00e9sign\u00e9s comme repr\u00e9sentant titulaire et repr\u00e9sentant suppl\u00e9ant.<\/p>\n<p><strong>Le Conseil Municipal, apr\u00e8s avoir d\u00e9lib\u00e9r\u00e9 et \u00e0 l\u2019unanimit\u00e9 des membres pr\u00e9sents, d\u00e9cide:<\/strong><\/p>\n<ul>\n<li><strong>d\u2019approuver l\u2019adh\u00e9sion <\/strong>de la commune de Laman\u00e8re \u00e0 l\u2019Agence France Locale \u2013 Soci\u00e9t\u00e9 Territoriale,<\/li>\n<li><strong>d\u2019approuver<\/strong> la souscription d\u2019une participation au capital de l\u2019Agence France Locale \u2013 Soci\u00e9t\u00e9 Territoriale d\u2019un montant global de<strong> 500 \u20ac (l\u2019ACI)<\/strong>,<\/li>\n<li><strong>de d\u00e9signer <\/strong>Mme Gis\u00e8le Juanole, Maire de la Commune et M. G\u00e9rard Cuvilliez, adjoint au Maire comme repr\u00e9sentants titulaire et suppl\u00e9ant de la commune de Laman\u00e8re \u00e0 l\u2019Assembl\u00e9e G\u00e9n\u00e9rale de l\u2019Agence France Locale \u2013 Soci\u00e9t\u00e9 territoriale,<\/li>\n<li><strong>d\u2019autoriser <\/strong>Mme le Maire \u00e0 signer toutes les pi\u00e8ces relatives \u00e0 ce dossier.<\/li>\n<\/ul>\n<p>Une d\u00e9lib\u00e9ration sera r\u00e9dig\u00e9e en ce sens, sur la base d\u2019un mod\u00e8le fourni par le GAFL.<\/p>\n<ul>\n<li><strong>D\u00e9cision Modificative n<sup>o <\/sup>1 pour la cr\u00e9ation de la ligne budg\u00e9taire, section d\u00e9penses d\u2019investissement, chapitre 26 compte 261, cr\u00e9dits n\u00e9cessaires au r\u00e8glement de l&#8217;apport au GAFL.<\/strong><\/li>\n<\/ul>\n<p>L\u2019inscription de la participation au capital de l\u2019Agence France Locale \u2013 Soci\u00e9t\u00e9 Territoriale requiert de prendre une D\u00e9cision Modificative n\u00b01 pour cr\u00e9er une ligne budg\u00e9taire, section d\u00e9penses d\u2019investissement, chapitre 26 compte 261, du budget de la commune de Laman\u00e8re<\/p>\n<p><strong>Le Conseil Municipal, apr\u00e8s avoir d\u00e9lib\u00e9r\u00e9 et \u00e0 l\u2019unanimit\u00e9 des membres pr\u00e9sents, d\u00e9cide:<\/strong><\/p>\n<ul>\n<li><strong>de prendre une D\u00e9cision Modificative<\/strong> <strong>n\u00b01<\/strong> pour cr\u00e9er une ligne budg\u00e9taire, section d\u00e9penses investissement, chapitre 26 compte 261, au budget de la commune de Laman\u00e8re,<\/li>\n<li><strong>d\u2019autoriser <\/strong>Mme le Maire \u00e0 signer toutes les pi\u00e8ces relatives \u00e0 ce dossier.<\/li>\n<\/ul>\n<p>&nbsp;<\/p>\n<p>Une d\u00e9lib\u00e9ration sera r\u00e9dig\u00e9e en ce sens.<\/p>\n<p>&nbsp;<\/p>\n<ul>\n<li><strong>D\u00e9cision modificative n <sup>0 <\/sup>2 Section D\u00e9penses Investissement pour compl\u00e9ment cr\u00e9dits Voirie.<\/strong><\/li>\n<\/ul>\n<p>&nbsp;<\/p>\n<p>Pour finir de r\u00e9gler la facture pour la signal\u00e9tique (pour le jalonnement du parking aire de Loisirs), il est n\u00e9cessaire de prendre une D\u00e9cision Modificative n\u00b02 en section d\u00e9penses d\u2019investissement pour compl\u00e9ment de cr\u00e9dits voirie (il reste \u00e0 r\u00e9gler 89,60 \u20ac).<\/p>\n<p>&nbsp;<\/p>\n<p>Le Conseil Municipal propose de transf\u00e9rer 100 \u20ac du compte 231-108 (Mise en valeur du Patrimoine) au compte 231 \u2013 105 (Voirie)<\/p>\n<p><strong>Le Conseil Municipal, apr\u00e8s avoir d\u00e9lib\u00e9r\u00e9 et \u00e0 l\u2019unanimit\u00e9 des membres pr\u00e9sents, d\u00e9cide:<\/strong><\/p>\n<ul>\n<li><strong>de prendre une D\u00e9cision Modificative<\/strong> <strong>n\u00b02<\/strong> pour transf\u00e9rer 100 \u20ac du compte 231-108 (Mise en valeur du Patrimoine) au compte 231 \u2013 105 (Voirie),<\/li>\n<li><strong>d\u2019autoriser <\/strong>Mme le Maire \u00e0 signer toutes les pi\u00e8ces relatives \u00e0 ce dossier.<\/li>\n<\/ul>\n<p>Une d\u00e9lib\u00e9ration sera r\u00e9dig\u00e9e en ce sens.<\/p>\n<ul>\n<li><strong>D\u00e9lib\u00e9ration pour la demande d&#8217;un appui technique du d\u00e9partement pour la conception et l&#8217;\u00e9laboration de notre projet \u00ab espaces verts<\/strong><\/li>\n<\/ul>\n<p>Pour la r\u00e9alisation du projet de la commune de Laman\u00e8re \u00ab\u00a0espace vert\u00a0\u00bb, il est n\u00e9cessaire d\u2019avoir l\u2019appui et la collaboration d\u2019un expert du d\u00e9partement, qui aidera en particulier la commune \u00e0 \u00e9tablir la liste des essences \u00e0 planter. Un courrier sera adress\u00e9 au D\u00e9partement. Sur la base de cette liste, une commande sera adress\u00e9e au D\u00e9partement.<\/p>\n<p><strong>Le Conseil Municipal, apr\u00e8s avoir d\u00e9lib\u00e9r\u00e9 et \u00e0 l\u2019unanimit\u00e9 des membres pr\u00e9sents, d\u00e9cide:<\/strong><\/p>\n<ul>\n<li><strong>de demander un appui technique<\/strong> au d\u00e9partement pour la conception et l\u2019\u00e9laboration du projet de la commune de Laman\u00e8re \u00ab\u00a0espace vert\u00a0\u00bb<\/li>\n<li><strong>d\u2019autoriser <\/strong>Mme le Maire \u00e0 signer toutes les pi\u00e8ces relatives \u00e0 ce dossier.<\/li>\n<\/ul>\n<p>Une d\u00e9lib\u00e9ration sera r\u00e9dig\u00e9e en ce sens.<\/p>\n<ul>\n<li><strong>Pr\u00e9sentation du Rapport Annuel sur le Prix et la Qualit\u00e9 du Service Public de l&#8217;eau potable pour la Commune de Laman\u00e8re, exercice 2023. (D\u00e9lib\u00e9ration prise \u00e0 la CCHV)<\/strong><\/li>\n<\/ul>\n<p>Rapport annuel sur l\u2019exercice 2023 sur le Prix et la Qualit\u00e9 de Service de l\u2019eau et de l\u2019assainissement collectif pour la commune de Laman\u00e8re (ces rapports ont \u00e9t\u00e9 \u00e9tablis par la Communaut\u00e9 des Communes du Haut-Vallespir, qui les a valid\u00e9s):<\/p>\n<ul>\n<li>Le service public d\u2019eau potable dessert 192 habitants au 31\/12\/2023 (m\u00eame chiffre au 31\/12\/2022),<\/li>\n<li>83 abonn\u00e9s \u00e0 Laman\u00e8re au 31\/12\/2023, (82 au 31\/12\/2022), consommation moyenne par abonn\u00e9 20,54 m3 au 31\/12\/2023,<\/li>\n<li>Bilan des eaux trait\u00e9es\u00a0: volume mis en distribution 2454 m3, volume consomm\u00e9 autoris\u00e9 1755 m3, pertes 699 m3,<\/li>\n<li>Tarifs\u00a0: abonnement 49,12 \u20ac, part proportionnelle 0,75 \u20ac\u00a0\/m3 au 01\/01\/2023, abonnement 50 \u20ac, part proportionnelle 0,8 \u20ac\u00a0\/m3 au 01\/01\/2024<\/li>\n<\/ul>\n<p>Ces rapports sont consultables en Mairie.<\/p>\n<ul>\n<li><strong>Voies Communales\u00a0:<\/strong><\/li>\n<\/ul>\n<p>Geoptis, cr\u00e9\u00e9e en 2017 est une filiale \u00e0 100 % du Groupe La Poste. C\u2019est une entreprise sp\u00e9cialis\u00e9e dans la collecte, le traitement et la restitution de donn\u00e9es territoriales<\/p>\n<p>Geoptis d\u00e9veloppe de nouvelles solutions d\u2019audit de la voirie, de g\u00e9or\u00e9f\u00e9rencement, de mesure de la qualit\u00e9 de l\u2019air, de couverture des r\u00e9seaux mobiles en s\u2019appuyant sur la collecte de donn\u00e9es effectu\u00e9e par les capteurs et cam\u00e9ras install\u00e9s sur ses v\u00e9hicules.<\/p>\n<p>G\u00e9optis a envoy\u00e9 \u00e0 la commune les premier r\u00e9sultats du TCV (Tableau des Voies de la Commune), sous forme de tableaux et d\u2019un acc\u00e8s \u00e0 une plate-forme informatique permettant de repr\u00e9senter la cartographie des voies sur la commune.<\/p>\n<p>Il est important de noter que le calcul du lin\u00e9aire des voies communales publiques a une influence directe sur le calcul de la DSR (Dotation de Solidarit\u00e9 Rurale).<\/p>\n<p>Parmi les restitutions du TCV figure le tableau de classement des voies communales publiques. La longueur de ces voies est de 11\u00a0248,12 m (voir tableau ci-dessous)<\/p>\n<p>Cependant, il convient de rajouter \u00e0 cette longueur de voies une section de 1\u00a0581,27 m, sur la \u00ab\u00a0voie sans nom \u2013 chemin du Courral\u00a0\u00bb (\u00e0 renommer en route du Coral) ce qui porte la longueur totale \u00e0 12\u00a0829,39 m.<\/p>\n<p>Il convient donc de prendre deux d\u00e9lib\u00e9rations\u00a0:<\/p>\n<ul>\n<li>Pour le classement en domaine public d\u2019une section de voie de la route du Coral, de 1\u00a0581,27 m de longueur<\/li>\n<\/ul>\n<p><strong>Le Conseil Municipal, apr\u00e8s avoir d\u00e9lib\u00e9r\u00e9 et \u00e0 l\u2019unanimit\u00e9 des membres pr\u00e9sents, d\u00e9cide:<\/strong><\/p>\n<ul>\n<li><strong>de classer en domaine public<\/strong> une section de voie de la route du Coral, de 1\u00a0581,27 m de longueur<\/li>\n<li><strong>d\u2019autoriser <\/strong>Mme le Maire \u00e0 signer toutes les pi\u00e8ces relatives \u00e0 ce dossier.<\/li>\n<\/ul>\n<p>Une d\u00e9lib\u00e9ration sera r\u00e9dig\u00e9e en ce sens.<\/p>\n<ul>\n<li>D\u00e9lib\u00e9ration pour la mise \u00e0 jour de la nouvelle longueur de voirie en m\u00e8tres lin\u00e9aires sur le tableau de classement, soit 12\u00a0829,39 m, en domaine public<\/li>\n<\/ul>\n<p><strong>Le Conseil Municipal, apr\u00e8s avoir d\u00e9lib\u00e9r\u00e9 et \u00e0 l\u2019unanimit\u00e9 des membres pr\u00e9sents, d\u00e9cide:<\/strong><\/p>\n<ul>\n<li><strong>de mettre \u00e0 jour <\/strong>la nouvelle longueur de voirie en m\u00e8tres lin\u00e9aires sur le tableau de classement, soit 12\u00a0829,39 m, en domaine public<\/li>\n<li><strong>d\u2019autoriser <\/strong>Mme le Maire \u00e0 signer toutes les pi\u00e8ces relatives \u00e0 ce dossier.<\/li>\n<\/ul>\n<p>Une d\u00e9lib\u00e9ration sera r\u00e9dig\u00e9e en ce sens.<\/p>\n<ul>\n<li><strong>D\u00e9lib\u00e9ration pour avis d&#8217;Appel Public \u00e0 la Concurrence pour une D\u00e9l\u00e9gation de Service Public pour l&#8217;exploitation du multiple Rural de Laman\u00e8re.<\/strong><\/li>\n<\/ul>\n<p>Le contrat d\u2019exploitation du multiple rural, dans le cadre d\u2019un bail d\u00e9rogatoire, s\u2019ach\u00e8ve le 18 novembre 2024.<\/p>\n<p>Il est donc n\u00e9cessaire de pr\u00e9parer un avis d\u2019Appel Public \u00e0 la Concurrence dans le cadre d\u2019une D\u00e9l\u00e9gation de Service Public (DSP) pour la gestion du multiple rural de Laman\u00e8re et de faire para\u00eetre cet avis dans la presse dans les meilleurs d\u00e9lais.<\/p>\n<p>D\u2019autre part il sera n\u00e9cessaire de faire l\u2019inventaire du mat\u00e9riel d\u2019exploitation de cet \u00e9tablissement.<\/p>\n<p><strong>Le Conseil Municipal, apr\u00e8s avoir d\u00e9lib\u00e9r\u00e9 et \u00e0 l\u2019unanimit\u00e9 des membres pr\u00e9sents, d\u00e9cide:<\/strong><\/p>\n<ul>\n<li><strong>de lancer un avis <\/strong>d\u2019Appel Public \u00e0 la Concurrence dans le cadre d\u2019une D\u00e9l\u00e9gation de Service Public (DSP) pour la gestion du multiple rural de Laman\u00e8re<\/li>\n<li><strong>d\u2019autoriser <\/strong>Mme le Maire \u00e0 signer toutes les pi\u00e8ces relatives \u00e0 ce dossier.<\/li>\n<\/ul>\n<p>Une d\u00e9lib\u00e9ration sera r\u00e9dig\u00e9e en ce sens.<\/p>\n<ul>\n<li><strong>Remboursement \u00e0 des \u00e9lus de frais pour des achats pour la Commune.<\/strong><\/li>\n<\/ul>\n<p>Des \u00e9lus ont achet\u00e9 du petit mat\u00e9riel (30 \u20ac TTC), des gobelets en carton (82,80 \u20ac TTC) et engag\u00e9 des frais de r\u00e9ception (91,45 \u20ac TTC).<\/p>\n<p><strong>Le Conseil Municipal apr\u00e8s avoir d\u00e9lib\u00e9r\u00e9 et \u00e0 l\u2019unanimit\u00e9 des membres pr\u00e9sents\u00a0:<\/strong><\/p>\n<ul>\n<li><strong>Approuve <\/strong>le remboursement aux \u00e9lus de ces frais,<\/li>\n<li><strong>Autorise<\/strong> Mme le Maire \u00e0 signer toutes les pi\u00e8ces relatives \u00e0 ce dossier<\/li>\n<\/ul>\n<p>Une d\u00e9lib\u00e9ration sera r\u00e9dig\u00e9e en ce sens<\/p>\n<ul>\n<li><strong>Foire d&#8217;Automne : discussion sur l&#8217;organisation et le choix des animations.<\/strong><\/li>\n<\/ul>\n<p>La Foire d\u2019automne 2024 est pr\u00e9vue le dimanche 27 octobre 2024. Cette foire s\u2019accompagnera d\u2019un vide-greniers. Les attractions (jeux d\u2019enfants, tir \u00e0 l\u2019arc, promenades en \u00e2nes) resteront les m\u00eames car les tarifs ne varient pas par rapport \u00e0 l\u2019an dernier.<\/p>\n<p>La veille de la foire, le samedi 26 octobre, concert en l\u2019Eglise St Sauveur de Laman\u00e8re des amis d\u2019Alain Marinaro (du pianiste avec une chanteuse). Bien v\u00e9rifier si le spectacle est gratuit ou non.<\/p>\n<p>Le WE suivant, castagnade et soupe \u00e0 l\u2019oignon organis\u00e9s par le Comit\u00e9 des F\u00eates de Laman\u00e8re<\/p>\n<ul>\n<li><strong>lnformation et discussion pour la fresque murale fa\u00e7ade Mairie.<\/strong><\/li>\n<\/ul>\n<p>Le projet de Mme Sophie Giraud Gonzales appelle les remarques suivantes\u00a0:<\/p>\n<ul>\n<li>Il faudrait que les personnages de la mine soient moins fig\u00e9s et &#8220;bougent&#8221; comme les ouvriers et ouvri\u00e8res repr\u00e9sent\u00e9s sur la fresque de Paulilles. Peut-\u00eatre cr\u00e9er un fond de d\u00e9cor de mine, celui propos\u00e9 est bien trop nu. Puis avec des techniques de dessin que j&#8217;ignore, rendre les ouvriers et ouvri\u00e8res plus &#8220;vivants&#8221;.<\/li>\n<\/ul>\n<p>A mon avis Mme Giraud Gonzales devra revoir sa copie ou alors nous devrions nous adresser \u00e0 un autre artiste.<\/p>\n<ul>\n<li><strong>Questions diverses.<\/strong><\/li>\n<li>Le D\u00e9partement a publi\u00e9 une revue sur les travaux de restauration de l\u2019Eglise St Sauveur de Laman\u00e8re. Cette revue est disponible en Mairie<\/li>\n<li>Congr\u00e8s des Maires \u00e0 St Laurent de la Salanque le 19 octobre 2024. Date limite d\u2019inscription 7 octobre 2024.<\/li>\n<\/ul>\n<p style=\"text-align: center;\">La s\u00e9ance a \u00e9t\u00e9 lev\u00e9e \u00e0 13h00<\/p>\n<p><\/p>","protected":false},"excerpt":{"rendered":"<p>Sorry, this entry is only available in French.\u00a0 \u00a0 Compte rendu de la r\u00e9union du Conseil Municipal de Laman\u00e8re du jeudi 19 septembre 2024 \u00a0 \u00a0 Secr\u00e9taire de s\u00e9ance\u00a0: Jean Paul La\u00eflle Pr\u00e9sents\u00a0: Mme Gis\u00e8le Juanole, Maire Jacky Pujol, premier&hellip; <a href=\"https:\/\/lamanere.fr\/en\/2024\/09\/26\/compte-rendu-du-conseil-municipal-tenu-a-lamanere-le-19-septembre-2024\/\" class=\"more-link\">Continue Reading <span class=\"meta-nav\">&rarr;<\/span><\/a><\/p>\n","protected":false},"author":2,"featured_media":0,"comment_status":"open","ping_status":"open","sticky":false,"template":"","format":"standard","meta":{"footnotes":""},"categories":[77,74],"tags":[],"yoast_head":"<!-- This site is optimized with the Yoast SEO plugin v27.4 - https:\/\/yoast.com\/product\/yoast-seo-wordpress\/ -->\n<title><\/title>\n<meta name=\"robots\" content=\"index, follow, max-snippet:-1, max-image-preview:large, max-video-preview:-1\" \/>\n<link rel=\"canonical\" href=\"https:\/\/lamanere.fr\/2024\/09\/26\/compte-rendu-du-conseil-municipal-tenu-a-lamanere-le-19-septembre-2024\/\" \/>\n<meta property=\"og:locale\" content=\"en_US\" \/>\n<meta property=\"og:type\" content=\"article\" \/>\n<meta property=\"og:title\" content=\"[:fr]COMPTE RENDU DU CONSEIL MUNICIPAL tenu \u00e0 Laman\u00e8re le 19 septembre 2024[:] - Laman\u00e8re - Official Site of the Municipality\" \/>\n<meta property=\"og:description\" content=\"Sorry, this entry is only available in French.\u00a0 \u00a0 Compte rendu de la r\u00e9union du Conseil Municipal de Laman\u00e8re du jeudi 19 septembre 2024 \u00a0 \u00a0 Secr\u00e9taire de s\u00e9ance\u00a0: Jean Paul La\u00eflle Pr\u00e9sents\u00a0: Mme Gis\u00e8le Juanole, Maire Jacky Pujol, premier&hellip; Continue Reading &rarr;\" \/>\n<meta property=\"og:url\" content=\"https:\/\/lamanere.fr\/2024\/09\/26\/compte-rendu-du-conseil-municipal-tenu-a-lamanere-le-19-septembre-2024\/\" \/>\n<meta property=\"og:site_name\" content=\"Laman\u00e8re - Official Site of the Municipality\" \/>\n<meta property=\"article:publisher\" content=\"https:\/\/www.facebook.com\/lamanere\" \/>\n<meta property=\"article:published_time\" content=\"2024-09-26T08:43:06+00:00\" \/>\n<meta name=\"author\" content=\"Mairie de Laman\u00e8re\" \/>\n<meta name=\"twitter:card\" content=\"summary_large_image\" \/>\n<meta name=\"twitter:label1\" content=\"Written by\" \/>\n\t<meta name=\"twitter:data1\" content=\"Mairie de Laman\u00e8re\" \/>\n\t<meta name=\"twitter:label2\" content=\"Est. reading time\" \/>\n\t<meta name=\"twitter:data2\" content=\"12 minutes\" \/>\n<script type=\"application\/ld+json\" class=\"yoast-schema-graph\">{\"@context\":\"https:\\\/\\\/schema.org\",\"@graph\":[{\"@type\":\"Article\",\"@id\":\"https:\\\/\\\/lamanere.fr\\\/2024\\\/09\\\/26\\\/compte-rendu-du-conseil-municipal-tenu-a-lamanere-le-19-septembre-2024\\\/#article\",\"isPartOf\":{\"@id\":\"https:\\\/\\\/lamanere.fr\\\/2024\\\/09\\\/26\\\/compte-rendu-du-conseil-municipal-tenu-a-lamanere-le-19-septembre-2024\\\/\"},\"author\":{\"name\":\"Mairie de Laman\u00e8re\",\"@id\":\"https:\\\/\\\/lamanere.fr\\\/#\\\/schema\\\/person\\\/b26317ee332d7f6bfb5bff1394da6e59\"},\"headline\":\"COMPTE RENDU DU CONSEIL MUNICIPAL tenu \u00e0 Laman\u00e8re le 19 septembre 2024\",\"datePublished\":\"2024-09-26T08:43:06+00:00\",\"mainEntityOfPage\":{\"@id\":\"https:\\\/\\\/lamanere.fr\\\/2024\\\/09\\\/26\\\/compte-rendu-du-conseil-municipal-tenu-a-lamanere-le-19-septembre-2024\\\/\"},\"wordCount\":2521,\"commentCount\":0,\"publisher\":{\"@id\":\"https:\\\/\\\/lamanere.fr\\\/#organization\"},\"articleSection\":[\"Comptes Rendus\",\"Municipalit\u00e9\"],\"inLanguage\":\"en-US\",\"potentialAction\":[{\"@type\":\"CommentAction\",\"name\":\"Comment\",\"target\":[\"https:\\\/\\\/lamanere.fr\\\/2024\\\/09\\\/26\\\/compte-rendu-du-conseil-municipal-tenu-a-lamanere-le-19-septembre-2024\\\/#respond\"]}]},{\"@type\":\"WebPage\",\"@id\":\"https:\\\/\\\/lamanere.fr\\\/2024\\\/09\\\/26\\\/compte-rendu-du-conseil-municipal-tenu-a-lamanere-le-19-septembre-2024\\\/\",\"url\":\"https:\\\/\\\/lamanere.fr\\\/2024\\\/09\\\/26\\\/compte-rendu-du-conseil-municipal-tenu-a-lamanere-le-19-septembre-2024\\\/\",\"name\":\"[:fr]COMPTE RENDU DU CONSEIL MUNICIPAL tenu \u00e0 Laman\u00e8re le 19 septembre 2024[:] - Laman\u00e8re - Official Site of the Municipality\",\"isPartOf\":{\"@id\":\"https:\\\/\\\/lamanere.fr\\\/#website\"},\"datePublished\":\"2024-09-26T08:43:06+00:00\",\"breadcrumb\":{\"@id\":\"https:\\\/\\\/lamanere.fr\\\/2024\\\/09\\\/26\\\/compte-rendu-du-conseil-municipal-tenu-a-lamanere-le-19-septembre-2024\\\/#breadcrumb\"},\"inLanguage\":\"en-US\",\"potentialAction\":[{\"@type\":\"ReadAction\",\"target\":[\"https:\\\/\\\/lamanere.fr\\\/2024\\\/09\\\/26\\\/compte-rendu-du-conseil-municipal-tenu-a-lamanere-le-19-septembre-2024\\\/\"]}]},{\"@type\":\"BreadcrumbList\",\"@id\":\"https:\\\/\\\/lamanere.fr\\\/2024\\\/09\\\/26\\\/compte-rendu-du-conseil-municipal-tenu-a-lamanere-le-19-septembre-2024\\\/#breadcrumb\",\"itemListElement\":[{\"@type\":\"ListItem\",\"position\":1,\"name\":\"Accueil\",\"item\":\"https:\\\/\\\/lamanere.fr\\\/\"},{\"@type\":\"ListItem\",\"position\":2,\"name\":\"COMPTE RENDU DU CONSEIL MUNICIPAL tenu \u00e0 Laman\u00e8re le 19 septembre 2024\"}]},{\"@type\":\"WebSite\",\"@id\":\"https:\\\/\\\/lamanere.fr\\\/#website\",\"url\":\"https:\\\/\\\/lamanere.fr\\\/\",\"name\":\"Laman\u00e8re - Official Site of the Municipality\",\"description\":\"Southernmost village in mainland France\",\"publisher\":{\"@id\":\"https:\\\/\\\/lamanere.fr\\\/#organization\"},\"potentialAction\":[{\"@type\":\"SearchAction\",\"target\":{\"@type\":\"EntryPoint\",\"urlTemplate\":\"https:\\\/\\\/lamanere.fr\\\/?s={search_term_string}\"},\"query-input\":{\"@type\":\"PropertyValueSpecification\",\"valueRequired\":true,\"valueName\":\"search_term_string\"}}],\"inLanguage\":\"en-US\"},{\"@type\":\"Organization\",\"@id\":\"https:\\\/\\\/lamanere.fr\\\/#organization\",\"name\":\"Commune de Laman\u00e8re\",\"url\":\"https:\\\/\\\/lamanere.fr\\\/\",\"logo\":{\"@type\":\"ImageObject\",\"inLanguage\":\"en-US\",\"@id\":\"https:\\\/\\\/lamanere.fr\\\/#\\\/schema\\\/logo\\\/image\\\/\",\"url\":\"https:\\\/\\\/lamanere.fr\\\/wp-content\\\/uploads\\\/2020\\\/09\\\/logo2-149.jpg\",\"contentUrl\":\"https:\\\/\\\/lamanere.fr\\\/wp-content\\\/uploads\\\/2020\\\/09\\\/logo2-149.jpg\",\"width\":149,\"height\":146,\"caption\":\"Commune de Laman\u00e8re\"},\"image\":{\"@id\":\"https:\\\/\\\/lamanere.fr\\\/#\\\/schema\\\/logo\\\/image\\\/\"},\"sameAs\":[\"https:\\\/\\\/www.facebook.com\\\/lamanere\",\"https:\\\/\\\/fr.wikipedia.org\\\/wiki\\\/Laman\u00e8re\"]},{\"@type\":\"Person\",\"@id\":\"https:\\\/\\\/lamanere.fr\\\/#\\\/schema\\\/person\\\/b26317ee332d7f6bfb5bff1394da6e59\",\"name\":\"Mairie de Laman\u00e8re\",\"image\":{\"@type\":\"ImageObject\",\"inLanguage\":\"en-US\",\"@id\":\"https:\\\/\\\/secure.gravatar.com\\\/avatar\\\/951e9da0a291f11d14b93bccd2d18cab?s=96&d=mm&r=g\",\"url\":\"https:\\\/\\\/secure.gravatar.com\\\/avatar\\\/951e9da0a291f11d14b93bccd2d18cab?s=96&d=mm&r=g\",\"contentUrl\":\"https:\\\/\\\/secure.gravatar.com\\\/avatar\\\/951e9da0a291f11d14b93bccd2d18cab?s=96&d=mm&r=g\",\"caption\":\"Mairie de Laman\u00e8re\"},\"url\":\"https:\\\/\\\/lamanere.fr\\\/en\\\/author\\\/jean-paul\\\/\"}]}<\/script>\n<!-- \/ Yoast SEO plugin. -->","yoast_head_json":{"title":"[:fr]COMPTE RENDU DU CONSEIL MUNICIPAL tenu \u00e0 Laman\u00e8re le 19 septembre 2024[:] - Laman\u00e8re - Official Site of the Municipality","robots":{"index":"index","follow":"follow","max-snippet":"max-snippet:-1","max-image-preview":"max-image-preview:large","max-video-preview":"max-video-preview:-1"},"canonical":"https:\/\/lamanere.fr\/2024\/09\/26\/compte-rendu-du-conseil-municipal-tenu-a-lamanere-le-19-septembre-2024\/","og_locale":"en_US","og_type":"article","og_title":"[:fr]COMPTE RENDU DU CONSEIL MUNICIPAL tenu \u00e0 Laman\u00e8re le 19 septembre 2024[:] - Laman\u00e8re - Official Site of the Municipality","og_description":"Sorry, this entry is only available in French.\u00a0 \u00a0 Compte rendu de la r\u00e9union du Conseil Municipal de Laman\u00e8re du jeudi 19 septembre 2024 \u00a0 \u00a0 Secr\u00e9taire de s\u00e9ance\u00a0: Jean Paul La\u00eflle Pr\u00e9sents\u00a0: Mme Gis\u00e8le Juanole, Maire Jacky Pujol, premier&hellip; Continue Reading &rarr;","og_url":"https:\/\/lamanere.fr\/2024\/09\/26\/compte-rendu-du-conseil-municipal-tenu-a-lamanere-le-19-septembre-2024\/","og_site_name":"Laman\u00e8re - Official Site of the Municipality","article_publisher":"https:\/\/www.facebook.com\/lamanere","article_published_time":"2024-09-26T08:43:06+00:00","author":"Mairie de Laman\u00e8re","twitter_card":"summary_large_image","twitter_misc":{"Written by":"Mairie de Laman\u00e8re","Est. reading time":"12 minutes"},"schema":{"@context":"https:\/\/schema.org","@graph":[{"@type":"Article","@id":"https:\/\/lamanere.fr\/2024\/09\/26\/compte-rendu-du-conseil-municipal-tenu-a-lamanere-le-19-septembre-2024\/#article","isPartOf":{"@id":"https:\/\/lamanere.fr\/2024\/09\/26\/compte-rendu-du-conseil-municipal-tenu-a-lamanere-le-19-septembre-2024\/"},"author":{"name":"Mairie de Laman\u00e8re","@id":"https:\/\/lamanere.fr\/#\/schema\/person\/b26317ee332d7f6bfb5bff1394da6e59"},"headline":"COMPTE RENDU DU CONSEIL MUNICIPAL tenu \u00e0 Laman\u00e8re le 19 septembre 2024","datePublished":"2024-09-26T08:43:06+00:00","mainEntityOfPage":{"@id":"https:\/\/lamanere.fr\/2024\/09\/26\/compte-rendu-du-conseil-municipal-tenu-a-lamanere-le-19-septembre-2024\/"},"wordCount":2521,"commentCount":0,"publisher":{"@id":"https:\/\/lamanere.fr\/#organization"},"articleSection":["Comptes Rendus","Municipalit\u00e9"],"inLanguage":"en-US","potentialAction":[{"@type":"CommentAction","name":"Comment","target":["https:\/\/lamanere.fr\/2024\/09\/26\/compte-rendu-du-conseil-municipal-tenu-a-lamanere-le-19-septembre-2024\/#respond"]}]},{"@type":"WebPage","@id":"https:\/\/lamanere.fr\/2024\/09\/26\/compte-rendu-du-conseil-municipal-tenu-a-lamanere-le-19-septembre-2024\/","url":"https:\/\/lamanere.fr\/2024\/09\/26\/compte-rendu-du-conseil-municipal-tenu-a-lamanere-le-19-septembre-2024\/","name":"[:fr]COMPTE RENDU DU CONSEIL MUNICIPAL tenu \u00e0 Laman\u00e8re le 19 septembre 2024[:] - Laman\u00e8re - Official Site of the Municipality","isPartOf":{"@id":"https:\/\/lamanere.fr\/#website"},"datePublished":"2024-09-26T08:43:06+00:00","breadcrumb":{"@id":"https:\/\/lamanere.fr\/2024\/09\/26\/compte-rendu-du-conseil-municipal-tenu-a-lamanere-le-19-septembre-2024\/#breadcrumb"},"inLanguage":"en-US","potentialAction":[{"@type":"ReadAction","target":["https:\/\/lamanere.fr\/2024\/09\/26\/compte-rendu-du-conseil-municipal-tenu-a-lamanere-le-19-septembre-2024\/"]}]},{"@type":"BreadcrumbList","@id":"https:\/\/lamanere.fr\/2024\/09\/26\/compte-rendu-du-conseil-municipal-tenu-a-lamanere-le-19-septembre-2024\/#breadcrumb","itemListElement":[{"@type":"ListItem","position":1,"name":"Accueil","item":"https:\/\/lamanere.fr\/"},{"@type":"ListItem","position":2,"name":"COMPTE RENDU DU CONSEIL MUNICIPAL tenu \u00e0 Laman\u00e8re le 19 septembre 2024"}]},{"@type":"WebSite","@id":"https:\/\/lamanere.fr\/#website","url":"https:\/\/lamanere.fr\/","name":"Laman\u00e8re - Official Site of the Municipality","description":"Southernmost village in mainland France","publisher":{"@id":"https:\/\/lamanere.fr\/#organization"},"potentialAction":[{"@type":"SearchAction","target":{"@type":"EntryPoint","urlTemplate":"https:\/\/lamanere.fr\/?s={search_term_string}"},"query-input":{"@type":"PropertyValueSpecification","valueRequired":true,"valueName":"search_term_string"}}],"inLanguage":"en-US"},{"@type":"Organization","@id":"https:\/\/lamanere.fr\/#organization","name":"Commune de Laman\u00e8re","url":"https:\/\/lamanere.fr\/","logo":{"@type":"ImageObject","inLanguage":"en-US","@id":"https:\/\/lamanere.fr\/#\/schema\/logo\/image\/","url":"https:\/\/lamanere.fr\/wp-content\/uploads\/2020\/09\/logo2-149.jpg","contentUrl":"https:\/\/lamanere.fr\/wp-content\/uploads\/2020\/09\/logo2-149.jpg","width":149,"height":146,"caption":"Commune de Laman\u00e8re"},"image":{"@id":"https:\/\/lamanere.fr\/#\/schema\/logo\/image\/"},"sameAs":["https:\/\/www.facebook.com\/lamanere","https:\/\/fr.wikipedia.org\/wiki\/Laman\u00e8re"]},{"@type":"Person","@id":"https:\/\/lamanere.fr\/#\/schema\/person\/b26317ee332d7f6bfb5bff1394da6e59","name":"Mairie de Laman\u00e8re","image":{"@type":"ImageObject","inLanguage":"en-US","@id":"https:\/\/secure.gravatar.com\/avatar\/951e9da0a291f11d14b93bccd2d18cab?s=96&d=mm&r=g","url":"https:\/\/secure.gravatar.com\/avatar\/951e9da0a291f11d14b93bccd2d18cab?s=96&d=mm&r=g","contentUrl":"https:\/\/secure.gravatar.com\/avatar\/951e9da0a291f11d14b93bccd2d18cab?s=96&d=mm&r=g","caption":"Mairie de Laman\u00e8re"},"url":"https:\/\/lamanere.fr\/en\/author\/jean-paul\/"}]}},"_links":{"self":[{"href":"https:\/\/lamanere.fr\/en\/wp-json\/wp\/v2\/posts\/3412"}],"collection":[{"href":"https:\/\/lamanere.fr\/en\/wp-json\/wp\/v2\/posts"}],"about":[{"href":"https:\/\/lamanere.fr\/en\/wp-json\/wp\/v2\/types\/post"}],"author":[{"embeddable":true,"href":"https:\/\/lamanere.fr\/en\/wp-json\/wp\/v2\/users\/2"}],"replies":[{"embeddable":true,"href":"https:\/\/lamanere.fr\/en\/wp-json\/wp\/v2\/comments?post=3412"}],"version-history":[{"count":1,"href":"https:\/\/lamanere.fr\/en\/wp-json\/wp\/v2\/posts\/3412\/revisions"}],"predecessor-version":[{"id":3413,"href":"https:\/\/lamanere.fr\/en\/wp-json\/wp\/v2\/posts\/3412\/revisions\/3413"}],"wp:attachment":[{"href":"https:\/\/lamanere.fr\/en\/wp-json\/wp\/v2\/media?parent=3412"}],"wp:term":[{"taxonomy":"category","embeddable":true,"href":"https:\/\/lamanere.fr\/en\/wp-json\/wp\/v2\/categories?post=3412"},{"taxonomy":"post_tag","embeddable":true,"href":"https:\/\/lamanere.fr\/en\/wp-json\/wp\/v2\/tags?post=3412"}],"curies":[{"name":"wp","href":"https:\/\/api.w.org\/{rel}","templated":true}]}}