{"id":4844,"date":"2026-03-16T22:03:57","date_gmt":"2026-03-16T21:03:57","guid":{"rendered":"https:\/\/lamanere.fr\/?p=4844"},"modified":"2026-03-16T22:03:57","modified_gmt":"2026-03-16T21:03:57","slug":"compte-rendu-du-conseil-municipal-tenu-a-lamanere-le-mardi-10-mars-2026","status":"publish","type":"post","link":"https:\/\/lamanere.fr\/en\/2026\/03\/16\/compte-rendu-du-conseil-municipal-tenu-a-lamanere-le-mardi-10-mars-2026\/","title":{"rendered":"COMPTE RENDU DU CONSEIL MUNICIPAL tenu \u00e0 Laman\u00e8re le mardi 10 mars 2026"},"content":{"rendered":"<p class=\"qtranxs-available-languages-message qtranxs-available-languages-message-en\">Sorry, this entry is only available in <a href=\"https:\/\/lamanere.fr\/fr\/wp-json\/wp\/v2\/posts\/4844\" class=\"qtranxs-available-language-link qtranxs-available-language-link-fr\" title=\"Fran\u00e7ais\">French<\/a>.<\/p><p><\/p>\n<p style=\"text-align: center;\"><strong>\u00a0<\/strong><strong>Compte rendu de la r\u00e9union du Conseil Municipal de Laman\u00e8re <\/strong><\/p>\n<p style=\"text-align: center;\"><strong>du mardi 10 mars 2026<\/strong><\/p>\n<p><strong>\u00a0<\/strong>Secr\u00e9taire de s\u00e9ance\u00a0: Jean Paul La\u00eflle<\/p>\n<p><strong>Pr\u00e9sents<\/strong>\u00a0:<\/p>\n<p>Mme Gis\u00e8le Juanole, Maire<\/p>\n<p>Jacky Pujol, premier adjoint<\/p>\n<p>G\u00e9rard Cuvilliez, second adjoint<\/p>\n<p>Claude Font, conseiller<\/p>\n<p>Jean-Paul La\u00eflle, conseiller<\/p>\n<p>Mme Pierrette Juanole-D\u00e9moulin, conseill\u00e8re, absente excus\u00e9e<\/p>\n<p style=\"text-align: center;\">La r\u00e9union est ouverte \u00e0 9h10<\/p>\n<p><strong>1-FINANCES : <\/strong><\/p>\n<p>En pr\u00e9ambule, Mme le Maire a donn\u00e9 lecture d\u2019extraits de la lettre du premier ministre M. S\u00e9bastien Lecornu aux Maires.<\/p>\n<p>Les efforts financiers demand\u00e9s aux collectivit\u00e9s dans le cadre du budget national 2026, initialement pr\u00e9vus \u00e0 4,6 Mds \u20ac, ont \u00e9t\u00e9 ramen\u00e9s \u00e0 moins de 2 Mds \u20ac en 2026.<\/p>\n<p>La DGF (Dotation Globale de Fonctionnement) sera reconduite \u00e0 son niveau de 2025, soit 27,4 Mds \u20ac, pr\u00e9servant ainsi la hausse de 790 Millions \u20ac r\u00e9alis\u00e9e sur ces trois derni\u00e8res ann\u00e9es.<\/p>\n<p>Sur le volet du soutien \u00e0 l\u2019investissement, la DETR (Dotation d\u2019Equipement des Territoires Ruraux) a \u00e9t\u00e9 pr\u00e9serv\u00e9e. Le gouvernement a aussi d\u00e9cid\u00e9, selon la volont\u00e9 des \u00e9lus locaux et des d\u00e9put\u00e9s, d\u2019augmenter les engagements du Fonds Vert de 200 Millions \u20ac par rapport au projet initial.<\/p>\n<p>La dotation am\u00e9nit\u00e9s rurales est reconduite en 2026 \u00e0 hauteur de 110 Millions \u20ac.<\/p>\n<ul>\n<li><strong>Vote du budget primitif 2026 <\/strong><\/li>\n<\/ul>\n<p>Suite \u00e0 un probl\u00e8me informatique, il n\u2019a pas \u00e9t\u00e9 possible d\u2019\u00e9tablir le Compte Administratif (CA) ni le Compte de gestion (CG). Cette question sera r\u00e9solue dans le courant de l\u2019\u00e9t\u00e9 2026.<\/p>\n<p>Le budget primitif (BP) a \u00e9t\u00e9 pr\u00e9sent\u00e9 et comment\u00e9 en Conseil Municipal.<\/p>\n<p>Le total des d\u00e9penses et recettes de fonctionnement s\u2019\u00e9quilibre \u00e0 183 063,19 \u20ac<\/p>\n<p>Le total des d\u00e9penses et recettes d\u2019investissement s\u2019\u00e9quilibre \u00e0 2 367 221,94<\/p>\n<p>Les chiffres d\u00e9taill\u00e9s du BP sont consultables \u00e0 la Mairie.<\/p>\n<p>Le budget primitif 2026 est mis aux votes.<\/p>\n<p><strong>Vote pour\u00a0: 5, vote contre\u00a0: 0, pas d\u2019abstention<\/strong><\/p>\n<p><strong>Le Conseil Municipal apr\u00e8s avoir d\u00e9lib\u00e9r\u00e9 et \u00e0 la majorit\u00e9 des membres pr\u00e9sents\u00a0:<\/strong><\/p>\n<ul>\n<li><strong>Approuve <\/strong>le budget primitif de l\u2019exercice 2026,<\/li>\n<li><strong>Autorise<\/strong> Mme le Maire \u00e0 signer toutes les pi\u00e8ces relatives \u00e0 ce dossier<\/li>\n<\/ul>\n<p>Une d\u00e9lib\u00e9ration sera r\u00e9dig\u00e9e en ce sens<\/p>\n<ul>\n<li><strong>Questions diverses<\/strong><\/li>\n<\/ul>\n<p>N\u00e9ant<\/p>\n<p style=\"text-align: center;\">La s\u00e9ance a \u00e9t\u00e9 lev\u00e9e \u00e0 10h45<\/p>\n<p><\/p>","protected":false},"excerpt":{"rendered":"<p>Sorry, this entry is only available in French. \u00a0Compte rendu de la r\u00e9union du Conseil Municipal de Laman\u00e8re du mardi 10 mars 2026 \u00a0Secr\u00e9taire de s\u00e9ance\u00a0: Jean Paul La\u00eflle Pr\u00e9sents\u00a0: Mme Gis\u00e8le Juanole, Maire Jacky Pujol, premier adjoint G\u00e9rard Cuvilliez,&hellip; <a href=\"https:\/\/lamanere.fr\/en\/2026\/03\/16\/compte-rendu-du-conseil-municipal-tenu-a-lamanere-le-mardi-10-mars-2026\/\" class=\"more-link\">Continue Reading <span class=\"meta-nav\">&rarr;<\/span><\/a><\/p>\n","protected":false},"author":2,"featured_media":0,"comment_status":"open","ping_status":"open","sticky":false,"template":"","format":"standard","meta":{"footnotes":""},"categories":[77,74],"tags":[],"yoast_head":"<!-- This site is optimized with the Yoast SEO plugin v27.5 - https:\/\/yoast.com\/product\/yoast-seo-wordpress\/ -->\n<title><\/title>\n<meta name=\"robots\" content=\"index, follow, max-snippet:-1, max-image-preview:large, max-video-preview:-1\" \/>\n<link rel=\"canonical\" href=\"https:\/\/lamanere.fr\/2026\/03\/16\/compte-rendu-du-conseil-municipal-tenu-a-lamanere-le-mardi-10-mars-2026\/\" \/>\n<meta property=\"og:locale\" content=\"en_US\" \/>\n<meta property=\"og:type\" content=\"article\" \/>\n<meta property=\"og:title\" content=\"[:fr]COMPTE RENDU DU CONSEIL MUNICIPAL tenu \u00e0 Laman\u00e8re le mardi 10 mars 2026[:] - Laman\u00e8re - Official Site of the Municipality\" \/>\n<meta property=\"og:description\" content=\"Sorry, this entry is only available in French. \u00a0Compte rendu de la r\u00e9union du Conseil Municipal de Laman\u00e8re du mardi 10 mars 2026 \u00a0Secr\u00e9taire de s\u00e9ance\u00a0: Jean Paul La\u00eflle Pr\u00e9sents\u00a0: Mme Gis\u00e8le Juanole, Maire Jacky Pujol, premier adjoint G\u00e9rard Cuvilliez,&hellip; Continue Reading &rarr;\" \/>\n<meta property=\"og:url\" content=\"https:\/\/lamanere.fr\/2026\/03\/16\/compte-rendu-du-conseil-municipal-tenu-a-lamanere-le-mardi-10-mars-2026\/\" \/>\n<meta property=\"og:site_name\" content=\"Laman\u00e8re - Official Site of the Municipality\" \/>\n<meta property=\"article:publisher\" content=\"https:\/\/www.facebook.com\/lamanere\" \/>\n<meta property=\"article:published_time\" content=\"2026-03-16T21:03:57+00:00\" \/>\n<meta name=\"author\" content=\"Mairie de Laman\u00e8re\" \/>\n<meta name=\"twitter:card\" content=\"summary_large_image\" \/>\n<meta name=\"twitter:label1\" content=\"Written by\" \/>\n\t<meta name=\"twitter:data1\" content=\"Mairie de Laman\u00e8re\" \/>\n\t<meta name=\"twitter:label2\" content=\"Est. reading time\" \/>\n\t<meta name=\"twitter:data2\" content=\"2 minutes\" \/>\n<script type=\"application\/ld+json\" class=\"yoast-schema-graph\">{\"@context\":\"https:\\\/\\\/schema.org\",\"@graph\":[{\"@type\":\"Article\",\"@id\":\"https:\\\/\\\/lamanere.fr\\\/2026\\\/03\\\/16\\\/compte-rendu-du-conseil-municipal-tenu-a-lamanere-le-mardi-10-mars-2026\\\/#article\",\"isPartOf\":{\"@id\":\"https:\\\/\\\/lamanere.fr\\\/2026\\\/03\\\/16\\\/compte-rendu-du-conseil-municipal-tenu-a-lamanere-le-mardi-10-mars-2026\\\/\"},\"author\":{\"name\":\"Mairie de Laman\u00e8re\",\"@id\":\"https:\\\/\\\/lamanere.fr\\\/#\\\/schema\\\/person\\\/b26317ee332d7f6bfb5bff1394da6e59\"},\"headline\":\"COMPTE RENDU DU CONSEIL MUNICIPAL tenu \u00e0 Laman\u00e8re le mardi 10 mars 2026\",\"datePublished\":\"2026-03-16T21:03:57+00:00\",\"mainEntityOfPage\":{\"@id\":\"https:\\\/\\\/lamanere.fr\\\/2026\\\/03\\\/16\\\/compte-rendu-du-conseil-municipal-tenu-a-lamanere-le-mardi-10-mars-2026\\\/\"},\"wordCount\":374,\"commentCount\":0,\"publisher\":{\"@id\":\"https:\\\/\\\/lamanere.fr\\\/#organization\"},\"articleSection\":[\"Comptes Rendus\",\"Municipalit\u00e9\"],\"inLanguage\":\"en-US\",\"potentialAction\":[{\"@type\":\"CommentAction\",\"name\":\"Comment\",\"target\":[\"https:\\\/\\\/lamanere.fr\\\/2026\\\/03\\\/16\\\/compte-rendu-du-conseil-municipal-tenu-a-lamanere-le-mardi-10-mars-2026\\\/#respond\"]}]},{\"@type\":\"WebPage\",\"@id\":\"https:\\\/\\\/lamanere.fr\\\/2026\\\/03\\\/16\\\/compte-rendu-du-conseil-municipal-tenu-a-lamanere-le-mardi-10-mars-2026\\\/\",\"url\":\"https:\\\/\\\/lamanere.fr\\\/2026\\\/03\\\/16\\\/compte-rendu-du-conseil-municipal-tenu-a-lamanere-le-mardi-10-mars-2026\\\/\",\"name\":\"[:fr]COMPTE RENDU DU CONSEIL MUNICIPAL tenu \u00e0 Laman\u00e8re le mardi 10 mars 2026[:] - Laman\u00e8re - Official Site of the Municipality\",\"isPartOf\":{\"@id\":\"https:\\\/\\\/lamanere.fr\\\/#website\"},\"datePublished\":\"2026-03-16T21:03:57+00:00\",\"breadcrumb\":{\"@id\":\"https:\\\/\\\/lamanere.fr\\\/2026\\\/03\\\/16\\\/compte-rendu-du-conseil-municipal-tenu-a-lamanere-le-mardi-10-mars-2026\\\/#breadcrumb\"},\"inLanguage\":\"en-US\",\"potentialAction\":[{\"@type\":\"ReadAction\",\"target\":[\"https:\\\/\\\/lamanere.fr\\\/2026\\\/03\\\/16\\\/compte-rendu-du-conseil-municipal-tenu-a-lamanere-le-mardi-10-mars-2026\\\/\"]}]},{\"@type\":\"BreadcrumbList\",\"@id\":\"https:\\\/\\\/lamanere.fr\\\/2026\\\/03\\\/16\\\/compte-rendu-du-conseil-municipal-tenu-a-lamanere-le-mardi-10-mars-2026\\\/#breadcrumb\",\"itemListElement\":[{\"@type\":\"ListItem\",\"position\":1,\"name\":\"Accueil\",\"item\":\"https:\\\/\\\/lamanere.fr\\\/\"},{\"@type\":\"ListItem\",\"position\":2,\"name\":\"COMPTE RENDU DU CONSEIL MUNICIPAL tenu \u00e0 Laman\u00e8re le mardi 10 mars 2026\"}]},{\"@type\":\"WebSite\",\"@id\":\"https:\\\/\\\/lamanere.fr\\\/#website\",\"url\":\"https:\\\/\\\/lamanere.fr\\\/\",\"name\":\"Laman\u00e8re - Official Site of the Municipality\",\"description\":\"Southernmost village in mainland France\",\"publisher\":{\"@id\":\"https:\\\/\\\/lamanere.fr\\\/#organization\"},\"potentialAction\":[{\"@type\":\"SearchAction\",\"target\":{\"@type\":\"EntryPoint\",\"urlTemplate\":\"https:\\\/\\\/lamanere.fr\\\/?s={search_term_string}\"},\"query-input\":{\"@type\":\"PropertyValueSpecification\",\"valueRequired\":true,\"valueName\":\"search_term_string\"}}],\"inLanguage\":\"en-US\"},{\"@type\":\"Organization\",\"@id\":\"https:\\\/\\\/lamanere.fr\\\/#organization\",\"name\":\"Commune de Laman\u00e8re\",\"url\":\"https:\\\/\\\/lamanere.fr\\\/\",\"logo\":{\"@type\":\"ImageObject\",\"inLanguage\":\"en-US\",\"@id\":\"https:\\\/\\\/lamanere.fr\\\/#\\\/schema\\\/logo\\\/image\\\/\",\"url\":\"https:\\\/\\\/lamanere.fr\\\/wp-content\\\/uploads\\\/2020\\\/09\\\/logo2-149.jpg\",\"contentUrl\":\"https:\\\/\\\/lamanere.fr\\\/wp-content\\\/uploads\\\/2020\\\/09\\\/logo2-149.jpg\",\"width\":149,\"height\":146,\"caption\":\"Commune de Laman\u00e8re\"},\"image\":{\"@id\":\"https:\\\/\\\/lamanere.fr\\\/#\\\/schema\\\/logo\\\/image\\\/\"},\"sameAs\":[\"https:\\\/\\\/www.facebook.com\\\/lamanere\",\"https:\\\/\\\/fr.wikipedia.org\\\/wiki\\\/Laman\u00e8re\"]},{\"@type\":\"Person\",\"@id\":\"https:\\\/\\\/lamanere.fr\\\/#\\\/schema\\\/person\\\/b26317ee332d7f6bfb5bff1394da6e59\",\"name\":\"Mairie de Laman\u00e8re\",\"image\":{\"@type\":\"ImageObject\",\"inLanguage\":\"en-US\",\"@id\":\"https:\\\/\\\/secure.gravatar.com\\\/avatar\\\/951e9da0a291f11d14b93bccd2d18cab?s=96&d=mm&r=g\",\"url\":\"https:\\\/\\\/secure.gravatar.com\\\/avatar\\\/951e9da0a291f11d14b93bccd2d18cab?s=96&d=mm&r=g\",\"contentUrl\":\"https:\\\/\\\/secure.gravatar.com\\\/avatar\\\/951e9da0a291f11d14b93bccd2d18cab?s=96&d=mm&r=g\",\"caption\":\"Mairie de Laman\u00e8re\"},\"url\":\"https:\\\/\\\/lamanere.fr\\\/en\\\/author\\\/jean-paul\\\/\"}]}<\/script>\n<!-- \/ Yoast SEO plugin. -->","yoast_head_json":{"title":"[:fr]COMPTE RENDU DU CONSEIL MUNICIPAL tenu \u00e0 Laman\u00e8re le mardi 10 mars 2026[:] - Laman\u00e8re - Official Site of the Municipality","robots":{"index":"index","follow":"follow","max-snippet":"max-snippet:-1","max-image-preview":"max-image-preview:large","max-video-preview":"max-video-preview:-1"},"canonical":"https:\/\/lamanere.fr\/2026\/03\/16\/compte-rendu-du-conseil-municipal-tenu-a-lamanere-le-mardi-10-mars-2026\/","og_locale":"en_US","og_type":"article","og_title":"[:fr]COMPTE RENDU DU CONSEIL MUNICIPAL tenu \u00e0 Laman\u00e8re le mardi 10 mars 2026[:] - Laman\u00e8re - Official Site of the Municipality","og_description":"Sorry, this entry is only available in French. \u00a0Compte rendu de la r\u00e9union du Conseil Municipal de Laman\u00e8re du mardi 10 mars 2026 \u00a0Secr\u00e9taire de s\u00e9ance\u00a0: Jean Paul La\u00eflle Pr\u00e9sents\u00a0: Mme Gis\u00e8le Juanole, Maire Jacky Pujol, premier adjoint G\u00e9rard Cuvilliez,&hellip; Continue Reading &rarr;","og_url":"https:\/\/lamanere.fr\/2026\/03\/16\/compte-rendu-du-conseil-municipal-tenu-a-lamanere-le-mardi-10-mars-2026\/","og_site_name":"Laman\u00e8re - Official Site of the Municipality","article_publisher":"https:\/\/www.facebook.com\/lamanere","article_published_time":"2026-03-16T21:03:57+00:00","author":"Mairie de Laman\u00e8re","twitter_card":"summary_large_image","twitter_misc":{"Written by":"Mairie de Laman\u00e8re","Est. reading time":"2 minutes"},"schema":{"@context":"https:\/\/schema.org","@graph":[{"@type":"Article","@id":"https:\/\/lamanere.fr\/2026\/03\/16\/compte-rendu-du-conseil-municipal-tenu-a-lamanere-le-mardi-10-mars-2026\/#article","isPartOf":{"@id":"https:\/\/lamanere.fr\/2026\/03\/16\/compte-rendu-du-conseil-municipal-tenu-a-lamanere-le-mardi-10-mars-2026\/"},"author":{"name":"Mairie de Laman\u00e8re","@id":"https:\/\/lamanere.fr\/#\/schema\/person\/b26317ee332d7f6bfb5bff1394da6e59"},"headline":"COMPTE RENDU DU CONSEIL MUNICIPAL tenu \u00e0 Laman\u00e8re le mardi 10 mars 2026","datePublished":"2026-03-16T21:03:57+00:00","mainEntityOfPage":{"@id":"https:\/\/lamanere.fr\/2026\/03\/16\/compte-rendu-du-conseil-municipal-tenu-a-lamanere-le-mardi-10-mars-2026\/"},"wordCount":374,"commentCount":0,"publisher":{"@id":"https:\/\/lamanere.fr\/#organization"},"articleSection":["Comptes Rendus","Municipalit\u00e9"],"inLanguage":"en-US","potentialAction":[{"@type":"CommentAction","name":"Comment","target":["https:\/\/lamanere.fr\/2026\/03\/16\/compte-rendu-du-conseil-municipal-tenu-a-lamanere-le-mardi-10-mars-2026\/#respond"]}]},{"@type":"WebPage","@id":"https:\/\/lamanere.fr\/2026\/03\/16\/compte-rendu-du-conseil-municipal-tenu-a-lamanere-le-mardi-10-mars-2026\/","url":"https:\/\/lamanere.fr\/2026\/03\/16\/compte-rendu-du-conseil-municipal-tenu-a-lamanere-le-mardi-10-mars-2026\/","name":"[:fr]COMPTE RENDU DU CONSEIL MUNICIPAL tenu \u00e0 Laman\u00e8re le mardi 10 mars 2026[:] - Laman\u00e8re - Official Site of the Municipality","isPartOf":{"@id":"https:\/\/lamanere.fr\/#website"},"datePublished":"2026-03-16T21:03:57+00:00","breadcrumb":{"@id":"https:\/\/lamanere.fr\/2026\/03\/16\/compte-rendu-du-conseil-municipal-tenu-a-lamanere-le-mardi-10-mars-2026\/#breadcrumb"},"inLanguage":"en-US","potentialAction":[{"@type":"ReadAction","target":["https:\/\/lamanere.fr\/2026\/03\/16\/compte-rendu-du-conseil-municipal-tenu-a-lamanere-le-mardi-10-mars-2026\/"]}]},{"@type":"BreadcrumbList","@id":"https:\/\/lamanere.fr\/2026\/03\/16\/compte-rendu-du-conseil-municipal-tenu-a-lamanere-le-mardi-10-mars-2026\/#breadcrumb","itemListElement":[{"@type":"ListItem","position":1,"name":"Accueil","item":"https:\/\/lamanere.fr\/"},{"@type":"ListItem","position":2,"name":"COMPTE RENDU DU CONSEIL MUNICIPAL tenu \u00e0 Laman\u00e8re le mardi 10 mars 2026"}]},{"@type":"WebSite","@id":"https:\/\/lamanere.fr\/#website","url":"https:\/\/lamanere.fr\/","name":"Laman\u00e8re - Official Site of the Municipality","description":"Southernmost village in mainland France","publisher":{"@id":"https:\/\/lamanere.fr\/#organization"},"potentialAction":[{"@type":"SearchAction","target":{"@type":"EntryPoint","urlTemplate":"https:\/\/lamanere.fr\/?s={search_term_string}"},"query-input":{"@type":"PropertyValueSpecification","valueRequired":true,"valueName":"search_term_string"}}],"inLanguage":"en-US"},{"@type":"Organization","@id":"https:\/\/lamanere.fr\/#organization","name":"Commune de Laman\u00e8re","url":"https:\/\/lamanere.fr\/","logo":{"@type":"ImageObject","inLanguage":"en-US","@id":"https:\/\/lamanere.fr\/#\/schema\/logo\/image\/","url":"https:\/\/lamanere.fr\/wp-content\/uploads\/2020\/09\/logo2-149.jpg","contentUrl":"https:\/\/lamanere.fr\/wp-content\/uploads\/2020\/09\/logo2-149.jpg","width":149,"height":146,"caption":"Commune de Laman\u00e8re"},"image":{"@id":"https:\/\/lamanere.fr\/#\/schema\/logo\/image\/"},"sameAs":["https:\/\/www.facebook.com\/lamanere","https:\/\/fr.wikipedia.org\/wiki\/Laman\u00e8re"]},{"@type":"Person","@id":"https:\/\/lamanere.fr\/#\/schema\/person\/b26317ee332d7f6bfb5bff1394da6e59","name":"Mairie de Laman\u00e8re","image":{"@type":"ImageObject","inLanguage":"en-US","@id":"https:\/\/secure.gravatar.com\/avatar\/951e9da0a291f11d14b93bccd2d18cab?s=96&d=mm&r=g","url":"https:\/\/secure.gravatar.com\/avatar\/951e9da0a291f11d14b93bccd2d18cab?s=96&d=mm&r=g","contentUrl":"https:\/\/secure.gravatar.com\/avatar\/951e9da0a291f11d14b93bccd2d18cab?s=96&d=mm&r=g","caption":"Mairie de Laman\u00e8re"},"url":"https:\/\/lamanere.fr\/en\/author\/jean-paul\/"}]}},"_links":{"self":[{"href":"https:\/\/lamanere.fr\/en\/wp-json\/wp\/v2\/posts\/4844"}],"collection":[{"href":"https:\/\/lamanere.fr\/en\/wp-json\/wp\/v2\/posts"}],"about":[{"href":"https:\/\/lamanere.fr\/en\/wp-json\/wp\/v2\/types\/post"}],"author":[{"embeddable":true,"href":"https:\/\/lamanere.fr\/en\/wp-json\/wp\/v2\/users\/2"}],"replies":[{"embeddable":true,"href":"https:\/\/lamanere.fr\/en\/wp-json\/wp\/v2\/comments?post=4844"}],"version-history":[{"count":1,"href":"https:\/\/lamanere.fr\/en\/wp-json\/wp\/v2\/posts\/4844\/revisions"}],"predecessor-version":[{"id":4845,"href":"https:\/\/lamanere.fr\/en\/wp-json\/wp\/v2\/posts\/4844\/revisions\/4845"}],"wp:attachment":[{"href":"https:\/\/lamanere.fr\/en\/wp-json\/wp\/v2\/media?parent=4844"}],"wp:term":[{"taxonomy":"category","embeddable":true,"href":"https:\/\/lamanere.fr\/en\/wp-json\/wp\/v2\/categories?post=4844"},{"taxonomy":"post_tag","embeddable":true,"href":"https:\/\/lamanere.fr\/en\/wp-json\/wp\/v2\/tags?post=4844"}],"curies":[{"name":"wp","href":"https:\/\/api.w.org\/{rel}","templated":true}]}}