{"id":964,"date":"2020-10-30T21:00:54","date_gmt":"2020-10-30T20:00:54","guid":{"rendered":"https:\/\/lamanere.fr\/?p=964"},"modified":"2020-10-30T21:34:39","modified_gmt":"2020-10-30T20:34:39","slug":"le-periple-dalain-charrier-3000-km-en-velo-et-en-chansons","status":"publish","type":"post","link":"https:\/\/lamanere.fr\/en\/2020\/10\/30\/le-periple-dalain-charrier-3000-km-en-velo-et-en-chansons\/","title":{"rendered":"Le p\u00e9riple d&#8217;Alain charrier: 3000 km en v\u00e9lo et en chansons"},"content":{"rendered":"<p class=\"qtranxs-available-languages-message qtranxs-available-languages-message-en\">Sorry, this entry is only available in <a href=\"https:\/\/lamanere.fr\/fr\/wp-json\/wp\/v2\/posts\/964\" class=\"qtranxs-available-language-link qtranxs-available-language-link-fr\" title=\"Fran\u00e7ais\">French<\/a>.<\/p><p><a href=\"https:\/\/lamanere.fr\/wp-content\/uploads\/2020\/10\/Alain-Charrier-article-Indep-scaled.jpg\" data-src=\"https:\/\/lamanere.fr\/wp-content\/uploads\/2020\/10\/Alain-Charrier-article-Indep-scaled.jpg\" data-thumb=\"https:\/\/lamanere.fr\/wp-content\/uploads\/2020\/10\/Alain-Charrier-article-Indep-744x1024.jpg\" class=\"ml-lightbox-enabled\"><img loading=\"lazy\" decoding=\"async\" class=\"aligncenter wp-image-965 size-large\" src=\"https:\/\/lamanere.fr\/wp-content\/uploads\/2020\/10\/Alain-Charrier-article-Indep-744x1024.jpg\" alt=\"\" width=\"640\" height=\"881\" srcset=\"https:\/\/lamanere.fr\/wp-content\/uploads\/2020\/10\/Alain-Charrier-article-Indep-744x1024.jpg 744w, https:\/\/lamanere.fr\/wp-content\/uploads\/2020\/10\/Alain-Charrier-article-Indep-218x300.jpg 218w, https:\/\/lamanere.fr\/wp-content\/uploads\/2020\/10\/Alain-Charrier-article-Indep-768x1057.jpg 768w, https:\/\/lamanere.fr\/wp-content\/uploads\/2020\/10\/Alain-Charrier-article-Indep-1117x1536.jpg 1117w, https:\/\/lamanere.fr\/wp-content\/uploads\/2020\/10\/Alain-Charrier-article-Indep-1489x2048.jpg 1489w, https:\/\/lamanere.fr\/wp-content\/uploads\/2020\/10\/Alain-Charrier-article-Indep-scaled.jpg 1861w\" sizes=\"(max-width: 640px) 100vw, 640px\" \/><\/a><\/p>","protected":false},"excerpt":{"rendered":"<p>Sorry, this entry is only available in French.<\/p>\n","protected":false},"author":2,"featured_media":0,"comment_status":"open","ping_status":"open","sticky":false,"template":"","format":"standard","meta":{"footnotes":""},"categories":[86,78],"tags":[],"yoast_head":"<!-- This site is optimized with the Yoast SEO plugin v27.4 - https:\/\/yoast.com\/product\/yoast-seo-wordpress\/ -->\n<title><\/title>\n<meta name=\"robots\" content=\"index, follow, max-snippet:-1, max-image-preview:large, max-video-preview:-1\" \/>\n<link rel=\"canonical\" href=\"https:\/\/lamanere.fr\/ca\/2020\/10\/30\/le-periple-dalain-charrier-3000-km-en-velo-et-en-chansons\/\" \/>\n<meta property=\"og:locale\" content=\"en_US\" \/>\n<meta property=\"og:type\" content=\"article\" \/>\n<meta property=\"og:title\" content=\"[:fr]Le p\u00e9riple d&#039;Alain charrier: 3000 km en v\u00e9lo et en chansons[:] - Laman\u00e8re - Official Site of the Municipality\" \/>\n<meta property=\"og:description\" content=\"Sorry, this entry is only available in French.\" \/>\n<meta property=\"og:url\" content=\"https:\/\/lamanere.fr\/ca\/2020\/10\/30\/le-periple-dalain-charrier-3000-km-en-velo-et-en-chansons\/\" \/>\n<meta property=\"og:site_name\" content=\"Laman\u00e8re - Official Site of the Municipality\" \/>\n<meta property=\"article:publisher\" content=\"https:\/\/www.facebook.com\/lamanere\" \/>\n<meta property=\"article:published_time\" content=\"2020-10-30T20:00:54+00:00\" \/>\n<meta property=\"article:modified_time\" content=\"2020-10-30T20:34:39+00:00\" \/>\n<meta property=\"og:image\" content=\"https:\/\/lamanere.fr\/wp-content\/uploads\/2020\/10\/Alain-Charrier-article-Indep-744x1024.jpg\" \/>\n<meta name=\"author\" content=\"Mairie de Laman\u00e8re\" \/>\n<meta name=\"twitter:card\" content=\"summary_large_image\" \/>\n<meta name=\"twitter:label1\" content=\"Written by\" \/>\n\t<meta name=\"twitter:data1\" content=\"Mairie de Laman\u00e8re\" \/>\n<script type=\"application\/ld+json\" class=\"yoast-schema-graph\">{\"@context\":\"https:\\\/\\\/schema.org\",\"@graph\":[{\"@type\":\"Article\",\"@id\":\"https:\\\/\\\/lamanere.fr\\\/ca\\\/2020\\\/10\\\/30\\\/le-periple-dalain-charrier-3000-km-en-velo-et-en-chansons\\\/#article\",\"isPartOf\":{\"@id\":\"https:\\\/\\\/lamanere.fr\\\/ca\\\/2020\\\/10\\\/30\\\/le-periple-dalain-charrier-3000-km-en-velo-et-en-chansons\\\/\"},\"author\":{\"name\":\"Mairie de Laman\u00e8re\",\"@id\":\"https:\\\/\\\/lamanere.fr\\\/#\\\/schema\\\/person\\\/b26317ee332d7f6bfb5bff1394da6e59\"},\"headline\":\"Le p\u00e9riple d&#8217;Alain charrier: 3000 km en v\u00e9lo et en chansons\",\"datePublished\":\"2020-10-30T20:00:54+00:00\",\"dateModified\":\"2020-10-30T20:34:39+00:00\",\"mainEntityOfPage\":{\"@id\":\"https:\\\/\\\/lamanere.fr\\\/ca\\\/2020\\\/10\\\/30\\\/le-periple-dalain-charrier-3000-km-en-velo-et-en-chansons\\\/\"},\"wordCount\":14,\"commentCount\":0,\"publisher\":{\"@id\":\"https:\\\/\\\/lamanere.fr\\\/#organization\"},\"image\":{\"@id\":\"https:\\\/\\\/lamanere.fr\\\/ca\\\/2020\\\/10\\\/30\\\/le-periple-dalain-charrier-3000-km-en-velo-et-en-chansons\\\/#primaryimage\"},\"thumbnailUrl\":\"https:\\\/\\\/lamanere.fr\\\/wp-content\\\/uploads\\\/2020\\\/10\\\/Alain-Charrier-article-Indep-744x1024.jpg\",\"articleSection\":[\"Articles de Presse\",\"\u00c9v\u00e8nements\"],\"inLanguage\":\"en-US\",\"potentialAction\":[{\"@type\":\"CommentAction\",\"name\":\"Comment\",\"target\":[\"https:\\\/\\\/lamanere.fr\\\/ca\\\/2020\\\/10\\\/30\\\/le-periple-dalain-charrier-3000-km-en-velo-et-en-chansons\\\/#respond\"]}]},{\"@type\":\"WebPage\",\"@id\":\"https:\\\/\\\/lamanere.fr\\\/ca\\\/2020\\\/10\\\/30\\\/le-periple-dalain-charrier-3000-km-en-velo-et-en-chansons\\\/\",\"url\":\"https:\\\/\\\/lamanere.fr\\\/ca\\\/2020\\\/10\\\/30\\\/le-periple-dalain-charrier-3000-km-en-velo-et-en-chansons\\\/\",\"name\":\"[:fr]Le p\u00e9riple d'Alain charrier: 3000 km en v\u00e9lo et en chansons[:] - Laman\u00e8re - Official Site of the Municipality\",\"isPartOf\":{\"@id\":\"https:\\\/\\\/lamanere.fr\\\/#website\"},\"primaryImageOfPage\":{\"@id\":\"https:\\\/\\\/lamanere.fr\\\/ca\\\/2020\\\/10\\\/30\\\/le-periple-dalain-charrier-3000-km-en-velo-et-en-chansons\\\/#primaryimage\"},\"image\":{\"@id\":\"https:\\\/\\\/lamanere.fr\\\/ca\\\/2020\\\/10\\\/30\\\/le-periple-dalain-charrier-3000-km-en-velo-et-en-chansons\\\/#primaryimage\"},\"thumbnailUrl\":\"https:\\\/\\\/lamanere.fr\\\/wp-content\\\/uploads\\\/2020\\\/10\\\/Alain-Charrier-article-Indep-744x1024.jpg\",\"datePublished\":\"2020-10-30T20:00:54+00:00\",\"dateModified\":\"2020-10-30T20:34:39+00:00\",\"breadcrumb\":{\"@id\":\"https:\\\/\\\/lamanere.fr\\\/ca\\\/2020\\\/10\\\/30\\\/le-periple-dalain-charrier-3000-km-en-velo-et-en-chansons\\\/#breadcrumb\"},\"inLanguage\":\"en-US\",\"potentialAction\":[{\"@type\":\"ReadAction\",\"target\":[\"https:\\\/\\\/lamanere.fr\\\/ca\\\/2020\\\/10\\\/30\\\/le-periple-dalain-charrier-3000-km-en-velo-et-en-chansons\\\/\"]}]},{\"@type\":\"ImageObject\",\"inLanguage\":\"en-US\",\"@id\":\"https:\\\/\\\/lamanere.fr\\\/ca\\\/2020\\\/10\\\/30\\\/le-periple-dalain-charrier-3000-km-en-velo-et-en-chansons\\\/#primaryimage\",\"url\":\"https:\\\/\\\/lamanere.fr\\\/wp-content\\\/uploads\\\/2020\\\/10\\\/Alain-Charrier-article-Indep-744x1024.jpg\",\"contentUrl\":\"https:\\\/\\\/lamanere.fr\\\/wp-content\\\/uploads\\\/2020\\\/10\\\/Alain-Charrier-article-Indep-744x1024.jpg\"},{\"@type\":\"BreadcrumbList\",\"@id\":\"https:\\\/\\\/lamanere.fr\\\/ca\\\/2020\\\/10\\\/30\\\/le-periple-dalain-charrier-3000-km-en-velo-et-en-chansons\\\/#breadcrumb\",\"itemListElement\":[{\"@type\":\"ListItem\",\"position\":1,\"name\":\"Accueil\",\"item\":\"https:\\\/\\\/lamanere.fr\\\/\"},{\"@type\":\"ListItem\",\"position\":2,\"name\":\"Le p\u00e9riple d&#8217;Alain charrier: 3000 km en v\u00e9lo et en chansons\"}]},{\"@type\":\"WebSite\",\"@id\":\"https:\\\/\\\/lamanere.fr\\\/#website\",\"url\":\"https:\\\/\\\/lamanere.fr\\\/\",\"name\":\"Laman\u00e8re - Official Site of the Municipality\",\"description\":\"Southernmost village in mainland France\",\"publisher\":{\"@id\":\"https:\\\/\\\/lamanere.fr\\\/#organization\"},\"potentialAction\":[{\"@type\":\"SearchAction\",\"target\":{\"@type\":\"EntryPoint\",\"urlTemplate\":\"https:\\\/\\\/lamanere.fr\\\/?s={search_term_string}\"},\"query-input\":{\"@type\":\"PropertyValueSpecification\",\"valueRequired\":true,\"valueName\":\"search_term_string\"}}],\"inLanguage\":\"en-US\"},{\"@type\":\"Organization\",\"@id\":\"https:\\\/\\\/lamanere.fr\\\/#organization\",\"name\":\"Commune de Laman\u00e8re\",\"url\":\"https:\\\/\\\/lamanere.fr\\\/\",\"logo\":{\"@type\":\"ImageObject\",\"inLanguage\":\"en-US\",\"@id\":\"https:\\\/\\\/lamanere.fr\\\/#\\\/schema\\\/logo\\\/image\\\/\",\"url\":\"https:\\\/\\\/lamanere.fr\\\/wp-content\\\/uploads\\\/2020\\\/09\\\/logo2-149.jpg\",\"contentUrl\":\"https:\\\/\\\/lamanere.fr\\\/wp-content\\\/uploads\\\/2020\\\/09\\\/logo2-149.jpg\",\"width\":149,\"height\":146,\"caption\":\"Commune de Laman\u00e8re\"},\"image\":{\"@id\":\"https:\\\/\\\/lamanere.fr\\\/#\\\/schema\\\/logo\\\/image\\\/\"},\"sameAs\":[\"https:\\\/\\\/www.facebook.com\\\/lamanere\",\"https:\\\/\\\/fr.wikipedia.org\\\/wiki\\\/Laman\u00e8re\"]},{\"@type\":\"Person\",\"@id\":\"https:\\\/\\\/lamanere.fr\\\/#\\\/schema\\\/person\\\/b26317ee332d7f6bfb5bff1394da6e59\",\"name\":\"Mairie de Laman\u00e8re\",\"image\":{\"@type\":\"ImageObject\",\"inLanguage\":\"en-US\",\"@id\":\"https:\\\/\\\/secure.gravatar.com\\\/avatar\\\/951e9da0a291f11d14b93bccd2d18cab?s=96&d=mm&r=g\",\"url\":\"https:\\\/\\\/secure.gravatar.com\\\/avatar\\\/951e9da0a291f11d14b93bccd2d18cab?s=96&d=mm&r=g\",\"contentUrl\":\"https:\\\/\\\/secure.gravatar.com\\\/avatar\\\/951e9da0a291f11d14b93bccd2d18cab?s=96&d=mm&r=g\",\"caption\":\"Mairie de Laman\u00e8re\"},\"url\":\"https:\\\/\\\/lamanere.fr\\\/en\\\/author\\\/jean-paul\\\/\"}]}<\/script>\n<!-- \/ Yoast SEO plugin. -->","yoast_head_json":{"title":"[:fr]Le p\u00e9riple d'Alain charrier: 3000 km en v\u00e9lo et en chansons[:] - Laman\u00e8re - Official Site of the Municipality","robots":{"index":"index","follow":"follow","max-snippet":"max-snippet:-1","max-image-preview":"max-image-preview:large","max-video-preview":"max-video-preview:-1"},"canonical":"https:\/\/lamanere.fr\/ca\/2020\/10\/30\/le-periple-dalain-charrier-3000-km-en-velo-et-en-chansons\/","og_locale":"en_US","og_type":"article","og_title":"[:fr]Le p\u00e9riple d'Alain charrier: 3000 km en v\u00e9lo et en chansons[:] - Laman\u00e8re - Official Site of the Municipality","og_description":"Sorry, this entry is only available in French.","og_url":"https:\/\/lamanere.fr\/ca\/2020\/10\/30\/le-periple-dalain-charrier-3000-km-en-velo-et-en-chansons\/","og_site_name":"Laman\u00e8re - Official Site of the Municipality","article_publisher":"https:\/\/www.facebook.com\/lamanere","article_published_time":"2020-10-30T20:00:54+00:00","article_modified_time":"2020-10-30T20:34:39+00:00","og_image":[{"url":"https:\/\/lamanere.fr\/wp-content\/uploads\/2020\/10\/Alain-Charrier-article-Indep-744x1024.jpg","type":"","width":"","height":""}],"author":"Mairie de Laman\u00e8re","twitter_card":"summary_large_image","twitter_misc":{"Written by":"Mairie de Laman\u00e8re"},"schema":{"@context":"https:\/\/schema.org","@graph":[{"@type":"Article","@id":"https:\/\/lamanere.fr\/ca\/2020\/10\/30\/le-periple-dalain-charrier-3000-km-en-velo-et-en-chansons\/#article","isPartOf":{"@id":"https:\/\/lamanere.fr\/ca\/2020\/10\/30\/le-periple-dalain-charrier-3000-km-en-velo-et-en-chansons\/"},"author":{"name":"Mairie de Laman\u00e8re","@id":"https:\/\/lamanere.fr\/#\/schema\/person\/b26317ee332d7f6bfb5bff1394da6e59"},"headline":"Le p\u00e9riple d&#8217;Alain charrier: 3000 km en v\u00e9lo et en chansons","datePublished":"2020-10-30T20:00:54+00:00","dateModified":"2020-10-30T20:34:39+00:00","mainEntityOfPage":{"@id":"https:\/\/lamanere.fr\/ca\/2020\/10\/30\/le-periple-dalain-charrier-3000-km-en-velo-et-en-chansons\/"},"wordCount":14,"commentCount":0,"publisher":{"@id":"https:\/\/lamanere.fr\/#organization"},"image":{"@id":"https:\/\/lamanere.fr\/ca\/2020\/10\/30\/le-periple-dalain-charrier-3000-km-en-velo-et-en-chansons\/#primaryimage"},"thumbnailUrl":"https:\/\/lamanere.fr\/wp-content\/uploads\/2020\/10\/Alain-Charrier-article-Indep-744x1024.jpg","articleSection":["Articles de Presse","\u00c9v\u00e8nements"],"inLanguage":"en-US","potentialAction":[{"@type":"CommentAction","name":"Comment","target":["https:\/\/lamanere.fr\/ca\/2020\/10\/30\/le-periple-dalain-charrier-3000-km-en-velo-et-en-chansons\/#respond"]}]},{"@type":"WebPage","@id":"https:\/\/lamanere.fr\/ca\/2020\/10\/30\/le-periple-dalain-charrier-3000-km-en-velo-et-en-chansons\/","url":"https:\/\/lamanere.fr\/ca\/2020\/10\/30\/le-periple-dalain-charrier-3000-km-en-velo-et-en-chansons\/","name":"[:fr]Le p\u00e9riple d'Alain charrier: 3000 km en v\u00e9lo et en chansons[:] - Laman\u00e8re - Official Site of the Municipality","isPartOf":{"@id":"https:\/\/lamanere.fr\/#website"},"primaryImageOfPage":{"@id":"https:\/\/lamanere.fr\/ca\/2020\/10\/30\/le-periple-dalain-charrier-3000-km-en-velo-et-en-chansons\/#primaryimage"},"image":{"@id":"https:\/\/lamanere.fr\/ca\/2020\/10\/30\/le-periple-dalain-charrier-3000-km-en-velo-et-en-chansons\/#primaryimage"},"thumbnailUrl":"https:\/\/lamanere.fr\/wp-content\/uploads\/2020\/10\/Alain-Charrier-article-Indep-744x1024.jpg","datePublished":"2020-10-30T20:00:54+00:00","dateModified":"2020-10-30T20:34:39+00:00","breadcrumb":{"@id":"https:\/\/lamanere.fr\/ca\/2020\/10\/30\/le-periple-dalain-charrier-3000-km-en-velo-et-en-chansons\/#breadcrumb"},"inLanguage":"en-US","potentialAction":[{"@type":"ReadAction","target":["https:\/\/lamanere.fr\/ca\/2020\/10\/30\/le-periple-dalain-charrier-3000-km-en-velo-et-en-chansons\/"]}]},{"@type":"ImageObject","inLanguage":"en-US","@id":"https:\/\/lamanere.fr\/ca\/2020\/10\/30\/le-periple-dalain-charrier-3000-km-en-velo-et-en-chansons\/#primaryimage","url":"https:\/\/lamanere.fr\/wp-content\/uploads\/2020\/10\/Alain-Charrier-article-Indep-744x1024.jpg","contentUrl":"https:\/\/lamanere.fr\/wp-content\/uploads\/2020\/10\/Alain-Charrier-article-Indep-744x1024.jpg"},{"@type":"BreadcrumbList","@id":"https:\/\/lamanere.fr\/ca\/2020\/10\/30\/le-periple-dalain-charrier-3000-km-en-velo-et-en-chansons\/#breadcrumb","itemListElement":[{"@type":"ListItem","position":1,"name":"Accueil","item":"https:\/\/lamanere.fr\/"},{"@type":"ListItem","position":2,"name":"Le p\u00e9riple d&#8217;Alain charrier: 3000 km en v\u00e9lo et en chansons"}]},{"@type":"WebSite","@id":"https:\/\/lamanere.fr\/#website","url":"https:\/\/lamanere.fr\/","name":"Laman\u00e8re - Official Site of the Municipality","description":"Southernmost village in mainland France","publisher":{"@id":"https:\/\/lamanere.fr\/#organization"},"potentialAction":[{"@type":"SearchAction","target":{"@type":"EntryPoint","urlTemplate":"https:\/\/lamanere.fr\/?s={search_term_string}"},"query-input":{"@type":"PropertyValueSpecification","valueRequired":true,"valueName":"search_term_string"}}],"inLanguage":"en-US"},{"@type":"Organization","@id":"https:\/\/lamanere.fr\/#organization","name":"Commune de Laman\u00e8re","url":"https:\/\/lamanere.fr\/","logo":{"@type":"ImageObject","inLanguage":"en-US","@id":"https:\/\/lamanere.fr\/#\/schema\/logo\/image\/","url":"https:\/\/lamanere.fr\/wp-content\/uploads\/2020\/09\/logo2-149.jpg","contentUrl":"https:\/\/lamanere.fr\/wp-content\/uploads\/2020\/09\/logo2-149.jpg","width":149,"height":146,"caption":"Commune de Laman\u00e8re"},"image":{"@id":"https:\/\/lamanere.fr\/#\/schema\/logo\/image\/"},"sameAs":["https:\/\/www.facebook.com\/lamanere","https:\/\/fr.wikipedia.org\/wiki\/Laman\u00e8re"]},{"@type":"Person","@id":"https:\/\/lamanere.fr\/#\/schema\/person\/b26317ee332d7f6bfb5bff1394da6e59","name":"Mairie de Laman\u00e8re","image":{"@type":"ImageObject","inLanguage":"en-US","@id":"https:\/\/secure.gravatar.com\/avatar\/951e9da0a291f11d14b93bccd2d18cab?s=96&d=mm&r=g","url":"https:\/\/secure.gravatar.com\/avatar\/951e9da0a291f11d14b93bccd2d18cab?s=96&d=mm&r=g","contentUrl":"https:\/\/secure.gravatar.com\/avatar\/951e9da0a291f11d14b93bccd2d18cab?s=96&d=mm&r=g","caption":"Mairie de Laman\u00e8re"},"url":"https:\/\/lamanere.fr\/en\/author\/jean-paul\/"}]}},"_links":{"self":[{"href":"https:\/\/lamanere.fr\/en\/wp-json\/wp\/v2\/posts\/964"}],"collection":[{"href":"https:\/\/lamanere.fr\/en\/wp-json\/wp\/v2\/posts"}],"about":[{"href":"https:\/\/lamanere.fr\/en\/wp-json\/wp\/v2\/types\/post"}],"author":[{"embeddable":true,"href":"https:\/\/lamanere.fr\/en\/wp-json\/wp\/v2\/users\/2"}],"replies":[{"embeddable":true,"href":"https:\/\/lamanere.fr\/en\/wp-json\/wp\/v2\/comments?post=964"}],"version-history":[{"count":3,"href":"https:\/\/lamanere.fr\/en\/wp-json\/wp\/v2\/posts\/964\/revisions"}],"predecessor-version":[{"id":970,"href":"https:\/\/lamanere.fr\/en\/wp-json\/wp\/v2\/posts\/964\/revisions\/970"}],"wp:attachment":[{"href":"https:\/\/lamanere.fr\/en\/wp-json\/wp\/v2\/media?parent=964"}],"wp:term":[{"taxonomy":"category","embeddable":true,"href":"https:\/\/lamanere.fr\/en\/wp-json\/wp\/v2\/categories?post=964"},{"taxonomy":"post_tag","embeddable":true,"href":"https:\/\/lamanere.fr\/en\/wp-json\/wp\/v2\/tags?post=964"}],"curies":[{"name":"wp","href":"https:\/\/api.w.org\/{rel}","templated":true}]}}